{"id":4635,"date":"2012-01-02T11:30:05","date_gmt":"2012-01-02T11:30:05","guid":{"rendered":"http:\/\/www.montalegre.org\/?p=4635"},"modified":"2012-01-02T11:33:25","modified_gmt":"2012-01-02T11:33:25","slug":"2012-3","status":"publish","type":"post","link":"https:\/\/www.montalegre.org\/es\/2012\/01\/2012-3\/","title":{"rendered":"2012"},"content":{"rendered":"<p><a href=\"http:\/\/www.montalegre.org\/wp-content\/uploads\/2011\/12\/2012.jpg\"><img loading=\"lazy\" decoding=\"async\" class=\"alignleft size-thumbnail wp-image-4626\" title=\"2012\" src=\"http:\/\/www.montalegre.org\/wp-content\/uploads\/2011\/12\/2012-150x150.jpg\" alt=\"\" width=\"150\" height=\"150\" \/><\/a>Empezamos el a\u00f1o 2012.<\/p>\n<p>Podemos decir que lo empezamos con cierto temor por las circunstancias actuales de crisis por las que esta atravesando nuestra sociedad. Los indicadores econ\u00f3micos que manejan los expertos hablan de perspectivas sombr\u00edas para este a\u00f1o que estrenamos; y cuando las perspectivas son sombr\u00edas, lo son tambi\u00e9n para muchas familias.<\/p>\n<p>Todos sabemos que las soluciones pol\u00edticas, sean las que sean, las que se van a tener que adoptar ser\u00e1n siempre dolorosas.<\/p>\n<p>Ciertamente a todos afecta la situaci\u00f3n pero, evidentemente, algunas familias, y muy especialmente algunas personas, por su situaci\u00f3n particular, sufrir\u00e1n m\u00e1s los efectos de la crisis. De todos es conocido que est\u00e1 ya sucediendo y es previsible que en un futuro no muy lejano sean muchas mas las personas que se vean engullidas por el remolino que lenta pero inexorablemente se va generando.<\/p>\n<p>Nadie, y menos una persona cristiana, puede permanecer indiferente ante una situaci\u00f3n as\u00ed, en la que es tan claro y patente el sufrimiento de las personas. Nuestra conciencia cristiana nos dice que todos nos tenemos que implicar en la medida de nuestras posibilidades para ayudar a encontrar una soluci\u00f3n a los graves problemas que se han generado ya y los que previsiblemente se generar\u00e1n.<\/p>\n<p>Es momentos como estos es cuando mas importante se hace la solidaridad, y cuando se puede valorar la calidad de las personas que conforman la sociedad. Una sociedad solidaria y\u00a0 generosa, puede hacer frente con mayor seguridad a cualquier crisis que se presente.<\/p>\n<p>Recientemente hemos podido comprobar con alegr\u00eda la respuesta positiva que los ciudadanos de nuestro pa\u00eds han dado ante la petici\u00f3n realizada por distintos bancos de alimentos y organizaciones diversas. Son noticias positivas y esperanzadoras.\u00a0 Si la pi\u00f1a es fuerte, si somos capaces de ayudarnos entre todos, si todos nos proponemos arrimar el hombro y hacer lo posible, si quienes pueden hacerlo dedican su tiempo, sus energ\u00edas y recursos a colaborar en las organizaciones constituidas o que se constituir\u00e1n en el futuro para canalizar los esfuerzos, entonces las posibilidades de vencer la crisis ser\u00e1n mucho mayores, se podr\u00e1 aliviar el sufrimiento de muchos&#8230;<\/p>\n<p>Todav\u00eda es tiempo.<\/p>\n<p>Conviene que no perdamos de vista las palabras con las que, en las navidades del a\u00f1o 2008, el Papa Benedicto XVI nos pon\u00eda en guardia sobre el peligro que acecha permanetemente:<\/p>\n<p><em>&#8220;Donde se atropella la dignidad y los derechos de la persona humana; donde los ego\u00edsmos personales o de grupo prevalecen sobre el bien com\u00fan; donde se corre el riesgo de habituarse al odio fratricida y a la explotaci\u00f3n del hombre por el hombre; donde las luchas intestinas dividen grupos y etnias y laceran la convivencia; donde el terrorismo sigue golpeando; donde falta lo necesario para vivir; donde se mira con desconfianza un futuro que se esta haciendo cada vez m\u00e1s incierto, incluso en las Naciones del bienestar: que en todos estos casos brille la Luz de la Navidad y anime a todos a hacer su propia parte, con esp\u00edritu de aut\u00e9ntica solidaridad. Si cada uno piensa s\u00f3lo en sus propios intereses, el mundo se encamina a la ruina&#8221;.(Benedicto XVI, 25 de diciembre de 2008)<\/em><\/p>\n<p>&nbsp;<\/p>\n<p>Mn Francesc Perarnau<\/p>\n<p>&nbsp;<\/p>\n","protected":false},"excerpt":{"rendered":"<p>Empezamos el a\u00f1o 2012. Podemos decir que lo empezamos con cierto temor por las circunstancias actuales de crisis por las que esta atravesando nuestra sociedad. Los indicadores econ\u00f3micos que manejan los expertos hablan de perspectivas sombr\u00edas para este a\u00f1o que estrenamos; y cuando las perspectivas son sombr\u00edas, lo son tambi\u00e9n para muchas familias. Todos sabemos [&hellip;]<\/p>\n","protected":false},"author":4,"featured_media":0,"comment_status":"open","ping_status":"open","sticky":false,"template":"","format":"standard","meta":{"footnotes":""},"categories":[52],"tags":[],"class_list":["post-4635","post","type-post","status-publish","format-standard","hentry","category-editorial"],"yoast_head":"<!-- This site is optimized with the Yoast SEO plugin v27.1.1 - https:\/\/yoast.com\/product\/yoast-seo-wordpress\/ -->\n<title>2012 - Montalegre<\/title>\n<meta name=\"robots\" content=\"index, follow, max-snippet:-1, max-image-preview:large, max-video-preview:-1\" \/>\n<link rel=\"canonical\" href=\"https:\/\/www.montalegre.org\/es\/2012\/01\/2012-3\/\" \/>\n<meta property=\"og:locale\" content=\"es_ES\" \/>\n<meta property=\"og:type\" content=\"article\" \/>\n<meta property=\"og:title\" content=\"2012 - Montalegre\" \/>\n<meta property=\"og:description\" content=\"Empezamos el a\u00f1o 2012. Podemos decir que lo empezamos con cierto temor por las circunstancias actuales de crisis por las que esta atravesando nuestra sociedad. Los indicadores econ\u00f3micos que manejan los expertos hablan de perspectivas sombr\u00edas para este a\u00f1o que estrenamos; y cuando las perspectivas son sombr\u00edas, lo son tambi\u00e9n para muchas familias. Todos sabemos [&hellip;]\" \/>\n<meta property=\"og:url\" content=\"https:\/\/www.montalegre.org\/es\/2012\/01\/2012-3\/\" \/>\n<meta property=\"og:site_name\" content=\"Montalegre\" \/>\n<meta property=\"article:published_time\" content=\"2012-01-02T11:30:05+00:00\" \/>\n<meta property=\"article:modified_time\" content=\"2012-01-02T11:33:25+00:00\" \/>\n<meta property=\"og:image\" content=\"http:\/\/www.montalegre.org\/wp-content\/uploads\/2011\/12\/2012-150x150.jpg\" \/>\n<meta name=\"author\" content=\"montalegre\" \/>\n<meta name=\"twitter:card\" content=\"summary_large_image\" \/>\n<meta name=\"twitter:label1\" content=\"Escrito por\" \/>\n\t<meta name=\"twitter:data1\" content=\"montalegre\" \/>\n\t<meta name=\"twitter:label2\" content=\"Tiempo de lectura\" \/>\n\t<meta name=\"twitter:data2\" content=\"3 minutos\" \/>\n<script type=\"application\/ld+json\" class=\"yoast-schema-graph\">{\"@context\":\"https:\/\/schema.org\",\"@graph\":[{\"@type\":\"Article\",\"@id\":\"https:\/\/www.montalegre.org\/es\/2012\/01\/2012-3\/#article\",\"isPartOf\":{\"@id\":\"https:\/\/www.montalegre.org\/es\/2012\/01\/2012-3\/\"},\"author\":{\"name\":\"montalegre\",\"@id\":\"https:\/\/www.montalegre.org\/es\/#\/schema\/person\/fa12d4cf3a3f1735a9176b4fafd6a633\"},\"headline\":\"2012\",\"datePublished\":\"2012-01-02T11:30:05+00:00\",\"dateModified\":\"2012-01-02T11:33:25+00:00\",\"mainEntityOfPage\":{\"@id\":\"https:\/\/www.montalegre.org\/es\/2012\/01\/2012-3\/\"},\"wordCount\":548,\"commentCount\":0,\"image\":{\"@id\":\"https:\/\/www.montalegre.org\/es\/2012\/01\/2012-3\/#primaryimage\"},\"thumbnailUrl\":\"http:\/\/www.montalegre.org\/wp-content\/uploads\/2011\/12\/2012-150x150.jpg\",\"articleSection\":[\"Editorial\"],\"inLanguage\":\"es\",\"potentialAction\":[{\"@type\":\"CommentAction\",\"name\":\"Comment\",\"target\":[\"https:\/\/www.montalegre.org\/es\/2012\/01\/2012-3\/#respond\"]}]},{\"@type\":\"WebPage\",\"@id\":\"https:\/\/www.montalegre.org\/es\/2012\/01\/2012-3\/\",\"url\":\"https:\/\/www.montalegre.org\/es\/2012\/01\/2012-3\/\",\"name\":\"2012 - Montalegre\",\"isPartOf\":{\"@id\":\"https:\/\/www.montalegre.org\/es\/#website\"},\"primaryImageOfPage\":{\"@id\":\"https:\/\/www.montalegre.org\/es\/2012\/01\/2012-3\/#primaryimage\"},\"image\":{\"@id\":\"https:\/\/www.montalegre.org\/es\/2012\/01\/2012-3\/#primaryimage\"},\"thumbnailUrl\":\"http:\/\/www.montalegre.org\/wp-content\/uploads\/2011\/12\/2012-150x150.jpg\",\"datePublished\":\"2012-01-02T11:30:05+00:00\",\"dateModified\":\"2012-01-02T11:33:25+00:00\",\"author\":{\"@id\":\"https:\/\/www.montalegre.org\/es\/#\/schema\/person\/fa12d4cf3a3f1735a9176b4fafd6a633\"},\"breadcrumb\":{\"@id\":\"https:\/\/www.montalegre.org\/es\/2012\/01\/2012-3\/#breadcrumb\"},\"inLanguage\":\"es\",\"potentialAction\":[{\"@type\":\"ReadAction\",\"target\":[\"https:\/\/www.montalegre.org\/es\/2012\/01\/2012-3\/\"]}]},{\"@type\":\"ImageObject\",\"inLanguage\":\"es\",\"@id\":\"https:\/\/www.montalegre.org\/es\/2012\/01\/2012-3\/#primaryimage\",\"url\":\"http:\/\/www.montalegre.org\/wp-content\/uploads\/2011\/12\/2012-150x150.jpg\",\"contentUrl\":\"http:\/\/www.montalegre.org\/wp-content\/uploads\/2011\/12\/2012-150x150.jpg\"},{\"@type\":\"BreadcrumbList\",\"@id\":\"https:\/\/www.montalegre.org\/es\/2012\/01\/2012-3\/#breadcrumb\",\"itemListElement\":[{\"@type\":\"ListItem\",\"position\":1,\"name\":\"Portada\",\"item\":\"https:\/\/www.montalegre.org\/es\/\"},{\"@type\":\"ListItem\",\"position\":2,\"name\":\"2012\"}]},{\"@type\":\"WebSite\",\"@id\":\"https:\/\/www.montalegre.org\/es\/#website\",\"url\":\"https:\/\/www.montalegre.org\/es\/\",\"name\":\"Montalegre\",\"description\":\"\",\"potentialAction\":[{\"@type\":\"SearchAction\",\"target\":{\"@type\":\"EntryPoint\",\"urlTemplate\":\"https:\/\/www.montalegre.org\/es\/?s={search_term_string}\"},\"query-input\":{\"@type\":\"PropertyValueSpecification\",\"valueRequired\":true,\"valueName\":\"search_term_string\"}}],\"inLanguage\":\"es\"},{\"@type\":\"Person\",\"@id\":\"https:\/\/www.montalegre.org\/es\/#\/schema\/person\/fa12d4cf3a3f1735a9176b4fafd6a633\",\"name\":\"montalegre\",\"image\":{\"@type\":\"ImageObject\",\"inLanguage\":\"es\",\"@id\":\"https:\/\/www.montalegre.org\/es\/#\/schema\/person\/image\/\",\"url\":\"https:\/\/secure.gravatar.com\/avatar\/fe6d886cf5081e723c666dceda1f12d4f39070fa2ed4e79695edc3ca355c9b5a?s=96&d=mm&r=g\",\"contentUrl\":\"https:\/\/secure.gravatar.com\/avatar\/fe6d886cf5081e723c666dceda1f12d4f39070fa2ed4e79695edc3ca355c9b5a?s=96&d=mm&r=g\",\"caption\":\"montalegre\"},\"url\":\"https:\/\/www.montalegre.org\/es\/author\/montalegre\/\"}]}<\/script>\n<!-- \/ Yoast SEO plugin. -->","yoast_head_json":{"title":"2012 - Montalegre","robots":{"index":"index","follow":"follow","max-snippet":"max-snippet:-1","max-image-preview":"max-image-preview:large","max-video-preview":"max-video-preview:-1"},"canonical":"https:\/\/www.montalegre.org\/es\/2012\/01\/2012-3\/","og_locale":"es_ES","og_type":"article","og_title":"2012 - Montalegre","og_description":"Empezamos el a\u00f1o 2012. Podemos decir que lo empezamos con cierto temor por las circunstancias actuales de crisis por las que esta atravesando nuestra sociedad. Los indicadores econ\u00f3micos que manejan los expertos hablan de perspectivas sombr\u00edas para este a\u00f1o que estrenamos; y cuando las perspectivas son sombr\u00edas, lo son tambi\u00e9n para muchas familias. Todos sabemos [&hellip;]","og_url":"https:\/\/www.montalegre.org\/es\/2012\/01\/2012-3\/","og_site_name":"Montalegre","article_published_time":"2012-01-02T11:30:05+00:00","article_modified_time":"2012-01-02T11:33:25+00:00","og_image":[{"url":"http:\/\/www.montalegre.org\/wp-content\/uploads\/2011\/12\/2012-150x150.jpg","type":"","width":"","height":""}],"author":"montalegre","twitter_card":"summary_large_image","twitter_misc":{"Escrito por":"montalegre","Tiempo de lectura":"3 minutos"},"schema":{"@context":"https:\/\/schema.org","@graph":[{"@type":"Article","@id":"https:\/\/www.montalegre.org\/es\/2012\/01\/2012-3\/#article","isPartOf":{"@id":"https:\/\/www.montalegre.org\/es\/2012\/01\/2012-3\/"},"author":{"name":"montalegre","@id":"https:\/\/www.montalegre.org\/es\/#\/schema\/person\/fa12d4cf3a3f1735a9176b4fafd6a633"},"headline":"2012","datePublished":"2012-01-02T11:30:05+00:00","dateModified":"2012-01-02T11:33:25+00:00","mainEntityOfPage":{"@id":"https:\/\/www.montalegre.org\/es\/2012\/01\/2012-3\/"},"wordCount":548,"commentCount":0,"image":{"@id":"https:\/\/www.montalegre.org\/es\/2012\/01\/2012-3\/#primaryimage"},"thumbnailUrl":"http:\/\/www.montalegre.org\/wp-content\/uploads\/2011\/12\/2012-150x150.jpg","articleSection":["Editorial"],"inLanguage":"es","potentialAction":[{"@type":"CommentAction","name":"Comment","target":["https:\/\/www.montalegre.org\/es\/2012\/01\/2012-3\/#respond"]}]},{"@type":"WebPage","@id":"https:\/\/www.montalegre.org\/es\/2012\/01\/2012-3\/","url":"https:\/\/www.montalegre.org\/es\/2012\/01\/2012-3\/","name":"2012 - Montalegre","isPartOf":{"@id":"https:\/\/www.montalegre.org\/es\/#website"},"primaryImageOfPage":{"@id":"https:\/\/www.montalegre.org\/es\/2012\/01\/2012-3\/#primaryimage"},"image":{"@id":"https:\/\/www.montalegre.org\/es\/2012\/01\/2012-3\/#primaryimage"},"thumbnailUrl":"http:\/\/www.montalegre.org\/wp-content\/uploads\/2011\/12\/2012-150x150.jpg","datePublished":"2012-01-02T11:30:05+00:00","dateModified":"2012-01-02T11:33:25+00:00","author":{"@id":"https:\/\/www.montalegre.org\/es\/#\/schema\/person\/fa12d4cf3a3f1735a9176b4fafd6a633"},"breadcrumb":{"@id":"https:\/\/www.montalegre.org\/es\/2012\/01\/2012-3\/#breadcrumb"},"inLanguage":"es","potentialAction":[{"@type":"ReadAction","target":["https:\/\/www.montalegre.org\/es\/2012\/01\/2012-3\/"]}]},{"@type":"ImageObject","inLanguage":"es","@id":"https:\/\/www.montalegre.org\/es\/2012\/01\/2012-3\/#primaryimage","url":"http:\/\/www.montalegre.org\/wp-content\/uploads\/2011\/12\/2012-150x150.jpg","contentUrl":"http:\/\/www.montalegre.org\/wp-content\/uploads\/2011\/12\/2012-150x150.jpg"},{"@type":"BreadcrumbList","@id":"https:\/\/www.montalegre.org\/es\/2012\/01\/2012-3\/#breadcrumb","itemListElement":[{"@type":"ListItem","position":1,"name":"Portada","item":"https:\/\/www.montalegre.org\/es\/"},{"@type":"ListItem","position":2,"name":"2012"}]},{"@type":"WebSite","@id":"https:\/\/www.montalegre.org\/es\/#website","url":"https:\/\/www.montalegre.org\/es\/","name":"Montalegre","description":"","potentialAction":[{"@type":"SearchAction","target":{"@type":"EntryPoint","urlTemplate":"https:\/\/www.montalegre.org\/es\/?s={search_term_string}"},"query-input":{"@type":"PropertyValueSpecification","valueRequired":true,"valueName":"search_term_string"}}],"inLanguage":"es"},{"@type":"Person","@id":"https:\/\/www.montalegre.org\/es\/#\/schema\/person\/fa12d4cf3a3f1735a9176b4fafd6a633","name":"montalegre","image":{"@type":"ImageObject","inLanguage":"es","@id":"https:\/\/www.montalegre.org\/es\/#\/schema\/person\/image\/","url":"https:\/\/secure.gravatar.com\/avatar\/fe6d886cf5081e723c666dceda1f12d4f39070fa2ed4e79695edc3ca355c9b5a?s=96&d=mm&r=g","contentUrl":"https:\/\/secure.gravatar.com\/avatar\/fe6d886cf5081e723c666dceda1f12d4f39070fa2ed4e79695edc3ca355c9b5a?s=96&d=mm&r=g","caption":"montalegre"},"url":"https:\/\/www.montalegre.org\/es\/author\/montalegre\/"}]}},"_links":{"self":[{"href":"https:\/\/www.montalegre.org\/es\/wp-json\/wp\/v2\/posts\/4635","targetHints":{"allow":["GET"]}}],"collection":[{"href":"https:\/\/www.montalegre.org\/es\/wp-json\/wp\/v2\/posts"}],"about":[{"href":"https:\/\/www.montalegre.org\/es\/wp-json\/wp\/v2\/types\/post"}],"author":[{"embeddable":true,"href":"https:\/\/www.montalegre.org\/es\/wp-json\/wp\/v2\/users\/4"}],"replies":[{"embeddable":true,"href":"https:\/\/www.montalegre.org\/es\/wp-json\/wp\/v2\/comments?post=4635"}],"version-history":[{"count":6,"href":"https:\/\/www.montalegre.org\/es\/wp-json\/wp\/v2\/posts\/4635\/revisions"}],"predecessor-version":[{"id":4645,"href":"https:\/\/www.montalegre.org\/es\/wp-json\/wp\/v2\/posts\/4635\/revisions\/4645"}],"wp:attachment":[{"href":"https:\/\/www.montalegre.org\/es\/wp-json\/wp\/v2\/media?parent=4635"}],"wp:term":[{"taxonomy":"category","embeddable":true,"href":"https:\/\/www.montalegre.org\/es\/wp-json\/wp\/v2\/categories?post=4635"},{"taxonomy":"post_tag","embeddable":true,"href":"https:\/\/www.montalegre.org\/es\/wp-json\/wp\/v2\/tags?post=4635"}],"curies":[{"name":"wp","href":"https:\/\/api.w.org\/{rel}","templated":true}]}}