{"id":4611,"date":"2012-01-01T15:56:49","date_gmt":"2012-01-01T15:56:49","guid":{"rendered":"http:\/\/www.montalegre.org\/?p=4611"},"modified":"2012-01-01T16:46:18","modified_gmt":"2012-01-01T16:46:18","slug":"concierto-de-musica-barroca-de-final-de-ano","status":"publish","type":"post","link":"https:\/\/www.montalegre.org\/es\/2012\/01\/concierto-de-musica-barroca-de-final-de-ano\/","title":{"rendered":"Concierto de m\u00fasica barroca de final de a\u00f1o"},"content":{"rendered":"<p>A pocas horas de acabar el a\u00f1o, a las 19:30 de la tarde del d\u00eda 30 de diciembre, en la iglesia se celebr\u00f3 un concierto de m\u00fasica barroca y villancicos. Nuevamente la soprano Sra. Patricia Sendra, que canta en la mayor\u00eda de las misas solemnes que se celebran en Montalegre estuvo acompa\u00f1ada al teclado y tambi\u00e9n al \u00f3rgano rom\u00e1ntico que est\u00e1 en el coro por el pianista Sr. Llu\u00eds Avenda\u00f1o. Este a\u00f1o la novedad fue la incorporaci\u00f3n dela soprano Sra. Mar\u00eda Jos\u00e9Rodr\u00edguez. El programa entre otras piezas fue el siguiente: Bist du Bei Mir (de St\u00f6zel); Te incarnatus este (de Mozart); How beautifu are the feet (Haendel); Laudamus te (de Vivaldi), el pianista a\u00f1adi\u00f3 tres piezas de compositores ingleses de los siglos XVI-XVII, y los villancicos: O tannenbaum, El noi de la Mare, Noche de Paz y Adeste Fideles, en todas ellas el p\u00fablic assistent particip\u00f3.<\/p>\n<p>Los solistas<\/p>\n<p><a href=\"http:\/\/www.montalegre.org\/wp-content\/uploads\/2012\/01\/PB289795.jpg\"><img loading=\"lazy\" decoding=\"async\" class=\"alignleft size-thumbnail wp-image-4604\" title=\"OLYMPUS DIGITAL CAMERA\" src=\"http:\/\/www.montalegre.org\/wp-content\/uploads\/2012\/01\/PB289795-150x150.jpg\" alt=\"\" width=\"150\" height=\"150\" \/><\/a>Patricia Sendra, cantante soprano l\u00edrica, realiz\u00f3 los estudios de Piano y Solfeo en el Conservatorio del Liceo, obteniendo el Grado Medio de Piano. Inici\u00f3 Canto conla cantante Teresa Garrigosa, continu\u00f3 con Francesca Roig, cantante mezzosoprano de trayectoria Internacional. Ha participado en cursos Internacionales de Canto, de t\u00e9cnica vocal e interpretaci\u00f3n en Sant Cugat del Vall\u00e9s, en Barcelona, \u200b\u200bel Curso Internacional de m\u00fasica Isaac Alb\u00e9niz en Camprod\u00f3n y el Master-class impartidos por el Catedr\u00e1tico del Conservatorio de Basilea y cantante Kurt Widmer y Cindee Sanner. Ha realizado Conciertos l\u00edricos acompa\u00f1ada de pianistas en salas de audiciones, conservatorios, teatros, parques y jardines. Ha cantado como solista en el Monasterio de Sant Cugat, en la Catedral de Barcelona, Santa Mar\u00eda del Mar, y la Iglesia de Santa Mar\u00eda de Montalegre, entre otros.<\/p>\n<p>Mar\u00eda Jos\u00e9 Rodr\u00edguez estudi\u00f3 canto y piano en el Conservatorio profesional de<a href=\"http:\/\/www.montalegre.org\/wp-content\/uploads\/2012\/01\/img046.jpg\"><img loading=\"lazy\" decoding=\"async\" class=\"alignright size-thumbnail wp-image-4603\" title=\"img046\" src=\"http:\/\/www.montalegre.org\/wp-content\/uploads\/2012\/01\/img046-150x150.jpg\" alt=\"\" width=\"150\" height=\"150\" \/><\/a> Terrassa. Actualmente est\u00e1 cursando los estudios de Pedagog\u00eda en el Conservatorio Superior del Liceo. Tambi\u00e9n es miembro del coro de c\u00e1mara &#8220;Dyapason&#8221; con los que ha realizado varias grabaciones. Ha cantado como solista en Espa\u00f1a, Austria e Italia. Recibi\u00f3 una menci\u00f3n especial en el &#8220;Curso Internacional de la Camerata de Sant Cugat&#8221;. Compagina sus actuaciones con la docencia del piano enla Europa International School.<\/p>\n<p><a href=\"http:\/\/www.montalegre.org\/wp-content\/uploads\/2012\/01\/PICT0053_edited.jpg\"><img loading=\"lazy\" decoding=\"async\" class=\"alignleft size-thumbnail wp-image-4605\" title=\"MINOLTA DIGITAL CAMERA\" src=\"http:\/\/www.montalegre.org\/wp-content\/uploads\/2012\/01\/PICT0053_edited-150x150.jpg\" alt=\"\" width=\"150\" height=\"150\" \/><\/a>Llu\u00eds Avenda\u00f1o estudi\u00f3 piano en el Conservatorio Superior Municipal de Barcelona con el catedr\u00e1tico Miquel Farr\u00e9, obteniendo las m\u00e1s altas calificaciones en los grados elemental, medio y superior. Trabaj\u00f3 conla profesora Mar\u00eda Curcio, en Londres, y los cursos de Barcelona y Torroella de Montgr\u00ed. Primer premio en los concursos de Vilafranca del Pened\u00e9s &#8220;Juventudes musicales&#8221; de Sevilla (198O), &#8220;Ciudad de Manresa&#8221; (1989), y &#8220;Xavier Montsalvatge&#8221;, de Girona. Ha sido profesor de diferentes Conservatorios. Sus actuaciones le han llevado por territorio espa\u00f1ol y otros pa\u00edses, como Camboya y Canad\u00e1. Ha actuado como solista con las orquestas del Gran teatro del Liceo, Sinf\u00f3nica de Barcelona, \u200b\u200bFerenc Liszt de Budapest, y orquesta mundial de Juventudes Musicales, dirigida por A. Ros-Marb\u00e0.<\/p>\n<p>Isabel Hern\u00e1ndez Esteban<\/p>\n","protected":false},"excerpt":{"rendered":"<p>A pocas horas de acabar el a\u00f1o, a las 19:30 de la tarde del d\u00eda 30 de diciembre, en la iglesia se celebr\u00f3 un concierto de m\u00fasica barroca y villancicos. Nuevamente la soprano Sra. Patricia Sendra, que canta en la mayor\u00eda de las misas solemnes que se celebran en Montalegre estuvo acompa\u00f1ada al teclado y [&hellip;]<\/p>\n","protected":false},"author":4,"featured_media":0,"comment_status":"open","ping_status":"open","sticky":false,"template":"","format":"standard","meta":{"footnotes":""},"categories":[1],"tags":[],"class_list":["post-4611","post","type-post","status-publish","format-standard","hentry","category-noticias-de-montalegre"],"yoast_head":"<!-- This site is optimized with the Yoast SEO plugin v27.1.1 - https:\/\/yoast.com\/product\/yoast-seo-wordpress\/ -->\n<title>Concierto de m\u00fasica barroca de final de a\u00f1o - Montalegre<\/title>\n<meta name=\"robots\" content=\"index, follow, max-snippet:-1, max-image-preview:large, max-video-preview:-1\" \/>\n<link rel=\"canonical\" href=\"https:\/\/www.montalegre.org\/es\/2012\/01\/concierto-de-musica-barroca-de-final-de-ano\/\" \/>\n<meta property=\"og:locale\" content=\"es_ES\" \/>\n<meta property=\"og:type\" content=\"article\" \/>\n<meta property=\"og:title\" content=\"Concierto de m\u00fasica barroca de final de a\u00f1o - Montalegre\" \/>\n<meta property=\"og:description\" content=\"A pocas horas de acabar el a\u00f1o, a las 19:30 de la tarde del d\u00eda 30 de diciembre, en la iglesia se celebr\u00f3 un concierto de m\u00fasica barroca y villancicos. Nuevamente la soprano Sra. Patricia Sendra, que canta en la mayor\u00eda de las misas solemnes que se celebran en Montalegre estuvo acompa\u00f1ada al teclado y [&hellip;]\" \/>\n<meta property=\"og:url\" content=\"https:\/\/www.montalegre.org\/es\/2012\/01\/concierto-de-musica-barroca-de-final-de-ano\/\" \/>\n<meta property=\"og:site_name\" content=\"Montalegre\" \/>\n<meta property=\"article:published_time\" content=\"2012-01-01T15:56:49+00:00\" \/>\n<meta property=\"article:modified_time\" content=\"2012-01-01T16:46:18+00:00\" \/>\n<meta property=\"og:image\" content=\"http:\/\/www.montalegre.org\/wp-content\/uploads\/2012\/01\/PB289795-150x150.jpg\" \/>\n<meta name=\"author\" content=\"montalegre\" \/>\n<meta name=\"twitter:card\" content=\"summary_large_image\" \/>\n<meta name=\"twitter:label1\" content=\"Escrito por\" \/>\n\t<meta name=\"twitter:data1\" content=\"montalegre\" \/>\n\t<meta name=\"twitter:label2\" content=\"Tiempo de lectura\" \/>\n\t<meta name=\"twitter:data2\" content=\"3 minutos\" \/>\n<script type=\"application\/ld+json\" class=\"yoast-schema-graph\">{\"@context\":\"https:\/\/schema.org\",\"@graph\":[{\"@type\":\"Article\",\"@id\":\"https:\/\/www.montalegre.org\/es\/2012\/01\/concierto-de-musica-barroca-de-final-de-ano\/#article\",\"isPartOf\":{\"@id\":\"https:\/\/www.montalegre.org\/es\/2012\/01\/concierto-de-musica-barroca-de-final-de-ano\/\"},\"author\":{\"name\":\"montalegre\",\"@id\":\"https:\/\/www.montalegre.org\/es\/#\/schema\/person\/fa12d4cf3a3f1735a9176b4fafd6a633\"},\"headline\":\"Concierto de m\u00fasica barroca de final de a\u00f1o\",\"datePublished\":\"2012-01-01T15:56:49+00:00\",\"dateModified\":\"2012-01-01T16:46:18+00:00\",\"mainEntityOfPage\":{\"@id\":\"https:\/\/www.montalegre.org\/es\/2012\/01\/concierto-de-musica-barroca-de-final-de-ano\/\"},\"wordCount\":526,\"commentCount\":0,\"image\":{\"@id\":\"https:\/\/www.montalegre.org\/es\/2012\/01\/concierto-de-musica-barroca-de-final-de-ano\/#primaryimage\"},\"thumbnailUrl\":\"http:\/\/www.montalegre.org\/wp-content\/uploads\/2012\/01\/PB289795-150x150.jpg\",\"articleSection\":[\"Noticias de Montalegre\"],\"inLanguage\":\"es\",\"potentialAction\":[{\"@type\":\"CommentAction\",\"name\":\"Comment\",\"target\":[\"https:\/\/www.montalegre.org\/es\/2012\/01\/concierto-de-musica-barroca-de-final-de-ano\/#respond\"]}]},{\"@type\":\"WebPage\",\"@id\":\"https:\/\/www.montalegre.org\/es\/2012\/01\/concierto-de-musica-barroca-de-final-de-ano\/\",\"url\":\"https:\/\/www.montalegre.org\/es\/2012\/01\/concierto-de-musica-barroca-de-final-de-ano\/\",\"name\":\"Concierto de m\u00fasica barroca de final de a\u00f1o - Montalegre\",\"isPartOf\":{\"@id\":\"https:\/\/www.montalegre.org\/es\/#website\"},\"primaryImageOfPage\":{\"@id\":\"https:\/\/www.montalegre.org\/es\/2012\/01\/concierto-de-musica-barroca-de-final-de-ano\/#primaryimage\"},\"image\":{\"@id\":\"https:\/\/www.montalegre.org\/es\/2012\/01\/concierto-de-musica-barroca-de-final-de-ano\/#primaryimage\"},\"thumbnailUrl\":\"http:\/\/www.montalegre.org\/wp-content\/uploads\/2012\/01\/PB289795-150x150.jpg\",\"datePublished\":\"2012-01-01T15:56:49+00:00\",\"dateModified\":\"2012-01-01T16:46:18+00:00\",\"author\":{\"@id\":\"https:\/\/www.montalegre.org\/es\/#\/schema\/person\/fa12d4cf3a3f1735a9176b4fafd6a633\"},\"breadcrumb\":{\"@id\":\"https:\/\/www.montalegre.org\/es\/2012\/01\/concierto-de-musica-barroca-de-final-de-ano\/#breadcrumb\"},\"inLanguage\":\"es\",\"potentialAction\":[{\"@type\":\"ReadAction\",\"target\":[\"https:\/\/www.montalegre.org\/es\/2012\/01\/concierto-de-musica-barroca-de-final-de-ano\/\"]}]},{\"@type\":\"ImageObject\",\"inLanguage\":\"es\",\"@id\":\"https:\/\/www.montalegre.org\/es\/2012\/01\/concierto-de-musica-barroca-de-final-de-ano\/#primaryimage\",\"url\":\"http:\/\/www.montalegre.org\/wp-content\/uploads\/2012\/01\/PB289795-150x150.jpg\",\"contentUrl\":\"http:\/\/www.montalegre.org\/wp-content\/uploads\/2012\/01\/PB289795-150x150.jpg\"},{\"@type\":\"BreadcrumbList\",\"@id\":\"https:\/\/www.montalegre.org\/es\/2012\/01\/concierto-de-musica-barroca-de-final-de-ano\/#breadcrumb\",\"itemListElement\":[{\"@type\":\"ListItem\",\"position\":1,\"name\":\"Portada\",\"item\":\"https:\/\/www.montalegre.org\/es\/\"},{\"@type\":\"ListItem\",\"position\":2,\"name\":\"Concierto de m\u00fasica barroca de final de a\u00f1o\"}]},{\"@type\":\"WebSite\",\"@id\":\"https:\/\/www.montalegre.org\/es\/#website\",\"url\":\"https:\/\/www.montalegre.org\/es\/\",\"name\":\"Montalegre\",\"description\":\"\",\"potentialAction\":[{\"@type\":\"SearchAction\",\"target\":{\"@type\":\"EntryPoint\",\"urlTemplate\":\"https:\/\/www.montalegre.org\/es\/?s={search_term_string}\"},\"query-input\":{\"@type\":\"PropertyValueSpecification\",\"valueRequired\":true,\"valueName\":\"search_term_string\"}}],\"inLanguage\":\"es\"},{\"@type\":\"Person\",\"@id\":\"https:\/\/www.montalegre.org\/es\/#\/schema\/person\/fa12d4cf3a3f1735a9176b4fafd6a633\",\"name\":\"montalegre\",\"image\":{\"@type\":\"ImageObject\",\"inLanguage\":\"es\",\"@id\":\"https:\/\/www.montalegre.org\/es\/#\/schema\/person\/image\/\",\"url\":\"https:\/\/secure.gravatar.com\/avatar\/fe6d886cf5081e723c666dceda1f12d4f39070fa2ed4e79695edc3ca355c9b5a?s=96&d=mm&r=g\",\"contentUrl\":\"https:\/\/secure.gravatar.com\/avatar\/fe6d886cf5081e723c666dceda1f12d4f39070fa2ed4e79695edc3ca355c9b5a?s=96&d=mm&r=g\",\"caption\":\"montalegre\"},\"url\":\"https:\/\/www.montalegre.org\/es\/author\/montalegre\/\"}]}<\/script>\n<!-- \/ Yoast SEO plugin. -->","yoast_head_json":{"title":"Concierto de m\u00fasica barroca de final de a\u00f1o - Montalegre","robots":{"index":"index","follow":"follow","max-snippet":"max-snippet:-1","max-image-preview":"max-image-preview:large","max-video-preview":"max-video-preview:-1"},"canonical":"https:\/\/www.montalegre.org\/es\/2012\/01\/concierto-de-musica-barroca-de-final-de-ano\/","og_locale":"es_ES","og_type":"article","og_title":"Concierto de m\u00fasica barroca de final de a\u00f1o - Montalegre","og_description":"A pocas horas de acabar el a\u00f1o, a las 19:30 de la tarde del d\u00eda 30 de diciembre, en la iglesia se celebr\u00f3 un concierto de m\u00fasica barroca y villancicos. Nuevamente la soprano Sra. Patricia Sendra, que canta en la mayor\u00eda de las misas solemnes que se celebran en Montalegre estuvo acompa\u00f1ada al teclado y [&hellip;]","og_url":"https:\/\/www.montalegre.org\/es\/2012\/01\/concierto-de-musica-barroca-de-final-de-ano\/","og_site_name":"Montalegre","article_published_time":"2012-01-01T15:56:49+00:00","article_modified_time":"2012-01-01T16:46:18+00:00","og_image":[{"url":"http:\/\/www.montalegre.org\/wp-content\/uploads\/2012\/01\/PB289795-150x150.jpg","type":"","width":"","height":""}],"author":"montalegre","twitter_card":"summary_large_image","twitter_misc":{"Escrito por":"montalegre","Tiempo de lectura":"3 minutos"},"schema":{"@context":"https:\/\/schema.org","@graph":[{"@type":"Article","@id":"https:\/\/www.montalegre.org\/es\/2012\/01\/concierto-de-musica-barroca-de-final-de-ano\/#article","isPartOf":{"@id":"https:\/\/www.montalegre.org\/es\/2012\/01\/concierto-de-musica-barroca-de-final-de-ano\/"},"author":{"name":"montalegre","@id":"https:\/\/www.montalegre.org\/es\/#\/schema\/person\/fa12d4cf3a3f1735a9176b4fafd6a633"},"headline":"Concierto de m\u00fasica barroca de final de a\u00f1o","datePublished":"2012-01-01T15:56:49+00:00","dateModified":"2012-01-01T16:46:18+00:00","mainEntityOfPage":{"@id":"https:\/\/www.montalegre.org\/es\/2012\/01\/concierto-de-musica-barroca-de-final-de-ano\/"},"wordCount":526,"commentCount":0,"image":{"@id":"https:\/\/www.montalegre.org\/es\/2012\/01\/concierto-de-musica-barroca-de-final-de-ano\/#primaryimage"},"thumbnailUrl":"http:\/\/www.montalegre.org\/wp-content\/uploads\/2012\/01\/PB289795-150x150.jpg","articleSection":["Noticias de Montalegre"],"inLanguage":"es","potentialAction":[{"@type":"CommentAction","name":"Comment","target":["https:\/\/www.montalegre.org\/es\/2012\/01\/concierto-de-musica-barroca-de-final-de-ano\/#respond"]}]},{"@type":"WebPage","@id":"https:\/\/www.montalegre.org\/es\/2012\/01\/concierto-de-musica-barroca-de-final-de-ano\/","url":"https:\/\/www.montalegre.org\/es\/2012\/01\/concierto-de-musica-barroca-de-final-de-ano\/","name":"Concierto de m\u00fasica barroca de final de a\u00f1o - Montalegre","isPartOf":{"@id":"https:\/\/www.montalegre.org\/es\/#website"},"primaryImageOfPage":{"@id":"https:\/\/www.montalegre.org\/es\/2012\/01\/concierto-de-musica-barroca-de-final-de-ano\/#primaryimage"},"image":{"@id":"https:\/\/www.montalegre.org\/es\/2012\/01\/concierto-de-musica-barroca-de-final-de-ano\/#primaryimage"},"thumbnailUrl":"http:\/\/www.montalegre.org\/wp-content\/uploads\/2012\/01\/PB289795-150x150.jpg","datePublished":"2012-01-01T15:56:49+00:00","dateModified":"2012-01-01T16:46:18+00:00","author":{"@id":"https:\/\/www.montalegre.org\/es\/#\/schema\/person\/fa12d4cf3a3f1735a9176b4fafd6a633"},"breadcrumb":{"@id":"https:\/\/www.montalegre.org\/es\/2012\/01\/concierto-de-musica-barroca-de-final-de-ano\/#breadcrumb"},"inLanguage":"es","potentialAction":[{"@type":"ReadAction","target":["https:\/\/www.montalegre.org\/es\/2012\/01\/concierto-de-musica-barroca-de-final-de-ano\/"]}]},{"@type":"ImageObject","inLanguage":"es","@id":"https:\/\/www.montalegre.org\/es\/2012\/01\/concierto-de-musica-barroca-de-final-de-ano\/#primaryimage","url":"http:\/\/www.montalegre.org\/wp-content\/uploads\/2012\/01\/PB289795-150x150.jpg","contentUrl":"http:\/\/www.montalegre.org\/wp-content\/uploads\/2012\/01\/PB289795-150x150.jpg"},{"@type":"BreadcrumbList","@id":"https:\/\/www.montalegre.org\/es\/2012\/01\/concierto-de-musica-barroca-de-final-de-ano\/#breadcrumb","itemListElement":[{"@type":"ListItem","position":1,"name":"Portada","item":"https:\/\/www.montalegre.org\/es\/"},{"@type":"ListItem","position":2,"name":"Concierto de m\u00fasica barroca de final de a\u00f1o"}]},{"@type":"WebSite","@id":"https:\/\/www.montalegre.org\/es\/#website","url":"https:\/\/www.montalegre.org\/es\/","name":"Montalegre","description":"","potentialAction":[{"@type":"SearchAction","target":{"@type":"EntryPoint","urlTemplate":"https:\/\/www.montalegre.org\/es\/?s={search_term_string}"},"query-input":{"@type":"PropertyValueSpecification","valueRequired":true,"valueName":"search_term_string"}}],"inLanguage":"es"},{"@type":"Person","@id":"https:\/\/www.montalegre.org\/es\/#\/schema\/person\/fa12d4cf3a3f1735a9176b4fafd6a633","name":"montalegre","image":{"@type":"ImageObject","inLanguage":"es","@id":"https:\/\/www.montalegre.org\/es\/#\/schema\/person\/image\/","url":"https:\/\/secure.gravatar.com\/avatar\/fe6d886cf5081e723c666dceda1f12d4f39070fa2ed4e79695edc3ca355c9b5a?s=96&d=mm&r=g","contentUrl":"https:\/\/secure.gravatar.com\/avatar\/fe6d886cf5081e723c666dceda1f12d4f39070fa2ed4e79695edc3ca355c9b5a?s=96&d=mm&r=g","caption":"montalegre"},"url":"https:\/\/www.montalegre.org\/es\/author\/montalegre\/"}]}},"_links":{"self":[{"href":"https:\/\/www.montalegre.org\/es\/wp-json\/wp\/v2\/posts\/4611","targetHints":{"allow":["GET"]}}],"collection":[{"href":"https:\/\/www.montalegre.org\/es\/wp-json\/wp\/v2\/posts"}],"about":[{"href":"https:\/\/www.montalegre.org\/es\/wp-json\/wp\/v2\/types\/post"}],"author":[{"embeddable":true,"href":"https:\/\/www.montalegre.org\/es\/wp-json\/wp\/v2\/users\/4"}],"replies":[{"embeddable":true,"href":"https:\/\/www.montalegre.org\/es\/wp-json\/wp\/v2\/comments?post=4611"}],"version-history":[{"count":11,"href":"https:\/\/www.montalegre.org\/es\/wp-json\/wp\/v2\/posts\/4611\/revisions"}],"predecessor-version":[{"id":4616,"href":"https:\/\/www.montalegre.org\/es\/wp-json\/wp\/v2\/posts\/4611\/revisions\/4616"}],"wp:attachment":[{"href":"https:\/\/www.montalegre.org\/es\/wp-json\/wp\/v2\/media?parent=4611"}],"wp:term":[{"taxonomy":"category","embeddable":true,"href":"https:\/\/www.montalegre.org\/es\/wp-json\/wp\/v2\/categories?post=4611"},{"taxonomy":"post_tag","embeddable":true,"href":"https:\/\/www.montalegre.org\/es\/wp-json\/wp\/v2\/tags?post=4611"}],"curies":[{"name":"wp","href":"https:\/\/api.w.org\/{rel}","templated":true}]}}