{"id":4593,"date":"2011-12-28T21:32:15","date_gmt":"2011-12-28T21:32:15","guid":{"rendered":"http:\/\/www.montalegre.org\/?p=4593"},"modified":"2012-01-04T21:47:49","modified_gmt":"2012-01-04T21:47:49","slug":"las-obras-en-el-roseton","status":"publish","type":"post","link":"https:\/\/www.montalegre.org\/es\/2011\/12\/las-obras-en-el-roseton\/","title":{"rendered":"Las obras en el roset\u00f3n"},"content":{"rendered":"<p><a href=\"http:\/\/www.montalegre.org\/2011\/12\/les-obres-en-la-rosassa\/dsc00714-red-2\/\" rel=\"attachment wp-att-4679\"><img loading=\"lazy\" decoding=\"async\" class=\"alignleft size-medium wp-image-4679\" title=\"DSC00714 red\" src=\"http:\/\/www.montalegre.org\/wp-content\/uploads\/2011\/12\/DSC00714-red1-224x300.jpg\" alt=\"\" width=\"224\" height=\"300\" \/><\/a><\/p>\n<p>Los trabajos sobre el roset\u00f3n del crucero de la iglesia (de los que ya hab\u00edamos hablado anteriormente*) est\u00e1n a punto de acabar y podremos contemplar de nuevo como se expandir\u00e1 la luz coloreada de los vitrales. A lo largo de la semana pasada se instal\u00f3 la protecci\u00f3n exterior que de entrada puede sorprender pero ya nos iremos acostumbrando, pues lo que interesa es proteger la obra \u00fanica de los vitrales. Adem\u00e1s, hoy hemos visto como colocaban los paneles que se hab\u00edan sacado para hacer una restauraci\u00f3n m\u00e1s \u00a0esmerada en los talleres de la vidriera Sra. Bel\u00e9n Requena. Por lo tanto creemos que muy pronto tambi\u00e9n se desmontar\u00e1 el andamio interior que hab\u00eda sido instalado en las gradas, y finalizar\u00e1 esta nueva remodelaci\u00f3n de la iglesia.<\/p>\n<p>*noticia en la web 14-12-11<\/p>\n<p>Servicios Informativos Montalegre<\/p>\n","protected":false},"excerpt":{"rendered":"<p>Los trabajos sobre el roset\u00f3n del crucero de la iglesia (de los que ya hab\u00edamos hablado anteriormente*) est\u00e1n a punto de acabar y podremos contemplar de nuevo como se expandir\u00e1 la luz coloreada de los vitrales. A lo largo de la semana pasada se instal\u00f3 la protecci\u00f3n exterior que de entrada puede sorprender pero ya [&hellip;]<\/p>\n","protected":false},"author":4,"featured_media":0,"comment_status":"open","ping_status":"open","sticky":false,"template":"","format":"standard","meta":{"footnotes":""},"categories":[1],"tags":[],"class_list":["post-4593","post","type-post","status-publish","format-standard","hentry","category-noticias-de-montalegre"],"yoast_head":"<!-- This site is optimized with the Yoast SEO plugin v27.1.1 - https:\/\/yoast.com\/product\/yoast-seo-wordpress\/ -->\n<title>Las obras en el roset\u00f3n - Montalegre<\/title>\n<meta name=\"robots\" content=\"index, follow, max-snippet:-1, max-image-preview:large, max-video-preview:-1\" \/>\n<link rel=\"canonical\" href=\"https:\/\/www.montalegre.org\/es\/2011\/12\/las-obras-en-el-roseton\/\" \/>\n<meta property=\"og:locale\" content=\"es_ES\" \/>\n<meta property=\"og:type\" content=\"article\" \/>\n<meta property=\"og:title\" content=\"Las obras en el roset\u00f3n - Montalegre\" \/>\n<meta property=\"og:description\" content=\"Los trabajos sobre el roset\u00f3n del crucero de la iglesia (de los que ya hab\u00edamos hablado anteriormente*) est\u00e1n a punto de acabar y podremos contemplar de nuevo como se expandir\u00e1 la luz coloreada de los vitrales. A lo largo de la semana pasada se instal\u00f3 la protecci\u00f3n exterior que de entrada puede sorprender pero ya [&hellip;]\" \/>\n<meta property=\"og:url\" content=\"https:\/\/www.montalegre.org\/es\/2011\/12\/las-obras-en-el-roseton\/\" \/>\n<meta property=\"og:site_name\" content=\"Montalegre\" \/>\n<meta property=\"article:published_time\" content=\"2011-12-28T21:32:15+00:00\" \/>\n<meta property=\"article:modified_time\" content=\"2012-01-04T21:47:49+00:00\" \/>\n<meta property=\"og:image\" content=\"http:\/\/www.montalegre.org\/wp-content\/uploads\/2011\/12\/DSC00714-red1-224x300.jpg\" \/>\n<meta name=\"author\" content=\"montalegre\" \/>\n<meta name=\"twitter:card\" content=\"summary_large_image\" \/>\n<meta name=\"twitter:label1\" content=\"Escrito por\" \/>\n\t<meta name=\"twitter:data1\" content=\"montalegre\" \/>\n\t<meta name=\"twitter:label2\" content=\"Tiempo de lectura\" \/>\n\t<meta name=\"twitter:data2\" content=\"1 minuto\" \/>\n<script type=\"application\/ld+json\" class=\"yoast-schema-graph\">{\"@context\":\"https:\/\/schema.org\",\"@graph\":[{\"@type\":\"Article\",\"@id\":\"https:\/\/www.montalegre.org\/es\/2011\/12\/las-obras-en-el-roseton\/#article\",\"isPartOf\":{\"@id\":\"https:\/\/www.montalegre.org\/es\/2011\/12\/las-obras-en-el-roseton\/\"},\"author\":{\"name\":\"montalegre\",\"@id\":\"https:\/\/www.montalegre.org\/es\/#\/schema\/person\/fa12d4cf3a3f1735a9176b4fafd6a633\"},\"headline\":\"Las obras en el roset\u00f3n\",\"datePublished\":\"2011-12-28T21:32:15+00:00\",\"dateModified\":\"2012-01-04T21:47:49+00:00\",\"mainEntityOfPage\":{\"@id\":\"https:\/\/www.montalegre.org\/es\/2011\/12\/las-obras-en-el-roseton\/\"},\"wordCount\":152,\"commentCount\":0,\"image\":{\"@id\":\"https:\/\/www.montalegre.org\/es\/2011\/12\/las-obras-en-el-roseton\/#primaryimage\"},\"thumbnailUrl\":\"http:\/\/www.montalegre.org\/wp-content\/uploads\/2011\/12\/DSC00714-red1-224x300.jpg\",\"articleSection\":[\"Noticias de Montalegre\"],\"inLanguage\":\"es\",\"potentialAction\":[{\"@type\":\"CommentAction\",\"name\":\"Comment\",\"target\":[\"https:\/\/www.montalegre.org\/es\/2011\/12\/las-obras-en-el-roseton\/#respond\"]}]},{\"@type\":\"WebPage\",\"@id\":\"https:\/\/www.montalegre.org\/es\/2011\/12\/las-obras-en-el-roseton\/\",\"url\":\"https:\/\/www.montalegre.org\/es\/2011\/12\/las-obras-en-el-roseton\/\",\"name\":\"Las obras en el roset\u00f3n - Montalegre\",\"isPartOf\":{\"@id\":\"https:\/\/www.montalegre.org\/es\/#website\"},\"primaryImageOfPage\":{\"@id\":\"https:\/\/www.montalegre.org\/es\/2011\/12\/las-obras-en-el-roseton\/#primaryimage\"},\"image\":{\"@id\":\"https:\/\/www.montalegre.org\/es\/2011\/12\/las-obras-en-el-roseton\/#primaryimage\"},\"thumbnailUrl\":\"http:\/\/www.montalegre.org\/wp-content\/uploads\/2011\/12\/DSC00714-red1-224x300.jpg\",\"datePublished\":\"2011-12-28T21:32:15+00:00\",\"dateModified\":\"2012-01-04T21:47:49+00:00\",\"author\":{\"@id\":\"https:\/\/www.montalegre.org\/es\/#\/schema\/person\/fa12d4cf3a3f1735a9176b4fafd6a633\"},\"breadcrumb\":{\"@id\":\"https:\/\/www.montalegre.org\/es\/2011\/12\/las-obras-en-el-roseton\/#breadcrumb\"},\"inLanguage\":\"es\",\"potentialAction\":[{\"@type\":\"ReadAction\",\"target\":[\"https:\/\/www.montalegre.org\/es\/2011\/12\/las-obras-en-el-roseton\/\"]}]},{\"@type\":\"ImageObject\",\"inLanguage\":\"es\",\"@id\":\"https:\/\/www.montalegre.org\/es\/2011\/12\/las-obras-en-el-roseton\/#primaryimage\",\"url\":\"http:\/\/www.montalegre.org\/wp-content\/uploads\/2011\/12\/DSC00714-red1-224x300.jpg\",\"contentUrl\":\"http:\/\/www.montalegre.org\/wp-content\/uploads\/2011\/12\/DSC00714-red1-224x300.jpg\"},{\"@type\":\"BreadcrumbList\",\"@id\":\"https:\/\/www.montalegre.org\/es\/2011\/12\/las-obras-en-el-roseton\/#breadcrumb\",\"itemListElement\":[{\"@type\":\"ListItem\",\"position\":1,\"name\":\"Portada\",\"item\":\"https:\/\/www.montalegre.org\/es\/\"},{\"@type\":\"ListItem\",\"position\":2,\"name\":\"Las obras en el roset\u00f3n\"}]},{\"@type\":\"WebSite\",\"@id\":\"https:\/\/www.montalegre.org\/es\/#website\",\"url\":\"https:\/\/www.montalegre.org\/es\/\",\"name\":\"Montalegre\",\"description\":\"\",\"potentialAction\":[{\"@type\":\"SearchAction\",\"target\":{\"@type\":\"EntryPoint\",\"urlTemplate\":\"https:\/\/www.montalegre.org\/es\/?s={search_term_string}\"},\"query-input\":{\"@type\":\"PropertyValueSpecification\",\"valueRequired\":true,\"valueName\":\"search_term_string\"}}],\"inLanguage\":\"es\"},{\"@type\":\"Person\",\"@id\":\"https:\/\/www.montalegre.org\/es\/#\/schema\/person\/fa12d4cf3a3f1735a9176b4fafd6a633\",\"name\":\"montalegre\",\"image\":{\"@type\":\"ImageObject\",\"inLanguage\":\"es\",\"@id\":\"https:\/\/www.montalegre.org\/es\/#\/schema\/person\/image\/\",\"url\":\"https:\/\/secure.gravatar.com\/avatar\/fe6d886cf5081e723c666dceda1f12d4f39070fa2ed4e79695edc3ca355c9b5a?s=96&d=mm&r=g\",\"contentUrl\":\"https:\/\/secure.gravatar.com\/avatar\/fe6d886cf5081e723c666dceda1f12d4f39070fa2ed4e79695edc3ca355c9b5a?s=96&d=mm&r=g\",\"caption\":\"montalegre\"},\"url\":\"https:\/\/www.montalegre.org\/es\/author\/montalegre\/\"}]}<\/script>\n<!-- \/ Yoast SEO plugin. -->","yoast_head_json":{"title":"Las obras en el roset\u00f3n - Montalegre","robots":{"index":"index","follow":"follow","max-snippet":"max-snippet:-1","max-image-preview":"max-image-preview:large","max-video-preview":"max-video-preview:-1"},"canonical":"https:\/\/www.montalegre.org\/es\/2011\/12\/las-obras-en-el-roseton\/","og_locale":"es_ES","og_type":"article","og_title":"Las obras en el roset\u00f3n - Montalegre","og_description":"Los trabajos sobre el roset\u00f3n del crucero de la iglesia (de los que ya hab\u00edamos hablado anteriormente*) est\u00e1n a punto de acabar y podremos contemplar de nuevo como se expandir\u00e1 la luz coloreada de los vitrales. A lo largo de la semana pasada se instal\u00f3 la protecci\u00f3n exterior que de entrada puede sorprender pero ya [&hellip;]","og_url":"https:\/\/www.montalegre.org\/es\/2011\/12\/las-obras-en-el-roseton\/","og_site_name":"Montalegre","article_published_time":"2011-12-28T21:32:15+00:00","article_modified_time":"2012-01-04T21:47:49+00:00","og_image":[{"url":"http:\/\/www.montalegre.org\/wp-content\/uploads\/2011\/12\/DSC00714-red1-224x300.jpg","type":"","width":"","height":""}],"author":"montalegre","twitter_card":"summary_large_image","twitter_misc":{"Escrito por":"montalegre","Tiempo de lectura":"1 minuto"},"schema":{"@context":"https:\/\/schema.org","@graph":[{"@type":"Article","@id":"https:\/\/www.montalegre.org\/es\/2011\/12\/las-obras-en-el-roseton\/#article","isPartOf":{"@id":"https:\/\/www.montalegre.org\/es\/2011\/12\/las-obras-en-el-roseton\/"},"author":{"name":"montalegre","@id":"https:\/\/www.montalegre.org\/es\/#\/schema\/person\/fa12d4cf3a3f1735a9176b4fafd6a633"},"headline":"Las obras en el roset\u00f3n","datePublished":"2011-12-28T21:32:15+00:00","dateModified":"2012-01-04T21:47:49+00:00","mainEntityOfPage":{"@id":"https:\/\/www.montalegre.org\/es\/2011\/12\/las-obras-en-el-roseton\/"},"wordCount":152,"commentCount":0,"image":{"@id":"https:\/\/www.montalegre.org\/es\/2011\/12\/las-obras-en-el-roseton\/#primaryimage"},"thumbnailUrl":"http:\/\/www.montalegre.org\/wp-content\/uploads\/2011\/12\/DSC00714-red1-224x300.jpg","articleSection":["Noticias de Montalegre"],"inLanguage":"es","potentialAction":[{"@type":"CommentAction","name":"Comment","target":["https:\/\/www.montalegre.org\/es\/2011\/12\/las-obras-en-el-roseton\/#respond"]}]},{"@type":"WebPage","@id":"https:\/\/www.montalegre.org\/es\/2011\/12\/las-obras-en-el-roseton\/","url":"https:\/\/www.montalegre.org\/es\/2011\/12\/las-obras-en-el-roseton\/","name":"Las obras en el roset\u00f3n - Montalegre","isPartOf":{"@id":"https:\/\/www.montalegre.org\/es\/#website"},"primaryImageOfPage":{"@id":"https:\/\/www.montalegre.org\/es\/2011\/12\/las-obras-en-el-roseton\/#primaryimage"},"image":{"@id":"https:\/\/www.montalegre.org\/es\/2011\/12\/las-obras-en-el-roseton\/#primaryimage"},"thumbnailUrl":"http:\/\/www.montalegre.org\/wp-content\/uploads\/2011\/12\/DSC00714-red1-224x300.jpg","datePublished":"2011-12-28T21:32:15+00:00","dateModified":"2012-01-04T21:47:49+00:00","author":{"@id":"https:\/\/www.montalegre.org\/es\/#\/schema\/person\/fa12d4cf3a3f1735a9176b4fafd6a633"},"breadcrumb":{"@id":"https:\/\/www.montalegre.org\/es\/2011\/12\/las-obras-en-el-roseton\/#breadcrumb"},"inLanguage":"es","potentialAction":[{"@type":"ReadAction","target":["https:\/\/www.montalegre.org\/es\/2011\/12\/las-obras-en-el-roseton\/"]}]},{"@type":"ImageObject","inLanguage":"es","@id":"https:\/\/www.montalegre.org\/es\/2011\/12\/las-obras-en-el-roseton\/#primaryimage","url":"http:\/\/www.montalegre.org\/wp-content\/uploads\/2011\/12\/DSC00714-red1-224x300.jpg","contentUrl":"http:\/\/www.montalegre.org\/wp-content\/uploads\/2011\/12\/DSC00714-red1-224x300.jpg"},{"@type":"BreadcrumbList","@id":"https:\/\/www.montalegre.org\/es\/2011\/12\/las-obras-en-el-roseton\/#breadcrumb","itemListElement":[{"@type":"ListItem","position":1,"name":"Portada","item":"https:\/\/www.montalegre.org\/es\/"},{"@type":"ListItem","position":2,"name":"Las obras en el roset\u00f3n"}]},{"@type":"WebSite","@id":"https:\/\/www.montalegre.org\/es\/#website","url":"https:\/\/www.montalegre.org\/es\/","name":"Montalegre","description":"","potentialAction":[{"@type":"SearchAction","target":{"@type":"EntryPoint","urlTemplate":"https:\/\/www.montalegre.org\/es\/?s={search_term_string}"},"query-input":{"@type":"PropertyValueSpecification","valueRequired":true,"valueName":"search_term_string"}}],"inLanguage":"es"},{"@type":"Person","@id":"https:\/\/www.montalegre.org\/es\/#\/schema\/person\/fa12d4cf3a3f1735a9176b4fafd6a633","name":"montalegre","image":{"@type":"ImageObject","inLanguage":"es","@id":"https:\/\/www.montalegre.org\/es\/#\/schema\/person\/image\/","url":"https:\/\/secure.gravatar.com\/avatar\/fe6d886cf5081e723c666dceda1f12d4f39070fa2ed4e79695edc3ca355c9b5a?s=96&d=mm&r=g","contentUrl":"https:\/\/secure.gravatar.com\/avatar\/fe6d886cf5081e723c666dceda1f12d4f39070fa2ed4e79695edc3ca355c9b5a?s=96&d=mm&r=g","caption":"montalegre"},"url":"https:\/\/www.montalegre.org\/es\/author\/montalegre\/"}]}},"_links":{"self":[{"href":"https:\/\/www.montalegre.org\/es\/wp-json\/wp\/v2\/posts\/4593","targetHints":{"allow":["GET"]}}],"collection":[{"href":"https:\/\/www.montalegre.org\/es\/wp-json\/wp\/v2\/posts"}],"about":[{"href":"https:\/\/www.montalegre.org\/es\/wp-json\/wp\/v2\/types\/post"}],"author":[{"embeddable":true,"href":"https:\/\/www.montalegre.org\/es\/wp-json\/wp\/v2\/users\/4"}],"replies":[{"embeddable":true,"href":"https:\/\/www.montalegre.org\/es\/wp-json\/wp\/v2\/comments?post=4593"}],"version-history":[{"count":8,"href":"https:\/\/www.montalegre.org\/es\/wp-json\/wp\/v2\/posts\/4593\/revisions"}],"predecessor-version":[{"id":4599,"href":"https:\/\/www.montalegre.org\/es\/wp-json\/wp\/v2\/posts\/4593\/revisions\/4599"}],"wp:attachment":[{"href":"https:\/\/www.montalegre.org\/es\/wp-json\/wp\/v2\/media?parent=4593"}],"wp:term":[{"taxonomy":"category","embeddable":true,"href":"https:\/\/www.montalegre.org\/es\/wp-json\/wp\/v2\/categories?post=4593"},{"taxonomy":"post_tag","embeddable":true,"href":"https:\/\/www.montalegre.org\/es\/wp-json\/wp\/v2\/tags?post=4593"}],"curies":[{"name":"wp","href":"https:\/\/api.w.org\/{rel}","templated":true}]}}