{"id":4566,"date":"2011-12-26T19:38:53","date_gmt":"2011-12-26T19:38:53","guid":{"rendered":"http:\/\/www.montalegre.org\/?p=4566"},"modified":"2011-12-26T19:55:07","modified_gmt":"2011-12-26T19:55:07","slug":"la-noche-de-la-luz","status":"publish","type":"post","link":"https:\/\/www.montalegre.org\/es\/2011\/12\/la-noche-de-la-luz\/","title":{"rendered":"La Noche de la Luz"},"content":{"rendered":"<p>En Montalegre celebramos la noche santa de Navidad empezando con la misa llamada del Gallo. Este a\u00f1o se produjo la novedad de adelantar la celebraci\u00f3n a las 11 de la noche. Los adornos florales de las <em>poinsetias<\/em> rojas, la iglesia totalmente iluminada, los revestimientos de los sacerdotes de fiesta solemne, la soprano Patricia Sendra y Josep Masabeu al \u00f3rgano, constituyeron un conjunto de cosas que hicieron de la celebraci\u00f3n un acto feliz y alegre, con toda la solemnidad del d\u00eda, pues todos los que est\u00e1bamos all\u00ed nos sent\u00edamos contentos de celebrar el nacimiento de Nuestro Se\u00f1or Jesucristo. A lo largo de la misa cantamos villancicos, y como es habitual, los fieles dispon\u00edamos de los textos de las canciones de forma que todo el que quiso pod\u00eda seguir \u201cLes dotze van tocant\u201d, \u201cEl noi de la Mare\u201d, \u201cSanta Nit\u201d, y al ir a hacer la adoraci\u00f3n al Ni\u00f1o Jes\u00fas,&#8221; Adeste fideles &#8220;.<a href=\"http:\/\/www.montalegre.org\/wp-content\/uploads\/2011\/12\/santa-seu.jpg\"><img loading=\"lazy\" decoding=\"async\" class=\"alignright size-full wp-image-4564\" title=\"santa seu\" src=\"http:\/\/www.montalegre.org\/wp-content\/uploads\/2011\/12\/santa-seu.jpg\" alt=\"\" width=\"284\" height=\"300\" \/><\/a><\/p>\n<p>El rector, que presidi\u00f3 la celebraci\u00f3n, se refiri\u00f3 a las lecturas destacando las referencias que en ellas y otros textos sagrados se hacen a Luz, especialmente en el evangelio de San Juan, cuando dice de Jes\u00fas \u00a0&#8220;Yo soy la luz del mundo &#8220;: <em>La luz es un s\u00edmbolo que se representa mediante el sol ya desde tiempos antiguos, donde el sol es a la vez\u00a0 el s\u00edmbolo de Dios, ya que el sol da calor, da la vida &#8230; y\u00a0 esta noche aunque pueda parecer un contrasentido, es la Noche de la Luz. Y en estos d\u00edas, especialmente hoy se cantan villancicos, y en los de nuestro entorno cultural del Mediterr\u00e1neo se hace menci\u00f3n a im\u00e1genes de productos muy propios como el vino, los peces, el reques\u00f3n, el chocolate&#8230;. pero a pesar de que sean muy populares, tienen un contenido po\u00e9tico y teol\u00f3gico extraordinario porque fueron escritos y compuestos por personas de una gran fe, no obstante a veces ese contenido se nos escapa entre las m\u00fasicas y los estribillos. <\/em>Por \u00faltimo, Mn. Francesc Perarnau dijo que <em>Dios desde el pesebre nos habla de pobreza y de humildad, y lo veremos crecer en el evangelio donde la luz s\u00f3lo es \u00c9l&#8230; La Virgen y los santos tambi\u00e9n son luz, pero son un reflejo de la luz de Dios.<\/em> Y nos anim\u00f3, como cristianos que somos, a llevar la luz de Dios al mundo.<\/p>\n<p>Una vez terminada la adoraci\u00f3n al Ni\u00f1o Jes\u00fas, nos invitaron a un resop\u00f3n muy simp\u00e1tico donde los fieles habituales de la iglesia cantamos, hasta quedarnos casi af\u00f3nicos, un mont\u00f3n de villancicos, acompa\u00f1ados a las guitarras del m\u00fasico que ya he citado y Luis Malgosa, acabando el encuentro dese\u00e1ndonos todos una Feliz Navidad!<\/p>\n<p>Isabel Hern\u00e1ndez Esteban<\/p>\n<p>&nbsp;<\/p>\n","protected":false},"excerpt":{"rendered":"<p>En Montalegre celebramos la noche santa de Navidad empezando con la misa llamada del Gallo. Este a\u00f1o se produjo la novedad de adelantar la celebraci\u00f3n a las 11 de la noche. Los adornos florales de las poinsetias rojas, la iglesia totalmente iluminada, los revestimientos de los sacerdotes de fiesta solemne, la soprano Patricia Sendra y [&hellip;]<\/p>\n","protected":false},"author":4,"featured_media":0,"comment_status":"open","ping_status":"open","sticky":false,"template":"","format":"standard","meta":{"footnotes":""},"categories":[1],"tags":[],"class_list":["post-4566","post","type-post","status-publish","format-standard","hentry","category-noticias-de-montalegre"],"yoast_head":"<!-- This site is optimized with the Yoast SEO plugin v27.1.1 - https:\/\/yoast.com\/product\/yoast-seo-wordpress\/ -->\n<title>La Noche de la Luz - Montalegre<\/title>\n<meta name=\"robots\" content=\"index, follow, max-snippet:-1, max-image-preview:large, max-video-preview:-1\" \/>\n<link rel=\"canonical\" href=\"https:\/\/www.montalegre.org\/es\/2011\/12\/la-noche-de-la-luz\/\" \/>\n<meta property=\"og:locale\" content=\"es_ES\" \/>\n<meta property=\"og:type\" content=\"article\" \/>\n<meta property=\"og:title\" content=\"La Noche de la Luz - Montalegre\" \/>\n<meta property=\"og:description\" content=\"En Montalegre celebramos la noche santa de Navidad empezando con la misa llamada del Gallo. Este a\u00f1o se produjo la novedad de adelantar la celebraci\u00f3n a las 11 de la noche. Los adornos florales de las poinsetias rojas, la iglesia totalmente iluminada, los revestimientos de los sacerdotes de fiesta solemne, la soprano Patricia Sendra y [&hellip;]\" \/>\n<meta property=\"og:url\" content=\"https:\/\/www.montalegre.org\/es\/2011\/12\/la-noche-de-la-luz\/\" \/>\n<meta property=\"og:site_name\" content=\"Montalegre\" \/>\n<meta property=\"article:published_time\" content=\"2011-12-26T19:38:53+00:00\" \/>\n<meta property=\"article:modified_time\" content=\"2011-12-26T19:55:07+00:00\" \/>\n<meta property=\"og:image\" content=\"http:\/\/www.montalegre.org\/wp-content\/uploads\/2011\/12\/santa-seu.jpg\" \/>\n<meta name=\"author\" content=\"montalegre\" \/>\n<meta name=\"twitter:card\" content=\"summary_large_image\" \/>\n<meta name=\"twitter:label1\" content=\"Escrito por\" \/>\n\t<meta name=\"twitter:data1\" content=\"montalegre\" \/>\n\t<meta name=\"twitter:label2\" content=\"Tiempo de lectura\" \/>\n\t<meta name=\"twitter:data2\" content=\"2 minutos\" \/>\n<script type=\"application\/ld+json\" class=\"yoast-schema-graph\">{\"@context\":\"https:\/\/schema.org\",\"@graph\":[{\"@type\":\"Article\",\"@id\":\"https:\/\/www.montalegre.org\/es\/2011\/12\/la-noche-de-la-luz\/#article\",\"isPartOf\":{\"@id\":\"https:\/\/www.montalegre.org\/es\/2011\/12\/la-noche-de-la-luz\/\"},\"author\":{\"name\":\"montalegre\",\"@id\":\"https:\/\/www.montalegre.org\/es\/#\/schema\/person\/fa12d4cf3a3f1735a9176b4fafd6a633\"},\"headline\":\"La Noche de la Luz\",\"datePublished\":\"2011-12-26T19:38:53+00:00\",\"dateModified\":\"2011-12-26T19:55:07+00:00\",\"mainEntityOfPage\":{\"@id\":\"https:\/\/www.montalegre.org\/es\/2011\/12\/la-noche-de-la-luz\/\"},\"wordCount\":478,\"commentCount\":0,\"image\":{\"@id\":\"https:\/\/www.montalegre.org\/es\/2011\/12\/la-noche-de-la-luz\/#primaryimage\"},\"thumbnailUrl\":\"http:\/\/www.montalegre.org\/wp-content\/uploads\/2011\/12\/santa-seu.jpg\",\"articleSection\":[\"Noticias de Montalegre\"],\"inLanguage\":\"es\",\"potentialAction\":[{\"@type\":\"CommentAction\",\"name\":\"Comment\",\"target\":[\"https:\/\/www.montalegre.org\/es\/2011\/12\/la-noche-de-la-luz\/#respond\"]}]},{\"@type\":\"WebPage\",\"@id\":\"https:\/\/www.montalegre.org\/es\/2011\/12\/la-noche-de-la-luz\/\",\"url\":\"https:\/\/www.montalegre.org\/es\/2011\/12\/la-noche-de-la-luz\/\",\"name\":\"La Noche de la Luz - Montalegre\",\"isPartOf\":{\"@id\":\"https:\/\/www.montalegre.org\/es\/#website\"},\"primaryImageOfPage\":{\"@id\":\"https:\/\/www.montalegre.org\/es\/2011\/12\/la-noche-de-la-luz\/#primaryimage\"},\"image\":{\"@id\":\"https:\/\/www.montalegre.org\/es\/2011\/12\/la-noche-de-la-luz\/#primaryimage\"},\"thumbnailUrl\":\"http:\/\/www.montalegre.org\/wp-content\/uploads\/2011\/12\/santa-seu.jpg\",\"datePublished\":\"2011-12-26T19:38:53+00:00\",\"dateModified\":\"2011-12-26T19:55:07+00:00\",\"author\":{\"@id\":\"https:\/\/www.montalegre.org\/es\/#\/schema\/person\/fa12d4cf3a3f1735a9176b4fafd6a633\"},\"breadcrumb\":{\"@id\":\"https:\/\/www.montalegre.org\/es\/2011\/12\/la-noche-de-la-luz\/#breadcrumb\"},\"inLanguage\":\"es\",\"potentialAction\":[{\"@type\":\"ReadAction\",\"target\":[\"https:\/\/www.montalegre.org\/es\/2011\/12\/la-noche-de-la-luz\/\"]}]},{\"@type\":\"ImageObject\",\"inLanguage\":\"es\",\"@id\":\"https:\/\/www.montalegre.org\/es\/2011\/12\/la-noche-de-la-luz\/#primaryimage\",\"url\":\"http:\/\/www.montalegre.org\/wp-content\/uploads\/2011\/12\/santa-seu.jpg\",\"contentUrl\":\"http:\/\/www.montalegre.org\/wp-content\/uploads\/2011\/12\/santa-seu.jpg\"},{\"@type\":\"BreadcrumbList\",\"@id\":\"https:\/\/www.montalegre.org\/es\/2011\/12\/la-noche-de-la-luz\/#breadcrumb\",\"itemListElement\":[{\"@type\":\"ListItem\",\"position\":1,\"name\":\"Portada\",\"item\":\"https:\/\/www.montalegre.org\/es\/\"},{\"@type\":\"ListItem\",\"position\":2,\"name\":\"La Noche de la Luz\"}]},{\"@type\":\"WebSite\",\"@id\":\"https:\/\/www.montalegre.org\/es\/#website\",\"url\":\"https:\/\/www.montalegre.org\/es\/\",\"name\":\"Montalegre\",\"description\":\"\",\"potentialAction\":[{\"@type\":\"SearchAction\",\"target\":{\"@type\":\"EntryPoint\",\"urlTemplate\":\"https:\/\/www.montalegre.org\/es\/?s={search_term_string}\"},\"query-input\":{\"@type\":\"PropertyValueSpecification\",\"valueRequired\":true,\"valueName\":\"search_term_string\"}}],\"inLanguage\":\"es\"},{\"@type\":\"Person\",\"@id\":\"https:\/\/www.montalegre.org\/es\/#\/schema\/person\/fa12d4cf3a3f1735a9176b4fafd6a633\",\"name\":\"montalegre\",\"image\":{\"@type\":\"ImageObject\",\"inLanguage\":\"es\",\"@id\":\"https:\/\/www.montalegre.org\/es\/#\/schema\/person\/image\/\",\"url\":\"https:\/\/secure.gravatar.com\/avatar\/fe6d886cf5081e723c666dceda1f12d4f39070fa2ed4e79695edc3ca355c9b5a?s=96&d=mm&r=g\",\"contentUrl\":\"https:\/\/secure.gravatar.com\/avatar\/fe6d886cf5081e723c666dceda1f12d4f39070fa2ed4e79695edc3ca355c9b5a?s=96&d=mm&r=g\",\"caption\":\"montalegre\"},\"url\":\"https:\/\/www.montalegre.org\/es\/author\/montalegre\/\"}]}<\/script>\n<!-- \/ Yoast SEO plugin. -->","yoast_head_json":{"title":"La Noche de la Luz - Montalegre","robots":{"index":"index","follow":"follow","max-snippet":"max-snippet:-1","max-image-preview":"max-image-preview:large","max-video-preview":"max-video-preview:-1"},"canonical":"https:\/\/www.montalegre.org\/es\/2011\/12\/la-noche-de-la-luz\/","og_locale":"es_ES","og_type":"article","og_title":"La Noche de la Luz - Montalegre","og_description":"En Montalegre celebramos la noche santa de Navidad empezando con la misa llamada del Gallo. Este a\u00f1o se produjo la novedad de adelantar la celebraci\u00f3n a las 11 de la noche. Los adornos florales de las poinsetias rojas, la iglesia totalmente iluminada, los revestimientos de los sacerdotes de fiesta solemne, la soprano Patricia Sendra y [&hellip;]","og_url":"https:\/\/www.montalegre.org\/es\/2011\/12\/la-noche-de-la-luz\/","og_site_name":"Montalegre","article_published_time":"2011-12-26T19:38:53+00:00","article_modified_time":"2011-12-26T19:55:07+00:00","og_image":[{"url":"http:\/\/www.montalegre.org\/wp-content\/uploads\/2011\/12\/santa-seu.jpg","type":"","width":"","height":""}],"author":"montalegre","twitter_card":"summary_large_image","twitter_misc":{"Escrito por":"montalegre","Tiempo de lectura":"2 minutos"},"schema":{"@context":"https:\/\/schema.org","@graph":[{"@type":"Article","@id":"https:\/\/www.montalegre.org\/es\/2011\/12\/la-noche-de-la-luz\/#article","isPartOf":{"@id":"https:\/\/www.montalegre.org\/es\/2011\/12\/la-noche-de-la-luz\/"},"author":{"name":"montalegre","@id":"https:\/\/www.montalegre.org\/es\/#\/schema\/person\/fa12d4cf3a3f1735a9176b4fafd6a633"},"headline":"La Noche de la Luz","datePublished":"2011-12-26T19:38:53+00:00","dateModified":"2011-12-26T19:55:07+00:00","mainEntityOfPage":{"@id":"https:\/\/www.montalegre.org\/es\/2011\/12\/la-noche-de-la-luz\/"},"wordCount":478,"commentCount":0,"image":{"@id":"https:\/\/www.montalegre.org\/es\/2011\/12\/la-noche-de-la-luz\/#primaryimage"},"thumbnailUrl":"http:\/\/www.montalegre.org\/wp-content\/uploads\/2011\/12\/santa-seu.jpg","articleSection":["Noticias de Montalegre"],"inLanguage":"es","potentialAction":[{"@type":"CommentAction","name":"Comment","target":["https:\/\/www.montalegre.org\/es\/2011\/12\/la-noche-de-la-luz\/#respond"]}]},{"@type":"WebPage","@id":"https:\/\/www.montalegre.org\/es\/2011\/12\/la-noche-de-la-luz\/","url":"https:\/\/www.montalegre.org\/es\/2011\/12\/la-noche-de-la-luz\/","name":"La Noche de la Luz - Montalegre","isPartOf":{"@id":"https:\/\/www.montalegre.org\/es\/#website"},"primaryImageOfPage":{"@id":"https:\/\/www.montalegre.org\/es\/2011\/12\/la-noche-de-la-luz\/#primaryimage"},"image":{"@id":"https:\/\/www.montalegre.org\/es\/2011\/12\/la-noche-de-la-luz\/#primaryimage"},"thumbnailUrl":"http:\/\/www.montalegre.org\/wp-content\/uploads\/2011\/12\/santa-seu.jpg","datePublished":"2011-12-26T19:38:53+00:00","dateModified":"2011-12-26T19:55:07+00:00","author":{"@id":"https:\/\/www.montalegre.org\/es\/#\/schema\/person\/fa12d4cf3a3f1735a9176b4fafd6a633"},"breadcrumb":{"@id":"https:\/\/www.montalegre.org\/es\/2011\/12\/la-noche-de-la-luz\/#breadcrumb"},"inLanguage":"es","potentialAction":[{"@type":"ReadAction","target":["https:\/\/www.montalegre.org\/es\/2011\/12\/la-noche-de-la-luz\/"]}]},{"@type":"ImageObject","inLanguage":"es","@id":"https:\/\/www.montalegre.org\/es\/2011\/12\/la-noche-de-la-luz\/#primaryimage","url":"http:\/\/www.montalegre.org\/wp-content\/uploads\/2011\/12\/santa-seu.jpg","contentUrl":"http:\/\/www.montalegre.org\/wp-content\/uploads\/2011\/12\/santa-seu.jpg"},{"@type":"BreadcrumbList","@id":"https:\/\/www.montalegre.org\/es\/2011\/12\/la-noche-de-la-luz\/#breadcrumb","itemListElement":[{"@type":"ListItem","position":1,"name":"Portada","item":"https:\/\/www.montalegre.org\/es\/"},{"@type":"ListItem","position":2,"name":"La Noche de la Luz"}]},{"@type":"WebSite","@id":"https:\/\/www.montalegre.org\/es\/#website","url":"https:\/\/www.montalegre.org\/es\/","name":"Montalegre","description":"","potentialAction":[{"@type":"SearchAction","target":{"@type":"EntryPoint","urlTemplate":"https:\/\/www.montalegre.org\/es\/?s={search_term_string}"},"query-input":{"@type":"PropertyValueSpecification","valueRequired":true,"valueName":"search_term_string"}}],"inLanguage":"es"},{"@type":"Person","@id":"https:\/\/www.montalegre.org\/es\/#\/schema\/person\/fa12d4cf3a3f1735a9176b4fafd6a633","name":"montalegre","image":{"@type":"ImageObject","inLanguage":"es","@id":"https:\/\/www.montalegre.org\/es\/#\/schema\/person\/image\/","url":"https:\/\/secure.gravatar.com\/avatar\/fe6d886cf5081e723c666dceda1f12d4f39070fa2ed4e79695edc3ca355c9b5a?s=96&d=mm&r=g","contentUrl":"https:\/\/secure.gravatar.com\/avatar\/fe6d886cf5081e723c666dceda1f12d4f39070fa2ed4e79695edc3ca355c9b5a?s=96&d=mm&r=g","caption":"montalegre"},"url":"https:\/\/www.montalegre.org\/es\/author\/montalegre\/"}]}},"_links":{"self":[{"href":"https:\/\/www.montalegre.org\/es\/wp-json\/wp\/v2\/posts\/4566","targetHints":{"allow":["GET"]}}],"collection":[{"href":"https:\/\/www.montalegre.org\/es\/wp-json\/wp\/v2\/posts"}],"about":[{"href":"https:\/\/www.montalegre.org\/es\/wp-json\/wp\/v2\/types\/post"}],"author":[{"embeddable":true,"href":"https:\/\/www.montalegre.org\/es\/wp-json\/wp\/v2\/users\/4"}],"replies":[{"embeddable":true,"href":"https:\/\/www.montalegre.org\/es\/wp-json\/wp\/v2\/comments?post=4566"}],"version-history":[{"count":8,"href":"https:\/\/www.montalegre.org\/es\/wp-json\/wp\/v2\/posts\/4566\/revisions"}],"predecessor-version":[{"id":4570,"href":"https:\/\/www.montalegre.org\/es\/wp-json\/wp\/v2\/posts\/4566\/revisions\/4570"}],"wp:attachment":[{"href":"https:\/\/www.montalegre.org\/es\/wp-json\/wp\/v2\/media?parent=4566"}],"wp:term":[{"taxonomy":"category","embeddable":true,"href":"https:\/\/www.montalegre.org\/es\/wp-json\/wp\/v2\/categories?post=4566"},{"taxonomy":"post_tag","embeddable":true,"href":"https:\/\/www.montalegre.org\/es\/wp-json\/wp\/v2\/tags?post=4566"}],"curies":[{"name":"wp","href":"https:\/\/api.w.org\/{rel}","templated":true}]}}