{"id":4543,"date":"2011-12-17T14:50:24","date_gmt":"2011-12-17T14:50:24","guid":{"rendered":"http:\/\/www.montalegre.org\/?p=4543"},"modified":"2011-12-17T14:55:28","modified_gmt":"2011-12-17T14:55:28","slug":"nuestro-belen","status":"publish","type":"post","link":"https:\/\/www.montalegre.org\/es\/2011\/12\/nuestro-belen\/","title":{"rendered":"Nuestro bel\u00e9n"},"content":{"rendered":"<p><a href=\"http:\/\/www.montalegre.org\/wp-content\/uploads\/2011\/12\/IMG_7604.jpg\"><img loading=\"lazy\" decoding=\"async\" class=\"alignleft size-medium wp-image-4539\" title=\"IMG_7604\" src=\"http:\/\/www.montalegre.org\/wp-content\/uploads\/2011\/12\/IMG_7604-225x300.jpg\" alt=\"\" width=\"225\" height=\"300\" \/><\/a>Siguiendo una costumbre catalana el bel\u00e9n se prepara por Santa Luc\u00eda, as\u00ed en la iglesia a partir del 13 de diciembre se inici\u00f3 el montaje y en pocos d\u00edas todo, hasta las luces ya estaba terminado. Este a\u00f1o no es un <em>haima<\/em><em> <\/em>(2009) ni un portal (2010) donde se encuentra la sagrada familia, sino un entorno de naturaleza viva y de corcho.<\/p>\n<p>El conjunto del nacimiento es modernista, las figuras son de resina, elaboradas sobre moldes del gran escultor barcelon\u00e9s D. Josep Llimona i Bruguera (1864-1934) contempor\u00e1neo de D. Antoni Gaud\u00ed, con el que colabor\u00f3 \u200b\u200bdesde1903 a 1916 en la escultura del Cristo Resucitado del Primer Misterio de Gloria del Rosario Monumental de Montserrat. El trabajo fue realizado por alumnos de Arquitectura dela Universidad Internacional de Catalu\u00f1a (UIC).<\/p>\n<p>Y se puede contemplar una vez pasado el vest\u00edbulo porla calle Valldonzella y al entrar al templo, un motivo m\u00e1s para asistir a las celebraciones lit\u00fargicas y\u00a0a\u00a0los conciertos de estas fiestas de Navidad.<br \/>\nServicios Informativos Montalegre<\/p>\n","protected":false},"excerpt":{"rendered":"<p>Siguiendo una costumbre catalana el bel\u00e9n se prepara por Santa Luc\u00eda, as\u00ed en la iglesia a partir del 13 de diciembre se inici\u00f3 el montaje y en pocos d\u00edas todo, hasta las luces ya estaba terminado. Este a\u00f1o no es un haima (2009) ni un portal (2010) donde se encuentra la sagrada familia, sino un [&hellip;]<\/p>\n","protected":false},"author":4,"featured_media":0,"comment_status":"open","ping_status":"open","sticky":false,"template":"","format":"standard","meta":{"footnotes":""},"categories":[1],"tags":[],"class_list":["post-4543","post","type-post","status-publish","format-standard","hentry","category-noticias-de-montalegre"],"yoast_head":"<!-- This site is optimized with the Yoast SEO plugin v27.1.1 - https:\/\/yoast.com\/product\/yoast-seo-wordpress\/ -->\n<title>Nuestro bel\u00e9n - Montalegre<\/title>\n<meta name=\"robots\" content=\"index, follow, max-snippet:-1, max-image-preview:large, max-video-preview:-1\" \/>\n<link rel=\"canonical\" href=\"https:\/\/www.montalegre.org\/es\/2011\/12\/nuestro-belen\/\" \/>\n<meta property=\"og:locale\" content=\"es_ES\" \/>\n<meta property=\"og:type\" content=\"article\" \/>\n<meta property=\"og:title\" content=\"Nuestro bel\u00e9n - Montalegre\" \/>\n<meta property=\"og:description\" content=\"Siguiendo una costumbre catalana el bel\u00e9n se prepara por Santa Luc\u00eda, as\u00ed en la iglesia a partir del 13 de diciembre se inici\u00f3 el montaje y en pocos d\u00edas todo, hasta las luces ya estaba terminado. Este a\u00f1o no es un haima (2009) ni un portal (2010) donde se encuentra la sagrada familia, sino un [&hellip;]\" \/>\n<meta property=\"og:url\" content=\"https:\/\/www.montalegre.org\/es\/2011\/12\/nuestro-belen\/\" \/>\n<meta property=\"og:site_name\" content=\"Montalegre\" \/>\n<meta property=\"article:published_time\" content=\"2011-12-17T14:50:24+00:00\" \/>\n<meta property=\"article:modified_time\" content=\"2011-12-17T14:55:28+00:00\" \/>\n<meta property=\"og:image\" content=\"http:\/\/www.montalegre.org\/wp-content\/uploads\/2011\/12\/IMG_7604-225x300.jpg\" \/>\n<meta name=\"author\" content=\"montalegre\" \/>\n<meta name=\"twitter:card\" content=\"summary_large_image\" \/>\n<meta name=\"twitter:label1\" content=\"Escrito por\" \/>\n\t<meta name=\"twitter:data1\" content=\"montalegre\" \/>\n\t<meta name=\"twitter:label2\" content=\"Tiempo de lectura\" \/>\n\t<meta name=\"twitter:data2\" content=\"1 minuto\" \/>\n<script type=\"application\/ld+json\" class=\"yoast-schema-graph\">{\"@context\":\"https:\/\/schema.org\",\"@graph\":[{\"@type\":\"Article\",\"@id\":\"https:\/\/www.montalegre.org\/es\/2011\/12\/nuestro-belen\/#article\",\"isPartOf\":{\"@id\":\"https:\/\/www.montalegre.org\/es\/2011\/12\/nuestro-belen\/\"},\"author\":{\"name\":\"montalegre\",\"@id\":\"https:\/\/www.montalegre.org\/es\/#\/schema\/person\/fa12d4cf3a3f1735a9176b4fafd6a633\"},\"headline\":\"Nuestro bel\u00e9n\",\"datePublished\":\"2011-12-17T14:50:24+00:00\",\"dateModified\":\"2011-12-17T14:55:28+00:00\",\"mainEntityOfPage\":{\"@id\":\"https:\/\/www.montalegre.org\/es\/2011\/12\/nuestro-belen\/\"},\"wordCount\":175,\"commentCount\":0,\"image\":{\"@id\":\"https:\/\/www.montalegre.org\/es\/2011\/12\/nuestro-belen\/#primaryimage\"},\"thumbnailUrl\":\"http:\/\/www.montalegre.org\/wp-content\/uploads\/2011\/12\/IMG_7604-225x300.jpg\",\"articleSection\":[\"Noticias de Montalegre\"],\"inLanguage\":\"es\",\"potentialAction\":[{\"@type\":\"CommentAction\",\"name\":\"Comment\",\"target\":[\"https:\/\/www.montalegre.org\/es\/2011\/12\/nuestro-belen\/#respond\"]}]},{\"@type\":\"WebPage\",\"@id\":\"https:\/\/www.montalegre.org\/es\/2011\/12\/nuestro-belen\/\",\"url\":\"https:\/\/www.montalegre.org\/es\/2011\/12\/nuestro-belen\/\",\"name\":\"Nuestro bel\u00e9n - Montalegre\",\"isPartOf\":{\"@id\":\"https:\/\/www.montalegre.org\/es\/#website\"},\"primaryImageOfPage\":{\"@id\":\"https:\/\/www.montalegre.org\/es\/2011\/12\/nuestro-belen\/#primaryimage\"},\"image\":{\"@id\":\"https:\/\/www.montalegre.org\/es\/2011\/12\/nuestro-belen\/#primaryimage\"},\"thumbnailUrl\":\"http:\/\/www.montalegre.org\/wp-content\/uploads\/2011\/12\/IMG_7604-225x300.jpg\",\"datePublished\":\"2011-12-17T14:50:24+00:00\",\"dateModified\":\"2011-12-17T14:55:28+00:00\",\"author\":{\"@id\":\"https:\/\/www.montalegre.org\/es\/#\/schema\/person\/fa12d4cf3a3f1735a9176b4fafd6a633\"},\"breadcrumb\":{\"@id\":\"https:\/\/www.montalegre.org\/es\/2011\/12\/nuestro-belen\/#breadcrumb\"},\"inLanguage\":\"es\",\"potentialAction\":[{\"@type\":\"ReadAction\",\"target\":[\"https:\/\/www.montalegre.org\/es\/2011\/12\/nuestro-belen\/\"]}]},{\"@type\":\"ImageObject\",\"inLanguage\":\"es\",\"@id\":\"https:\/\/www.montalegre.org\/es\/2011\/12\/nuestro-belen\/#primaryimage\",\"url\":\"http:\/\/www.montalegre.org\/wp-content\/uploads\/2011\/12\/IMG_7604-225x300.jpg\",\"contentUrl\":\"http:\/\/www.montalegre.org\/wp-content\/uploads\/2011\/12\/IMG_7604-225x300.jpg\"},{\"@type\":\"BreadcrumbList\",\"@id\":\"https:\/\/www.montalegre.org\/es\/2011\/12\/nuestro-belen\/#breadcrumb\",\"itemListElement\":[{\"@type\":\"ListItem\",\"position\":1,\"name\":\"Portada\",\"item\":\"https:\/\/www.montalegre.org\/es\/\"},{\"@type\":\"ListItem\",\"position\":2,\"name\":\"Nuestro bel\u00e9n\"}]},{\"@type\":\"WebSite\",\"@id\":\"https:\/\/www.montalegre.org\/es\/#website\",\"url\":\"https:\/\/www.montalegre.org\/es\/\",\"name\":\"Montalegre\",\"description\":\"\",\"potentialAction\":[{\"@type\":\"SearchAction\",\"target\":{\"@type\":\"EntryPoint\",\"urlTemplate\":\"https:\/\/www.montalegre.org\/es\/?s={search_term_string}\"},\"query-input\":{\"@type\":\"PropertyValueSpecification\",\"valueRequired\":true,\"valueName\":\"search_term_string\"}}],\"inLanguage\":\"es\"},{\"@type\":\"Person\",\"@id\":\"https:\/\/www.montalegre.org\/es\/#\/schema\/person\/fa12d4cf3a3f1735a9176b4fafd6a633\",\"name\":\"montalegre\",\"image\":{\"@type\":\"ImageObject\",\"inLanguage\":\"es\",\"@id\":\"https:\/\/www.montalegre.org\/es\/#\/schema\/person\/image\/\",\"url\":\"https:\/\/secure.gravatar.com\/avatar\/fe6d886cf5081e723c666dceda1f12d4f39070fa2ed4e79695edc3ca355c9b5a?s=96&d=mm&r=g\",\"contentUrl\":\"https:\/\/secure.gravatar.com\/avatar\/fe6d886cf5081e723c666dceda1f12d4f39070fa2ed4e79695edc3ca355c9b5a?s=96&d=mm&r=g\",\"caption\":\"montalegre\"},\"url\":\"https:\/\/www.montalegre.org\/es\/author\/montalegre\/\"}]}<\/script>\n<!-- \/ Yoast SEO plugin. -->","yoast_head_json":{"title":"Nuestro bel\u00e9n - Montalegre","robots":{"index":"index","follow":"follow","max-snippet":"max-snippet:-1","max-image-preview":"max-image-preview:large","max-video-preview":"max-video-preview:-1"},"canonical":"https:\/\/www.montalegre.org\/es\/2011\/12\/nuestro-belen\/","og_locale":"es_ES","og_type":"article","og_title":"Nuestro bel\u00e9n - Montalegre","og_description":"Siguiendo una costumbre catalana el bel\u00e9n se prepara por Santa Luc\u00eda, as\u00ed en la iglesia a partir del 13 de diciembre se inici\u00f3 el montaje y en pocos d\u00edas todo, hasta las luces ya estaba terminado. Este a\u00f1o no es un haima (2009) ni un portal (2010) donde se encuentra la sagrada familia, sino un [&hellip;]","og_url":"https:\/\/www.montalegre.org\/es\/2011\/12\/nuestro-belen\/","og_site_name":"Montalegre","article_published_time":"2011-12-17T14:50:24+00:00","article_modified_time":"2011-12-17T14:55:28+00:00","og_image":[{"url":"http:\/\/www.montalegre.org\/wp-content\/uploads\/2011\/12\/IMG_7604-225x300.jpg","type":"","width":"","height":""}],"author":"montalegre","twitter_card":"summary_large_image","twitter_misc":{"Escrito por":"montalegre","Tiempo de lectura":"1 minuto"},"schema":{"@context":"https:\/\/schema.org","@graph":[{"@type":"Article","@id":"https:\/\/www.montalegre.org\/es\/2011\/12\/nuestro-belen\/#article","isPartOf":{"@id":"https:\/\/www.montalegre.org\/es\/2011\/12\/nuestro-belen\/"},"author":{"name":"montalegre","@id":"https:\/\/www.montalegre.org\/es\/#\/schema\/person\/fa12d4cf3a3f1735a9176b4fafd6a633"},"headline":"Nuestro bel\u00e9n","datePublished":"2011-12-17T14:50:24+00:00","dateModified":"2011-12-17T14:55:28+00:00","mainEntityOfPage":{"@id":"https:\/\/www.montalegre.org\/es\/2011\/12\/nuestro-belen\/"},"wordCount":175,"commentCount":0,"image":{"@id":"https:\/\/www.montalegre.org\/es\/2011\/12\/nuestro-belen\/#primaryimage"},"thumbnailUrl":"http:\/\/www.montalegre.org\/wp-content\/uploads\/2011\/12\/IMG_7604-225x300.jpg","articleSection":["Noticias de Montalegre"],"inLanguage":"es","potentialAction":[{"@type":"CommentAction","name":"Comment","target":["https:\/\/www.montalegre.org\/es\/2011\/12\/nuestro-belen\/#respond"]}]},{"@type":"WebPage","@id":"https:\/\/www.montalegre.org\/es\/2011\/12\/nuestro-belen\/","url":"https:\/\/www.montalegre.org\/es\/2011\/12\/nuestro-belen\/","name":"Nuestro bel\u00e9n - Montalegre","isPartOf":{"@id":"https:\/\/www.montalegre.org\/es\/#website"},"primaryImageOfPage":{"@id":"https:\/\/www.montalegre.org\/es\/2011\/12\/nuestro-belen\/#primaryimage"},"image":{"@id":"https:\/\/www.montalegre.org\/es\/2011\/12\/nuestro-belen\/#primaryimage"},"thumbnailUrl":"http:\/\/www.montalegre.org\/wp-content\/uploads\/2011\/12\/IMG_7604-225x300.jpg","datePublished":"2011-12-17T14:50:24+00:00","dateModified":"2011-12-17T14:55:28+00:00","author":{"@id":"https:\/\/www.montalegre.org\/es\/#\/schema\/person\/fa12d4cf3a3f1735a9176b4fafd6a633"},"breadcrumb":{"@id":"https:\/\/www.montalegre.org\/es\/2011\/12\/nuestro-belen\/#breadcrumb"},"inLanguage":"es","potentialAction":[{"@type":"ReadAction","target":["https:\/\/www.montalegre.org\/es\/2011\/12\/nuestro-belen\/"]}]},{"@type":"ImageObject","inLanguage":"es","@id":"https:\/\/www.montalegre.org\/es\/2011\/12\/nuestro-belen\/#primaryimage","url":"http:\/\/www.montalegre.org\/wp-content\/uploads\/2011\/12\/IMG_7604-225x300.jpg","contentUrl":"http:\/\/www.montalegre.org\/wp-content\/uploads\/2011\/12\/IMG_7604-225x300.jpg"},{"@type":"BreadcrumbList","@id":"https:\/\/www.montalegre.org\/es\/2011\/12\/nuestro-belen\/#breadcrumb","itemListElement":[{"@type":"ListItem","position":1,"name":"Portada","item":"https:\/\/www.montalegre.org\/es\/"},{"@type":"ListItem","position":2,"name":"Nuestro bel\u00e9n"}]},{"@type":"WebSite","@id":"https:\/\/www.montalegre.org\/es\/#website","url":"https:\/\/www.montalegre.org\/es\/","name":"Montalegre","description":"","potentialAction":[{"@type":"SearchAction","target":{"@type":"EntryPoint","urlTemplate":"https:\/\/www.montalegre.org\/es\/?s={search_term_string}"},"query-input":{"@type":"PropertyValueSpecification","valueRequired":true,"valueName":"search_term_string"}}],"inLanguage":"es"},{"@type":"Person","@id":"https:\/\/www.montalegre.org\/es\/#\/schema\/person\/fa12d4cf3a3f1735a9176b4fafd6a633","name":"montalegre","image":{"@type":"ImageObject","inLanguage":"es","@id":"https:\/\/www.montalegre.org\/es\/#\/schema\/person\/image\/","url":"https:\/\/secure.gravatar.com\/avatar\/fe6d886cf5081e723c666dceda1f12d4f39070fa2ed4e79695edc3ca355c9b5a?s=96&d=mm&r=g","contentUrl":"https:\/\/secure.gravatar.com\/avatar\/fe6d886cf5081e723c666dceda1f12d4f39070fa2ed4e79695edc3ca355c9b5a?s=96&d=mm&r=g","caption":"montalegre"},"url":"https:\/\/www.montalegre.org\/es\/author\/montalegre\/"}]}},"_links":{"self":[{"href":"https:\/\/www.montalegre.org\/es\/wp-json\/wp\/v2\/posts\/4543","targetHints":{"allow":["GET"]}}],"collection":[{"href":"https:\/\/www.montalegre.org\/es\/wp-json\/wp\/v2\/posts"}],"about":[{"href":"https:\/\/www.montalegre.org\/es\/wp-json\/wp\/v2\/types\/post"}],"author":[{"embeddable":true,"href":"https:\/\/www.montalegre.org\/es\/wp-json\/wp\/v2\/users\/4"}],"replies":[{"embeddable":true,"href":"https:\/\/www.montalegre.org\/es\/wp-json\/wp\/v2\/comments?post=4543"}],"version-history":[{"count":5,"href":"https:\/\/www.montalegre.org\/es\/wp-json\/wp\/v2\/posts\/4543\/revisions"}],"predecessor-version":[{"id":4549,"href":"https:\/\/www.montalegre.org\/es\/wp-json\/wp\/v2\/posts\/4543\/revisions\/4549"}],"wp:attachment":[{"href":"https:\/\/www.montalegre.org\/es\/wp-json\/wp\/v2\/media?parent=4543"}],"wp:term":[{"taxonomy":"category","embeddable":true,"href":"https:\/\/www.montalegre.org\/es\/wp-json\/wp\/v2\/categories?post=4543"},{"taxonomy":"post_tag","embeddable":true,"href":"https:\/\/www.montalegre.org\/es\/wp-json\/wp\/v2\/tags?post=4543"}],"curies":[{"name":"wp","href":"https:\/\/api.w.org\/{rel}","templated":true}]}}