{"id":4360,"date":"2011-11-19T20:21:42","date_gmt":"2011-11-19T20:21:42","guid":{"rendered":"http:\/\/www.montalegre.org\/?p=4360"},"modified":"2011-11-20T21:58:30","modified_gmt":"2011-11-20T21:58:30","slug":"montalegre-es-noticia-en-otras-webs","status":"publish","type":"post","link":"https:\/\/www.montalegre.org\/es\/2011\/11\/montalegre-es-noticia-en-otras-webs\/","title":{"rendered":"Montalegre en otras webs"},"content":{"rendered":"<p>Nos hacemos eco de las noticias que se han publicado en varias webs \u00a0en relaci\u00f3n con la celebraci\u00f3n lit\u00fargica del pasado viernes 11 de noviembre, en nuestra iglesia. En la web del Opus Dei est\u00e1 la cr\u00f3nica, la recopilaci\u00f3n de las im\u00e1genes y un breve v\u00eddeo de la ceremonia; tambi\u00e9n en el blog de \u200b\u200bD. Jos\u00e9 Mar\u00eda Hern\u00e1ndez Garnica\u00a0y en la web del Arzobispado de Barcelona. Adem\u00e1s en la nuestra encontrar\u00e1 el reportaje del evento as\u00ed como la entrevista al arquitecto de la obra del sepulcro del Siervo de Dios y otros detalles de la remodelaci\u00f3n de la Capilla, con una recopilaci\u00f3n ampl\u00edsima de fotograf\u00edas realizada a lo largo de los dos \u00faltimos meses.<\/p>\n<p>\u00a0<a href=\"http:\/\/www.opusdei.es\/art.php?p=46094\">http:\/\/www.opusdei.es\/art.php?p=46094<\/a><\/p>\n<p><a href=\"http:\/\/www.arqbcn.org\/node\/2765\">http:\/\/www.arqbcn.org\/node\/2765<\/a><\/p>\n<p>\u00a0<a href=\"http:\/\/hernandezgarnica.wordpress.com\/\">http:\/\/hernandezgarnica.wordpress.com\/<\/a><\/p>\n<p>Servicios Informativos Montalegre<\/p>\n","protected":false},"excerpt":{"rendered":"<p>Nos hacemos eco de las noticias que se han publicado en varias webs \u00a0en relaci\u00f3n con la celebraci\u00f3n lit\u00fargica del pasado viernes 11 de noviembre, en nuestra iglesia. En la web del Opus Dei est\u00e1 la cr\u00f3nica, la recopilaci\u00f3n de las im\u00e1genes y un breve v\u00eddeo de la ceremonia; tambi\u00e9n en el blog de \u200b\u200bD. [&hellip;]<\/p>\n","protected":false},"author":4,"featured_media":0,"comment_status":"open","ping_status":"open","sticky":false,"template":"","format":"standard","meta":{"footnotes":""},"categories":[1],"tags":[],"class_list":["post-4360","post","type-post","status-publish","format-standard","hentry","category-noticias-de-montalegre"],"yoast_head":"<!-- This site is optimized with the Yoast SEO plugin v27.1.1 - https:\/\/yoast.com\/product\/yoast-seo-wordpress\/ -->\n<title>Montalegre en otras webs - Montalegre<\/title>\n<meta name=\"robots\" content=\"index, follow, max-snippet:-1, max-image-preview:large, max-video-preview:-1\" \/>\n<link rel=\"canonical\" href=\"https:\/\/www.montalegre.org\/es\/2011\/11\/montalegre-es-noticia-en-otras-webs\/\" \/>\n<meta property=\"og:locale\" content=\"es_ES\" \/>\n<meta property=\"og:type\" content=\"article\" \/>\n<meta property=\"og:title\" content=\"Montalegre en otras webs - Montalegre\" \/>\n<meta property=\"og:description\" content=\"Nos hacemos eco de las noticias que se han publicado en varias webs \u00a0en relaci\u00f3n con la celebraci\u00f3n lit\u00fargica del pasado viernes 11 de noviembre, en nuestra iglesia. En la web del Opus Dei est\u00e1 la cr\u00f3nica, la recopilaci\u00f3n de las im\u00e1genes y un breve v\u00eddeo de la ceremonia; tambi\u00e9n en el blog de \u200b\u200bD. [&hellip;]\" \/>\n<meta property=\"og:url\" content=\"https:\/\/www.montalegre.org\/es\/2011\/11\/montalegre-es-noticia-en-otras-webs\/\" \/>\n<meta property=\"og:site_name\" content=\"Montalegre\" \/>\n<meta property=\"article:published_time\" content=\"2011-11-19T20:21:42+00:00\" \/>\n<meta property=\"article:modified_time\" content=\"2011-11-20T21:58:30+00:00\" \/>\n<meta name=\"author\" content=\"montalegre\" \/>\n<meta name=\"twitter:card\" content=\"summary_large_image\" \/>\n<meta name=\"twitter:label1\" content=\"Escrito por\" \/>\n\t<meta name=\"twitter:data1\" content=\"montalegre\" \/>\n\t<meta name=\"twitter:label2\" content=\"Tiempo de lectura\" \/>\n\t<meta name=\"twitter:data2\" content=\"1 minuto\" \/>\n<script type=\"application\/ld+json\" class=\"yoast-schema-graph\">{\"@context\":\"https:\/\/schema.org\",\"@graph\":[{\"@type\":\"Article\",\"@id\":\"https:\/\/www.montalegre.org\/es\/2011\/11\/montalegre-es-noticia-en-otras-webs\/#article\",\"isPartOf\":{\"@id\":\"https:\/\/www.montalegre.org\/es\/2011\/11\/montalegre-es-noticia-en-otras-webs\/\"},\"author\":{\"name\":\"montalegre\",\"@id\":\"https:\/\/www.montalegre.org\/es\/#\/schema\/person\/fa12d4cf3a3f1735a9176b4fafd6a633\"},\"headline\":\"Montalegre en otras webs\",\"datePublished\":\"2011-11-19T20:21:42+00:00\",\"dateModified\":\"2011-11-20T21:58:30+00:00\",\"mainEntityOfPage\":{\"@id\":\"https:\/\/www.montalegre.org\/es\/2011\/11\/montalegre-es-noticia-en-otras-webs\/\"},\"wordCount\":152,\"commentCount\":0,\"articleSection\":[\"Noticias de Montalegre\"],\"inLanguage\":\"es\",\"potentialAction\":[{\"@type\":\"CommentAction\",\"name\":\"Comment\",\"target\":[\"https:\/\/www.montalegre.org\/es\/2011\/11\/montalegre-es-noticia-en-otras-webs\/#respond\"]}]},{\"@type\":\"WebPage\",\"@id\":\"https:\/\/www.montalegre.org\/es\/2011\/11\/montalegre-es-noticia-en-otras-webs\/\",\"url\":\"https:\/\/www.montalegre.org\/es\/2011\/11\/montalegre-es-noticia-en-otras-webs\/\",\"name\":\"Montalegre en otras webs - Montalegre\",\"isPartOf\":{\"@id\":\"https:\/\/www.montalegre.org\/es\/#website\"},\"datePublished\":\"2011-11-19T20:21:42+00:00\",\"dateModified\":\"2011-11-20T21:58:30+00:00\",\"author\":{\"@id\":\"https:\/\/www.montalegre.org\/es\/#\/schema\/person\/fa12d4cf3a3f1735a9176b4fafd6a633\"},\"breadcrumb\":{\"@id\":\"https:\/\/www.montalegre.org\/es\/2011\/11\/montalegre-es-noticia-en-otras-webs\/#breadcrumb\"},\"inLanguage\":\"es\",\"potentialAction\":[{\"@type\":\"ReadAction\",\"target\":[\"https:\/\/www.montalegre.org\/es\/2011\/11\/montalegre-es-noticia-en-otras-webs\/\"]}]},{\"@type\":\"BreadcrumbList\",\"@id\":\"https:\/\/www.montalegre.org\/es\/2011\/11\/montalegre-es-noticia-en-otras-webs\/#breadcrumb\",\"itemListElement\":[{\"@type\":\"ListItem\",\"position\":1,\"name\":\"Portada\",\"item\":\"https:\/\/www.montalegre.org\/es\/\"},{\"@type\":\"ListItem\",\"position\":2,\"name\":\"Montalegre en otras webs\"}]},{\"@type\":\"WebSite\",\"@id\":\"https:\/\/www.montalegre.org\/es\/#website\",\"url\":\"https:\/\/www.montalegre.org\/es\/\",\"name\":\"Montalegre\",\"description\":\"\",\"potentialAction\":[{\"@type\":\"SearchAction\",\"target\":{\"@type\":\"EntryPoint\",\"urlTemplate\":\"https:\/\/www.montalegre.org\/es\/?s={search_term_string}\"},\"query-input\":{\"@type\":\"PropertyValueSpecification\",\"valueRequired\":true,\"valueName\":\"search_term_string\"}}],\"inLanguage\":\"es\"},{\"@type\":\"Person\",\"@id\":\"https:\/\/www.montalegre.org\/es\/#\/schema\/person\/fa12d4cf3a3f1735a9176b4fafd6a633\",\"name\":\"montalegre\",\"image\":{\"@type\":\"ImageObject\",\"inLanguage\":\"es\",\"@id\":\"https:\/\/www.montalegre.org\/es\/#\/schema\/person\/image\/\",\"url\":\"https:\/\/secure.gravatar.com\/avatar\/fe6d886cf5081e723c666dceda1f12d4f39070fa2ed4e79695edc3ca355c9b5a?s=96&d=mm&r=g\",\"contentUrl\":\"https:\/\/secure.gravatar.com\/avatar\/fe6d886cf5081e723c666dceda1f12d4f39070fa2ed4e79695edc3ca355c9b5a?s=96&d=mm&r=g\",\"caption\":\"montalegre\"},\"url\":\"https:\/\/www.montalegre.org\/es\/author\/montalegre\/\"}]}<\/script>\n<!-- \/ Yoast SEO plugin. -->","yoast_head_json":{"title":"Montalegre en otras webs - Montalegre","robots":{"index":"index","follow":"follow","max-snippet":"max-snippet:-1","max-image-preview":"max-image-preview:large","max-video-preview":"max-video-preview:-1"},"canonical":"https:\/\/www.montalegre.org\/es\/2011\/11\/montalegre-es-noticia-en-otras-webs\/","og_locale":"es_ES","og_type":"article","og_title":"Montalegre en otras webs - Montalegre","og_description":"Nos hacemos eco de las noticias que se han publicado en varias webs \u00a0en relaci\u00f3n con la celebraci\u00f3n lit\u00fargica del pasado viernes 11 de noviembre, en nuestra iglesia. En la web del Opus Dei est\u00e1 la cr\u00f3nica, la recopilaci\u00f3n de las im\u00e1genes y un breve v\u00eddeo de la ceremonia; tambi\u00e9n en el blog de \u200b\u200bD. [&hellip;]","og_url":"https:\/\/www.montalegre.org\/es\/2011\/11\/montalegre-es-noticia-en-otras-webs\/","og_site_name":"Montalegre","article_published_time":"2011-11-19T20:21:42+00:00","article_modified_time":"2011-11-20T21:58:30+00:00","author":"montalegre","twitter_card":"summary_large_image","twitter_misc":{"Escrito por":"montalegre","Tiempo de lectura":"1 minuto"},"schema":{"@context":"https:\/\/schema.org","@graph":[{"@type":"Article","@id":"https:\/\/www.montalegre.org\/es\/2011\/11\/montalegre-es-noticia-en-otras-webs\/#article","isPartOf":{"@id":"https:\/\/www.montalegre.org\/es\/2011\/11\/montalegre-es-noticia-en-otras-webs\/"},"author":{"name":"montalegre","@id":"https:\/\/www.montalegre.org\/es\/#\/schema\/person\/fa12d4cf3a3f1735a9176b4fafd6a633"},"headline":"Montalegre en otras webs","datePublished":"2011-11-19T20:21:42+00:00","dateModified":"2011-11-20T21:58:30+00:00","mainEntityOfPage":{"@id":"https:\/\/www.montalegre.org\/es\/2011\/11\/montalegre-es-noticia-en-otras-webs\/"},"wordCount":152,"commentCount":0,"articleSection":["Noticias de Montalegre"],"inLanguage":"es","potentialAction":[{"@type":"CommentAction","name":"Comment","target":["https:\/\/www.montalegre.org\/es\/2011\/11\/montalegre-es-noticia-en-otras-webs\/#respond"]}]},{"@type":"WebPage","@id":"https:\/\/www.montalegre.org\/es\/2011\/11\/montalegre-es-noticia-en-otras-webs\/","url":"https:\/\/www.montalegre.org\/es\/2011\/11\/montalegre-es-noticia-en-otras-webs\/","name":"Montalegre en otras webs - Montalegre","isPartOf":{"@id":"https:\/\/www.montalegre.org\/es\/#website"},"datePublished":"2011-11-19T20:21:42+00:00","dateModified":"2011-11-20T21:58:30+00:00","author":{"@id":"https:\/\/www.montalegre.org\/es\/#\/schema\/person\/fa12d4cf3a3f1735a9176b4fafd6a633"},"breadcrumb":{"@id":"https:\/\/www.montalegre.org\/es\/2011\/11\/montalegre-es-noticia-en-otras-webs\/#breadcrumb"},"inLanguage":"es","potentialAction":[{"@type":"ReadAction","target":["https:\/\/www.montalegre.org\/es\/2011\/11\/montalegre-es-noticia-en-otras-webs\/"]}]},{"@type":"BreadcrumbList","@id":"https:\/\/www.montalegre.org\/es\/2011\/11\/montalegre-es-noticia-en-otras-webs\/#breadcrumb","itemListElement":[{"@type":"ListItem","position":1,"name":"Portada","item":"https:\/\/www.montalegre.org\/es\/"},{"@type":"ListItem","position":2,"name":"Montalegre en otras webs"}]},{"@type":"WebSite","@id":"https:\/\/www.montalegre.org\/es\/#website","url":"https:\/\/www.montalegre.org\/es\/","name":"Montalegre","description":"","potentialAction":[{"@type":"SearchAction","target":{"@type":"EntryPoint","urlTemplate":"https:\/\/www.montalegre.org\/es\/?s={search_term_string}"},"query-input":{"@type":"PropertyValueSpecification","valueRequired":true,"valueName":"search_term_string"}}],"inLanguage":"es"},{"@type":"Person","@id":"https:\/\/www.montalegre.org\/es\/#\/schema\/person\/fa12d4cf3a3f1735a9176b4fafd6a633","name":"montalegre","image":{"@type":"ImageObject","inLanguage":"es","@id":"https:\/\/www.montalegre.org\/es\/#\/schema\/person\/image\/","url":"https:\/\/secure.gravatar.com\/avatar\/fe6d886cf5081e723c666dceda1f12d4f39070fa2ed4e79695edc3ca355c9b5a?s=96&d=mm&r=g","contentUrl":"https:\/\/secure.gravatar.com\/avatar\/fe6d886cf5081e723c666dceda1f12d4f39070fa2ed4e79695edc3ca355c9b5a?s=96&d=mm&r=g","caption":"montalegre"},"url":"https:\/\/www.montalegre.org\/es\/author\/montalegre\/"}]}},"_links":{"self":[{"href":"https:\/\/www.montalegre.org\/es\/wp-json\/wp\/v2\/posts\/4360","targetHints":{"allow":["GET"]}}],"collection":[{"href":"https:\/\/www.montalegre.org\/es\/wp-json\/wp\/v2\/posts"}],"about":[{"href":"https:\/\/www.montalegre.org\/es\/wp-json\/wp\/v2\/types\/post"}],"author":[{"embeddable":true,"href":"https:\/\/www.montalegre.org\/es\/wp-json\/wp\/v2\/users\/4"}],"replies":[{"embeddable":true,"href":"https:\/\/www.montalegre.org\/es\/wp-json\/wp\/v2\/comments?post=4360"}],"version-history":[{"count":5,"href":"https:\/\/www.montalegre.org\/es\/wp-json\/wp\/v2\/posts\/4360\/revisions"}],"predecessor-version":[{"id":4363,"href":"https:\/\/www.montalegre.org\/es\/wp-json\/wp\/v2\/posts\/4360\/revisions\/4363"}],"wp:attachment":[{"href":"https:\/\/www.montalegre.org\/es\/wp-json\/wp\/v2\/media?parent=4360"}],"wp:term":[{"taxonomy":"category","embeddable":true,"href":"https:\/\/www.montalegre.org\/es\/wp-json\/wp\/v2\/categories?post=4360"},{"taxonomy":"post_tag","embeddable":true,"href":"https:\/\/www.montalegre.org\/es\/wp-json\/wp\/v2\/tags?post=4360"}],"curies":[{"name":"wp","href":"https:\/\/api.w.org\/{rel}","templated":true}]}}