{"id":4199,"date":"2011-11-03T05:37:13","date_gmt":"2011-11-03T05:37:13","guid":{"rendered":"http:\/\/www.montalegre.org\/?p=4199"},"modified":"2011-11-05T19:00:07","modified_gmt":"2011-11-05T19:00:07","slug":"noviembre-oramos-por-los-difuntos","status":"publish","type":"post","link":"https:\/\/www.montalegre.org\/es\/2011\/11\/noviembre-oramos-por-los-difuntos\/","title":{"rendered":"Noviembre, oramos por los difuntos"},"content":{"rendered":"<p><a href=\"http:\/\/www.montalegre.org\/es\/2011\/11\/noviembre-oramos-por-los-difuntos\/cementiri\/\" rel=\"attachment wp-att-4245\"><img loading=\"lazy\" decoding=\"async\" class=\"alignleft size-full wp-image-4245\" title=\"Cementiri\" src=\"http:\/\/www.montalegre.org\/wp-content\/uploads\/2011\/11\/Cementiri.jpg\" alt=\"\" width=\"300\" height=\"225\" \/><\/a>Noviembre especialmente en los pa\u00edses mediterraneos, es un mes en el que la naturaleza parece que languidece, que se apaga, los d\u00edas se hacen mas cortos, el fr\u00edo va invadi\u00e9ndolo todo, las plantas detienen su crecimiento y muchas pierden las hojas, algunos \u00e1rboles parecen esqueletos&#8230;Quiz\u00e1 por todo esto, noviembre es el mes en el que recordamos especialmente los difuntos. No se trata de un recuerdo triste. No pensamos en ellos como hermanos nuestros que pasaron y de los que nos queda solamente el recuerdo. No es esta nuestra fe. \u00a0Sabemos que su vida, de una manera diferente pero real, contin\u00faa.<\/p>\n<p>Por una parte algunos son santos que ya est\u00e1n en el cielo y gozan ya de la visi\u00f3n beat\u00edfica en la presencia de Dios, bienaventurados para siempre, y a ellos nos encomendamos. Precisamente este es el el sentido que tiene la celebraci\u00f3n dela Solemnidad de Todos los Santos. La Iglesia quiere recordar a tantos y tantos hijos suyos que han pasado por este mundo y que han alcanzado la Gloria pero que no van a tener su celebraci\u00f3n particular. Hay muchos santos en el cielo. En palabras del Apocalipsis son \u00a0<em>\u201cuna gran multitud que nadie pod\u00eda contar, de todas las naciones, tribus, pueblos y lenguas,&#8230; \u201c<\/em><\/p>\n<p>Otros son almas que siguen un proceso de purificaci\u00f3n en el Purgatorio, y por ellos rezamos y ofrecemos sufragios. Esto es lo que la Iglesianos propone en la celebraci\u00f3n del d\u00eda 2 de Noviembre, d\u00eda de los fieles difuntos. Como nos recordar\u00e1 el libro de los Macabeos, es una <em>piadosa costumbre orar y ofrecer sufragios por los difuntos,<\/em> cosa que nosotros hacemos sobre todo participando en la celebraci\u00f3n dela Eucarist\u00eda ofrecida por ellos, o lucrando indulgencias aplicadas precisamente por las almas del Purgatorio. De manera misteriosa pero real podemos acelerar su purificaci\u00f3n y ayudarles a dar el salto definitivo al cielo.<\/p>\n<p>Ambas celebraciones nos hablan de una verdad cristiana que recordamos en el Credo: la Comuni\u00f3nde los Santos. Existe una verdadera comunicaci\u00f3n entre los fieles cristianos, todos miembros de una \u00fanica Iglesia pero que tiene como tres dimensiones: militante, purgante y triunfante. El Catecismo (n\u00ba 955) ense\u00f1a que <em>&#8220;La uni\u00f3n de los miembros de la Iglesia peregrina con los hermanos que durmieron en la paz de Cristo de ninguna manera se interrumpe. M\u00e1s a\u00fan, seg\u00fan la constante fe de la Iglesia, se refuerza con la comunicaci\u00f3n de los bienes espirituales&#8221; (LG 49).<\/em><\/p>\n<p>&nbsp;<\/p>\n<p>Mn Francesc Perarnau<\/p>\n","protected":false},"excerpt":{"rendered":"<p>Noviembre especialmente en los pa\u00edses mediterraneos, es un mes en el que la naturaleza parece que languidece, que se apaga, los d\u00edas se hacen mas cortos, el fr\u00edo va invadi\u00e9ndolo todo, las plantas detienen su crecimiento y muchas pierden las hojas, algunos \u00e1rboles parecen esqueletos&#8230;Quiz\u00e1 por todo esto, noviembre es el mes en el que [&hellip;]<\/p>\n","protected":false},"author":4,"featured_media":0,"comment_status":"open","ping_status":"open","sticky":false,"template":"","format":"standard","meta":{"footnotes":""},"categories":[52],"tags":[],"class_list":["post-4199","post","type-post","status-publish","format-standard","hentry","category-editorial"],"yoast_head":"<!-- This site is optimized with the Yoast SEO plugin v27.1.1 - https:\/\/yoast.com\/product\/yoast-seo-wordpress\/ -->\n<title>Noviembre, oramos por los difuntos - Montalegre<\/title>\n<meta name=\"robots\" content=\"index, follow, max-snippet:-1, max-image-preview:large, max-video-preview:-1\" \/>\n<link rel=\"canonical\" href=\"https:\/\/www.montalegre.org\/es\/2011\/11\/noviembre-oramos-por-los-difuntos\/\" \/>\n<meta property=\"og:locale\" content=\"es_ES\" \/>\n<meta property=\"og:type\" content=\"article\" \/>\n<meta property=\"og:title\" content=\"Noviembre, oramos por los difuntos - Montalegre\" \/>\n<meta property=\"og:description\" content=\"Noviembre especialmente en los pa\u00edses mediterraneos, es un mes en el que la naturaleza parece que languidece, que se apaga, los d\u00edas se hacen mas cortos, el fr\u00edo va invadi\u00e9ndolo todo, las plantas detienen su crecimiento y muchas pierden las hojas, algunos \u00e1rboles parecen esqueletos&#8230;Quiz\u00e1 por todo esto, noviembre es el mes en el que [&hellip;]\" \/>\n<meta property=\"og:url\" content=\"https:\/\/www.montalegre.org\/es\/2011\/11\/noviembre-oramos-por-los-difuntos\/\" \/>\n<meta property=\"og:site_name\" content=\"Montalegre\" \/>\n<meta property=\"article:published_time\" content=\"2011-11-03T05:37:13+00:00\" \/>\n<meta property=\"article:modified_time\" content=\"2011-11-05T19:00:07+00:00\" \/>\n<meta property=\"og:image\" content=\"http:\/\/www.montalegre.org\/wp-content\/uploads\/2011\/11\/Cementiri.jpg\" \/>\n<meta name=\"author\" content=\"montalegre\" \/>\n<meta name=\"twitter:card\" content=\"summary_large_image\" \/>\n<meta name=\"twitter:label1\" content=\"Escrito por\" \/>\n\t<meta name=\"twitter:data1\" content=\"montalegre\" \/>\n\t<meta name=\"twitter:label2\" content=\"Tiempo de lectura\" \/>\n\t<meta name=\"twitter:data2\" content=\"2 minutos\" \/>\n<script type=\"application\/ld+json\" class=\"yoast-schema-graph\">{\"@context\":\"https:\/\/schema.org\",\"@graph\":[{\"@type\":\"Article\",\"@id\":\"https:\/\/www.montalegre.org\/es\/2011\/11\/noviembre-oramos-por-los-difuntos\/#article\",\"isPartOf\":{\"@id\":\"https:\/\/www.montalegre.org\/es\/2011\/11\/noviembre-oramos-por-los-difuntos\/\"},\"author\":{\"name\":\"montalegre\",\"@id\":\"https:\/\/www.montalegre.org\/es\/#\/schema\/person\/fa12d4cf3a3f1735a9176b4fafd6a633\"},\"headline\":\"Noviembre, oramos por los difuntos\",\"datePublished\":\"2011-11-03T05:37:13+00:00\",\"dateModified\":\"2011-11-05T19:00:07+00:00\",\"mainEntityOfPage\":{\"@id\":\"https:\/\/www.montalegre.org\/es\/2011\/11\/noviembre-oramos-por-los-difuntos\/\"},\"wordCount\":430,\"commentCount\":0,\"image\":{\"@id\":\"https:\/\/www.montalegre.org\/es\/2011\/11\/noviembre-oramos-por-los-difuntos\/#primaryimage\"},\"thumbnailUrl\":\"http:\/\/www.montalegre.org\/wp-content\/uploads\/2011\/11\/Cementiri.jpg\",\"articleSection\":[\"Editorial\"],\"inLanguage\":\"es\",\"potentialAction\":[{\"@type\":\"CommentAction\",\"name\":\"Comment\",\"target\":[\"https:\/\/www.montalegre.org\/es\/2011\/11\/noviembre-oramos-por-los-difuntos\/#respond\"]}]},{\"@type\":\"WebPage\",\"@id\":\"https:\/\/www.montalegre.org\/es\/2011\/11\/noviembre-oramos-por-los-difuntos\/\",\"url\":\"https:\/\/www.montalegre.org\/es\/2011\/11\/noviembre-oramos-por-los-difuntos\/\",\"name\":\"Noviembre, oramos por los difuntos - Montalegre\",\"isPartOf\":{\"@id\":\"https:\/\/www.montalegre.org\/es\/#website\"},\"primaryImageOfPage\":{\"@id\":\"https:\/\/www.montalegre.org\/es\/2011\/11\/noviembre-oramos-por-los-difuntos\/#primaryimage\"},\"image\":{\"@id\":\"https:\/\/www.montalegre.org\/es\/2011\/11\/noviembre-oramos-por-los-difuntos\/#primaryimage\"},\"thumbnailUrl\":\"http:\/\/www.montalegre.org\/wp-content\/uploads\/2011\/11\/Cementiri.jpg\",\"datePublished\":\"2011-11-03T05:37:13+00:00\",\"dateModified\":\"2011-11-05T19:00:07+00:00\",\"author\":{\"@id\":\"https:\/\/www.montalegre.org\/es\/#\/schema\/person\/fa12d4cf3a3f1735a9176b4fafd6a633\"},\"breadcrumb\":{\"@id\":\"https:\/\/www.montalegre.org\/es\/2011\/11\/noviembre-oramos-por-los-difuntos\/#breadcrumb\"},\"inLanguage\":\"es\",\"potentialAction\":[{\"@type\":\"ReadAction\",\"target\":[\"https:\/\/www.montalegre.org\/es\/2011\/11\/noviembre-oramos-por-los-difuntos\/\"]}]},{\"@type\":\"ImageObject\",\"inLanguage\":\"es\",\"@id\":\"https:\/\/www.montalegre.org\/es\/2011\/11\/noviembre-oramos-por-los-difuntos\/#primaryimage\",\"url\":\"http:\/\/www.montalegre.org\/wp-content\/uploads\/2011\/11\/Cementiri.jpg\",\"contentUrl\":\"http:\/\/www.montalegre.org\/wp-content\/uploads\/2011\/11\/Cementiri.jpg\"},{\"@type\":\"BreadcrumbList\",\"@id\":\"https:\/\/www.montalegre.org\/es\/2011\/11\/noviembre-oramos-por-los-difuntos\/#breadcrumb\",\"itemListElement\":[{\"@type\":\"ListItem\",\"position\":1,\"name\":\"Portada\",\"item\":\"https:\/\/www.montalegre.org\/es\/\"},{\"@type\":\"ListItem\",\"position\":2,\"name\":\"Noviembre, oramos por los difuntos\"}]},{\"@type\":\"WebSite\",\"@id\":\"https:\/\/www.montalegre.org\/es\/#website\",\"url\":\"https:\/\/www.montalegre.org\/es\/\",\"name\":\"Montalegre\",\"description\":\"\",\"potentialAction\":[{\"@type\":\"SearchAction\",\"target\":{\"@type\":\"EntryPoint\",\"urlTemplate\":\"https:\/\/www.montalegre.org\/es\/?s={search_term_string}\"},\"query-input\":{\"@type\":\"PropertyValueSpecification\",\"valueRequired\":true,\"valueName\":\"search_term_string\"}}],\"inLanguage\":\"es\"},{\"@type\":\"Person\",\"@id\":\"https:\/\/www.montalegre.org\/es\/#\/schema\/person\/fa12d4cf3a3f1735a9176b4fafd6a633\",\"name\":\"montalegre\",\"image\":{\"@type\":\"ImageObject\",\"inLanguage\":\"es\",\"@id\":\"https:\/\/www.montalegre.org\/es\/#\/schema\/person\/image\/\",\"url\":\"https:\/\/secure.gravatar.com\/avatar\/fe6d886cf5081e723c666dceda1f12d4f39070fa2ed4e79695edc3ca355c9b5a?s=96&d=mm&r=g\",\"contentUrl\":\"https:\/\/secure.gravatar.com\/avatar\/fe6d886cf5081e723c666dceda1f12d4f39070fa2ed4e79695edc3ca355c9b5a?s=96&d=mm&r=g\",\"caption\":\"montalegre\"},\"url\":\"https:\/\/www.montalegre.org\/es\/author\/montalegre\/\"}]}<\/script>\n<!-- \/ Yoast SEO plugin. -->","yoast_head_json":{"title":"Noviembre, oramos por los difuntos - Montalegre","robots":{"index":"index","follow":"follow","max-snippet":"max-snippet:-1","max-image-preview":"max-image-preview:large","max-video-preview":"max-video-preview:-1"},"canonical":"https:\/\/www.montalegre.org\/es\/2011\/11\/noviembre-oramos-por-los-difuntos\/","og_locale":"es_ES","og_type":"article","og_title":"Noviembre, oramos por los difuntos - Montalegre","og_description":"Noviembre especialmente en los pa\u00edses mediterraneos, es un mes en el que la naturaleza parece que languidece, que se apaga, los d\u00edas se hacen mas cortos, el fr\u00edo va invadi\u00e9ndolo todo, las plantas detienen su crecimiento y muchas pierden las hojas, algunos \u00e1rboles parecen esqueletos&#8230;Quiz\u00e1 por todo esto, noviembre es el mes en el que [&hellip;]","og_url":"https:\/\/www.montalegre.org\/es\/2011\/11\/noviembre-oramos-por-los-difuntos\/","og_site_name":"Montalegre","article_published_time":"2011-11-03T05:37:13+00:00","article_modified_time":"2011-11-05T19:00:07+00:00","og_image":[{"url":"http:\/\/www.montalegre.org\/wp-content\/uploads\/2011\/11\/Cementiri.jpg","type":"","width":"","height":""}],"author":"montalegre","twitter_card":"summary_large_image","twitter_misc":{"Escrito por":"montalegre","Tiempo de lectura":"2 minutos"},"schema":{"@context":"https:\/\/schema.org","@graph":[{"@type":"Article","@id":"https:\/\/www.montalegre.org\/es\/2011\/11\/noviembre-oramos-por-los-difuntos\/#article","isPartOf":{"@id":"https:\/\/www.montalegre.org\/es\/2011\/11\/noviembre-oramos-por-los-difuntos\/"},"author":{"name":"montalegre","@id":"https:\/\/www.montalegre.org\/es\/#\/schema\/person\/fa12d4cf3a3f1735a9176b4fafd6a633"},"headline":"Noviembre, oramos por los difuntos","datePublished":"2011-11-03T05:37:13+00:00","dateModified":"2011-11-05T19:00:07+00:00","mainEntityOfPage":{"@id":"https:\/\/www.montalegre.org\/es\/2011\/11\/noviembre-oramos-por-los-difuntos\/"},"wordCount":430,"commentCount":0,"image":{"@id":"https:\/\/www.montalegre.org\/es\/2011\/11\/noviembre-oramos-por-los-difuntos\/#primaryimage"},"thumbnailUrl":"http:\/\/www.montalegre.org\/wp-content\/uploads\/2011\/11\/Cementiri.jpg","articleSection":["Editorial"],"inLanguage":"es","potentialAction":[{"@type":"CommentAction","name":"Comment","target":["https:\/\/www.montalegre.org\/es\/2011\/11\/noviembre-oramos-por-los-difuntos\/#respond"]}]},{"@type":"WebPage","@id":"https:\/\/www.montalegre.org\/es\/2011\/11\/noviembre-oramos-por-los-difuntos\/","url":"https:\/\/www.montalegre.org\/es\/2011\/11\/noviembre-oramos-por-los-difuntos\/","name":"Noviembre, oramos por los difuntos - Montalegre","isPartOf":{"@id":"https:\/\/www.montalegre.org\/es\/#website"},"primaryImageOfPage":{"@id":"https:\/\/www.montalegre.org\/es\/2011\/11\/noviembre-oramos-por-los-difuntos\/#primaryimage"},"image":{"@id":"https:\/\/www.montalegre.org\/es\/2011\/11\/noviembre-oramos-por-los-difuntos\/#primaryimage"},"thumbnailUrl":"http:\/\/www.montalegre.org\/wp-content\/uploads\/2011\/11\/Cementiri.jpg","datePublished":"2011-11-03T05:37:13+00:00","dateModified":"2011-11-05T19:00:07+00:00","author":{"@id":"https:\/\/www.montalegre.org\/es\/#\/schema\/person\/fa12d4cf3a3f1735a9176b4fafd6a633"},"breadcrumb":{"@id":"https:\/\/www.montalegre.org\/es\/2011\/11\/noviembre-oramos-por-los-difuntos\/#breadcrumb"},"inLanguage":"es","potentialAction":[{"@type":"ReadAction","target":["https:\/\/www.montalegre.org\/es\/2011\/11\/noviembre-oramos-por-los-difuntos\/"]}]},{"@type":"ImageObject","inLanguage":"es","@id":"https:\/\/www.montalegre.org\/es\/2011\/11\/noviembre-oramos-por-los-difuntos\/#primaryimage","url":"http:\/\/www.montalegre.org\/wp-content\/uploads\/2011\/11\/Cementiri.jpg","contentUrl":"http:\/\/www.montalegre.org\/wp-content\/uploads\/2011\/11\/Cementiri.jpg"},{"@type":"BreadcrumbList","@id":"https:\/\/www.montalegre.org\/es\/2011\/11\/noviembre-oramos-por-los-difuntos\/#breadcrumb","itemListElement":[{"@type":"ListItem","position":1,"name":"Portada","item":"https:\/\/www.montalegre.org\/es\/"},{"@type":"ListItem","position":2,"name":"Noviembre, oramos por los difuntos"}]},{"@type":"WebSite","@id":"https:\/\/www.montalegre.org\/es\/#website","url":"https:\/\/www.montalegre.org\/es\/","name":"Montalegre","description":"","potentialAction":[{"@type":"SearchAction","target":{"@type":"EntryPoint","urlTemplate":"https:\/\/www.montalegre.org\/es\/?s={search_term_string}"},"query-input":{"@type":"PropertyValueSpecification","valueRequired":true,"valueName":"search_term_string"}}],"inLanguage":"es"},{"@type":"Person","@id":"https:\/\/www.montalegre.org\/es\/#\/schema\/person\/fa12d4cf3a3f1735a9176b4fafd6a633","name":"montalegre","image":{"@type":"ImageObject","inLanguage":"es","@id":"https:\/\/www.montalegre.org\/es\/#\/schema\/person\/image\/","url":"https:\/\/secure.gravatar.com\/avatar\/fe6d886cf5081e723c666dceda1f12d4f39070fa2ed4e79695edc3ca355c9b5a?s=96&d=mm&r=g","contentUrl":"https:\/\/secure.gravatar.com\/avatar\/fe6d886cf5081e723c666dceda1f12d4f39070fa2ed4e79695edc3ca355c9b5a?s=96&d=mm&r=g","caption":"montalegre"},"url":"https:\/\/www.montalegre.org\/es\/author\/montalegre\/"}]}},"_links":{"self":[{"href":"https:\/\/www.montalegre.org\/es\/wp-json\/wp\/v2\/posts\/4199","targetHints":{"allow":["GET"]}}],"collection":[{"href":"https:\/\/www.montalegre.org\/es\/wp-json\/wp\/v2\/posts"}],"about":[{"href":"https:\/\/www.montalegre.org\/es\/wp-json\/wp\/v2\/types\/post"}],"author":[{"embeddable":true,"href":"https:\/\/www.montalegre.org\/es\/wp-json\/wp\/v2\/users\/4"}],"replies":[{"embeddable":true,"href":"https:\/\/www.montalegre.org\/es\/wp-json\/wp\/v2\/comments?post=4199"}],"version-history":[{"count":9,"href":"https:\/\/www.montalegre.org\/es\/wp-json\/wp\/v2\/posts\/4199\/revisions"}],"predecessor-version":[{"id":4254,"href":"https:\/\/www.montalegre.org\/es\/wp-json\/wp\/v2\/posts\/4199\/revisions\/4254"}],"wp:attachment":[{"href":"https:\/\/www.montalegre.org\/es\/wp-json\/wp\/v2\/media?parent=4199"}],"wp:term":[{"taxonomy":"category","embeddable":true,"href":"https:\/\/www.montalegre.org\/es\/wp-json\/wp\/v2\/categories?post=4199"},{"taxonomy":"post_tag","embeddable":true,"href":"https:\/\/www.montalegre.org\/es\/wp-json\/wp\/v2\/tags?post=4199"}],"curies":[{"name":"wp","href":"https:\/\/api.w.org\/{rel}","templated":true}]}}