{"id":4183,"date":"2011-10-31T23:19:11","date_gmt":"2011-10-31T23:19:11","guid":{"rendered":"http:\/\/www.montalegre.org\/?p=4183"},"modified":"2011-10-31T23:25:30","modified_gmt":"2011-10-31T23:25:30","slug":"una-fecha-para-recordar-11xi2011","status":"publish","type":"post","link":"https:\/\/www.montalegre.org\/es\/2011\/10\/una-fecha-para-recordar-11xi2011\/","title":{"rendered":"Una fecha para recordar: 11\/XI\/2011"},"content":{"rendered":"<p>&nbsp;<\/p>\n<div id=\"attachment_4188\" style=\"width: 310px\" class=\"wp-caption alignright\"><a href=\"http:\/\/www.montalegre.org\/es\/2011\/10\/una-fecha-para-recordar-11xi2011\/dsc00656\/\" rel=\"attachment wp-att-4188\"><img loading=\"lazy\" decoding=\"async\" aria-describedby=\"caption-attachment-4188\" class=\"size-medium wp-image-4188\" title=\"DSC00656\" src=\"http:\/\/www.montalegre.org\/wp-content\/uploads\/2011\/10\/DSC00656-300x225.jpg\" alt=\"\" width=\"300\" height=\"225\" \/><\/a><p id=\"caption-attachment-4188\" class=\"wp-caption-text\">La Capella del Sant\u00edssim<\/p><\/div>\n<p>Estamos en la cuenta atr\u00e1s de la fecha en la que, por fin, D. Jos\u00e9 Mar\u00eda Hern\u00e1ndez Garnica estar\u00e1 en un lugar de predilecci\u00f3n en Montalegre para que nuestras oraciones hacia \u00e9l sean de ida y vuelta e interceda con m\u00e1s motivo por todos nosotros. En medio de este ambiente de emoci\u00f3n interior, y de much\u00edsimo trabajo de t\u00e9cnicos, especialistas, operarios, personas an\u00f3nimas, materiales arriba y abajo, as\u00ed como mucha coordinaci\u00f3n y gesti\u00f3n de recursos, este equipo informativo ha tenido la oportunidad de contemplar sin ruido y con pausa esa recta final de la remodelaci\u00f3n, o mejor dicho, de la transformaci\u00f3n de la Capilla del Sant\u00edsimo. El color de las paredes ya se ve definitivo, y gracias a Dios, ha sido el color crema o vainilla, pues sinceramente aquel rosa salm\u00f3n de la Capilla de los confesionarios, que tiene a mi pesar muy pocos detractores, \u00a0me hac\u00eda temer que de nuevo cubriera m\u00e1s paredes. Las personas que colaboran en el dise\u00f1o y direcci\u00f3n de la obra han decidido conservar el dibujo geom\u00e9trico del techo, pero mejorando los contrastes de la pintura pasando al verde gris, todo un acierto de elegancia.\u00a0 La labor del ebanista ya esta pr\u00e1cticamente finalizada; respecto del sepulcro o cista solo falta que el marmolista llegue con las losas de color rosa y las instale. Y la iluminaci\u00f3n ser\u00e1 de ocho tramos de leds en cada viga,\u00a0 toda una sorpresa de luz\u00a0 a punto de estrenarse.\u00a0<\/p>\n<p>Pero yo pregunt\u00e9 \u00bfPor qu\u00e9 no se ha dedicado la cripta de la capilla, de la que ya hice referencia en la anterior noticia, para el Siervo de Dios, D. Jos\u00e9 Mar\u00eda Hern\u00e1ndez Garnica?. \u00bfPor qu\u00e9 no se ha planteado su uso para otros futuros Siervos de Dios, en lugar de cerrarla nuevamente? A la periodista no le dieron respuesta. Pero insistir\u00e9.\u00a0<\/p>\n<p>As\u00ed que para el pr\u00f3ximo d\u00eda 11 del 11 del 2011 todo estar\u00e1 a punto, para que el Cardenal Arzobispo de Barcelona Lluis Martinez Sistach celebre con toda solemnidad la inhumaci\u00f3n de los restos mortales del Siervo de Dios. Para el acontecimiento ya se est\u00e1n distribuyendo unos tarjetones para recordar el lugar, el d\u00eda y la hora del evento; sin embargo no ser\u00e1 impedimento acudir al acto sin la referida invitaci\u00f3n. Ser\u00e1 una fecha irrepetible hasta dentro de mil a\u00f1os, as\u00ed que vale la pena no olvidarla.\u00a0<\/p>\n<p>Isabel Hern\u00e1ndez Esteban<\/p>\n<p>&nbsp;<\/p>\n<p>&nbsp;<\/p>\n","protected":false},"excerpt":{"rendered":"<p>&nbsp; Estamos en la cuenta atr\u00e1s de la fecha en la que, por fin, D. Jos\u00e9 Mar\u00eda Hern\u00e1ndez Garnica estar\u00e1 en un lugar de predilecci\u00f3n en Montalegre para que nuestras oraciones hacia \u00e9l sean de ida y vuelta e interceda con m\u00e1s motivo por todos nosotros. En medio de este ambiente de emoci\u00f3n interior, y [&hellip;]<\/p>\n","protected":false},"author":4,"featured_media":0,"comment_status":"open","ping_status":"open","sticky":false,"template":"","format":"standard","meta":{"footnotes":""},"categories":[1],"tags":[],"class_list":["post-4183","post","type-post","status-publish","format-standard","hentry","category-noticias-de-montalegre"],"yoast_head":"<!-- This site is optimized with the Yoast SEO plugin v27.1.1 - https:\/\/yoast.com\/product\/yoast-seo-wordpress\/ -->\n<title>Una fecha para recordar: 11\/XI\/2011 - Montalegre<\/title>\n<meta name=\"robots\" content=\"index, follow, max-snippet:-1, max-image-preview:large, max-video-preview:-1\" \/>\n<link rel=\"canonical\" href=\"https:\/\/www.montalegre.org\/es\/2011\/10\/una-fecha-para-recordar-11xi2011\/\" \/>\n<meta property=\"og:locale\" content=\"es_ES\" \/>\n<meta property=\"og:type\" content=\"article\" \/>\n<meta property=\"og:title\" content=\"Una fecha para recordar: 11\/XI\/2011 - Montalegre\" \/>\n<meta property=\"og:description\" content=\"&nbsp; Estamos en la cuenta atr\u00e1s de la fecha en la que, por fin, D. Jos\u00e9 Mar\u00eda Hern\u00e1ndez Garnica estar\u00e1 en un lugar de predilecci\u00f3n en Montalegre para que nuestras oraciones hacia \u00e9l sean de ida y vuelta e interceda con m\u00e1s motivo por todos nosotros. En medio de este ambiente de emoci\u00f3n interior, y [&hellip;]\" \/>\n<meta property=\"og:url\" content=\"https:\/\/www.montalegre.org\/es\/2011\/10\/una-fecha-para-recordar-11xi2011\/\" \/>\n<meta property=\"og:site_name\" content=\"Montalegre\" \/>\n<meta property=\"article:published_time\" content=\"2011-10-31T23:19:11+00:00\" \/>\n<meta property=\"article:modified_time\" content=\"2011-10-31T23:25:30+00:00\" \/>\n<meta property=\"og:image\" content=\"http:\/\/www.montalegre.org\/wp-content\/uploads\/2011\/10\/DSC00656-300x225.jpg\" \/>\n<meta name=\"author\" content=\"montalegre\" \/>\n<meta name=\"twitter:card\" content=\"summary_large_image\" \/>\n<meta name=\"twitter:label1\" content=\"Escrito por\" \/>\n\t<meta name=\"twitter:data1\" content=\"montalegre\" \/>\n\t<meta name=\"twitter:label2\" content=\"Tiempo de lectura\" \/>\n\t<meta name=\"twitter:data2\" content=\"2 minutos\" \/>\n<script type=\"application\/ld+json\" class=\"yoast-schema-graph\">{\"@context\":\"https:\/\/schema.org\",\"@graph\":[{\"@type\":\"Article\",\"@id\":\"https:\/\/www.montalegre.org\/es\/2011\/10\/una-fecha-para-recordar-11xi2011\/#article\",\"isPartOf\":{\"@id\":\"https:\/\/www.montalegre.org\/es\/2011\/10\/una-fecha-para-recordar-11xi2011\/\"},\"author\":{\"name\":\"montalegre\",\"@id\":\"https:\/\/www.montalegre.org\/es\/#\/schema\/person\/fa12d4cf3a3f1735a9176b4fafd6a633\"},\"headline\":\"Una fecha para recordar: 11\/XI\/2011\",\"datePublished\":\"2011-10-31T23:19:11+00:00\",\"dateModified\":\"2011-10-31T23:25:30+00:00\",\"mainEntityOfPage\":{\"@id\":\"https:\/\/www.montalegre.org\/es\/2011\/10\/una-fecha-para-recordar-11xi2011\/\"},\"wordCount\":441,\"commentCount\":0,\"image\":{\"@id\":\"https:\/\/www.montalegre.org\/es\/2011\/10\/una-fecha-para-recordar-11xi2011\/#primaryimage\"},\"thumbnailUrl\":\"http:\/\/www.montalegre.org\/wp-content\/uploads\/2011\/10\/DSC00656-300x225.jpg\",\"articleSection\":[\"Noticias de Montalegre\"],\"inLanguage\":\"es\",\"potentialAction\":[{\"@type\":\"CommentAction\",\"name\":\"Comment\",\"target\":[\"https:\/\/www.montalegre.org\/es\/2011\/10\/una-fecha-para-recordar-11xi2011\/#respond\"]}]},{\"@type\":\"WebPage\",\"@id\":\"https:\/\/www.montalegre.org\/es\/2011\/10\/una-fecha-para-recordar-11xi2011\/\",\"url\":\"https:\/\/www.montalegre.org\/es\/2011\/10\/una-fecha-para-recordar-11xi2011\/\",\"name\":\"Una fecha para recordar: 11\/XI\/2011 - Montalegre\",\"isPartOf\":{\"@id\":\"https:\/\/www.montalegre.org\/es\/#website\"},\"primaryImageOfPage\":{\"@id\":\"https:\/\/www.montalegre.org\/es\/2011\/10\/una-fecha-para-recordar-11xi2011\/#primaryimage\"},\"image\":{\"@id\":\"https:\/\/www.montalegre.org\/es\/2011\/10\/una-fecha-para-recordar-11xi2011\/#primaryimage\"},\"thumbnailUrl\":\"http:\/\/www.montalegre.org\/wp-content\/uploads\/2011\/10\/DSC00656-300x225.jpg\",\"datePublished\":\"2011-10-31T23:19:11+00:00\",\"dateModified\":\"2011-10-31T23:25:30+00:00\",\"author\":{\"@id\":\"https:\/\/www.montalegre.org\/es\/#\/schema\/person\/fa12d4cf3a3f1735a9176b4fafd6a633\"},\"breadcrumb\":{\"@id\":\"https:\/\/www.montalegre.org\/es\/2011\/10\/una-fecha-para-recordar-11xi2011\/#breadcrumb\"},\"inLanguage\":\"es\",\"potentialAction\":[{\"@type\":\"ReadAction\",\"target\":[\"https:\/\/www.montalegre.org\/es\/2011\/10\/una-fecha-para-recordar-11xi2011\/\"]}]},{\"@type\":\"ImageObject\",\"inLanguage\":\"es\",\"@id\":\"https:\/\/www.montalegre.org\/es\/2011\/10\/una-fecha-para-recordar-11xi2011\/#primaryimage\",\"url\":\"http:\/\/www.montalegre.org\/wp-content\/uploads\/2011\/10\/DSC00656-300x225.jpg\",\"contentUrl\":\"http:\/\/www.montalegre.org\/wp-content\/uploads\/2011\/10\/DSC00656-300x225.jpg\"},{\"@type\":\"BreadcrumbList\",\"@id\":\"https:\/\/www.montalegre.org\/es\/2011\/10\/una-fecha-para-recordar-11xi2011\/#breadcrumb\",\"itemListElement\":[{\"@type\":\"ListItem\",\"position\":1,\"name\":\"Portada\",\"item\":\"https:\/\/www.montalegre.org\/es\/\"},{\"@type\":\"ListItem\",\"position\":2,\"name\":\"Una fecha para recordar: 11\/XI\/2011\"}]},{\"@type\":\"WebSite\",\"@id\":\"https:\/\/www.montalegre.org\/es\/#website\",\"url\":\"https:\/\/www.montalegre.org\/es\/\",\"name\":\"Montalegre\",\"description\":\"\",\"potentialAction\":[{\"@type\":\"SearchAction\",\"target\":{\"@type\":\"EntryPoint\",\"urlTemplate\":\"https:\/\/www.montalegre.org\/es\/?s={search_term_string}\"},\"query-input\":{\"@type\":\"PropertyValueSpecification\",\"valueRequired\":true,\"valueName\":\"search_term_string\"}}],\"inLanguage\":\"es\"},{\"@type\":\"Person\",\"@id\":\"https:\/\/www.montalegre.org\/es\/#\/schema\/person\/fa12d4cf3a3f1735a9176b4fafd6a633\",\"name\":\"montalegre\",\"image\":{\"@type\":\"ImageObject\",\"inLanguage\":\"es\",\"@id\":\"https:\/\/www.montalegre.org\/es\/#\/schema\/person\/image\/\",\"url\":\"https:\/\/secure.gravatar.com\/avatar\/fe6d886cf5081e723c666dceda1f12d4f39070fa2ed4e79695edc3ca355c9b5a?s=96&d=mm&r=g\",\"contentUrl\":\"https:\/\/secure.gravatar.com\/avatar\/fe6d886cf5081e723c666dceda1f12d4f39070fa2ed4e79695edc3ca355c9b5a?s=96&d=mm&r=g\",\"caption\":\"montalegre\"},\"url\":\"https:\/\/www.montalegre.org\/es\/author\/montalegre\/\"}]}<\/script>\n<!-- \/ Yoast SEO plugin. -->","yoast_head_json":{"title":"Una fecha para recordar: 11\/XI\/2011 - Montalegre","robots":{"index":"index","follow":"follow","max-snippet":"max-snippet:-1","max-image-preview":"max-image-preview:large","max-video-preview":"max-video-preview:-1"},"canonical":"https:\/\/www.montalegre.org\/es\/2011\/10\/una-fecha-para-recordar-11xi2011\/","og_locale":"es_ES","og_type":"article","og_title":"Una fecha para recordar: 11\/XI\/2011 - Montalegre","og_description":"&nbsp; Estamos en la cuenta atr\u00e1s de la fecha en la que, por fin, D. Jos\u00e9 Mar\u00eda Hern\u00e1ndez Garnica estar\u00e1 en un lugar de predilecci\u00f3n en Montalegre para que nuestras oraciones hacia \u00e9l sean de ida y vuelta e interceda con m\u00e1s motivo por todos nosotros. En medio de este ambiente de emoci\u00f3n interior, y [&hellip;]","og_url":"https:\/\/www.montalegre.org\/es\/2011\/10\/una-fecha-para-recordar-11xi2011\/","og_site_name":"Montalegre","article_published_time":"2011-10-31T23:19:11+00:00","article_modified_time":"2011-10-31T23:25:30+00:00","og_image":[{"url":"http:\/\/www.montalegre.org\/wp-content\/uploads\/2011\/10\/DSC00656-300x225.jpg","type":"","width":"","height":""}],"author":"montalegre","twitter_card":"summary_large_image","twitter_misc":{"Escrito por":"montalegre","Tiempo de lectura":"2 minutos"},"schema":{"@context":"https:\/\/schema.org","@graph":[{"@type":"Article","@id":"https:\/\/www.montalegre.org\/es\/2011\/10\/una-fecha-para-recordar-11xi2011\/#article","isPartOf":{"@id":"https:\/\/www.montalegre.org\/es\/2011\/10\/una-fecha-para-recordar-11xi2011\/"},"author":{"name":"montalegre","@id":"https:\/\/www.montalegre.org\/es\/#\/schema\/person\/fa12d4cf3a3f1735a9176b4fafd6a633"},"headline":"Una fecha para recordar: 11\/XI\/2011","datePublished":"2011-10-31T23:19:11+00:00","dateModified":"2011-10-31T23:25:30+00:00","mainEntityOfPage":{"@id":"https:\/\/www.montalegre.org\/es\/2011\/10\/una-fecha-para-recordar-11xi2011\/"},"wordCount":441,"commentCount":0,"image":{"@id":"https:\/\/www.montalegre.org\/es\/2011\/10\/una-fecha-para-recordar-11xi2011\/#primaryimage"},"thumbnailUrl":"http:\/\/www.montalegre.org\/wp-content\/uploads\/2011\/10\/DSC00656-300x225.jpg","articleSection":["Noticias de Montalegre"],"inLanguage":"es","potentialAction":[{"@type":"CommentAction","name":"Comment","target":["https:\/\/www.montalegre.org\/es\/2011\/10\/una-fecha-para-recordar-11xi2011\/#respond"]}]},{"@type":"WebPage","@id":"https:\/\/www.montalegre.org\/es\/2011\/10\/una-fecha-para-recordar-11xi2011\/","url":"https:\/\/www.montalegre.org\/es\/2011\/10\/una-fecha-para-recordar-11xi2011\/","name":"Una fecha para recordar: 11\/XI\/2011 - Montalegre","isPartOf":{"@id":"https:\/\/www.montalegre.org\/es\/#website"},"primaryImageOfPage":{"@id":"https:\/\/www.montalegre.org\/es\/2011\/10\/una-fecha-para-recordar-11xi2011\/#primaryimage"},"image":{"@id":"https:\/\/www.montalegre.org\/es\/2011\/10\/una-fecha-para-recordar-11xi2011\/#primaryimage"},"thumbnailUrl":"http:\/\/www.montalegre.org\/wp-content\/uploads\/2011\/10\/DSC00656-300x225.jpg","datePublished":"2011-10-31T23:19:11+00:00","dateModified":"2011-10-31T23:25:30+00:00","author":{"@id":"https:\/\/www.montalegre.org\/es\/#\/schema\/person\/fa12d4cf3a3f1735a9176b4fafd6a633"},"breadcrumb":{"@id":"https:\/\/www.montalegre.org\/es\/2011\/10\/una-fecha-para-recordar-11xi2011\/#breadcrumb"},"inLanguage":"es","potentialAction":[{"@type":"ReadAction","target":["https:\/\/www.montalegre.org\/es\/2011\/10\/una-fecha-para-recordar-11xi2011\/"]}]},{"@type":"ImageObject","inLanguage":"es","@id":"https:\/\/www.montalegre.org\/es\/2011\/10\/una-fecha-para-recordar-11xi2011\/#primaryimage","url":"http:\/\/www.montalegre.org\/wp-content\/uploads\/2011\/10\/DSC00656-300x225.jpg","contentUrl":"http:\/\/www.montalegre.org\/wp-content\/uploads\/2011\/10\/DSC00656-300x225.jpg"},{"@type":"BreadcrumbList","@id":"https:\/\/www.montalegre.org\/es\/2011\/10\/una-fecha-para-recordar-11xi2011\/#breadcrumb","itemListElement":[{"@type":"ListItem","position":1,"name":"Portada","item":"https:\/\/www.montalegre.org\/es\/"},{"@type":"ListItem","position":2,"name":"Una fecha para recordar: 11\/XI\/2011"}]},{"@type":"WebSite","@id":"https:\/\/www.montalegre.org\/es\/#website","url":"https:\/\/www.montalegre.org\/es\/","name":"Montalegre","description":"","potentialAction":[{"@type":"SearchAction","target":{"@type":"EntryPoint","urlTemplate":"https:\/\/www.montalegre.org\/es\/?s={search_term_string}"},"query-input":{"@type":"PropertyValueSpecification","valueRequired":true,"valueName":"search_term_string"}}],"inLanguage":"es"},{"@type":"Person","@id":"https:\/\/www.montalegre.org\/es\/#\/schema\/person\/fa12d4cf3a3f1735a9176b4fafd6a633","name":"montalegre","image":{"@type":"ImageObject","inLanguage":"es","@id":"https:\/\/www.montalegre.org\/es\/#\/schema\/person\/image\/","url":"https:\/\/secure.gravatar.com\/avatar\/fe6d886cf5081e723c666dceda1f12d4f39070fa2ed4e79695edc3ca355c9b5a?s=96&d=mm&r=g","contentUrl":"https:\/\/secure.gravatar.com\/avatar\/fe6d886cf5081e723c666dceda1f12d4f39070fa2ed4e79695edc3ca355c9b5a?s=96&d=mm&r=g","caption":"montalegre"},"url":"https:\/\/www.montalegre.org\/es\/author\/montalegre\/"}]}},"_links":{"self":[{"href":"https:\/\/www.montalegre.org\/es\/wp-json\/wp\/v2\/posts\/4183","targetHints":{"allow":["GET"]}}],"collection":[{"href":"https:\/\/www.montalegre.org\/es\/wp-json\/wp\/v2\/posts"}],"about":[{"href":"https:\/\/www.montalegre.org\/es\/wp-json\/wp\/v2\/types\/post"}],"author":[{"embeddable":true,"href":"https:\/\/www.montalegre.org\/es\/wp-json\/wp\/v2\/users\/4"}],"replies":[{"embeddable":true,"href":"https:\/\/www.montalegre.org\/es\/wp-json\/wp\/v2\/comments?post=4183"}],"version-history":[{"count":4,"href":"https:\/\/www.montalegre.org\/es\/wp-json\/wp\/v2\/posts\/4183\/revisions"}],"predecessor-version":[{"id":4190,"href":"https:\/\/www.montalegre.org\/es\/wp-json\/wp\/v2\/posts\/4183\/revisions\/4190"}],"wp:attachment":[{"href":"https:\/\/www.montalegre.org\/es\/wp-json\/wp\/v2\/media?parent=4183"}],"wp:term":[{"taxonomy":"category","embeddable":true,"href":"https:\/\/www.montalegre.org\/es\/wp-json\/wp\/v2\/categories?post=4183"},{"taxonomy":"post_tag","embeddable":true,"href":"https:\/\/www.montalegre.org\/es\/wp-json\/wp\/v2\/tags?post=4183"}],"curies":[{"name":"wp","href":"https:\/\/api.w.org\/{rel}","templated":true}]}}