{"id":4176,"date":"2011-10-29T21:55:24","date_gmt":"2011-10-29T21:55:24","guid":{"rendered":"http:\/\/www.montalegre.org\/?p=4176"},"modified":"2011-10-29T21:56:58","modified_gmt":"2011-10-29T21:56:58","slug":"montalegre-es-noticia-2","status":"publish","type":"post","link":"https:\/\/www.montalegre.org\/es\/2011\/10\/montalegre-es-noticia-2\/","title":{"rendered":"Montalegre es noticia"},"content":{"rendered":"<p>En el diario El Mundo, edici\u00f3n Catalu\u00f1a, en el formato de prensa escrita la Acci\u00f3n Social de Montalegre ha sido citada por el periodista y escritor Arturo San Agust\u00edn. La secci\u00f3n &#8220;Otras voces&#8221; (p\u00e1g. 23) ha estrenado este s\u00e1bado 29 de octubre un nuevo apartado donde el referido periodista nos escribir\u00e1 una cr\u00f3nica peatonal de la ciudad de Barcelona. Uno de los lugares que ya ha visitado ha sido el Raval, acompa\u00f1ado por dos voluntarios que le han explicado la labor humanitaria y solidaria que la Acci\u00f3n Social\u00a0 en el barrio.<\/p>\n<p>Servicios Informativos Montalegre<\/p>\n","protected":false},"excerpt":{"rendered":"<p>En el diario El Mundo, edici\u00f3n Catalu\u00f1a, en el formato de prensa escrita la Acci\u00f3n Social de Montalegre ha sido citada por el periodista y escritor Arturo San Agust\u00edn. La secci\u00f3n &#8220;Otras voces&#8221; (p\u00e1g. 23) ha estrenado este s\u00e1bado 29 de octubre un nuevo apartado donde el referido periodista nos escribir\u00e1 una cr\u00f3nica peatonal de [&hellip;]<\/p>\n","protected":false},"author":4,"featured_media":0,"comment_status":"open","ping_status":"open","sticky":false,"template":"","format":"standard","meta":{"footnotes":""},"categories":[1],"tags":[],"class_list":["post-4176","post","type-post","status-publish","format-standard","hentry","category-noticias-de-montalegre"],"yoast_head":"<!-- This site is optimized with the Yoast SEO plugin v27.1.1 - https:\/\/yoast.com\/product\/yoast-seo-wordpress\/ -->\n<title>Montalegre es noticia - Montalegre<\/title>\n<meta name=\"robots\" content=\"index, follow, max-snippet:-1, max-image-preview:large, max-video-preview:-1\" \/>\n<link rel=\"canonical\" href=\"https:\/\/www.montalegre.org\/es\/2011\/10\/montalegre-es-noticia-2\/\" \/>\n<meta property=\"og:locale\" content=\"es_ES\" \/>\n<meta property=\"og:type\" content=\"article\" \/>\n<meta property=\"og:title\" content=\"Montalegre es noticia - Montalegre\" \/>\n<meta property=\"og:description\" content=\"En el diario El Mundo, edici\u00f3n Catalu\u00f1a, en el formato de prensa escrita la Acci\u00f3n Social de Montalegre ha sido citada por el periodista y escritor Arturo San Agust\u00edn. La secci\u00f3n &#8220;Otras voces&#8221; (p\u00e1g. 23) ha estrenado este s\u00e1bado 29 de octubre un nuevo apartado donde el referido periodista nos escribir\u00e1 una cr\u00f3nica peatonal de [&hellip;]\" \/>\n<meta property=\"og:url\" content=\"https:\/\/www.montalegre.org\/es\/2011\/10\/montalegre-es-noticia-2\/\" \/>\n<meta property=\"og:site_name\" content=\"Montalegre\" \/>\n<meta property=\"article:published_time\" content=\"2011-10-29T21:55:24+00:00\" \/>\n<meta property=\"article:modified_time\" content=\"2011-10-29T21:56:58+00:00\" \/>\n<meta name=\"author\" content=\"montalegre\" \/>\n<meta name=\"twitter:card\" content=\"summary_large_image\" \/>\n<meta name=\"twitter:label1\" content=\"Escrito por\" \/>\n\t<meta name=\"twitter:data1\" content=\"montalegre\" \/>\n\t<meta name=\"twitter:label2\" content=\"Tiempo de lectura\" \/>\n\t<meta name=\"twitter:data2\" content=\"1 minuto\" \/>\n<script type=\"application\/ld+json\" class=\"yoast-schema-graph\">{\"@context\":\"https:\/\/schema.org\",\"@graph\":[{\"@type\":\"Article\",\"@id\":\"https:\/\/www.montalegre.org\/es\/2011\/10\/montalegre-es-noticia-2\/#article\",\"isPartOf\":{\"@id\":\"https:\/\/www.montalegre.org\/es\/2011\/10\/montalegre-es-noticia-2\/\"},\"author\":{\"name\":\"montalegre\",\"@id\":\"https:\/\/www.montalegre.org\/es\/#\/schema\/person\/fa12d4cf3a3f1735a9176b4fafd6a633\"},\"headline\":\"Montalegre es noticia\",\"datePublished\":\"2011-10-29T21:55:24+00:00\",\"dateModified\":\"2011-10-29T21:56:58+00:00\",\"mainEntityOfPage\":{\"@id\":\"https:\/\/www.montalegre.org\/es\/2011\/10\/montalegre-es-noticia-2\/\"},\"wordCount\":105,\"commentCount\":0,\"articleSection\":[\"Noticias de Montalegre\"],\"inLanguage\":\"es\",\"potentialAction\":[{\"@type\":\"CommentAction\",\"name\":\"Comment\",\"target\":[\"https:\/\/www.montalegre.org\/es\/2011\/10\/montalegre-es-noticia-2\/#respond\"]}]},{\"@type\":\"WebPage\",\"@id\":\"https:\/\/www.montalegre.org\/es\/2011\/10\/montalegre-es-noticia-2\/\",\"url\":\"https:\/\/www.montalegre.org\/es\/2011\/10\/montalegre-es-noticia-2\/\",\"name\":\"Montalegre es noticia - Montalegre\",\"isPartOf\":{\"@id\":\"https:\/\/www.montalegre.org\/es\/#website\"},\"datePublished\":\"2011-10-29T21:55:24+00:00\",\"dateModified\":\"2011-10-29T21:56:58+00:00\",\"author\":{\"@id\":\"https:\/\/www.montalegre.org\/es\/#\/schema\/person\/fa12d4cf3a3f1735a9176b4fafd6a633\"},\"breadcrumb\":{\"@id\":\"https:\/\/www.montalegre.org\/es\/2011\/10\/montalegre-es-noticia-2\/#breadcrumb\"},\"inLanguage\":\"es\",\"potentialAction\":[{\"@type\":\"ReadAction\",\"target\":[\"https:\/\/www.montalegre.org\/es\/2011\/10\/montalegre-es-noticia-2\/\"]}]},{\"@type\":\"BreadcrumbList\",\"@id\":\"https:\/\/www.montalegre.org\/es\/2011\/10\/montalegre-es-noticia-2\/#breadcrumb\",\"itemListElement\":[{\"@type\":\"ListItem\",\"position\":1,\"name\":\"Portada\",\"item\":\"https:\/\/www.montalegre.org\/es\/\"},{\"@type\":\"ListItem\",\"position\":2,\"name\":\"Montalegre es noticia\"}]},{\"@type\":\"WebSite\",\"@id\":\"https:\/\/www.montalegre.org\/es\/#website\",\"url\":\"https:\/\/www.montalegre.org\/es\/\",\"name\":\"Montalegre\",\"description\":\"\",\"potentialAction\":[{\"@type\":\"SearchAction\",\"target\":{\"@type\":\"EntryPoint\",\"urlTemplate\":\"https:\/\/www.montalegre.org\/es\/?s={search_term_string}\"},\"query-input\":{\"@type\":\"PropertyValueSpecification\",\"valueRequired\":true,\"valueName\":\"search_term_string\"}}],\"inLanguage\":\"es\"},{\"@type\":\"Person\",\"@id\":\"https:\/\/www.montalegre.org\/es\/#\/schema\/person\/fa12d4cf3a3f1735a9176b4fafd6a633\",\"name\":\"montalegre\",\"image\":{\"@type\":\"ImageObject\",\"inLanguage\":\"es\",\"@id\":\"https:\/\/www.montalegre.org\/es\/#\/schema\/person\/image\/\",\"url\":\"https:\/\/secure.gravatar.com\/avatar\/fe6d886cf5081e723c666dceda1f12d4f39070fa2ed4e79695edc3ca355c9b5a?s=96&d=mm&r=g\",\"contentUrl\":\"https:\/\/secure.gravatar.com\/avatar\/fe6d886cf5081e723c666dceda1f12d4f39070fa2ed4e79695edc3ca355c9b5a?s=96&d=mm&r=g\",\"caption\":\"montalegre\"},\"url\":\"https:\/\/www.montalegre.org\/es\/author\/montalegre\/\"}]}<\/script>\n<!-- \/ Yoast SEO plugin. -->","yoast_head_json":{"title":"Montalegre es noticia - Montalegre","robots":{"index":"index","follow":"follow","max-snippet":"max-snippet:-1","max-image-preview":"max-image-preview:large","max-video-preview":"max-video-preview:-1"},"canonical":"https:\/\/www.montalegre.org\/es\/2011\/10\/montalegre-es-noticia-2\/","og_locale":"es_ES","og_type":"article","og_title":"Montalegre es noticia - Montalegre","og_description":"En el diario El Mundo, edici\u00f3n Catalu\u00f1a, en el formato de prensa escrita la Acci\u00f3n Social de Montalegre ha sido citada por el periodista y escritor Arturo San Agust\u00edn. La secci\u00f3n &#8220;Otras voces&#8221; (p\u00e1g. 23) ha estrenado este s\u00e1bado 29 de octubre un nuevo apartado donde el referido periodista nos escribir\u00e1 una cr\u00f3nica peatonal de [&hellip;]","og_url":"https:\/\/www.montalegre.org\/es\/2011\/10\/montalegre-es-noticia-2\/","og_site_name":"Montalegre","article_published_time":"2011-10-29T21:55:24+00:00","article_modified_time":"2011-10-29T21:56:58+00:00","author":"montalegre","twitter_card":"summary_large_image","twitter_misc":{"Escrito por":"montalegre","Tiempo de lectura":"1 minuto"},"schema":{"@context":"https:\/\/schema.org","@graph":[{"@type":"Article","@id":"https:\/\/www.montalegre.org\/es\/2011\/10\/montalegre-es-noticia-2\/#article","isPartOf":{"@id":"https:\/\/www.montalegre.org\/es\/2011\/10\/montalegre-es-noticia-2\/"},"author":{"name":"montalegre","@id":"https:\/\/www.montalegre.org\/es\/#\/schema\/person\/fa12d4cf3a3f1735a9176b4fafd6a633"},"headline":"Montalegre es noticia","datePublished":"2011-10-29T21:55:24+00:00","dateModified":"2011-10-29T21:56:58+00:00","mainEntityOfPage":{"@id":"https:\/\/www.montalegre.org\/es\/2011\/10\/montalegre-es-noticia-2\/"},"wordCount":105,"commentCount":0,"articleSection":["Noticias de Montalegre"],"inLanguage":"es","potentialAction":[{"@type":"CommentAction","name":"Comment","target":["https:\/\/www.montalegre.org\/es\/2011\/10\/montalegre-es-noticia-2\/#respond"]}]},{"@type":"WebPage","@id":"https:\/\/www.montalegre.org\/es\/2011\/10\/montalegre-es-noticia-2\/","url":"https:\/\/www.montalegre.org\/es\/2011\/10\/montalegre-es-noticia-2\/","name":"Montalegre es noticia - Montalegre","isPartOf":{"@id":"https:\/\/www.montalegre.org\/es\/#website"},"datePublished":"2011-10-29T21:55:24+00:00","dateModified":"2011-10-29T21:56:58+00:00","author":{"@id":"https:\/\/www.montalegre.org\/es\/#\/schema\/person\/fa12d4cf3a3f1735a9176b4fafd6a633"},"breadcrumb":{"@id":"https:\/\/www.montalegre.org\/es\/2011\/10\/montalegre-es-noticia-2\/#breadcrumb"},"inLanguage":"es","potentialAction":[{"@type":"ReadAction","target":["https:\/\/www.montalegre.org\/es\/2011\/10\/montalegre-es-noticia-2\/"]}]},{"@type":"BreadcrumbList","@id":"https:\/\/www.montalegre.org\/es\/2011\/10\/montalegre-es-noticia-2\/#breadcrumb","itemListElement":[{"@type":"ListItem","position":1,"name":"Portada","item":"https:\/\/www.montalegre.org\/es\/"},{"@type":"ListItem","position":2,"name":"Montalegre es noticia"}]},{"@type":"WebSite","@id":"https:\/\/www.montalegre.org\/es\/#website","url":"https:\/\/www.montalegre.org\/es\/","name":"Montalegre","description":"","potentialAction":[{"@type":"SearchAction","target":{"@type":"EntryPoint","urlTemplate":"https:\/\/www.montalegre.org\/es\/?s={search_term_string}"},"query-input":{"@type":"PropertyValueSpecification","valueRequired":true,"valueName":"search_term_string"}}],"inLanguage":"es"},{"@type":"Person","@id":"https:\/\/www.montalegre.org\/es\/#\/schema\/person\/fa12d4cf3a3f1735a9176b4fafd6a633","name":"montalegre","image":{"@type":"ImageObject","inLanguage":"es","@id":"https:\/\/www.montalegre.org\/es\/#\/schema\/person\/image\/","url":"https:\/\/secure.gravatar.com\/avatar\/fe6d886cf5081e723c666dceda1f12d4f39070fa2ed4e79695edc3ca355c9b5a?s=96&d=mm&r=g","contentUrl":"https:\/\/secure.gravatar.com\/avatar\/fe6d886cf5081e723c666dceda1f12d4f39070fa2ed4e79695edc3ca355c9b5a?s=96&d=mm&r=g","caption":"montalegre"},"url":"https:\/\/www.montalegre.org\/es\/author\/montalegre\/"}]}},"_links":{"self":[{"href":"https:\/\/www.montalegre.org\/es\/wp-json\/wp\/v2\/posts\/4176","targetHints":{"allow":["GET"]}}],"collection":[{"href":"https:\/\/www.montalegre.org\/es\/wp-json\/wp\/v2\/posts"}],"about":[{"href":"https:\/\/www.montalegre.org\/es\/wp-json\/wp\/v2\/types\/post"}],"author":[{"embeddable":true,"href":"https:\/\/www.montalegre.org\/es\/wp-json\/wp\/v2\/users\/4"}],"replies":[{"embeddable":true,"href":"https:\/\/www.montalegre.org\/es\/wp-json\/wp\/v2\/comments?post=4176"}],"version-history":[{"count":3,"href":"https:\/\/www.montalegre.org\/es\/wp-json\/wp\/v2\/posts\/4176\/revisions"}],"predecessor-version":[{"id":4180,"href":"https:\/\/www.montalegre.org\/es\/wp-json\/wp\/v2\/posts\/4176\/revisions\/4180"}],"wp:attachment":[{"href":"https:\/\/www.montalegre.org\/es\/wp-json\/wp\/v2\/media?parent=4176"}],"wp:term":[{"taxonomy":"category","embeddable":true,"href":"https:\/\/www.montalegre.org\/es\/wp-json\/wp\/v2\/categories?post=4176"},{"taxonomy":"post_tag","embeddable":true,"href":"https:\/\/www.montalegre.org\/es\/wp-json\/wp\/v2\/tags?post=4176"}],"curies":[{"name":"wp","href":"https:\/\/api.w.org\/{rel}","templated":true}]}}