{"id":4167,"date":"2011-10-25T21:05:55","date_gmt":"2011-10-25T21:05:55","guid":{"rendered":"http:\/\/www.montalegre.org\/?p=4167"},"modified":"2011-10-25T21:15:52","modified_gmt":"2011-10-25T21:15:52","slug":"en-breve-ya-se-acaban-las-obras","status":"publish","type":"post","link":"https:\/\/www.montalegre.org\/es\/2011\/10\/en-breve-ya-se-acaban-las-obras\/","title":{"rendered":"En breve ya se acaban las obras"},"content":{"rendered":"<div class=\"mceTemp\">\n<div class=\"mceTemp\">\u00a0<\/div>\n<dl id=\"attachment_4162\" class=\"wp-caption alignleft\" style=\"width: 160px;\">\n<dt class=\"wp-caption-dt\"><a href=\"http:\/\/www.montalegre.org\/2011\/10\/en-breu-les-obres-sacaben\/dsc00646\/\" rel=\"attachment wp-att-4162\"><img loading=\"lazy\" decoding=\"async\" class=\"size-thumbnail wp-image-4162\" title=\"DSC00646\" src=\"http:\/\/www.montalegre.org\/wp-content\/uploads\/2011\/10\/DSC00646-150x150.jpg\" alt=\"\" width=\"150\" height=\"150\" \/><\/a><\/dt>\n<dd class=\"wp-caption-dd\">La remodelaci\u00f3n de la Capilla<\/dd>\n<\/dl>\n<\/div>\n<p>Muchos turistas que pasean por el barrio del Raval de Barcelona entran en Montalegre por el <em>Pati Manning <\/em>y descubren una iglesia magn\u00edfica que no suele estar en las gu\u00edas de la ciudad. Y en este lugar tan singular se quedan parados mirando c\u00f3mo prosiguen las obras de la Capilla del Sant\u00edsimo y saben que all\u00ed se colocar\u00e1n los restos mortales del presbv\u00edtero D.Jos\u00e9 Mar\u00eda Hern\u00e1ndez Garnica, ya que en el mueble de las\u00a0publicaciones cualquiera que entra en la iglesia puede recoger el folleto informativo al respecto, las estampas y los libros que recientemente se editaron sobre este Siervo de Dios. A pocos d\u00edas\u00a0del 11\/XI\/2011, d\u00eda de la inhumaci\u00f3n ya se han instalado las dos vigas de hierro oxidado con los leds, de unos 10 metros cada una, \u00a0que iluminan perfectamente toda la Capilla; adem\u00e1s de retirarse los confesionarios tambi\u00e9n les ha tocado el turno a los radiadores que ya estaban inutilizados. Todo ello hace que la Capilla verdaderamente se vea m\u00e1s grande y agradable.<\/p>\n<div id=\"attachment_4163\" style=\"width: 160px\" class=\"wp-caption alignright\"><a href=\"http:\/\/www.montalegre.org\/2011\/10\/en-breu-les-obres-sacaben\/cripta-2\/\" rel=\"attachment wp-att-4163\"><img loading=\"lazy\" decoding=\"async\" aria-describedby=\"caption-attachment-4163\" class=\"size-thumbnail wp-image-4163\" title=\"cripta\" src=\"http:\/\/www.montalegre.org\/wp-content\/uploads\/2011\/10\/cripta1-150x150.jpg\" alt=\"\" width=\"150\" height=\"150\" \/><\/a><p id=\"caption-attachment-4163\" class=\"wp-caption-text\">Cripta de la Capilla<\/p><\/div>\n<p>Tambi\u00e9n se ha aprovechado para conocer el estado de la cripta de la Capilla, de unos 20 m2.,\u00a0a la que se entra por un acceso que hay delante del altar, el cual se ha vuelto a clausurar, hasta cuando convenga. La obra del sepulcro o cista ya est\u00e1 terminada. Ahora los pintores est\u00e1n haciendo pruebas encaramados en los andamios, y hemos podido comprobar el juego de colores entre los beiges y el rosa salm\u00f3n. El equipo de limpieza tambi\u00e9n est\u00e1 teniendo un gran protagonismo dado que ha sido necesaria una dedicaci\u00f3n m\u00e1s intensa para que el resto de la iglesia se mantuviera limpia y como debe ser.<\/p>\n<p>Pronto todo estar\u00e1 a punto para celebrar un acontecimiento \u00fanico e irrepetible en el que todos querr\u00edamos estar presentes.<\/p>\n<p><em>M\u00e1s detalles de las obras y de la celebraci\u00f3n en las noticias de los d\u00edas 4-9-11 y 12-10-11.<\/em><\/p>\n<p>Isabel Hern\u00e1ndez Esteban<\/p>\n","protected":false},"excerpt":{"rendered":"<p>\u00a0 La remodelaci\u00f3n de la Capilla Muchos turistas que pasean por el barrio del Raval de Barcelona entran en Montalegre por el Pati Manning y descubren una iglesia magn\u00edfica que no suele estar en las gu\u00edas de la ciudad. Y en este lugar tan singular se quedan parados mirando c\u00f3mo prosiguen las obras de la [&hellip;]<\/p>\n","protected":false},"author":4,"featured_media":0,"comment_status":"open","ping_status":"open","sticky":false,"template":"","format":"standard","meta":{"footnotes":""},"categories":[1],"tags":[],"class_list":["post-4167","post","type-post","status-publish","format-standard","hentry","category-noticias-de-montalegre"],"yoast_head":"<!-- This site is optimized with the Yoast SEO plugin v27.1.1 - https:\/\/yoast.com\/product\/yoast-seo-wordpress\/ -->\n<title>En breve ya se acaban las obras - Montalegre<\/title>\n<meta name=\"robots\" content=\"index, follow, max-snippet:-1, max-image-preview:large, max-video-preview:-1\" \/>\n<link rel=\"canonical\" href=\"https:\/\/www.montalegre.org\/es\/2011\/10\/en-breve-ya-se-acaban-las-obras\/\" \/>\n<meta property=\"og:locale\" content=\"es_ES\" \/>\n<meta property=\"og:type\" content=\"article\" \/>\n<meta property=\"og:title\" content=\"En breve ya se acaban las obras - Montalegre\" \/>\n<meta property=\"og:description\" content=\"\u00a0 La remodelaci\u00f3n de la Capilla Muchos turistas que pasean por el barrio del Raval de Barcelona entran en Montalegre por el Pati Manning y descubren una iglesia magn\u00edfica que no suele estar en las gu\u00edas de la ciudad. Y en este lugar tan singular se quedan parados mirando c\u00f3mo prosiguen las obras de la [&hellip;]\" \/>\n<meta property=\"og:url\" content=\"https:\/\/www.montalegre.org\/es\/2011\/10\/en-breve-ya-se-acaban-las-obras\/\" \/>\n<meta property=\"og:site_name\" content=\"Montalegre\" \/>\n<meta property=\"article:published_time\" content=\"2011-10-25T21:05:55+00:00\" \/>\n<meta property=\"article:modified_time\" content=\"2011-10-25T21:15:52+00:00\" \/>\n<meta property=\"og:image\" content=\"http:\/\/www.montalegre.org\/wp-content\/uploads\/2011\/10\/DSC00646-150x150.jpg\" \/>\n<meta name=\"author\" content=\"montalegre\" \/>\n<meta name=\"twitter:card\" content=\"summary_large_image\" \/>\n<meta name=\"twitter:label1\" content=\"Escrito por\" \/>\n\t<meta name=\"twitter:data1\" content=\"montalegre\" \/>\n\t<meta name=\"twitter:label2\" content=\"Tiempo de lectura\" \/>\n\t<meta name=\"twitter:data2\" content=\"2 minutos\" \/>\n<script type=\"application\/ld+json\" class=\"yoast-schema-graph\">{\"@context\":\"https:\/\/schema.org\",\"@graph\":[{\"@type\":\"Article\",\"@id\":\"https:\/\/www.montalegre.org\/es\/2011\/10\/en-breve-ya-se-acaban-las-obras\/#article\",\"isPartOf\":{\"@id\":\"https:\/\/www.montalegre.org\/es\/2011\/10\/en-breve-ya-se-acaban-las-obras\/\"},\"author\":{\"name\":\"montalegre\",\"@id\":\"https:\/\/www.montalegre.org\/es\/#\/schema\/person\/fa12d4cf3a3f1735a9176b4fafd6a633\"},\"headline\":\"En breve ya se acaban las obras\",\"datePublished\":\"2011-10-25T21:05:55+00:00\",\"dateModified\":\"2011-10-25T21:15:52+00:00\",\"mainEntityOfPage\":{\"@id\":\"https:\/\/www.montalegre.org\/es\/2011\/10\/en-breve-ya-se-acaban-las-obras\/\"},\"wordCount\":366,\"commentCount\":0,\"image\":{\"@id\":\"https:\/\/www.montalegre.org\/es\/2011\/10\/en-breve-ya-se-acaban-las-obras\/#primaryimage\"},\"thumbnailUrl\":\"http:\/\/www.montalegre.org\/wp-content\/uploads\/2011\/10\/DSC00646-150x150.jpg\",\"articleSection\":[\"Noticias de Montalegre\"],\"inLanguage\":\"es\",\"potentialAction\":[{\"@type\":\"CommentAction\",\"name\":\"Comment\",\"target\":[\"https:\/\/www.montalegre.org\/es\/2011\/10\/en-breve-ya-se-acaban-las-obras\/#respond\"]}]},{\"@type\":\"WebPage\",\"@id\":\"https:\/\/www.montalegre.org\/es\/2011\/10\/en-breve-ya-se-acaban-las-obras\/\",\"url\":\"https:\/\/www.montalegre.org\/es\/2011\/10\/en-breve-ya-se-acaban-las-obras\/\",\"name\":\"En breve ya se acaban las obras - Montalegre\",\"isPartOf\":{\"@id\":\"https:\/\/www.montalegre.org\/es\/#website\"},\"primaryImageOfPage\":{\"@id\":\"https:\/\/www.montalegre.org\/es\/2011\/10\/en-breve-ya-se-acaban-las-obras\/#primaryimage\"},\"image\":{\"@id\":\"https:\/\/www.montalegre.org\/es\/2011\/10\/en-breve-ya-se-acaban-las-obras\/#primaryimage\"},\"thumbnailUrl\":\"http:\/\/www.montalegre.org\/wp-content\/uploads\/2011\/10\/DSC00646-150x150.jpg\",\"datePublished\":\"2011-10-25T21:05:55+00:00\",\"dateModified\":\"2011-10-25T21:15:52+00:00\",\"author\":{\"@id\":\"https:\/\/www.montalegre.org\/es\/#\/schema\/person\/fa12d4cf3a3f1735a9176b4fafd6a633\"},\"breadcrumb\":{\"@id\":\"https:\/\/www.montalegre.org\/es\/2011\/10\/en-breve-ya-se-acaban-las-obras\/#breadcrumb\"},\"inLanguage\":\"es\",\"potentialAction\":[{\"@type\":\"ReadAction\",\"target\":[\"https:\/\/www.montalegre.org\/es\/2011\/10\/en-breve-ya-se-acaban-las-obras\/\"]}]},{\"@type\":\"ImageObject\",\"inLanguage\":\"es\",\"@id\":\"https:\/\/www.montalegre.org\/es\/2011\/10\/en-breve-ya-se-acaban-las-obras\/#primaryimage\",\"url\":\"http:\/\/www.montalegre.org\/wp-content\/uploads\/2011\/10\/DSC00646-150x150.jpg\",\"contentUrl\":\"http:\/\/www.montalegre.org\/wp-content\/uploads\/2011\/10\/DSC00646-150x150.jpg\"},{\"@type\":\"BreadcrumbList\",\"@id\":\"https:\/\/www.montalegre.org\/es\/2011\/10\/en-breve-ya-se-acaban-las-obras\/#breadcrumb\",\"itemListElement\":[{\"@type\":\"ListItem\",\"position\":1,\"name\":\"Portada\",\"item\":\"https:\/\/www.montalegre.org\/es\/\"},{\"@type\":\"ListItem\",\"position\":2,\"name\":\"En breve ya se acaban las obras\"}]},{\"@type\":\"WebSite\",\"@id\":\"https:\/\/www.montalegre.org\/es\/#website\",\"url\":\"https:\/\/www.montalegre.org\/es\/\",\"name\":\"Montalegre\",\"description\":\"\",\"potentialAction\":[{\"@type\":\"SearchAction\",\"target\":{\"@type\":\"EntryPoint\",\"urlTemplate\":\"https:\/\/www.montalegre.org\/es\/?s={search_term_string}\"},\"query-input\":{\"@type\":\"PropertyValueSpecification\",\"valueRequired\":true,\"valueName\":\"search_term_string\"}}],\"inLanguage\":\"es\"},{\"@type\":\"Person\",\"@id\":\"https:\/\/www.montalegre.org\/es\/#\/schema\/person\/fa12d4cf3a3f1735a9176b4fafd6a633\",\"name\":\"montalegre\",\"image\":{\"@type\":\"ImageObject\",\"inLanguage\":\"es\",\"@id\":\"https:\/\/www.montalegre.org\/es\/#\/schema\/person\/image\/\",\"url\":\"https:\/\/secure.gravatar.com\/avatar\/fe6d886cf5081e723c666dceda1f12d4f39070fa2ed4e79695edc3ca355c9b5a?s=96&d=mm&r=g\",\"contentUrl\":\"https:\/\/secure.gravatar.com\/avatar\/fe6d886cf5081e723c666dceda1f12d4f39070fa2ed4e79695edc3ca355c9b5a?s=96&d=mm&r=g\",\"caption\":\"montalegre\"},\"url\":\"https:\/\/www.montalegre.org\/es\/author\/montalegre\/\"}]}<\/script>\n<!-- \/ Yoast SEO plugin. -->","yoast_head_json":{"title":"En breve ya se acaban las obras - Montalegre","robots":{"index":"index","follow":"follow","max-snippet":"max-snippet:-1","max-image-preview":"max-image-preview:large","max-video-preview":"max-video-preview:-1"},"canonical":"https:\/\/www.montalegre.org\/es\/2011\/10\/en-breve-ya-se-acaban-las-obras\/","og_locale":"es_ES","og_type":"article","og_title":"En breve ya se acaban las obras - Montalegre","og_description":"\u00a0 La remodelaci\u00f3n de la Capilla Muchos turistas que pasean por el barrio del Raval de Barcelona entran en Montalegre por el Pati Manning y descubren una iglesia magn\u00edfica que no suele estar en las gu\u00edas de la ciudad. Y en este lugar tan singular se quedan parados mirando c\u00f3mo prosiguen las obras de la [&hellip;]","og_url":"https:\/\/www.montalegre.org\/es\/2011\/10\/en-breve-ya-se-acaban-las-obras\/","og_site_name":"Montalegre","article_published_time":"2011-10-25T21:05:55+00:00","article_modified_time":"2011-10-25T21:15:52+00:00","og_image":[{"url":"http:\/\/www.montalegre.org\/wp-content\/uploads\/2011\/10\/DSC00646-150x150.jpg","type":"","width":"","height":""}],"author":"montalegre","twitter_card":"summary_large_image","twitter_misc":{"Escrito por":"montalegre","Tiempo de lectura":"2 minutos"},"schema":{"@context":"https:\/\/schema.org","@graph":[{"@type":"Article","@id":"https:\/\/www.montalegre.org\/es\/2011\/10\/en-breve-ya-se-acaban-las-obras\/#article","isPartOf":{"@id":"https:\/\/www.montalegre.org\/es\/2011\/10\/en-breve-ya-se-acaban-las-obras\/"},"author":{"name":"montalegre","@id":"https:\/\/www.montalegre.org\/es\/#\/schema\/person\/fa12d4cf3a3f1735a9176b4fafd6a633"},"headline":"En breve ya se acaban las obras","datePublished":"2011-10-25T21:05:55+00:00","dateModified":"2011-10-25T21:15:52+00:00","mainEntityOfPage":{"@id":"https:\/\/www.montalegre.org\/es\/2011\/10\/en-breve-ya-se-acaban-las-obras\/"},"wordCount":366,"commentCount":0,"image":{"@id":"https:\/\/www.montalegre.org\/es\/2011\/10\/en-breve-ya-se-acaban-las-obras\/#primaryimage"},"thumbnailUrl":"http:\/\/www.montalegre.org\/wp-content\/uploads\/2011\/10\/DSC00646-150x150.jpg","articleSection":["Noticias de Montalegre"],"inLanguage":"es","potentialAction":[{"@type":"CommentAction","name":"Comment","target":["https:\/\/www.montalegre.org\/es\/2011\/10\/en-breve-ya-se-acaban-las-obras\/#respond"]}]},{"@type":"WebPage","@id":"https:\/\/www.montalegre.org\/es\/2011\/10\/en-breve-ya-se-acaban-las-obras\/","url":"https:\/\/www.montalegre.org\/es\/2011\/10\/en-breve-ya-se-acaban-las-obras\/","name":"En breve ya se acaban las obras - Montalegre","isPartOf":{"@id":"https:\/\/www.montalegre.org\/es\/#website"},"primaryImageOfPage":{"@id":"https:\/\/www.montalegre.org\/es\/2011\/10\/en-breve-ya-se-acaban-las-obras\/#primaryimage"},"image":{"@id":"https:\/\/www.montalegre.org\/es\/2011\/10\/en-breve-ya-se-acaban-las-obras\/#primaryimage"},"thumbnailUrl":"http:\/\/www.montalegre.org\/wp-content\/uploads\/2011\/10\/DSC00646-150x150.jpg","datePublished":"2011-10-25T21:05:55+00:00","dateModified":"2011-10-25T21:15:52+00:00","author":{"@id":"https:\/\/www.montalegre.org\/es\/#\/schema\/person\/fa12d4cf3a3f1735a9176b4fafd6a633"},"breadcrumb":{"@id":"https:\/\/www.montalegre.org\/es\/2011\/10\/en-breve-ya-se-acaban-las-obras\/#breadcrumb"},"inLanguage":"es","potentialAction":[{"@type":"ReadAction","target":["https:\/\/www.montalegre.org\/es\/2011\/10\/en-breve-ya-se-acaban-las-obras\/"]}]},{"@type":"ImageObject","inLanguage":"es","@id":"https:\/\/www.montalegre.org\/es\/2011\/10\/en-breve-ya-se-acaban-las-obras\/#primaryimage","url":"http:\/\/www.montalegre.org\/wp-content\/uploads\/2011\/10\/DSC00646-150x150.jpg","contentUrl":"http:\/\/www.montalegre.org\/wp-content\/uploads\/2011\/10\/DSC00646-150x150.jpg"},{"@type":"BreadcrumbList","@id":"https:\/\/www.montalegre.org\/es\/2011\/10\/en-breve-ya-se-acaban-las-obras\/#breadcrumb","itemListElement":[{"@type":"ListItem","position":1,"name":"Portada","item":"https:\/\/www.montalegre.org\/es\/"},{"@type":"ListItem","position":2,"name":"En breve ya se acaban las obras"}]},{"@type":"WebSite","@id":"https:\/\/www.montalegre.org\/es\/#website","url":"https:\/\/www.montalegre.org\/es\/","name":"Montalegre","description":"","potentialAction":[{"@type":"SearchAction","target":{"@type":"EntryPoint","urlTemplate":"https:\/\/www.montalegre.org\/es\/?s={search_term_string}"},"query-input":{"@type":"PropertyValueSpecification","valueRequired":true,"valueName":"search_term_string"}}],"inLanguage":"es"},{"@type":"Person","@id":"https:\/\/www.montalegre.org\/es\/#\/schema\/person\/fa12d4cf3a3f1735a9176b4fafd6a633","name":"montalegre","image":{"@type":"ImageObject","inLanguage":"es","@id":"https:\/\/www.montalegre.org\/es\/#\/schema\/person\/image\/","url":"https:\/\/secure.gravatar.com\/avatar\/fe6d886cf5081e723c666dceda1f12d4f39070fa2ed4e79695edc3ca355c9b5a?s=96&d=mm&r=g","contentUrl":"https:\/\/secure.gravatar.com\/avatar\/fe6d886cf5081e723c666dceda1f12d4f39070fa2ed4e79695edc3ca355c9b5a?s=96&d=mm&r=g","caption":"montalegre"},"url":"https:\/\/www.montalegre.org\/es\/author\/montalegre\/"}]}},"_links":{"self":[{"href":"https:\/\/www.montalegre.org\/es\/wp-json\/wp\/v2\/posts\/4167","targetHints":{"allow":["GET"]}}],"collection":[{"href":"https:\/\/www.montalegre.org\/es\/wp-json\/wp\/v2\/posts"}],"about":[{"href":"https:\/\/www.montalegre.org\/es\/wp-json\/wp\/v2\/types\/post"}],"author":[{"embeddable":true,"href":"https:\/\/www.montalegre.org\/es\/wp-json\/wp\/v2\/users\/4"}],"replies":[{"embeddable":true,"href":"https:\/\/www.montalegre.org\/es\/wp-json\/wp\/v2\/comments?post=4167"}],"version-history":[{"count":5,"href":"https:\/\/www.montalegre.org\/es\/wp-json\/wp\/v2\/posts\/4167\/revisions"}],"predecessor-version":[{"id":4172,"href":"https:\/\/www.montalegre.org\/es\/wp-json\/wp\/v2\/posts\/4167\/revisions\/4172"}],"wp:attachment":[{"href":"https:\/\/www.montalegre.org\/es\/wp-json\/wp\/v2\/media?parent=4167"}],"wp:term":[{"taxonomy":"category","embeddable":true,"href":"https:\/\/www.montalegre.org\/es\/wp-json\/wp\/v2\/categories?post=4167"},{"taxonomy":"post_tag","embeddable":true,"href":"https:\/\/www.montalegre.org\/es\/wp-json\/wp\/v2\/tags?post=4167"}],"curies":[{"name":"wp","href":"https:\/\/api.w.org\/{rel}","templated":true}]}}