{"id":4135,"date":"2011-10-12T15:27:41","date_gmt":"2011-10-12T15:27:41","guid":{"rendered":"http:\/\/www.montalegre.org\/?p=4135"},"modified":"2011-10-12T15:27:41","modified_gmt":"2011-10-12T15:27:41","slug":"ceremonia-liturgica-de-inhumacion","status":"publish","type":"post","link":"https:\/\/www.montalegre.org\/es\/2011\/10\/ceremonia-liturgica-de-inhumacion\/","title":{"rendered":"Ceremonia Lit\u00fargica de inhumaci\u00f3n"},"content":{"rendered":"<p><a href=\"http:\/\/www.montalegre.org\/2011\/10\/ceremonia-liturgica-dinhumacio\/capella-santissim-1\/\" rel=\"attachment wp-att-4131\"><img loading=\"lazy\" decoding=\"async\" class=\"alignleft size-full wp-image-4131\" title=\"capella Santissim 1\" src=\"http:\/\/www.montalegre.org\/wp-content\/uploads\/2011\/10\/capella-Santissim-1.jpg\" alt=\"\" width=\"196\" height=\"146\" \/><\/a>El Sr. Cardenal Arzobispo de Barcelona, Llu\u00eds Mart\u00ednez Sistach ha decidido que el d\u00eda 11 de noviembre de este a\u00f1o, se haga la Ceremonia Lit\u00fargica de inhumaci\u00f3n perpetua de los restos mortales de D. Jos\u00e9 Mar\u00eda Hern\u00e1ndez Garnica en la Iglesia de Santa Mar\u00eda de Montalegre.<\/p>\n<p>Como muchos sab\u00e9is esto hace bastante tiempo que lo est\u00e1bamos deseando, y es un tema por lo que hemos rezado mucho. Este paso se da despu\u00e9s de que la Congregaci\u00f3n de la Causa de los Santos, en Roma, haya dado el visto bueno a la petici\u00f3n que le hab\u00eda hecho el Sr. Cardenal en nombre de la Iglesia de Barcelona.<br \/>\nEn consecuencia comenzaron las obras en la Capilla del Sant\u00edsimo, que es el lugar donde se \u00a0preparara la urna donde ir\u00e1n los restos del Siervo de Dios. Una idea orientativa de lo que se est\u00e1 haciendo se puede observar en el croquis. Habr\u00e1 algunas variantes al respecto, pero se parecer\u00e1 bastante. La antigua imagen de la Piedad al final no ir\u00e1 en este conjunto. M\u00e1s adelante le haremos un lugar especial para ella. Al inicio de las obras, ya se retiraron los confesionarios, y se hizo un boquete en la pared\u00a0en el que\u00a0se ha instalado un sepulcro o cista, lugar donde reposar\u00e1n finalmente los restos, el cual pesa m\u00e1s de 350 Kg. Actualmente ya se est\u00e1 remodelando toda la iluminaci\u00f3n de la Capilla.<a href=\"http:\/\/www.montalegre.org\/2011\/10\/ceremonia-liturgica-dinhumacio\/croquis-obras-capilla\/\" rel=\"attachment wp-att-4132\"><img loading=\"lazy\" decoding=\"async\" class=\"alignright size-full wp-image-4132\" title=\"croquis obras capilla\" src=\"http:\/\/www.montalegre.org\/wp-content\/uploads\/2011\/10\/croquis-obras-capilla.jpg\" alt=\"\" width=\"196\" height=\"138\" \/><\/a><\/p>\n<p>La Ceremonia de la Liturgia de inhumaci\u00f3n se celebrar\u00e1 las 19.00 h., la presidir\u00e1 el Sr. Cardenal de Barcelona y le acompa\u00f1ar\u00e1n el Vicario de la Obra en Espa\u00f1a, Dr. Ram\u00f3n Herrando y el Delegado de la Obra para Catalu\u00f1a Dr. Antoni Pujals. La Ceremonia no ser\u00e1 dentro de una celebraci\u00f3n Eucar\u00edstica; como siempre, quien quiera podr\u00e1 asistir a la misa a las 18.00 h.\u00a0<\/p>\n<p>Para a m\u00e1s informaci\u00f3n: <a href=\"http:\/\/hernandezgarnica.wordpress.com\/\">http:\/\/hernandezgarnica.wordpress.com\/<\/a><\/p>\n<p>Isabel Hern\u00e1ndez Esteban<\/p>\n<p>&nbsp;<\/p>\n","protected":false},"excerpt":{"rendered":"<p>El Sr. Cardenal Arzobispo de Barcelona, Llu\u00eds Mart\u00ednez Sistach ha decidido que el d\u00eda 11 de noviembre de este a\u00f1o, se haga la Ceremonia Lit\u00fargica de inhumaci\u00f3n perpetua de los restos mortales de D. Jos\u00e9 Mar\u00eda Hern\u00e1ndez Garnica en la Iglesia de Santa Mar\u00eda de Montalegre. Como muchos sab\u00e9is esto hace bastante tiempo que lo [&hellip;]<\/p>\n","protected":false},"author":4,"featured_media":0,"comment_status":"open","ping_status":"open","sticky":false,"template":"","format":"standard","meta":{"footnotes":""},"categories":[1],"tags":[],"class_list":["post-4135","post","type-post","status-publish","format-standard","hentry","category-noticias-de-montalegre"],"yoast_head":"<!-- This site is optimized with the Yoast SEO plugin v27.1.1 - https:\/\/yoast.com\/product\/yoast-seo-wordpress\/ -->\n<title>Ceremonia Lit\u00fargica de inhumaci\u00f3n - Montalegre<\/title>\n<meta name=\"robots\" content=\"index, follow, max-snippet:-1, max-image-preview:large, max-video-preview:-1\" \/>\n<link rel=\"canonical\" href=\"https:\/\/www.montalegre.org\/es\/2011\/10\/ceremonia-liturgica-de-inhumacion\/\" \/>\n<meta property=\"og:locale\" content=\"es_ES\" \/>\n<meta property=\"og:type\" content=\"article\" \/>\n<meta property=\"og:title\" content=\"Ceremonia Lit\u00fargica de inhumaci\u00f3n - Montalegre\" \/>\n<meta property=\"og:description\" content=\"El Sr. Cardenal Arzobispo de Barcelona, Llu\u00eds Mart\u00ednez Sistach ha decidido que el d\u00eda 11 de noviembre de este a\u00f1o, se haga la Ceremonia Lit\u00fargica de inhumaci\u00f3n perpetua de los restos mortales de D. Jos\u00e9 Mar\u00eda Hern\u00e1ndez Garnica en la Iglesia de Santa Mar\u00eda de Montalegre. Como muchos sab\u00e9is esto hace bastante tiempo que lo [&hellip;]\" \/>\n<meta property=\"og:url\" content=\"https:\/\/www.montalegre.org\/es\/2011\/10\/ceremonia-liturgica-de-inhumacion\/\" \/>\n<meta property=\"og:site_name\" content=\"Montalegre\" \/>\n<meta property=\"article:published_time\" content=\"2011-10-12T15:27:41+00:00\" \/>\n<meta property=\"og:image\" content=\"http:\/\/www.montalegre.org\/wp-content\/uploads\/2011\/10\/capella-Santissim-1.jpg\" \/>\n<meta name=\"author\" content=\"montalegre\" \/>\n<meta name=\"twitter:card\" content=\"summary_large_image\" \/>\n<meta name=\"twitter:label1\" content=\"Escrito por\" \/>\n\t<meta name=\"twitter:data1\" content=\"montalegre\" \/>\n\t<meta name=\"twitter:label2\" content=\"Tiempo de lectura\" \/>\n\t<meta name=\"twitter:data2\" content=\"2 minutos\" \/>\n<script type=\"application\/ld+json\" class=\"yoast-schema-graph\">{\"@context\":\"https:\/\/schema.org\",\"@graph\":[{\"@type\":\"Article\",\"@id\":\"https:\/\/www.montalegre.org\/es\/2011\/10\/ceremonia-liturgica-de-inhumacion\/#article\",\"isPartOf\":{\"@id\":\"https:\/\/www.montalegre.org\/es\/2011\/10\/ceremonia-liturgica-de-inhumacion\/\"},\"author\":{\"name\":\"montalegre\",\"@id\":\"https:\/\/www.montalegre.org\/es\/#\/schema\/person\/fa12d4cf3a3f1735a9176b4fafd6a633\"},\"headline\":\"Ceremonia Lit\u00fargica de inhumaci\u00f3n\",\"datePublished\":\"2011-10-12T15:27:41+00:00\",\"mainEntityOfPage\":{\"@id\":\"https:\/\/www.montalegre.org\/es\/2011\/10\/ceremonia-liturgica-de-inhumacion\/\"},\"wordCount\":342,\"commentCount\":0,\"image\":{\"@id\":\"https:\/\/www.montalegre.org\/es\/2011\/10\/ceremonia-liturgica-de-inhumacion\/#primaryimage\"},\"thumbnailUrl\":\"http:\/\/www.montalegre.org\/wp-content\/uploads\/2011\/10\/capella-Santissim-1.jpg\",\"articleSection\":[\"Noticias de Montalegre\"],\"inLanguage\":\"es\",\"potentialAction\":[{\"@type\":\"CommentAction\",\"name\":\"Comment\",\"target\":[\"https:\/\/www.montalegre.org\/es\/2011\/10\/ceremonia-liturgica-de-inhumacion\/#respond\"]}]},{\"@type\":\"WebPage\",\"@id\":\"https:\/\/www.montalegre.org\/es\/2011\/10\/ceremonia-liturgica-de-inhumacion\/\",\"url\":\"https:\/\/www.montalegre.org\/es\/2011\/10\/ceremonia-liturgica-de-inhumacion\/\",\"name\":\"Ceremonia Lit\u00fargica de inhumaci\u00f3n - Montalegre\",\"isPartOf\":{\"@id\":\"https:\/\/www.montalegre.org\/es\/#website\"},\"primaryImageOfPage\":{\"@id\":\"https:\/\/www.montalegre.org\/es\/2011\/10\/ceremonia-liturgica-de-inhumacion\/#primaryimage\"},\"image\":{\"@id\":\"https:\/\/www.montalegre.org\/es\/2011\/10\/ceremonia-liturgica-de-inhumacion\/#primaryimage\"},\"thumbnailUrl\":\"http:\/\/www.montalegre.org\/wp-content\/uploads\/2011\/10\/capella-Santissim-1.jpg\",\"datePublished\":\"2011-10-12T15:27:41+00:00\",\"author\":{\"@id\":\"https:\/\/www.montalegre.org\/es\/#\/schema\/person\/fa12d4cf3a3f1735a9176b4fafd6a633\"},\"breadcrumb\":{\"@id\":\"https:\/\/www.montalegre.org\/es\/2011\/10\/ceremonia-liturgica-de-inhumacion\/#breadcrumb\"},\"inLanguage\":\"es\",\"potentialAction\":[{\"@type\":\"ReadAction\",\"target\":[\"https:\/\/www.montalegre.org\/es\/2011\/10\/ceremonia-liturgica-de-inhumacion\/\"]}]},{\"@type\":\"ImageObject\",\"inLanguage\":\"es\",\"@id\":\"https:\/\/www.montalegre.org\/es\/2011\/10\/ceremonia-liturgica-de-inhumacion\/#primaryimage\",\"url\":\"http:\/\/www.montalegre.org\/wp-content\/uploads\/2011\/10\/capella-Santissim-1.jpg\",\"contentUrl\":\"http:\/\/www.montalegre.org\/wp-content\/uploads\/2011\/10\/capella-Santissim-1.jpg\"},{\"@type\":\"BreadcrumbList\",\"@id\":\"https:\/\/www.montalegre.org\/es\/2011\/10\/ceremonia-liturgica-de-inhumacion\/#breadcrumb\",\"itemListElement\":[{\"@type\":\"ListItem\",\"position\":1,\"name\":\"Portada\",\"item\":\"https:\/\/www.montalegre.org\/es\/\"},{\"@type\":\"ListItem\",\"position\":2,\"name\":\"Ceremonia Lit\u00fargica de inhumaci\u00f3n\"}]},{\"@type\":\"WebSite\",\"@id\":\"https:\/\/www.montalegre.org\/es\/#website\",\"url\":\"https:\/\/www.montalegre.org\/es\/\",\"name\":\"Montalegre\",\"description\":\"\",\"potentialAction\":[{\"@type\":\"SearchAction\",\"target\":{\"@type\":\"EntryPoint\",\"urlTemplate\":\"https:\/\/www.montalegre.org\/es\/?s={search_term_string}\"},\"query-input\":{\"@type\":\"PropertyValueSpecification\",\"valueRequired\":true,\"valueName\":\"search_term_string\"}}],\"inLanguage\":\"es\"},{\"@type\":\"Person\",\"@id\":\"https:\/\/www.montalegre.org\/es\/#\/schema\/person\/fa12d4cf3a3f1735a9176b4fafd6a633\",\"name\":\"montalegre\",\"image\":{\"@type\":\"ImageObject\",\"inLanguage\":\"es\",\"@id\":\"https:\/\/www.montalegre.org\/es\/#\/schema\/person\/image\/\",\"url\":\"https:\/\/secure.gravatar.com\/avatar\/fe6d886cf5081e723c666dceda1f12d4f39070fa2ed4e79695edc3ca355c9b5a?s=96&d=mm&r=g\",\"contentUrl\":\"https:\/\/secure.gravatar.com\/avatar\/fe6d886cf5081e723c666dceda1f12d4f39070fa2ed4e79695edc3ca355c9b5a?s=96&d=mm&r=g\",\"caption\":\"montalegre\"},\"url\":\"https:\/\/www.montalegre.org\/es\/author\/montalegre\/\"}]}<\/script>\n<!-- \/ Yoast SEO plugin. -->","yoast_head_json":{"title":"Ceremonia Lit\u00fargica de inhumaci\u00f3n - Montalegre","robots":{"index":"index","follow":"follow","max-snippet":"max-snippet:-1","max-image-preview":"max-image-preview:large","max-video-preview":"max-video-preview:-1"},"canonical":"https:\/\/www.montalegre.org\/es\/2011\/10\/ceremonia-liturgica-de-inhumacion\/","og_locale":"es_ES","og_type":"article","og_title":"Ceremonia Lit\u00fargica de inhumaci\u00f3n - Montalegre","og_description":"El Sr. Cardenal Arzobispo de Barcelona, Llu\u00eds Mart\u00ednez Sistach ha decidido que el d\u00eda 11 de noviembre de este a\u00f1o, se haga la Ceremonia Lit\u00fargica de inhumaci\u00f3n perpetua de los restos mortales de D. Jos\u00e9 Mar\u00eda Hern\u00e1ndez Garnica en la Iglesia de Santa Mar\u00eda de Montalegre. Como muchos sab\u00e9is esto hace bastante tiempo que lo [&hellip;]","og_url":"https:\/\/www.montalegre.org\/es\/2011\/10\/ceremonia-liturgica-de-inhumacion\/","og_site_name":"Montalegre","article_published_time":"2011-10-12T15:27:41+00:00","og_image":[{"url":"http:\/\/www.montalegre.org\/wp-content\/uploads\/2011\/10\/capella-Santissim-1.jpg","type":"","width":"","height":""}],"author":"montalegre","twitter_card":"summary_large_image","twitter_misc":{"Escrito por":"montalegre","Tiempo de lectura":"2 minutos"},"schema":{"@context":"https:\/\/schema.org","@graph":[{"@type":"Article","@id":"https:\/\/www.montalegre.org\/es\/2011\/10\/ceremonia-liturgica-de-inhumacion\/#article","isPartOf":{"@id":"https:\/\/www.montalegre.org\/es\/2011\/10\/ceremonia-liturgica-de-inhumacion\/"},"author":{"name":"montalegre","@id":"https:\/\/www.montalegre.org\/es\/#\/schema\/person\/fa12d4cf3a3f1735a9176b4fafd6a633"},"headline":"Ceremonia Lit\u00fargica de inhumaci\u00f3n","datePublished":"2011-10-12T15:27:41+00:00","mainEntityOfPage":{"@id":"https:\/\/www.montalegre.org\/es\/2011\/10\/ceremonia-liturgica-de-inhumacion\/"},"wordCount":342,"commentCount":0,"image":{"@id":"https:\/\/www.montalegre.org\/es\/2011\/10\/ceremonia-liturgica-de-inhumacion\/#primaryimage"},"thumbnailUrl":"http:\/\/www.montalegre.org\/wp-content\/uploads\/2011\/10\/capella-Santissim-1.jpg","articleSection":["Noticias de Montalegre"],"inLanguage":"es","potentialAction":[{"@type":"CommentAction","name":"Comment","target":["https:\/\/www.montalegre.org\/es\/2011\/10\/ceremonia-liturgica-de-inhumacion\/#respond"]}]},{"@type":"WebPage","@id":"https:\/\/www.montalegre.org\/es\/2011\/10\/ceremonia-liturgica-de-inhumacion\/","url":"https:\/\/www.montalegre.org\/es\/2011\/10\/ceremonia-liturgica-de-inhumacion\/","name":"Ceremonia Lit\u00fargica de inhumaci\u00f3n - Montalegre","isPartOf":{"@id":"https:\/\/www.montalegre.org\/es\/#website"},"primaryImageOfPage":{"@id":"https:\/\/www.montalegre.org\/es\/2011\/10\/ceremonia-liturgica-de-inhumacion\/#primaryimage"},"image":{"@id":"https:\/\/www.montalegre.org\/es\/2011\/10\/ceremonia-liturgica-de-inhumacion\/#primaryimage"},"thumbnailUrl":"http:\/\/www.montalegre.org\/wp-content\/uploads\/2011\/10\/capella-Santissim-1.jpg","datePublished":"2011-10-12T15:27:41+00:00","author":{"@id":"https:\/\/www.montalegre.org\/es\/#\/schema\/person\/fa12d4cf3a3f1735a9176b4fafd6a633"},"breadcrumb":{"@id":"https:\/\/www.montalegre.org\/es\/2011\/10\/ceremonia-liturgica-de-inhumacion\/#breadcrumb"},"inLanguage":"es","potentialAction":[{"@type":"ReadAction","target":["https:\/\/www.montalegre.org\/es\/2011\/10\/ceremonia-liturgica-de-inhumacion\/"]}]},{"@type":"ImageObject","inLanguage":"es","@id":"https:\/\/www.montalegre.org\/es\/2011\/10\/ceremonia-liturgica-de-inhumacion\/#primaryimage","url":"http:\/\/www.montalegre.org\/wp-content\/uploads\/2011\/10\/capella-Santissim-1.jpg","contentUrl":"http:\/\/www.montalegre.org\/wp-content\/uploads\/2011\/10\/capella-Santissim-1.jpg"},{"@type":"BreadcrumbList","@id":"https:\/\/www.montalegre.org\/es\/2011\/10\/ceremonia-liturgica-de-inhumacion\/#breadcrumb","itemListElement":[{"@type":"ListItem","position":1,"name":"Portada","item":"https:\/\/www.montalegre.org\/es\/"},{"@type":"ListItem","position":2,"name":"Ceremonia Lit\u00fargica de inhumaci\u00f3n"}]},{"@type":"WebSite","@id":"https:\/\/www.montalegre.org\/es\/#website","url":"https:\/\/www.montalegre.org\/es\/","name":"Montalegre","description":"","potentialAction":[{"@type":"SearchAction","target":{"@type":"EntryPoint","urlTemplate":"https:\/\/www.montalegre.org\/es\/?s={search_term_string}"},"query-input":{"@type":"PropertyValueSpecification","valueRequired":true,"valueName":"search_term_string"}}],"inLanguage":"es"},{"@type":"Person","@id":"https:\/\/www.montalegre.org\/es\/#\/schema\/person\/fa12d4cf3a3f1735a9176b4fafd6a633","name":"montalegre","image":{"@type":"ImageObject","inLanguage":"es","@id":"https:\/\/www.montalegre.org\/es\/#\/schema\/person\/image\/","url":"https:\/\/secure.gravatar.com\/avatar\/fe6d886cf5081e723c666dceda1f12d4f39070fa2ed4e79695edc3ca355c9b5a?s=96&d=mm&r=g","contentUrl":"https:\/\/secure.gravatar.com\/avatar\/fe6d886cf5081e723c666dceda1f12d4f39070fa2ed4e79695edc3ca355c9b5a?s=96&d=mm&r=g","caption":"montalegre"},"url":"https:\/\/www.montalegre.org\/es\/author\/montalegre\/"}]}},"_links":{"self":[{"href":"https:\/\/www.montalegre.org\/es\/wp-json\/wp\/v2\/posts\/4135","targetHints":{"allow":["GET"]}}],"collection":[{"href":"https:\/\/www.montalegre.org\/es\/wp-json\/wp\/v2\/posts"}],"about":[{"href":"https:\/\/www.montalegre.org\/es\/wp-json\/wp\/v2\/types\/post"}],"author":[{"embeddable":true,"href":"https:\/\/www.montalegre.org\/es\/wp-json\/wp\/v2\/users\/4"}],"replies":[{"embeddable":true,"href":"https:\/\/www.montalegre.org\/es\/wp-json\/wp\/v2\/comments?post=4135"}],"version-history":[{"count":3,"href":"https:\/\/www.montalegre.org\/es\/wp-json\/wp\/v2\/posts\/4135\/revisions"}],"predecessor-version":[{"id":4138,"href":"https:\/\/www.montalegre.org\/es\/wp-json\/wp\/v2\/posts\/4135\/revisions\/4138"}],"wp:attachment":[{"href":"https:\/\/www.montalegre.org\/es\/wp-json\/wp\/v2\/media?parent=4135"}],"wp:term":[{"taxonomy":"category","embeddable":true,"href":"https:\/\/www.montalegre.org\/es\/wp-json\/wp\/v2\/categories?post=4135"},{"taxonomy":"post_tag","embeddable":true,"href":"https:\/\/www.montalegre.org\/es\/wp-json\/wp\/v2\/tags?post=4135"}],"curies":[{"name":"wp","href":"https:\/\/api.w.org\/{rel}","templated":true}]}}