{"id":4067,"date":"2011-10-05T08:53:19","date_gmt":"2011-10-05T08:53:19","guid":{"rendered":"http:\/\/www.montalegre.org\/?p=4067"},"modified":"2011-10-06T04:43:52","modified_gmt":"2011-10-06T04:43:52","slug":"%c2%a1no-nos-olvidemos-de-los-angeles","status":"publish","type":"post","link":"https:\/\/www.montalegre.org\/es\/2011\/10\/%c2%a1no-nos-olvidemos-de-los-angeles\/","title":{"rendered":"\u00a1No nos olvidemos de los \u00e1ngeles!"},"content":{"rendered":"<p><a href=\"http:\/\/www.montalegre.org\/wp-content\/uploads\/2011\/10\/Fiestaarcangeles1.jpg\"><img loading=\"lazy\" decoding=\"async\" class=\"alignleft size-medium wp-image-4074\" title=\"Fiestaarcangeles\" src=\"http:\/\/www.montalegre.org\/wp-content\/uploads\/2011\/10\/Fiestaarcangeles1-223x300.jpg\" alt=\"\" width=\"223\" height=\"300\" \/><\/a>Cerr\u00e1bamos el mes de septiembre con la celebraci\u00f3n de la fiesta de los tres Arc\u00e1ngeles, Santos Miguel, Gabriel y Rafael, y empez\u00e1bamos el mes actual con la celebraci\u00f3n de los santos \u00c1ngeles Custodios.<\/p>\n<p>Nos hablan estas celebraciones de la realidad de la presencia de los \u00c1ngeles en la vida del mundo y de la Iglesia. Una presencia a veces olvidada en una sociedad que, con frecuencia, no sabe mirar m\u00e1s all\u00e1 de la realidad m\u00e1s material.<\/p>\n<p>Los \u00c1ngeles forman parte de la fe dela Iglesia. El Catecismo de la Iglesia Cat\u00f3lica dice que<\/p>\n<p><em>La existencia de seres espirituales, no corporales, que la Sagrada Escritura llama habitualmente \u00e1ngeles, es una verdad de fe. El testimonio de la Escritura es tan claro como la unanimidad de la Tradici\u00f3n. (Catecismo 328)<\/em><\/p>\n<p><em>S. Agust\u00edn dice respecto a ellos: &#8220;Angelus officii nomen est, non naturae. Quaeris nomen huius naturae, spiritus est; quaeris officium, angelus est: ex eo quod est, spiritus est, ex eo quod agit, angelus&#8221; (&#8220;El nombre de \u00e1ngel indica su oficio, no su naturaleza. Si preguntas por su naturaleza, te dir\u00e9 que es un esp\u00edritu; si preguntas por lo que hace, te dir\u00e9 que es un \u00e1ngel&#8221;) (Psal. 103,1,15). Con todo su ser, los \u00e1ngeles son servidores y mensajeros de Dios. Porque contemplan &#8220;constantemente el rostro de mi Padre que est\u00e1 en los cielos&#8221; (Mt 18,10), son &#8220;agentes de sus \u00f3rdenes, atentos a la voz de su palabra&#8221; (Sal 103,20). (Catecismo 329)<\/em><\/p>\n<p>Es especialmente entra\u00f1able la figura del Angel Custodio, del que nos hablar\u00e1 tambi\u00e9n el Catecismo.<\/p>\n<p><em>Desde\u00a0 su comienzo (cf. Mt 18,10) hasta la muerte (cf. Lc 16,22), la vida humana est\u00e1 rodeada de su custodia (cf. Sal 34,8; 91, 10-13) y de su intercesi\u00f3n (cf. Jb 33,23-24; Za 1,12; Tb 12,12). &#8220;Cada fiel tiene a su lado un \u00e1ngel como protector y pastor para conducirlo a la vida&#8221; (S. Basilio,\u00a0 Eun. 3, 1). Desde esta tierra, la vida cristiana participa, por la fe, en la sociedad bienaventurada de los \u00e1ngeles y de los hombres, unidos en Dios. (Catecismo 336).<\/em><\/p>\n<p>Quiz\u00e1 estamos muy acostumbrados a pensar en los \u00c1ngeles Custodios como protectores de los ni\u00f1os, y recordamos con cierta nostalgia aquella oraci\u00f3n que aprendimos a dirigirles en nuestra ni\u00f1ez. Hemos de darnos cuenta de que la figura del \u00c1ngel Custodio es mucho mas necesaria para los adultos que para los infantes. El camino cristiano est\u00e1 lleno de dificultades y problemas, y la posibilidad de equivocaciones y errores es alta. En ese buen prop\u00f3sito de vida cristiana en medio de las aguas revueltas del mundo es donde podremos contar con la ayuda poderosa de los \u00c1ngeles Custodios. San Josemar\u00eda escribi\u00f3 en Camino:<\/p>\n<p><em>Te pasmas porque tu Angel Custodio te ha hecho servicios patentes. -Y no deb\u00edas pasmarte: para eso le coloc\u00f3 el Se\u00f1or junto a ti (Camino 565)<\/em><\/p>\n<p>Mn Francesc Perarnau<\/p>\n","protected":false},"excerpt":{"rendered":"<p>Cerr\u00e1bamos el mes de septiembre con la celebraci\u00f3n de la fiesta de los tres Arc\u00e1ngeles, Santos Miguel, Gabriel y Rafael, y empez\u00e1bamos el mes actual con la celebraci\u00f3n de los santos \u00c1ngeles Custodios. Nos hablan estas celebraciones de la realidad de la presencia de los \u00c1ngeles en la vida del mundo y de la Iglesia. [&hellip;]<\/p>\n","protected":false},"author":4,"featured_media":0,"comment_status":"open","ping_status":"open","sticky":false,"template":"","format":"standard","meta":{"footnotes":""},"categories":[52],"tags":[],"class_list":["post-4067","post","type-post","status-publish","format-standard","hentry","category-editorial"],"yoast_head":"<!-- This site is optimized with the Yoast SEO plugin v27.1.1 - https:\/\/yoast.com\/product\/yoast-seo-wordpress\/ -->\n<title>\u00a1No nos olvidemos de los \u00e1ngeles! - Montalegre<\/title>\n<meta name=\"robots\" content=\"index, follow, max-snippet:-1, max-image-preview:large, max-video-preview:-1\" \/>\n<link rel=\"canonical\" href=\"https:\/\/www.montalegre.org\/es\/2011\/10\/%c2%a1no-nos-olvidemos-de-los-angeles\/\" \/>\n<meta property=\"og:locale\" content=\"es_ES\" \/>\n<meta property=\"og:type\" content=\"article\" \/>\n<meta property=\"og:title\" content=\"\u00a1No nos olvidemos de los \u00e1ngeles! - Montalegre\" \/>\n<meta property=\"og:description\" content=\"Cerr\u00e1bamos el mes de septiembre con la celebraci\u00f3n de la fiesta de los tres Arc\u00e1ngeles, Santos Miguel, Gabriel y Rafael, y empez\u00e1bamos el mes actual con la celebraci\u00f3n de los santos \u00c1ngeles Custodios. Nos hablan estas celebraciones de la realidad de la presencia de los \u00c1ngeles en la vida del mundo y de la Iglesia. [&hellip;]\" \/>\n<meta property=\"og:url\" content=\"https:\/\/www.montalegre.org\/es\/2011\/10\/%c2%a1no-nos-olvidemos-de-los-angeles\/\" \/>\n<meta property=\"og:site_name\" content=\"Montalegre\" \/>\n<meta property=\"article:published_time\" content=\"2011-10-05T08:53:19+00:00\" \/>\n<meta property=\"article:modified_time\" content=\"2011-10-06T04:43:52+00:00\" \/>\n<meta property=\"og:image\" content=\"http:\/\/www.montalegre.org\/wp-content\/uploads\/2011\/10\/Fiestaarcangeles1-223x300.jpg\" \/>\n<meta name=\"author\" content=\"montalegre\" \/>\n<meta name=\"twitter:card\" content=\"summary_large_image\" \/>\n<meta name=\"twitter:label1\" content=\"Escrito por\" \/>\n\t<meta name=\"twitter:data1\" content=\"montalegre\" \/>\n\t<meta name=\"twitter:label2\" content=\"Tiempo de lectura\" \/>\n\t<meta name=\"twitter:data2\" content=\"2 minutos\" \/>\n<script type=\"application\/ld+json\" class=\"yoast-schema-graph\">{\"@context\":\"https:\/\/schema.org\",\"@graph\":[{\"@type\":\"Article\",\"@id\":\"https:\/\/www.montalegre.org\/es\/2011\/10\/%c2%a1no-nos-olvidemos-de-los-angeles\/#article\",\"isPartOf\":{\"@id\":\"https:\/\/www.montalegre.org\/es\/2011\/10\/%c2%a1no-nos-olvidemos-de-los-angeles\/\"},\"author\":{\"name\":\"montalegre\",\"@id\":\"https:\/\/www.montalegre.org\/es\/#\/schema\/person\/fa12d4cf3a3f1735a9176b4fafd6a633\"},\"headline\":\"\u00a1No nos olvidemos de los \u00e1ngeles!\",\"datePublished\":\"2011-10-05T08:53:19+00:00\",\"dateModified\":\"2011-10-06T04:43:52+00:00\",\"mainEntityOfPage\":{\"@id\":\"https:\/\/www.montalegre.org\/es\/2011\/10\/%c2%a1no-nos-olvidemos-de-los-angeles\/\"},\"wordCount\":480,\"commentCount\":0,\"image\":{\"@id\":\"https:\/\/www.montalegre.org\/es\/2011\/10\/%c2%a1no-nos-olvidemos-de-los-angeles\/#primaryimage\"},\"thumbnailUrl\":\"http:\/\/www.montalegre.org\/wp-content\/uploads\/2011\/10\/Fiestaarcangeles1-223x300.jpg\",\"articleSection\":[\"Editorial\"],\"inLanguage\":\"es\",\"potentialAction\":[{\"@type\":\"CommentAction\",\"name\":\"Comment\",\"target\":[\"https:\/\/www.montalegre.org\/es\/2011\/10\/%c2%a1no-nos-olvidemos-de-los-angeles\/#respond\"]}]},{\"@type\":\"WebPage\",\"@id\":\"https:\/\/www.montalegre.org\/es\/2011\/10\/%c2%a1no-nos-olvidemos-de-los-angeles\/\",\"url\":\"https:\/\/www.montalegre.org\/es\/2011\/10\/%c2%a1no-nos-olvidemos-de-los-angeles\/\",\"name\":\"\u00a1No nos olvidemos de los \u00e1ngeles! - Montalegre\",\"isPartOf\":{\"@id\":\"https:\/\/www.montalegre.org\/es\/#website\"},\"primaryImageOfPage\":{\"@id\":\"https:\/\/www.montalegre.org\/es\/2011\/10\/%c2%a1no-nos-olvidemos-de-los-angeles\/#primaryimage\"},\"image\":{\"@id\":\"https:\/\/www.montalegre.org\/es\/2011\/10\/%c2%a1no-nos-olvidemos-de-los-angeles\/#primaryimage\"},\"thumbnailUrl\":\"http:\/\/www.montalegre.org\/wp-content\/uploads\/2011\/10\/Fiestaarcangeles1-223x300.jpg\",\"datePublished\":\"2011-10-05T08:53:19+00:00\",\"dateModified\":\"2011-10-06T04:43:52+00:00\",\"author\":{\"@id\":\"https:\/\/www.montalegre.org\/es\/#\/schema\/person\/fa12d4cf3a3f1735a9176b4fafd6a633\"},\"breadcrumb\":{\"@id\":\"https:\/\/www.montalegre.org\/es\/2011\/10\/%c2%a1no-nos-olvidemos-de-los-angeles\/#breadcrumb\"},\"inLanguage\":\"es\",\"potentialAction\":[{\"@type\":\"ReadAction\",\"target\":[\"https:\/\/www.montalegre.org\/es\/2011\/10\/%c2%a1no-nos-olvidemos-de-los-angeles\/\"]}]},{\"@type\":\"ImageObject\",\"inLanguage\":\"es\",\"@id\":\"https:\/\/www.montalegre.org\/es\/2011\/10\/%c2%a1no-nos-olvidemos-de-los-angeles\/#primaryimage\",\"url\":\"http:\/\/www.montalegre.org\/wp-content\/uploads\/2011\/10\/Fiestaarcangeles1-223x300.jpg\",\"contentUrl\":\"http:\/\/www.montalegre.org\/wp-content\/uploads\/2011\/10\/Fiestaarcangeles1-223x300.jpg\"},{\"@type\":\"BreadcrumbList\",\"@id\":\"https:\/\/www.montalegre.org\/es\/2011\/10\/%c2%a1no-nos-olvidemos-de-los-angeles\/#breadcrumb\",\"itemListElement\":[{\"@type\":\"ListItem\",\"position\":1,\"name\":\"Portada\",\"item\":\"https:\/\/www.montalegre.org\/es\/\"},{\"@type\":\"ListItem\",\"position\":2,\"name\":\"\u00a1No nos olvidemos de los \u00e1ngeles!\"}]},{\"@type\":\"WebSite\",\"@id\":\"https:\/\/www.montalegre.org\/es\/#website\",\"url\":\"https:\/\/www.montalegre.org\/es\/\",\"name\":\"Montalegre\",\"description\":\"\",\"potentialAction\":[{\"@type\":\"SearchAction\",\"target\":{\"@type\":\"EntryPoint\",\"urlTemplate\":\"https:\/\/www.montalegre.org\/es\/?s={search_term_string}\"},\"query-input\":{\"@type\":\"PropertyValueSpecification\",\"valueRequired\":true,\"valueName\":\"search_term_string\"}}],\"inLanguage\":\"es\"},{\"@type\":\"Person\",\"@id\":\"https:\/\/www.montalegre.org\/es\/#\/schema\/person\/fa12d4cf3a3f1735a9176b4fafd6a633\",\"name\":\"montalegre\",\"image\":{\"@type\":\"ImageObject\",\"inLanguage\":\"es\",\"@id\":\"https:\/\/www.montalegre.org\/es\/#\/schema\/person\/image\/\",\"url\":\"https:\/\/secure.gravatar.com\/avatar\/fe6d886cf5081e723c666dceda1f12d4f39070fa2ed4e79695edc3ca355c9b5a?s=96&d=mm&r=g\",\"contentUrl\":\"https:\/\/secure.gravatar.com\/avatar\/fe6d886cf5081e723c666dceda1f12d4f39070fa2ed4e79695edc3ca355c9b5a?s=96&d=mm&r=g\",\"caption\":\"montalegre\"},\"url\":\"https:\/\/www.montalegre.org\/es\/author\/montalegre\/\"}]}<\/script>\n<!-- \/ Yoast SEO plugin. -->","yoast_head_json":{"title":"\u00a1No nos olvidemos de los \u00e1ngeles! - Montalegre","robots":{"index":"index","follow":"follow","max-snippet":"max-snippet:-1","max-image-preview":"max-image-preview:large","max-video-preview":"max-video-preview:-1"},"canonical":"https:\/\/www.montalegre.org\/es\/2011\/10\/%c2%a1no-nos-olvidemos-de-los-angeles\/","og_locale":"es_ES","og_type":"article","og_title":"\u00a1No nos olvidemos de los \u00e1ngeles! - Montalegre","og_description":"Cerr\u00e1bamos el mes de septiembre con la celebraci\u00f3n de la fiesta de los tres Arc\u00e1ngeles, Santos Miguel, Gabriel y Rafael, y empez\u00e1bamos el mes actual con la celebraci\u00f3n de los santos \u00c1ngeles Custodios. Nos hablan estas celebraciones de la realidad de la presencia de los \u00c1ngeles en la vida del mundo y de la Iglesia. [&hellip;]","og_url":"https:\/\/www.montalegre.org\/es\/2011\/10\/%c2%a1no-nos-olvidemos-de-los-angeles\/","og_site_name":"Montalegre","article_published_time":"2011-10-05T08:53:19+00:00","article_modified_time":"2011-10-06T04:43:52+00:00","og_image":[{"url":"http:\/\/www.montalegre.org\/wp-content\/uploads\/2011\/10\/Fiestaarcangeles1-223x300.jpg","type":"","width":"","height":""}],"author":"montalegre","twitter_card":"summary_large_image","twitter_misc":{"Escrito por":"montalegre","Tiempo de lectura":"2 minutos"},"schema":{"@context":"https:\/\/schema.org","@graph":[{"@type":"Article","@id":"https:\/\/www.montalegre.org\/es\/2011\/10\/%c2%a1no-nos-olvidemos-de-los-angeles\/#article","isPartOf":{"@id":"https:\/\/www.montalegre.org\/es\/2011\/10\/%c2%a1no-nos-olvidemos-de-los-angeles\/"},"author":{"name":"montalegre","@id":"https:\/\/www.montalegre.org\/es\/#\/schema\/person\/fa12d4cf3a3f1735a9176b4fafd6a633"},"headline":"\u00a1No nos olvidemos de los \u00e1ngeles!","datePublished":"2011-10-05T08:53:19+00:00","dateModified":"2011-10-06T04:43:52+00:00","mainEntityOfPage":{"@id":"https:\/\/www.montalegre.org\/es\/2011\/10\/%c2%a1no-nos-olvidemos-de-los-angeles\/"},"wordCount":480,"commentCount":0,"image":{"@id":"https:\/\/www.montalegre.org\/es\/2011\/10\/%c2%a1no-nos-olvidemos-de-los-angeles\/#primaryimage"},"thumbnailUrl":"http:\/\/www.montalegre.org\/wp-content\/uploads\/2011\/10\/Fiestaarcangeles1-223x300.jpg","articleSection":["Editorial"],"inLanguage":"es","potentialAction":[{"@type":"CommentAction","name":"Comment","target":["https:\/\/www.montalegre.org\/es\/2011\/10\/%c2%a1no-nos-olvidemos-de-los-angeles\/#respond"]}]},{"@type":"WebPage","@id":"https:\/\/www.montalegre.org\/es\/2011\/10\/%c2%a1no-nos-olvidemos-de-los-angeles\/","url":"https:\/\/www.montalegre.org\/es\/2011\/10\/%c2%a1no-nos-olvidemos-de-los-angeles\/","name":"\u00a1No nos olvidemos de los \u00e1ngeles! - Montalegre","isPartOf":{"@id":"https:\/\/www.montalegre.org\/es\/#website"},"primaryImageOfPage":{"@id":"https:\/\/www.montalegre.org\/es\/2011\/10\/%c2%a1no-nos-olvidemos-de-los-angeles\/#primaryimage"},"image":{"@id":"https:\/\/www.montalegre.org\/es\/2011\/10\/%c2%a1no-nos-olvidemos-de-los-angeles\/#primaryimage"},"thumbnailUrl":"http:\/\/www.montalegre.org\/wp-content\/uploads\/2011\/10\/Fiestaarcangeles1-223x300.jpg","datePublished":"2011-10-05T08:53:19+00:00","dateModified":"2011-10-06T04:43:52+00:00","author":{"@id":"https:\/\/www.montalegre.org\/es\/#\/schema\/person\/fa12d4cf3a3f1735a9176b4fafd6a633"},"breadcrumb":{"@id":"https:\/\/www.montalegre.org\/es\/2011\/10\/%c2%a1no-nos-olvidemos-de-los-angeles\/#breadcrumb"},"inLanguage":"es","potentialAction":[{"@type":"ReadAction","target":["https:\/\/www.montalegre.org\/es\/2011\/10\/%c2%a1no-nos-olvidemos-de-los-angeles\/"]}]},{"@type":"ImageObject","inLanguage":"es","@id":"https:\/\/www.montalegre.org\/es\/2011\/10\/%c2%a1no-nos-olvidemos-de-los-angeles\/#primaryimage","url":"http:\/\/www.montalegre.org\/wp-content\/uploads\/2011\/10\/Fiestaarcangeles1-223x300.jpg","contentUrl":"http:\/\/www.montalegre.org\/wp-content\/uploads\/2011\/10\/Fiestaarcangeles1-223x300.jpg"},{"@type":"BreadcrumbList","@id":"https:\/\/www.montalegre.org\/es\/2011\/10\/%c2%a1no-nos-olvidemos-de-los-angeles\/#breadcrumb","itemListElement":[{"@type":"ListItem","position":1,"name":"Portada","item":"https:\/\/www.montalegre.org\/es\/"},{"@type":"ListItem","position":2,"name":"\u00a1No nos olvidemos de los \u00e1ngeles!"}]},{"@type":"WebSite","@id":"https:\/\/www.montalegre.org\/es\/#website","url":"https:\/\/www.montalegre.org\/es\/","name":"Montalegre","description":"","potentialAction":[{"@type":"SearchAction","target":{"@type":"EntryPoint","urlTemplate":"https:\/\/www.montalegre.org\/es\/?s={search_term_string}"},"query-input":{"@type":"PropertyValueSpecification","valueRequired":true,"valueName":"search_term_string"}}],"inLanguage":"es"},{"@type":"Person","@id":"https:\/\/www.montalegre.org\/es\/#\/schema\/person\/fa12d4cf3a3f1735a9176b4fafd6a633","name":"montalegre","image":{"@type":"ImageObject","inLanguage":"es","@id":"https:\/\/www.montalegre.org\/es\/#\/schema\/person\/image\/","url":"https:\/\/secure.gravatar.com\/avatar\/fe6d886cf5081e723c666dceda1f12d4f39070fa2ed4e79695edc3ca355c9b5a?s=96&d=mm&r=g","contentUrl":"https:\/\/secure.gravatar.com\/avatar\/fe6d886cf5081e723c666dceda1f12d4f39070fa2ed4e79695edc3ca355c9b5a?s=96&d=mm&r=g","caption":"montalegre"},"url":"https:\/\/www.montalegre.org\/es\/author\/montalegre\/"}]}},"_links":{"self":[{"href":"https:\/\/www.montalegre.org\/es\/wp-json\/wp\/v2\/posts\/4067","targetHints":{"allow":["GET"]}}],"collection":[{"href":"https:\/\/www.montalegre.org\/es\/wp-json\/wp\/v2\/posts"}],"about":[{"href":"https:\/\/www.montalegre.org\/es\/wp-json\/wp\/v2\/types\/post"}],"author":[{"embeddable":true,"href":"https:\/\/www.montalegre.org\/es\/wp-json\/wp\/v2\/users\/4"}],"replies":[{"embeddable":true,"href":"https:\/\/www.montalegre.org\/es\/wp-json\/wp\/v2\/comments?post=4067"}],"version-history":[{"count":5,"href":"https:\/\/www.montalegre.org\/es\/wp-json\/wp\/v2\/posts\/4067\/revisions"}],"predecessor-version":[{"id":4077,"href":"https:\/\/www.montalegre.org\/es\/wp-json\/wp\/v2\/posts\/4067\/revisions\/4077"}],"wp:attachment":[{"href":"https:\/\/www.montalegre.org\/es\/wp-json\/wp\/v2\/media?parent=4067"}],"wp:term":[{"taxonomy":"category","embeddable":true,"href":"https:\/\/www.montalegre.org\/es\/wp-json\/wp\/v2\/categories?post=4067"},{"taxonomy":"post_tag","embeddable":true,"href":"https:\/\/www.montalegre.org\/es\/wp-json\/wp\/v2\/tags?post=4067"}],"curies":[{"name":"wp","href":"https:\/\/api.w.org\/{rel}","templated":true}]}}