{"id":3946,"date":"2011-09-18T15:51:57","date_gmt":"2011-09-18T15:51:57","guid":{"rendered":"http:\/\/www.montalegre.org\/?p=3946"},"modified":"2011-09-18T15:51:57","modified_gmt":"2011-09-18T15:51:57","slug":"torreciudad-un-ano-singular","status":"publish","type":"post","link":"https:\/\/www.montalegre.org\/es\/2011\/09\/torreciudad-un-ano-singular\/","title":{"rendered":"Torreciudad, un a\u00f1o singular"},"content":{"rendered":"<div id=\"attachment_3941\" style=\"width: 160px\" class=\"wp-caption alignleft\"><a rel=\"attachment wp-att-3941\" href=\"http:\/\/www.montalegre.org\/2011\/09\/torreciudad-un-any-singular\/img_7394\/\"><img loading=\"lazy\" decoding=\"async\" aria-describedby=\"caption-attachment-3941\" class=\"size-thumbnail wp-image-3941\" title=\"IMG_7394\" src=\"http:\/\/www.montalegre.org\/wp-content\/uploads\/2011\/09\/IMG_7394-150x150.jpg\" alt=\"\" width=\"150\" height=\"150\" \/><\/a><p id=\"caption-attachment-3941\" class=\"wp-caption-text\">Santuario de Torreciudad<\/p><\/div>\n<p>\u00a0<\/p>\n<p>Un a\u00f1o m\u00e1s en el Santuario de Torreciudad en Huesca se celebr\u00f3 la el 17 de septiembre la Jornada Mariana de la Familia, cumpli\u00e9ndose en esta ocasi\u00f3n su vig\u00e9simo segundo encuentro. Fue presidida por el Emmo. Y Rvdmo. Sr. D. Antonio Mar\u00eda Rouco Varela, Cardenal Arzobispo de Madrid y presidente de la Conferencia Episcopal Espa\u00f1ola. El programa de la jornada se inici\u00f3 con las ofrendas de las familias a la Virgen, sigui\u00f3 la Santa Misa y el mensaje de Su Santidad Benedicto XVI; y despu\u00e9s del almuerzo las Actuaciones de las familias, Santo Rosario con procesi\u00f3n de la Virgen y Exposici\u00f3n Solemne. Todos estos actos se desarrollaron en la explanada del santuario, a pleno sol, como viene siendo habitual. Estuvimos presentes unas 16000 personas, n\u00famero de peregrinos que cada a\u00f1o va en aumento, motivo por el cual la organizaci\u00f3n ha de superar anualmente todos sus esfuerzos para el buen desarrollo y movimientos de todos los participantes.<\/p>\n<p>\u00a0La novedad de XXII Jornada de Familia ha sido su retrasmisi\u00f3n en directo por el canal TV 13, cosa que ha hecho posible que la celebraci\u00f3n entrara en muchos hogares de incontables telespectadores. Se esperaba que la homil\u00eda de D. Antonio Mar\u00eda Rouco nos inyectara de su \u00e1nimo todo el impulso de la JMJ de Madrid, del pasado mes de agosto, en la que \u00e9l tuvo una participaci\u00f3n totalmente activa junto a Benedicto XVI.<\/p>\n<div id=\"attachment_3942\" style=\"width: 160px\" class=\"wp-caption alignright\"><a rel=\"attachment wp-att-3942\" href=\"http:\/\/www.montalegre.org\/2011\/09\/torreciudad-un-any-singular\/img_7353\/\"><img loading=\"lazy\" decoding=\"async\" aria-describedby=\"caption-attachment-3942\" class=\"size-thumbnail wp-image-3942\" title=\"IMG_7353\" src=\"http:\/\/www.montalegre.org\/wp-content\/uploads\/2011\/09\/IMG_7353-150x150.jpg\" alt=\"\" width=\"150\" height=\"150\" \/><\/a><p id=\"caption-attachment-3942\" class=\"wp-caption-text\">D. Antonio Mar\u00eda Rouco en la celebraci\u00f3n eucar\u00edstica<\/p><\/div>\n<p>\u00a0Y efectivamente, se\u00f1al\u00f3 que este a\u00f1o 2011 era un a\u00f1o singular pues hab\u00eda coincidido con la Jornada Mundial de la Juventud, cosa que ocurri\u00f3 en el a\u00f1o 1989 en la I Jornada Mariana de la Familia en la que coincidi\u00f3 con la Jornada Mundial de la Juventud en Santiago de Compostela, coincidencias que fueron el presagio de que las pocas semanas se produjera la ca\u00edda del muro de Berl\u00edn. Y la JMJ y la JMF celebradas este a\u00f1o las calific\u00f3 como inolvidables pues formar\u00e1n parte de la historia de la gracia de los j\u00f3venes y las familias, pues \u201cAqu\u00ed \u2013dijo- se viene a buscar el misterio de la gracia\u201d. Ah\u00ed se conoce quien sigue a Cristo: firmes en la fe, y al amparo de la Virgen; y a\u00f1adi\u00f3 \u2013como recordando las palabras de San Jos\u00e9 Mar\u00eda \u201cHay que luchar\u2026nuestra vocaci\u00f3n\u00a0 es la vocaci\u00f3n a la santidad, la cual es la verdadera vocaci\u00f3n para la cual ha nacido el hombre\u201d\u2026\u201dLa Virgen\u00a0 es instrumento de gracia y de misericordia\u2026 No hay que tener miedo a las contrariedades, hay que tener miedo al pecado, a las debilidades\u201d.<\/p>\n<p>Por \u00faltimo, y haciendo referencia a la coyuntura actual insisti\u00f3 en que \u201cLa crisis actual no es t\u00e9cnica, es moral, es la de haber renunciado a Dios\u2026\u201d. D. Antonio Mar\u00eda Rouco despu\u00e9s del almuerzo particip\u00f3 en la ofrenda de los ni\u00f1os a la Virgen, se paseo por la explanada saludando a los peregrinos, y rez\u00f3 junto con todos nosotros en el presbiterio en la Exposici\u00f3n Solemne.<\/p>\n<p>Isabel Hern\u00e1ndez Esteban<\/p>\n","protected":false},"excerpt":{"rendered":"<p>\u00a0 Un a\u00f1o m\u00e1s en el Santuario de Torreciudad en Huesca se celebr\u00f3 la el 17 de septiembre la Jornada Mariana de la Familia, cumpli\u00e9ndose en esta ocasi\u00f3n su vig\u00e9simo segundo encuentro. Fue presidida por el Emmo. Y Rvdmo. Sr. D. Antonio Mar\u00eda Rouco Varela, Cardenal Arzobispo de Madrid y presidente de la Conferencia Episcopal [&hellip;]<\/p>\n","protected":false},"author":4,"featured_media":0,"comment_status":"open","ping_status":"open","sticky":false,"template":"","format":"standard","meta":{"footnotes":""},"categories":[1],"tags":[],"class_list":["post-3946","post","type-post","status-publish","format-standard","hentry","category-noticias-de-montalegre"],"yoast_head":"<!-- This site is optimized with the Yoast SEO plugin v27.1.1 - https:\/\/yoast.com\/product\/yoast-seo-wordpress\/ -->\n<title>Torreciudad, un a\u00f1o singular - Montalegre<\/title>\n<meta name=\"robots\" content=\"index, follow, max-snippet:-1, max-image-preview:large, max-video-preview:-1\" \/>\n<link rel=\"canonical\" href=\"https:\/\/www.montalegre.org\/es\/2011\/09\/torreciudad-un-ano-singular\/\" \/>\n<meta property=\"og:locale\" content=\"es_ES\" \/>\n<meta property=\"og:type\" content=\"article\" \/>\n<meta property=\"og:title\" content=\"Torreciudad, un a\u00f1o singular - Montalegre\" \/>\n<meta property=\"og:description\" content=\"\u00a0 Un a\u00f1o m\u00e1s en el Santuario de Torreciudad en Huesca se celebr\u00f3 la el 17 de septiembre la Jornada Mariana de la Familia, cumpli\u00e9ndose en esta ocasi\u00f3n su vig\u00e9simo segundo encuentro. Fue presidida por el Emmo. Y Rvdmo. Sr. D. Antonio Mar\u00eda Rouco Varela, Cardenal Arzobispo de Madrid y presidente de la Conferencia Episcopal [&hellip;]\" \/>\n<meta property=\"og:url\" content=\"https:\/\/www.montalegre.org\/es\/2011\/09\/torreciudad-un-ano-singular\/\" \/>\n<meta property=\"og:site_name\" content=\"Montalegre\" \/>\n<meta property=\"article:published_time\" content=\"2011-09-18T15:51:57+00:00\" \/>\n<meta property=\"og:image\" content=\"http:\/\/www.montalegre.org\/wp-content\/uploads\/2011\/09\/IMG_7394-150x150.jpg\" \/>\n<meta name=\"author\" content=\"montalegre\" \/>\n<meta name=\"twitter:card\" content=\"summary_large_image\" \/>\n<meta name=\"twitter:label1\" content=\"Escrito por\" \/>\n\t<meta name=\"twitter:data1\" content=\"montalegre\" \/>\n\t<meta name=\"twitter:label2\" content=\"Tiempo de lectura\" \/>\n\t<meta name=\"twitter:data2\" content=\"3 minutos\" \/>\n<script type=\"application\/ld+json\" class=\"yoast-schema-graph\">{\"@context\":\"https:\/\/schema.org\",\"@graph\":[{\"@type\":\"Article\",\"@id\":\"https:\/\/www.montalegre.org\/es\/2011\/09\/torreciudad-un-ano-singular\/#article\",\"isPartOf\":{\"@id\":\"https:\/\/www.montalegre.org\/es\/2011\/09\/torreciudad-un-ano-singular\/\"},\"author\":{\"name\":\"montalegre\",\"@id\":\"https:\/\/www.montalegre.org\/es\/#\/schema\/person\/fa12d4cf3a3f1735a9176b4fafd6a633\"},\"headline\":\"Torreciudad, un a\u00f1o singular\",\"datePublished\":\"2011-09-18T15:51:57+00:00\",\"mainEntityOfPage\":{\"@id\":\"https:\/\/www.montalegre.org\/es\/2011\/09\/torreciudad-un-ano-singular\/\"},\"wordCount\":554,\"commentCount\":0,\"image\":{\"@id\":\"https:\/\/www.montalegre.org\/es\/2011\/09\/torreciudad-un-ano-singular\/#primaryimage\"},\"thumbnailUrl\":\"http:\/\/www.montalegre.org\/wp-content\/uploads\/2011\/09\/IMG_7394-150x150.jpg\",\"articleSection\":[\"Noticias de Montalegre\"],\"inLanguage\":\"es\",\"potentialAction\":[{\"@type\":\"CommentAction\",\"name\":\"Comment\",\"target\":[\"https:\/\/www.montalegre.org\/es\/2011\/09\/torreciudad-un-ano-singular\/#respond\"]}]},{\"@type\":\"WebPage\",\"@id\":\"https:\/\/www.montalegre.org\/es\/2011\/09\/torreciudad-un-ano-singular\/\",\"url\":\"https:\/\/www.montalegre.org\/es\/2011\/09\/torreciudad-un-ano-singular\/\",\"name\":\"Torreciudad, un a\u00f1o singular - Montalegre\",\"isPartOf\":{\"@id\":\"https:\/\/www.montalegre.org\/es\/#website\"},\"primaryImageOfPage\":{\"@id\":\"https:\/\/www.montalegre.org\/es\/2011\/09\/torreciudad-un-ano-singular\/#primaryimage\"},\"image\":{\"@id\":\"https:\/\/www.montalegre.org\/es\/2011\/09\/torreciudad-un-ano-singular\/#primaryimage\"},\"thumbnailUrl\":\"http:\/\/www.montalegre.org\/wp-content\/uploads\/2011\/09\/IMG_7394-150x150.jpg\",\"datePublished\":\"2011-09-18T15:51:57+00:00\",\"author\":{\"@id\":\"https:\/\/www.montalegre.org\/es\/#\/schema\/person\/fa12d4cf3a3f1735a9176b4fafd6a633\"},\"breadcrumb\":{\"@id\":\"https:\/\/www.montalegre.org\/es\/2011\/09\/torreciudad-un-ano-singular\/#breadcrumb\"},\"inLanguage\":\"es\",\"potentialAction\":[{\"@type\":\"ReadAction\",\"target\":[\"https:\/\/www.montalegre.org\/es\/2011\/09\/torreciudad-un-ano-singular\/\"]}]},{\"@type\":\"ImageObject\",\"inLanguage\":\"es\",\"@id\":\"https:\/\/www.montalegre.org\/es\/2011\/09\/torreciudad-un-ano-singular\/#primaryimage\",\"url\":\"http:\/\/www.montalegre.org\/wp-content\/uploads\/2011\/09\/IMG_7394-150x150.jpg\",\"contentUrl\":\"http:\/\/www.montalegre.org\/wp-content\/uploads\/2011\/09\/IMG_7394-150x150.jpg\"},{\"@type\":\"BreadcrumbList\",\"@id\":\"https:\/\/www.montalegre.org\/es\/2011\/09\/torreciudad-un-ano-singular\/#breadcrumb\",\"itemListElement\":[{\"@type\":\"ListItem\",\"position\":1,\"name\":\"Portada\",\"item\":\"https:\/\/www.montalegre.org\/es\/\"},{\"@type\":\"ListItem\",\"position\":2,\"name\":\"Torreciudad, un a\u00f1o singular\"}]},{\"@type\":\"WebSite\",\"@id\":\"https:\/\/www.montalegre.org\/es\/#website\",\"url\":\"https:\/\/www.montalegre.org\/es\/\",\"name\":\"Montalegre\",\"description\":\"\",\"potentialAction\":[{\"@type\":\"SearchAction\",\"target\":{\"@type\":\"EntryPoint\",\"urlTemplate\":\"https:\/\/www.montalegre.org\/es\/?s={search_term_string}\"},\"query-input\":{\"@type\":\"PropertyValueSpecification\",\"valueRequired\":true,\"valueName\":\"search_term_string\"}}],\"inLanguage\":\"es\"},{\"@type\":\"Person\",\"@id\":\"https:\/\/www.montalegre.org\/es\/#\/schema\/person\/fa12d4cf3a3f1735a9176b4fafd6a633\",\"name\":\"montalegre\",\"image\":{\"@type\":\"ImageObject\",\"inLanguage\":\"es\",\"@id\":\"https:\/\/www.montalegre.org\/es\/#\/schema\/person\/image\/\",\"url\":\"https:\/\/secure.gravatar.com\/avatar\/fe6d886cf5081e723c666dceda1f12d4f39070fa2ed4e79695edc3ca355c9b5a?s=96&d=mm&r=g\",\"contentUrl\":\"https:\/\/secure.gravatar.com\/avatar\/fe6d886cf5081e723c666dceda1f12d4f39070fa2ed4e79695edc3ca355c9b5a?s=96&d=mm&r=g\",\"caption\":\"montalegre\"},\"url\":\"https:\/\/www.montalegre.org\/es\/author\/montalegre\/\"}]}<\/script>\n<!-- \/ Yoast SEO plugin. -->","yoast_head_json":{"title":"Torreciudad, un a\u00f1o singular - Montalegre","robots":{"index":"index","follow":"follow","max-snippet":"max-snippet:-1","max-image-preview":"max-image-preview:large","max-video-preview":"max-video-preview:-1"},"canonical":"https:\/\/www.montalegre.org\/es\/2011\/09\/torreciudad-un-ano-singular\/","og_locale":"es_ES","og_type":"article","og_title":"Torreciudad, un a\u00f1o singular - Montalegre","og_description":"\u00a0 Un a\u00f1o m\u00e1s en el Santuario de Torreciudad en Huesca se celebr\u00f3 la el 17 de septiembre la Jornada Mariana de la Familia, cumpli\u00e9ndose en esta ocasi\u00f3n su vig\u00e9simo segundo encuentro. Fue presidida por el Emmo. Y Rvdmo. Sr. D. Antonio Mar\u00eda Rouco Varela, Cardenal Arzobispo de Madrid y presidente de la Conferencia Episcopal [&hellip;]","og_url":"https:\/\/www.montalegre.org\/es\/2011\/09\/torreciudad-un-ano-singular\/","og_site_name":"Montalegre","article_published_time":"2011-09-18T15:51:57+00:00","og_image":[{"url":"http:\/\/www.montalegre.org\/wp-content\/uploads\/2011\/09\/IMG_7394-150x150.jpg","type":"","width":"","height":""}],"author":"montalegre","twitter_card":"summary_large_image","twitter_misc":{"Escrito por":"montalegre","Tiempo de lectura":"3 minutos"},"schema":{"@context":"https:\/\/schema.org","@graph":[{"@type":"Article","@id":"https:\/\/www.montalegre.org\/es\/2011\/09\/torreciudad-un-ano-singular\/#article","isPartOf":{"@id":"https:\/\/www.montalegre.org\/es\/2011\/09\/torreciudad-un-ano-singular\/"},"author":{"name":"montalegre","@id":"https:\/\/www.montalegre.org\/es\/#\/schema\/person\/fa12d4cf3a3f1735a9176b4fafd6a633"},"headline":"Torreciudad, un a\u00f1o singular","datePublished":"2011-09-18T15:51:57+00:00","mainEntityOfPage":{"@id":"https:\/\/www.montalegre.org\/es\/2011\/09\/torreciudad-un-ano-singular\/"},"wordCount":554,"commentCount":0,"image":{"@id":"https:\/\/www.montalegre.org\/es\/2011\/09\/torreciudad-un-ano-singular\/#primaryimage"},"thumbnailUrl":"http:\/\/www.montalegre.org\/wp-content\/uploads\/2011\/09\/IMG_7394-150x150.jpg","articleSection":["Noticias de Montalegre"],"inLanguage":"es","potentialAction":[{"@type":"CommentAction","name":"Comment","target":["https:\/\/www.montalegre.org\/es\/2011\/09\/torreciudad-un-ano-singular\/#respond"]}]},{"@type":"WebPage","@id":"https:\/\/www.montalegre.org\/es\/2011\/09\/torreciudad-un-ano-singular\/","url":"https:\/\/www.montalegre.org\/es\/2011\/09\/torreciudad-un-ano-singular\/","name":"Torreciudad, un a\u00f1o singular - Montalegre","isPartOf":{"@id":"https:\/\/www.montalegre.org\/es\/#website"},"primaryImageOfPage":{"@id":"https:\/\/www.montalegre.org\/es\/2011\/09\/torreciudad-un-ano-singular\/#primaryimage"},"image":{"@id":"https:\/\/www.montalegre.org\/es\/2011\/09\/torreciudad-un-ano-singular\/#primaryimage"},"thumbnailUrl":"http:\/\/www.montalegre.org\/wp-content\/uploads\/2011\/09\/IMG_7394-150x150.jpg","datePublished":"2011-09-18T15:51:57+00:00","author":{"@id":"https:\/\/www.montalegre.org\/es\/#\/schema\/person\/fa12d4cf3a3f1735a9176b4fafd6a633"},"breadcrumb":{"@id":"https:\/\/www.montalegre.org\/es\/2011\/09\/torreciudad-un-ano-singular\/#breadcrumb"},"inLanguage":"es","potentialAction":[{"@type":"ReadAction","target":["https:\/\/www.montalegre.org\/es\/2011\/09\/torreciudad-un-ano-singular\/"]}]},{"@type":"ImageObject","inLanguage":"es","@id":"https:\/\/www.montalegre.org\/es\/2011\/09\/torreciudad-un-ano-singular\/#primaryimage","url":"http:\/\/www.montalegre.org\/wp-content\/uploads\/2011\/09\/IMG_7394-150x150.jpg","contentUrl":"http:\/\/www.montalegre.org\/wp-content\/uploads\/2011\/09\/IMG_7394-150x150.jpg"},{"@type":"BreadcrumbList","@id":"https:\/\/www.montalegre.org\/es\/2011\/09\/torreciudad-un-ano-singular\/#breadcrumb","itemListElement":[{"@type":"ListItem","position":1,"name":"Portada","item":"https:\/\/www.montalegre.org\/es\/"},{"@type":"ListItem","position":2,"name":"Torreciudad, un a\u00f1o singular"}]},{"@type":"WebSite","@id":"https:\/\/www.montalegre.org\/es\/#website","url":"https:\/\/www.montalegre.org\/es\/","name":"Montalegre","description":"","potentialAction":[{"@type":"SearchAction","target":{"@type":"EntryPoint","urlTemplate":"https:\/\/www.montalegre.org\/es\/?s={search_term_string}"},"query-input":{"@type":"PropertyValueSpecification","valueRequired":true,"valueName":"search_term_string"}}],"inLanguage":"es"},{"@type":"Person","@id":"https:\/\/www.montalegre.org\/es\/#\/schema\/person\/fa12d4cf3a3f1735a9176b4fafd6a633","name":"montalegre","image":{"@type":"ImageObject","inLanguage":"es","@id":"https:\/\/www.montalegre.org\/es\/#\/schema\/person\/image\/","url":"https:\/\/secure.gravatar.com\/avatar\/fe6d886cf5081e723c666dceda1f12d4f39070fa2ed4e79695edc3ca355c9b5a?s=96&d=mm&r=g","contentUrl":"https:\/\/secure.gravatar.com\/avatar\/fe6d886cf5081e723c666dceda1f12d4f39070fa2ed4e79695edc3ca355c9b5a?s=96&d=mm&r=g","caption":"montalegre"},"url":"https:\/\/www.montalegre.org\/es\/author\/montalegre\/"}]}},"_links":{"self":[{"href":"https:\/\/www.montalegre.org\/es\/wp-json\/wp\/v2\/posts\/3946","targetHints":{"allow":["GET"]}}],"collection":[{"href":"https:\/\/www.montalegre.org\/es\/wp-json\/wp\/v2\/posts"}],"about":[{"href":"https:\/\/www.montalegre.org\/es\/wp-json\/wp\/v2\/types\/post"}],"author":[{"embeddable":true,"href":"https:\/\/www.montalegre.org\/es\/wp-json\/wp\/v2\/users\/4"}],"replies":[{"embeddable":true,"href":"https:\/\/www.montalegre.org\/es\/wp-json\/wp\/v2\/comments?post=3946"}],"version-history":[{"count":2,"href":"https:\/\/www.montalegre.org\/es\/wp-json\/wp\/v2\/posts\/3946\/revisions"}],"predecessor-version":[{"id":3948,"href":"https:\/\/www.montalegre.org\/es\/wp-json\/wp\/v2\/posts\/3946\/revisions\/3948"}],"wp:attachment":[{"href":"https:\/\/www.montalegre.org\/es\/wp-json\/wp\/v2\/media?parent=3946"}],"wp:term":[{"taxonomy":"category","embeddable":true,"href":"https:\/\/www.montalegre.org\/es\/wp-json\/wp\/v2\/categories?post=3946"},{"taxonomy":"post_tag","embeddable":true,"href":"https:\/\/www.montalegre.org\/es\/wp-json\/wp\/v2\/tags?post=3946"}],"curies":[{"name":"wp","href":"https:\/\/api.w.org\/{rel}","templated":true}]}}