{"id":3909,"date":"2011-09-14T15:11:34","date_gmt":"2011-09-14T15:11:34","guid":{"rendered":"http:\/\/www.montalegre.org\/?p=3909"},"modified":"2011-09-14T20:55:46","modified_gmt":"2011-09-14T20:55:46","slug":"un-paseo-por-el-raval","status":"publish","type":"post","link":"https:\/\/www.montalegre.org\/es\/2011\/09\/un-paseo-por-el-raval\/","title":{"rendered":"Un paseo por el Raval"},"content":{"rendered":"<p>El nombre de Raval viene del \u00e1rabe cl\u00e1sico <strong><em>Rabad<\/em><\/strong> y se refer\u00eda al barrio exterior de la ciudad antigua o vieja. As\u00ed que el origen del barrio donde est\u00e1 esta iglesia se remonta a muchos siglos atr\u00e1s, y cualquier calle o casa o edificio que todav\u00eda est\u00e1 en pie forma parte de la historia de la Ciudad. En todos estos siglos se ha caracterizado por un barrio de gente sencilla y en muchos casos con dificultades en su subsistencia, pero tambi\u00e9n podemos encontrar conventos, una iglesia rom\u00e1nica, y unas casas se\u00f1oriales de gran importancia sobre todo en el siglo XIX.\u00a0<\/p>\n<p>Pero hoy el Raval no est\u00e1 escrito con romanticismos o a\u00f1oranzas. Hoy en el Raval hay universidades, museos, bibliotecas, entidades sociales, servicios p\u00fablicos, hoteles &#8230; y aparte de catalanes, en su gran mayor\u00eda viven paquistanenses, filipinos, hind\u00faes, marroqu\u00edes &#8230;.. en definitiva ciudadanos de 17 nacionalidades diferentes, con una poblaci\u00f3n emigrante del 47% sobre el total del barrio.<\/p>\n<p>Aqu\u00ed l&#8217;entitat Braval\u00a0desde hace muchos a\u00f1os est\u00e1 trabajando para conseguir la integraci\u00f3n en el barrio, a la sociedad, el pa\u00eds, a muchos j\u00f3venes, mediante el deporte y reforzando el estudio. Y aunque conoc\u00edamos los buenos resultados de este trabajo incesante, \u00faltimamente son noticia en el prensa. Hace un mes en la secci\u00f3n de La Contra de La Vanguardia se public\u00f3 la entrevista a un joven que gracias a la labor de los\u00a0colaboradores de la entidad ha salido adelante, y en esta web nos hicimos eco public\u00e1ndola; en el mismo sentido y l\u00ednea, hace poco, igualmente en La Contra se public\u00f3 una nueva entrevista a otro joven que tambi\u00e9n explicaba su relaci\u00f3n con Braval. Los felicitamos por los buenos resultados, y os invitamos a leerla.<br \/>\nHaga clic:<\/p>\n<p><a href=\"http:\/\/www.lavanguardia.com\/lacontra\/20110901\/54210101842\/si-no-respetan-al-profesor-como-van-a-aprender.html\">http:\/\/www.lavanguardia.com\/lacontra\/20110901\/54210101842\/si-no-respetan-al-profesor-como-van-a-aprender.html<\/a><\/p>\n<p>Isabel Hern\u00e1ndez Esteban<\/p>\n","protected":false},"excerpt":{"rendered":"<p>El nombre de Raval viene del \u00e1rabe cl\u00e1sico Rabad y se refer\u00eda al barrio exterior de la ciudad antigua o vieja. As\u00ed que el origen del barrio donde est\u00e1 esta iglesia se remonta a muchos siglos atr\u00e1s, y cualquier calle o casa o edificio que todav\u00eda est\u00e1 en pie forma parte de la historia de [&hellip;]<\/p>\n","protected":false},"author":4,"featured_media":0,"comment_status":"open","ping_status":"open","sticky":false,"template":"","format":"standard","meta":{"footnotes":""},"categories":[1],"tags":[],"class_list":["post-3909","post","type-post","status-publish","format-standard","hentry","category-noticias-de-montalegre"],"yoast_head":"<!-- This site is optimized with the Yoast SEO plugin v27.1.1 - https:\/\/yoast.com\/product\/yoast-seo-wordpress\/ -->\n<title>Un paseo por el Raval - Montalegre<\/title>\n<meta name=\"robots\" content=\"index, follow, max-snippet:-1, max-image-preview:large, max-video-preview:-1\" \/>\n<link rel=\"canonical\" href=\"https:\/\/www.montalegre.org\/es\/2011\/09\/un-paseo-por-el-raval\/\" \/>\n<meta property=\"og:locale\" content=\"es_ES\" \/>\n<meta property=\"og:type\" content=\"article\" \/>\n<meta property=\"og:title\" content=\"Un paseo por el Raval - Montalegre\" \/>\n<meta property=\"og:description\" content=\"El nombre de Raval viene del \u00e1rabe cl\u00e1sico Rabad y se refer\u00eda al barrio exterior de la ciudad antigua o vieja. As\u00ed que el origen del barrio donde est\u00e1 esta iglesia se remonta a muchos siglos atr\u00e1s, y cualquier calle o casa o edificio que todav\u00eda est\u00e1 en pie forma parte de la historia de [&hellip;]\" \/>\n<meta property=\"og:url\" content=\"https:\/\/www.montalegre.org\/es\/2011\/09\/un-paseo-por-el-raval\/\" \/>\n<meta property=\"og:site_name\" content=\"Montalegre\" \/>\n<meta property=\"article:published_time\" content=\"2011-09-14T15:11:34+00:00\" \/>\n<meta property=\"article:modified_time\" content=\"2011-09-14T20:55:46+00:00\" \/>\n<meta name=\"author\" content=\"montalegre\" \/>\n<meta name=\"twitter:card\" content=\"summary_large_image\" \/>\n<meta name=\"twitter:label1\" content=\"Escrito por\" \/>\n\t<meta name=\"twitter:data1\" content=\"montalegre\" \/>\n\t<meta name=\"twitter:label2\" content=\"Tiempo de lectura\" \/>\n\t<meta name=\"twitter:data2\" content=\"2 minutos\" \/>\n<script type=\"application\/ld+json\" class=\"yoast-schema-graph\">{\"@context\":\"https:\/\/schema.org\",\"@graph\":[{\"@type\":\"Article\",\"@id\":\"https:\/\/www.montalegre.org\/es\/2011\/09\/un-paseo-por-el-raval\/#article\",\"isPartOf\":{\"@id\":\"https:\/\/www.montalegre.org\/es\/2011\/09\/un-paseo-por-el-raval\/\"},\"author\":{\"name\":\"montalegre\",\"@id\":\"https:\/\/www.montalegre.org\/es\/#\/schema\/person\/fa12d4cf3a3f1735a9176b4fafd6a633\"},\"headline\":\"Un paseo por el Raval\",\"datePublished\":\"2011-09-14T15:11:34+00:00\",\"dateModified\":\"2011-09-14T20:55:46+00:00\",\"mainEntityOfPage\":{\"@id\":\"https:\/\/www.montalegre.org\/es\/2011\/09\/un-paseo-por-el-raval\/\"},\"wordCount\":320,\"commentCount\":0,\"articleSection\":[\"Noticias de Montalegre\"],\"inLanguage\":\"es\",\"potentialAction\":[{\"@type\":\"CommentAction\",\"name\":\"Comment\",\"target\":[\"https:\/\/www.montalegre.org\/es\/2011\/09\/un-paseo-por-el-raval\/#respond\"]}]},{\"@type\":\"WebPage\",\"@id\":\"https:\/\/www.montalegre.org\/es\/2011\/09\/un-paseo-por-el-raval\/\",\"url\":\"https:\/\/www.montalegre.org\/es\/2011\/09\/un-paseo-por-el-raval\/\",\"name\":\"Un paseo por el Raval - Montalegre\",\"isPartOf\":{\"@id\":\"https:\/\/www.montalegre.org\/es\/#website\"},\"datePublished\":\"2011-09-14T15:11:34+00:00\",\"dateModified\":\"2011-09-14T20:55:46+00:00\",\"author\":{\"@id\":\"https:\/\/www.montalegre.org\/es\/#\/schema\/person\/fa12d4cf3a3f1735a9176b4fafd6a633\"},\"breadcrumb\":{\"@id\":\"https:\/\/www.montalegre.org\/es\/2011\/09\/un-paseo-por-el-raval\/#breadcrumb\"},\"inLanguage\":\"es\",\"potentialAction\":[{\"@type\":\"ReadAction\",\"target\":[\"https:\/\/www.montalegre.org\/es\/2011\/09\/un-paseo-por-el-raval\/\"]}]},{\"@type\":\"BreadcrumbList\",\"@id\":\"https:\/\/www.montalegre.org\/es\/2011\/09\/un-paseo-por-el-raval\/#breadcrumb\",\"itemListElement\":[{\"@type\":\"ListItem\",\"position\":1,\"name\":\"Portada\",\"item\":\"https:\/\/www.montalegre.org\/es\/\"},{\"@type\":\"ListItem\",\"position\":2,\"name\":\"Un paseo por el Raval\"}]},{\"@type\":\"WebSite\",\"@id\":\"https:\/\/www.montalegre.org\/es\/#website\",\"url\":\"https:\/\/www.montalegre.org\/es\/\",\"name\":\"Montalegre\",\"description\":\"\",\"potentialAction\":[{\"@type\":\"SearchAction\",\"target\":{\"@type\":\"EntryPoint\",\"urlTemplate\":\"https:\/\/www.montalegre.org\/es\/?s={search_term_string}\"},\"query-input\":{\"@type\":\"PropertyValueSpecification\",\"valueRequired\":true,\"valueName\":\"search_term_string\"}}],\"inLanguage\":\"es\"},{\"@type\":\"Person\",\"@id\":\"https:\/\/www.montalegre.org\/es\/#\/schema\/person\/fa12d4cf3a3f1735a9176b4fafd6a633\",\"name\":\"montalegre\",\"image\":{\"@type\":\"ImageObject\",\"inLanguage\":\"es\",\"@id\":\"https:\/\/www.montalegre.org\/es\/#\/schema\/person\/image\/\",\"url\":\"https:\/\/secure.gravatar.com\/avatar\/fe6d886cf5081e723c666dceda1f12d4f39070fa2ed4e79695edc3ca355c9b5a?s=96&d=mm&r=g\",\"contentUrl\":\"https:\/\/secure.gravatar.com\/avatar\/fe6d886cf5081e723c666dceda1f12d4f39070fa2ed4e79695edc3ca355c9b5a?s=96&d=mm&r=g\",\"caption\":\"montalegre\"},\"url\":\"https:\/\/www.montalegre.org\/es\/author\/montalegre\/\"}]}<\/script>\n<!-- \/ Yoast SEO plugin. -->","yoast_head_json":{"title":"Un paseo por el Raval - Montalegre","robots":{"index":"index","follow":"follow","max-snippet":"max-snippet:-1","max-image-preview":"max-image-preview:large","max-video-preview":"max-video-preview:-1"},"canonical":"https:\/\/www.montalegre.org\/es\/2011\/09\/un-paseo-por-el-raval\/","og_locale":"es_ES","og_type":"article","og_title":"Un paseo por el Raval - Montalegre","og_description":"El nombre de Raval viene del \u00e1rabe cl\u00e1sico Rabad y se refer\u00eda al barrio exterior de la ciudad antigua o vieja. As\u00ed que el origen del barrio donde est\u00e1 esta iglesia se remonta a muchos siglos atr\u00e1s, y cualquier calle o casa o edificio que todav\u00eda est\u00e1 en pie forma parte de la historia de [&hellip;]","og_url":"https:\/\/www.montalegre.org\/es\/2011\/09\/un-paseo-por-el-raval\/","og_site_name":"Montalegre","article_published_time":"2011-09-14T15:11:34+00:00","article_modified_time":"2011-09-14T20:55:46+00:00","author":"montalegre","twitter_card":"summary_large_image","twitter_misc":{"Escrito por":"montalegre","Tiempo de lectura":"2 minutos"},"schema":{"@context":"https:\/\/schema.org","@graph":[{"@type":"Article","@id":"https:\/\/www.montalegre.org\/es\/2011\/09\/un-paseo-por-el-raval\/#article","isPartOf":{"@id":"https:\/\/www.montalegre.org\/es\/2011\/09\/un-paseo-por-el-raval\/"},"author":{"name":"montalegre","@id":"https:\/\/www.montalegre.org\/es\/#\/schema\/person\/fa12d4cf3a3f1735a9176b4fafd6a633"},"headline":"Un paseo por el Raval","datePublished":"2011-09-14T15:11:34+00:00","dateModified":"2011-09-14T20:55:46+00:00","mainEntityOfPage":{"@id":"https:\/\/www.montalegre.org\/es\/2011\/09\/un-paseo-por-el-raval\/"},"wordCount":320,"commentCount":0,"articleSection":["Noticias de Montalegre"],"inLanguage":"es","potentialAction":[{"@type":"CommentAction","name":"Comment","target":["https:\/\/www.montalegre.org\/es\/2011\/09\/un-paseo-por-el-raval\/#respond"]}]},{"@type":"WebPage","@id":"https:\/\/www.montalegre.org\/es\/2011\/09\/un-paseo-por-el-raval\/","url":"https:\/\/www.montalegre.org\/es\/2011\/09\/un-paseo-por-el-raval\/","name":"Un paseo por el Raval - Montalegre","isPartOf":{"@id":"https:\/\/www.montalegre.org\/es\/#website"},"datePublished":"2011-09-14T15:11:34+00:00","dateModified":"2011-09-14T20:55:46+00:00","author":{"@id":"https:\/\/www.montalegre.org\/es\/#\/schema\/person\/fa12d4cf3a3f1735a9176b4fafd6a633"},"breadcrumb":{"@id":"https:\/\/www.montalegre.org\/es\/2011\/09\/un-paseo-por-el-raval\/#breadcrumb"},"inLanguage":"es","potentialAction":[{"@type":"ReadAction","target":["https:\/\/www.montalegre.org\/es\/2011\/09\/un-paseo-por-el-raval\/"]}]},{"@type":"BreadcrumbList","@id":"https:\/\/www.montalegre.org\/es\/2011\/09\/un-paseo-por-el-raval\/#breadcrumb","itemListElement":[{"@type":"ListItem","position":1,"name":"Portada","item":"https:\/\/www.montalegre.org\/es\/"},{"@type":"ListItem","position":2,"name":"Un paseo por el Raval"}]},{"@type":"WebSite","@id":"https:\/\/www.montalegre.org\/es\/#website","url":"https:\/\/www.montalegre.org\/es\/","name":"Montalegre","description":"","potentialAction":[{"@type":"SearchAction","target":{"@type":"EntryPoint","urlTemplate":"https:\/\/www.montalegre.org\/es\/?s={search_term_string}"},"query-input":{"@type":"PropertyValueSpecification","valueRequired":true,"valueName":"search_term_string"}}],"inLanguage":"es"},{"@type":"Person","@id":"https:\/\/www.montalegre.org\/es\/#\/schema\/person\/fa12d4cf3a3f1735a9176b4fafd6a633","name":"montalegre","image":{"@type":"ImageObject","inLanguage":"es","@id":"https:\/\/www.montalegre.org\/es\/#\/schema\/person\/image\/","url":"https:\/\/secure.gravatar.com\/avatar\/fe6d886cf5081e723c666dceda1f12d4f39070fa2ed4e79695edc3ca355c9b5a?s=96&d=mm&r=g","contentUrl":"https:\/\/secure.gravatar.com\/avatar\/fe6d886cf5081e723c666dceda1f12d4f39070fa2ed4e79695edc3ca355c9b5a?s=96&d=mm&r=g","caption":"montalegre"},"url":"https:\/\/www.montalegre.org\/es\/author\/montalegre\/"}]}},"_links":{"self":[{"href":"https:\/\/www.montalegre.org\/es\/wp-json\/wp\/v2\/posts\/3909","targetHints":{"allow":["GET"]}}],"collection":[{"href":"https:\/\/www.montalegre.org\/es\/wp-json\/wp\/v2\/posts"}],"about":[{"href":"https:\/\/www.montalegre.org\/es\/wp-json\/wp\/v2\/types\/post"}],"author":[{"embeddable":true,"href":"https:\/\/www.montalegre.org\/es\/wp-json\/wp\/v2\/users\/4"}],"replies":[{"embeddable":true,"href":"https:\/\/www.montalegre.org\/es\/wp-json\/wp\/v2\/comments?post=3909"}],"version-history":[{"count":2,"href":"https:\/\/www.montalegre.org\/es\/wp-json\/wp\/v2\/posts\/3909\/revisions"}],"predecessor-version":[{"id":3915,"href":"https:\/\/www.montalegre.org\/es\/wp-json\/wp\/v2\/posts\/3909\/revisions\/3915"}],"wp:attachment":[{"href":"https:\/\/www.montalegre.org\/es\/wp-json\/wp\/v2\/media?parent=3909"}],"wp:term":[{"taxonomy":"category","embeddable":true,"href":"https:\/\/www.montalegre.org\/es\/wp-json\/wp\/v2\/categories?post=3909"},{"taxonomy":"post_tag","embeddable":true,"href":"https:\/\/www.montalegre.org\/es\/wp-json\/wp\/v2\/tags?post=3909"}],"curies":[{"name":"wp","href":"https:\/\/api.w.org\/{rel}","templated":true}]}}