{"id":3806,"date":"2011-08-20T22:54:56","date_gmt":"2011-08-20T22:54:56","guid":{"rendered":"http:\/\/www.montalegre.org\/?p=3806"},"modified":"2011-08-20T22:56:25","modified_gmt":"2011-08-20T22:56:25","slug":"3806","status":"publish","type":"post","link":"https:\/\/www.montalegre.org\/es\/2011\/08\/3806\/","title":{"rendered":"La aventura con Benedicto XVI"},"content":{"rendered":"<div id=\"attachment_3802\" style=\"width: 135px\" class=\"wp-caption alignleft\"><a rel=\"attachment wp-att-3802\" href=\"http:\/\/www.montalegre.org\/2011\/08\/3801\/el-mal-tiempo-interrumpe-la-vigilia-del-papa-con-la-juventud\/\"><img loading=\"lazy\" decoding=\"async\" aria-describedby=\"caption-attachment-3802\" class=\"size-full wp-image-3802\" title=\"El mal tiempo interrumpe la vigilia del Papa con la juventud\" src=\"http:\/\/www.montalegre.org\/wp-content\/uploads\/2011\/08\/2011-08-20T214322Z_01_AMAE77J1OCS00_RTROPTP_1_OESTP-PAPA-SABADO.jpg\" alt=\"\" width=\"125\" height=\"150\" \/><\/a><p id=\"caption-attachment-3802\" class=\"wp-caption-text\">Vigilia de Oraci\u00f3n, en Cuatro Vientos<\/p><\/div>\n<p>Madrid. Durante la lectura del Santo Evangelio en la celebraci\u00f3n de la Vigilia de Oraci\u00f3n en el aeropuerto de Cuatro Vientos, cerca de las nueve de la noche del s\u00e1bado 20 de agosto, se inici\u00f3 un aguacero con rayos y truenos , y un fuerte viento, que oblig\u00f3 al Santo Padre a parar la lectura de la homil\u00eda que ten\u00eda prevista. Le protegieron con unos paraguas, despu\u00e9s de haber volado por los aires el solideo. El Santo Padre en voz baja, pero por los labios lo entendimos, dijo &#8220;Aqu\u00ed nos quedamos&#8221;. Mientras tanto los dos millones de j\u00f3venes cantaban y bailaban, y gritaban todo tipo de mensajes de apoyo al Vicario de Cristo. Incluso se fue la se\u00f1al de televisi\u00f3n y de sonido. Poco a poco, sin embargo, la tormenta amain\u00f3 y el Santo Padre pudo continuar la homil\u00eda, reiniciando sus palabras con: &#8220;Vuestra fuerza es superior a la lluvia&#8221;. Posteriormente, y sin haber terminado, tuvo que marcharse ya que los bomberos alertaron del peligro que supon\u00eda una estructura met\u00e1lica del escenario \u00a0que hab\u00eda quedado afectada por el fuerte viento. Una vez que los bomberos arreglaron lo necesario, el Santo Padre, ya revestido, sali\u00f3 de nuevo para hacer la Adoraci\u00f3n Eucar\u00edstica, la cual fue espectacular en la Custodia de Arfe, de Toledo. En la despedida a\u00f1adi\u00f3: &#8220;Hemos vivido una aventura juntos&#8230;\u201d, y as\u00ed fue, dese\u00e1ndoles buenas noches. Tampoco pudo circular con el papam\u00f3vil por las calles que se hab\u00edan habilitado en el recinto, dada toda la movida que supuso la tormenta.<\/p>\n<p>\u00a0<br \/>\nSe adjunta el link del texto de la homil\u00eda que la Santa Sede ha colgado en su web como texto oficial, en el que faltan las improvisaciones referidas, entre otras.<\/p>\n<p>\u00a0<a href=\"http:\/\/www.vatican.va\/holy_father\/benedict_xvi\/speeches\/2011\/august\/documents\/hf_ben-xvi_spe_20110820_veglia-madrid_sp.html\">http:\/\/www.vatican.va\/holy_father\/benedict_xvi\/speeches\/2011\/august\/documents\/hf_ben-xvi_spe_20110820_veglia-madrid_sp.html<\/a><\/p>\n<div class=\"mceTemp\">Servicios Informativos Montalegre<\/div>\n","protected":false},"excerpt":{"rendered":"<p>Madrid. Durante la lectura del Santo Evangelio en la celebraci\u00f3n de la Vigilia de Oraci\u00f3n en el aeropuerto de Cuatro Vientos, cerca de las nueve de la noche del s\u00e1bado 20 de agosto, se inici\u00f3 un aguacero con rayos y truenos , y un fuerte viento, que oblig\u00f3 al Santo Padre a parar la lectura [&hellip;]<\/p>\n","protected":false},"author":4,"featured_media":0,"comment_status":"open","ping_status":"open","sticky":false,"template":"","format":"standard","meta":{"footnotes":""},"categories":[1],"tags":[],"class_list":["post-3806","post","type-post","status-publish","format-standard","hentry","category-noticias-de-montalegre"],"yoast_head":"<!-- This site is optimized with the Yoast SEO plugin v27.1.1 - https:\/\/yoast.com\/product\/yoast-seo-wordpress\/ -->\n<title>La aventura con Benedicto XVI - Montalegre<\/title>\n<meta name=\"robots\" content=\"index, follow, max-snippet:-1, max-image-preview:large, max-video-preview:-1\" \/>\n<link rel=\"canonical\" href=\"https:\/\/www.montalegre.org\/es\/2011\/08\/3806\/\" \/>\n<meta property=\"og:locale\" content=\"es_ES\" \/>\n<meta property=\"og:type\" content=\"article\" \/>\n<meta property=\"og:title\" content=\"La aventura con Benedicto XVI - Montalegre\" \/>\n<meta property=\"og:description\" content=\"Madrid. Durante la lectura del Santo Evangelio en la celebraci\u00f3n de la Vigilia de Oraci\u00f3n en el aeropuerto de Cuatro Vientos, cerca de las nueve de la noche del s\u00e1bado 20 de agosto, se inici\u00f3 un aguacero con rayos y truenos , y un fuerte viento, que oblig\u00f3 al Santo Padre a parar la lectura [&hellip;]\" \/>\n<meta property=\"og:url\" content=\"https:\/\/www.montalegre.org\/es\/2011\/08\/3806\/\" \/>\n<meta property=\"og:site_name\" content=\"Montalegre\" \/>\n<meta property=\"article:published_time\" content=\"2011-08-20T22:54:56+00:00\" \/>\n<meta property=\"article:modified_time\" content=\"2011-08-20T22:56:25+00:00\" \/>\n<meta property=\"og:image\" content=\"http:\/\/www.montalegre.org\/wp-content\/uploads\/2011\/08\/2011-08-20T214322Z_01_AMAE77J1OCS00_RTROPTP_1_OESTP-PAPA-SABADO.jpg\" \/>\n<meta name=\"author\" content=\"montalegre\" \/>\n<meta name=\"twitter:card\" content=\"summary_large_image\" \/>\n<meta name=\"twitter:label1\" content=\"Escrito por\" \/>\n\t<meta name=\"twitter:data1\" content=\"montalegre\" \/>\n\t<meta name=\"twitter:label2\" content=\"Tiempo de lectura\" \/>\n\t<meta name=\"twitter:data2\" content=\"2 minutos\" \/>\n<script type=\"application\/ld+json\" class=\"yoast-schema-graph\">{\"@context\":\"https:\/\/schema.org\",\"@graph\":[{\"@type\":\"Article\",\"@id\":\"https:\/\/www.montalegre.org\/es\/2011\/08\/3806\/#article\",\"isPartOf\":{\"@id\":\"https:\/\/www.montalegre.org\/es\/2011\/08\/3806\/\"},\"author\":{\"name\":\"montalegre\",\"@id\":\"https:\/\/www.montalegre.org\/es\/#\/schema\/person\/fa12d4cf3a3f1735a9176b4fafd6a633\"},\"headline\":\"La aventura con Benedicto XVI\",\"datePublished\":\"2011-08-20T22:54:56+00:00\",\"dateModified\":\"2011-08-20T22:56:25+00:00\",\"mainEntityOfPage\":{\"@id\":\"https:\/\/www.montalegre.org\/es\/2011\/08\/3806\/\"},\"wordCount\":339,\"commentCount\":0,\"image\":{\"@id\":\"https:\/\/www.montalegre.org\/es\/2011\/08\/3806\/#primaryimage\"},\"thumbnailUrl\":\"http:\/\/www.montalegre.org\/wp-content\/uploads\/2011\/08\/2011-08-20T214322Z_01_AMAE77J1OCS00_RTROPTP_1_OESTP-PAPA-SABADO.jpg\",\"articleSection\":[\"Noticias de Montalegre\"],\"inLanguage\":\"es\",\"potentialAction\":[{\"@type\":\"CommentAction\",\"name\":\"Comment\",\"target\":[\"https:\/\/www.montalegre.org\/es\/2011\/08\/3806\/#respond\"]}]},{\"@type\":\"WebPage\",\"@id\":\"https:\/\/www.montalegre.org\/es\/2011\/08\/3806\/\",\"url\":\"https:\/\/www.montalegre.org\/es\/2011\/08\/3806\/\",\"name\":\"La aventura con Benedicto XVI - Montalegre\",\"isPartOf\":{\"@id\":\"https:\/\/www.montalegre.org\/es\/#website\"},\"primaryImageOfPage\":{\"@id\":\"https:\/\/www.montalegre.org\/es\/2011\/08\/3806\/#primaryimage\"},\"image\":{\"@id\":\"https:\/\/www.montalegre.org\/es\/2011\/08\/3806\/#primaryimage\"},\"thumbnailUrl\":\"http:\/\/www.montalegre.org\/wp-content\/uploads\/2011\/08\/2011-08-20T214322Z_01_AMAE77J1OCS00_RTROPTP_1_OESTP-PAPA-SABADO.jpg\",\"datePublished\":\"2011-08-20T22:54:56+00:00\",\"dateModified\":\"2011-08-20T22:56:25+00:00\",\"author\":{\"@id\":\"https:\/\/www.montalegre.org\/es\/#\/schema\/person\/fa12d4cf3a3f1735a9176b4fafd6a633\"},\"breadcrumb\":{\"@id\":\"https:\/\/www.montalegre.org\/es\/2011\/08\/3806\/#breadcrumb\"},\"inLanguage\":\"es\",\"potentialAction\":[{\"@type\":\"ReadAction\",\"target\":[\"https:\/\/www.montalegre.org\/es\/2011\/08\/3806\/\"]}]},{\"@type\":\"ImageObject\",\"inLanguage\":\"es\",\"@id\":\"https:\/\/www.montalegre.org\/es\/2011\/08\/3806\/#primaryimage\",\"url\":\"http:\/\/www.montalegre.org\/wp-content\/uploads\/2011\/08\/2011-08-20T214322Z_01_AMAE77J1OCS00_RTROPTP_1_OESTP-PAPA-SABADO.jpg\",\"contentUrl\":\"http:\/\/www.montalegre.org\/wp-content\/uploads\/2011\/08\/2011-08-20T214322Z_01_AMAE77J1OCS00_RTROPTP_1_OESTP-PAPA-SABADO.jpg\"},{\"@type\":\"BreadcrumbList\",\"@id\":\"https:\/\/www.montalegre.org\/es\/2011\/08\/3806\/#breadcrumb\",\"itemListElement\":[{\"@type\":\"ListItem\",\"position\":1,\"name\":\"Portada\",\"item\":\"https:\/\/www.montalegre.org\/es\/\"},{\"@type\":\"ListItem\",\"position\":2,\"name\":\"La aventura con Benedicto XVI\"}]},{\"@type\":\"WebSite\",\"@id\":\"https:\/\/www.montalegre.org\/es\/#website\",\"url\":\"https:\/\/www.montalegre.org\/es\/\",\"name\":\"Montalegre\",\"description\":\"\",\"potentialAction\":[{\"@type\":\"SearchAction\",\"target\":{\"@type\":\"EntryPoint\",\"urlTemplate\":\"https:\/\/www.montalegre.org\/es\/?s={search_term_string}\"},\"query-input\":{\"@type\":\"PropertyValueSpecification\",\"valueRequired\":true,\"valueName\":\"search_term_string\"}}],\"inLanguage\":\"es\"},{\"@type\":\"Person\",\"@id\":\"https:\/\/www.montalegre.org\/es\/#\/schema\/person\/fa12d4cf3a3f1735a9176b4fafd6a633\",\"name\":\"montalegre\",\"image\":{\"@type\":\"ImageObject\",\"inLanguage\":\"es\",\"@id\":\"https:\/\/www.montalegre.org\/es\/#\/schema\/person\/image\/\",\"url\":\"https:\/\/secure.gravatar.com\/avatar\/fe6d886cf5081e723c666dceda1f12d4f39070fa2ed4e79695edc3ca355c9b5a?s=96&d=mm&r=g\",\"contentUrl\":\"https:\/\/secure.gravatar.com\/avatar\/fe6d886cf5081e723c666dceda1f12d4f39070fa2ed4e79695edc3ca355c9b5a?s=96&d=mm&r=g\",\"caption\":\"montalegre\"},\"url\":\"https:\/\/www.montalegre.org\/es\/author\/montalegre\/\"}]}<\/script>\n<!-- \/ Yoast SEO plugin. -->","yoast_head_json":{"title":"La aventura con Benedicto XVI - Montalegre","robots":{"index":"index","follow":"follow","max-snippet":"max-snippet:-1","max-image-preview":"max-image-preview:large","max-video-preview":"max-video-preview:-1"},"canonical":"https:\/\/www.montalegre.org\/es\/2011\/08\/3806\/","og_locale":"es_ES","og_type":"article","og_title":"La aventura con Benedicto XVI - Montalegre","og_description":"Madrid. Durante la lectura del Santo Evangelio en la celebraci\u00f3n de la Vigilia de Oraci\u00f3n en el aeropuerto de Cuatro Vientos, cerca de las nueve de la noche del s\u00e1bado 20 de agosto, se inici\u00f3 un aguacero con rayos y truenos , y un fuerte viento, que oblig\u00f3 al Santo Padre a parar la lectura [&hellip;]","og_url":"https:\/\/www.montalegre.org\/es\/2011\/08\/3806\/","og_site_name":"Montalegre","article_published_time":"2011-08-20T22:54:56+00:00","article_modified_time":"2011-08-20T22:56:25+00:00","og_image":[{"url":"http:\/\/www.montalegre.org\/wp-content\/uploads\/2011\/08\/2011-08-20T214322Z_01_AMAE77J1OCS00_RTROPTP_1_OESTP-PAPA-SABADO.jpg","type":"","width":"","height":""}],"author":"montalegre","twitter_card":"summary_large_image","twitter_misc":{"Escrito por":"montalegre","Tiempo de lectura":"2 minutos"},"schema":{"@context":"https:\/\/schema.org","@graph":[{"@type":"Article","@id":"https:\/\/www.montalegre.org\/es\/2011\/08\/3806\/#article","isPartOf":{"@id":"https:\/\/www.montalegre.org\/es\/2011\/08\/3806\/"},"author":{"name":"montalegre","@id":"https:\/\/www.montalegre.org\/es\/#\/schema\/person\/fa12d4cf3a3f1735a9176b4fafd6a633"},"headline":"La aventura con Benedicto XVI","datePublished":"2011-08-20T22:54:56+00:00","dateModified":"2011-08-20T22:56:25+00:00","mainEntityOfPage":{"@id":"https:\/\/www.montalegre.org\/es\/2011\/08\/3806\/"},"wordCount":339,"commentCount":0,"image":{"@id":"https:\/\/www.montalegre.org\/es\/2011\/08\/3806\/#primaryimage"},"thumbnailUrl":"http:\/\/www.montalegre.org\/wp-content\/uploads\/2011\/08\/2011-08-20T214322Z_01_AMAE77J1OCS00_RTROPTP_1_OESTP-PAPA-SABADO.jpg","articleSection":["Noticias de Montalegre"],"inLanguage":"es","potentialAction":[{"@type":"CommentAction","name":"Comment","target":["https:\/\/www.montalegre.org\/es\/2011\/08\/3806\/#respond"]}]},{"@type":"WebPage","@id":"https:\/\/www.montalegre.org\/es\/2011\/08\/3806\/","url":"https:\/\/www.montalegre.org\/es\/2011\/08\/3806\/","name":"La aventura con Benedicto XVI - Montalegre","isPartOf":{"@id":"https:\/\/www.montalegre.org\/es\/#website"},"primaryImageOfPage":{"@id":"https:\/\/www.montalegre.org\/es\/2011\/08\/3806\/#primaryimage"},"image":{"@id":"https:\/\/www.montalegre.org\/es\/2011\/08\/3806\/#primaryimage"},"thumbnailUrl":"http:\/\/www.montalegre.org\/wp-content\/uploads\/2011\/08\/2011-08-20T214322Z_01_AMAE77J1OCS00_RTROPTP_1_OESTP-PAPA-SABADO.jpg","datePublished":"2011-08-20T22:54:56+00:00","dateModified":"2011-08-20T22:56:25+00:00","author":{"@id":"https:\/\/www.montalegre.org\/es\/#\/schema\/person\/fa12d4cf3a3f1735a9176b4fafd6a633"},"breadcrumb":{"@id":"https:\/\/www.montalegre.org\/es\/2011\/08\/3806\/#breadcrumb"},"inLanguage":"es","potentialAction":[{"@type":"ReadAction","target":["https:\/\/www.montalegre.org\/es\/2011\/08\/3806\/"]}]},{"@type":"ImageObject","inLanguage":"es","@id":"https:\/\/www.montalegre.org\/es\/2011\/08\/3806\/#primaryimage","url":"http:\/\/www.montalegre.org\/wp-content\/uploads\/2011\/08\/2011-08-20T214322Z_01_AMAE77J1OCS00_RTROPTP_1_OESTP-PAPA-SABADO.jpg","contentUrl":"http:\/\/www.montalegre.org\/wp-content\/uploads\/2011\/08\/2011-08-20T214322Z_01_AMAE77J1OCS00_RTROPTP_1_OESTP-PAPA-SABADO.jpg"},{"@type":"BreadcrumbList","@id":"https:\/\/www.montalegre.org\/es\/2011\/08\/3806\/#breadcrumb","itemListElement":[{"@type":"ListItem","position":1,"name":"Portada","item":"https:\/\/www.montalegre.org\/es\/"},{"@type":"ListItem","position":2,"name":"La aventura con Benedicto XVI"}]},{"@type":"WebSite","@id":"https:\/\/www.montalegre.org\/es\/#website","url":"https:\/\/www.montalegre.org\/es\/","name":"Montalegre","description":"","potentialAction":[{"@type":"SearchAction","target":{"@type":"EntryPoint","urlTemplate":"https:\/\/www.montalegre.org\/es\/?s={search_term_string}"},"query-input":{"@type":"PropertyValueSpecification","valueRequired":true,"valueName":"search_term_string"}}],"inLanguage":"es"},{"@type":"Person","@id":"https:\/\/www.montalegre.org\/es\/#\/schema\/person\/fa12d4cf3a3f1735a9176b4fafd6a633","name":"montalegre","image":{"@type":"ImageObject","inLanguage":"es","@id":"https:\/\/www.montalegre.org\/es\/#\/schema\/person\/image\/","url":"https:\/\/secure.gravatar.com\/avatar\/fe6d886cf5081e723c666dceda1f12d4f39070fa2ed4e79695edc3ca355c9b5a?s=96&d=mm&r=g","contentUrl":"https:\/\/secure.gravatar.com\/avatar\/fe6d886cf5081e723c666dceda1f12d4f39070fa2ed4e79695edc3ca355c9b5a?s=96&d=mm&r=g","caption":"montalegre"},"url":"https:\/\/www.montalegre.org\/es\/author\/montalegre\/"}]}},"_links":{"self":[{"href":"https:\/\/www.montalegre.org\/es\/wp-json\/wp\/v2\/posts\/3806","targetHints":{"allow":["GET"]}}],"collection":[{"href":"https:\/\/www.montalegre.org\/es\/wp-json\/wp\/v2\/posts"}],"about":[{"href":"https:\/\/www.montalegre.org\/es\/wp-json\/wp\/v2\/types\/post"}],"author":[{"embeddable":true,"href":"https:\/\/www.montalegre.org\/es\/wp-json\/wp\/v2\/users\/4"}],"replies":[{"embeddable":true,"href":"https:\/\/www.montalegre.org\/es\/wp-json\/wp\/v2\/comments?post=3806"}],"version-history":[{"count":6,"href":"https:\/\/www.montalegre.org\/es\/wp-json\/wp\/v2\/posts\/3806\/revisions"}],"predecessor-version":[{"id":3812,"href":"https:\/\/www.montalegre.org\/es\/wp-json\/wp\/v2\/posts\/3806\/revisions\/3812"}],"wp:attachment":[{"href":"https:\/\/www.montalegre.org\/es\/wp-json\/wp\/v2\/media?parent=3806"}],"wp:term":[{"taxonomy":"category","embeddable":true,"href":"https:\/\/www.montalegre.org\/es\/wp-json\/wp\/v2\/categories?post=3806"},{"taxonomy":"post_tag","embeddable":true,"href":"https:\/\/www.montalegre.org\/es\/wp-json\/wp\/v2\/tags?post=3806"}],"curies":[{"name":"wp","href":"https:\/\/api.w.org\/{rel}","templated":true}]}}