{"id":3790,"date":"2011-08-18T08:10:42","date_gmt":"2011-08-18T08:10:42","guid":{"rendered":"http:\/\/www.montalegre.org\/?p=3790"},"modified":"2011-08-18T08:10:42","modified_gmt":"2011-08-18T08:10:42","slug":"jovenes-valientes-y-creyentes","status":"publish","type":"post","link":"https:\/\/www.montalegre.org\/es\/2011\/08\/jovenes-valientes-y-creyentes\/","title":{"rendered":"J\u00f3venes valientes y creyentes!"},"content":{"rendered":"<div id=\"attachment_3787\" style=\"width: 308px\" class=\"wp-caption alignleft\"><a rel=\"attachment wp-att-3787\" href=\"http:\/\/www.montalegre.org\/2011\/08\/joves-valents-i-creients\/confesionarios-jmj\/\"><img loading=\"lazy\" decoding=\"async\" aria-describedby=\"caption-attachment-3787\" class=\"size-full wp-image-3787\" title=\"confesionarios JMJ\" src=\"http:\/\/www.montalegre.org\/wp-content\/uploads\/2011\/08\/confesionarios-JMJ.jpg\" alt=\"\" width=\"298\" height=\"169\" \/><\/a><p id=\"caption-attachment-3787\" class=\"wp-caption-text\">Confesionarios en la JMJ de Madrid<\/p><\/div>\n<p>\u00a0<\/p>\n<p>Todos los medios de comunicaci\u00f3n del mundo est\u00e1n siguiendo la noticia del desarrollo de la JMJ a Madrid. Haciendo una ojeada a los peri\u00f3dicos alemanes, austriacos, ingleses\u2026 y tambi\u00e9n a las cadenas de televisi\u00f3n y los medios digitales, no solamente espa\u00f1oles, nos sorprenden cada d\u00eda con los acontecimientos. Madrid est\u00e1 en ojo del hurac\u00e1n. El Santo Padre, Vicario de la Iglesia Universal llega a Madrid, pisando fuerte en Espa\u00f1a, nuevamente despu\u00e9s de su \u00faltima visita en noviembre en Santiago de Compostela y Barcelona.\u00a0<\/p>\n<p>Es un encuentro d\u00f3nde los j\u00f3venes cristianos y cat\u00f3licos del mundo entero est\u00e1n viviendo la experiencia de la nueva evangelizaci\u00f3n ante una secularizaci\u00f3n insistente y en algunos casos laicista. Seguir a Cristo es amar los sacramentos que \u00c9l instituy\u00f3 a lo largo de su vida p\u00fablica. Entre los j\u00f3venes est\u00e1 calando este mensaje de Jes\u00fas, y en consecuencia aquel\u00a0 lema del Beato Juan Pablo II, \u201cNo teng\u00e1is miedo\u201d. Los estamos viendo en la plaza Cibeles siguiendo con devoci\u00f3n la santa misa de inauguraci\u00f3n de las Jornadas, y como dicen las fuentes bien informadas: <em>hab\u00eda<\/em> <em>medio mill\u00f3n de j\u00f3venes<\/em>; tambi\u00e9n los vemos utilizando los confesionarios de porespan blanco,\u00a0 que recuerdan a una vela de yate, y como bandera el logo de la JMJ; all\u00ed sacerdotes de todo el mundo y en todos los idiomas que puedas imaginar ejercen su ministerio. \u00a0As\u00ed confesando los pecados y recibiendo la Sagrada Comuni\u00f3n en gracia de Dios, las gracias innumerables se repartir\u00e1n por todo el mundo no solamente en beneficio de ellos mismo sino tambi\u00e9n de todos nosotros, creyentes y paganos. Sabemos que han recomendado encarecidamente comulgar directamente en la boca para favorecer un mayor respeto a la Eucarist\u00eda.<\/p>\n<p>Estos j\u00f3venes nos est\u00e1n dando a los m\u00e1s mayores un gran ejemplo para saber c\u00f3mo ser cristianos valientes en nuestro tiempo, a pesar de las dificultades no solamente las personales sino tambi\u00e9n aquellas que nos salen al paso por el hecho mismo de seguir queriendo ser cat\u00f3licos en el lugar donde vivimos. Esa valent\u00eda est\u00e1 llena de alegr\u00eda y de gratitud a Dios. Y como la alegr\u00eda, y m\u00e1s la sobrenatural que la humana, es contagiosa, nos alegramos profundamente de que tantos chicos y chicas hayan preferido que sus vacaciones sean junto al Papa, Benedicto XVI, sin importarles todas esas dificultades que los medios han ido escribiendo y diciendo. Nada!, que a los j\u00f3venes convencidos de lo que es bueno no les para ni el calor, ni las incomodidades, ni los que son contrarios, esos j\u00f3venes de hoy son como la madre perla, muy valiosos, y nos llenan de orgullo y esperanza. As\u00ed que nuevamente, hoy, bienvenido Santo Padre Benedicto XVI!, le queremos much\u00edsimo.\u00a0<\/p>\n<p>Isabel Hern\u00e1ndez Esteban<\/p>\n","protected":false},"excerpt":{"rendered":"<p>\u00a0 Todos los medios de comunicaci\u00f3n del mundo est\u00e1n siguiendo la noticia del desarrollo de la JMJ a Madrid. Haciendo una ojeada a los peri\u00f3dicos alemanes, austriacos, ingleses\u2026 y tambi\u00e9n a las cadenas de televisi\u00f3n y los medios digitales, no solamente espa\u00f1oles, nos sorprenden cada d\u00eda con los acontecimientos. Madrid est\u00e1 en ojo del hurac\u00e1n. [&hellip;]<\/p>\n","protected":false},"author":4,"featured_media":0,"comment_status":"open","ping_status":"open","sticky":false,"template":"","format":"standard","meta":{"footnotes":""},"categories":[1],"tags":[],"class_list":["post-3790","post","type-post","status-publish","format-standard","hentry","category-noticias-de-montalegre"],"yoast_head":"<!-- This site is optimized with the Yoast SEO plugin v27.1.1 - https:\/\/yoast.com\/product\/yoast-seo-wordpress\/ -->\n<title>J\u00f3venes valientes y creyentes! - Montalegre<\/title>\n<meta name=\"robots\" content=\"index, follow, max-snippet:-1, max-image-preview:large, max-video-preview:-1\" \/>\n<link rel=\"canonical\" href=\"https:\/\/www.montalegre.org\/es\/2011\/08\/jovenes-valientes-y-creyentes\/\" \/>\n<meta property=\"og:locale\" content=\"es_ES\" \/>\n<meta property=\"og:type\" content=\"article\" \/>\n<meta property=\"og:title\" content=\"J\u00f3venes valientes y creyentes! - Montalegre\" \/>\n<meta property=\"og:description\" content=\"\u00a0 Todos los medios de comunicaci\u00f3n del mundo est\u00e1n siguiendo la noticia del desarrollo de la JMJ a Madrid. Haciendo una ojeada a los peri\u00f3dicos alemanes, austriacos, ingleses\u2026 y tambi\u00e9n a las cadenas de televisi\u00f3n y los medios digitales, no solamente espa\u00f1oles, nos sorprenden cada d\u00eda con los acontecimientos. Madrid est\u00e1 en ojo del hurac\u00e1n. [&hellip;]\" \/>\n<meta property=\"og:url\" content=\"https:\/\/www.montalegre.org\/es\/2011\/08\/jovenes-valientes-y-creyentes\/\" \/>\n<meta property=\"og:site_name\" content=\"Montalegre\" \/>\n<meta property=\"article:published_time\" content=\"2011-08-18T08:10:42+00:00\" \/>\n<meta property=\"og:image\" content=\"http:\/\/www.montalegre.org\/wp-content\/uploads\/2011\/08\/confesionarios-JMJ.jpg\" \/>\n<meta name=\"author\" content=\"montalegre\" \/>\n<meta name=\"twitter:card\" content=\"summary_large_image\" \/>\n<meta name=\"twitter:label1\" content=\"Escrito por\" \/>\n\t<meta name=\"twitter:data1\" content=\"montalegre\" \/>\n\t<meta name=\"twitter:label2\" content=\"Tiempo de lectura\" \/>\n\t<meta name=\"twitter:data2\" content=\"3 minutos\" \/>\n<script type=\"application\/ld+json\" class=\"yoast-schema-graph\">{\"@context\":\"https:\/\/schema.org\",\"@graph\":[{\"@type\":\"Article\",\"@id\":\"https:\/\/www.montalegre.org\/es\/2011\/08\/jovenes-valientes-y-creyentes\/#article\",\"isPartOf\":{\"@id\":\"https:\/\/www.montalegre.org\/es\/2011\/08\/jovenes-valientes-y-creyentes\/\"},\"author\":{\"name\":\"montalegre\",\"@id\":\"https:\/\/www.montalegre.org\/es\/#\/schema\/person\/fa12d4cf3a3f1735a9176b4fafd6a633\"},\"headline\":\"J\u00f3venes valientes y creyentes!\",\"datePublished\":\"2011-08-18T08:10:42+00:00\",\"mainEntityOfPage\":{\"@id\":\"https:\/\/www.montalegre.org\/es\/2011\/08\/jovenes-valientes-y-creyentes\/\"},\"wordCount\":507,\"commentCount\":0,\"image\":{\"@id\":\"https:\/\/www.montalegre.org\/es\/2011\/08\/jovenes-valientes-y-creyentes\/#primaryimage\"},\"thumbnailUrl\":\"http:\/\/www.montalegre.org\/wp-content\/uploads\/2011\/08\/confesionarios-JMJ.jpg\",\"articleSection\":[\"Noticias de Montalegre\"],\"inLanguage\":\"es\",\"potentialAction\":[{\"@type\":\"CommentAction\",\"name\":\"Comment\",\"target\":[\"https:\/\/www.montalegre.org\/es\/2011\/08\/jovenes-valientes-y-creyentes\/#respond\"]}]},{\"@type\":\"WebPage\",\"@id\":\"https:\/\/www.montalegre.org\/es\/2011\/08\/jovenes-valientes-y-creyentes\/\",\"url\":\"https:\/\/www.montalegre.org\/es\/2011\/08\/jovenes-valientes-y-creyentes\/\",\"name\":\"J\u00f3venes valientes y creyentes! - Montalegre\",\"isPartOf\":{\"@id\":\"https:\/\/www.montalegre.org\/es\/#website\"},\"primaryImageOfPage\":{\"@id\":\"https:\/\/www.montalegre.org\/es\/2011\/08\/jovenes-valientes-y-creyentes\/#primaryimage\"},\"image\":{\"@id\":\"https:\/\/www.montalegre.org\/es\/2011\/08\/jovenes-valientes-y-creyentes\/#primaryimage\"},\"thumbnailUrl\":\"http:\/\/www.montalegre.org\/wp-content\/uploads\/2011\/08\/confesionarios-JMJ.jpg\",\"datePublished\":\"2011-08-18T08:10:42+00:00\",\"author\":{\"@id\":\"https:\/\/www.montalegre.org\/es\/#\/schema\/person\/fa12d4cf3a3f1735a9176b4fafd6a633\"},\"breadcrumb\":{\"@id\":\"https:\/\/www.montalegre.org\/es\/2011\/08\/jovenes-valientes-y-creyentes\/#breadcrumb\"},\"inLanguage\":\"es\",\"potentialAction\":[{\"@type\":\"ReadAction\",\"target\":[\"https:\/\/www.montalegre.org\/es\/2011\/08\/jovenes-valientes-y-creyentes\/\"]}]},{\"@type\":\"ImageObject\",\"inLanguage\":\"es\",\"@id\":\"https:\/\/www.montalegre.org\/es\/2011\/08\/jovenes-valientes-y-creyentes\/#primaryimage\",\"url\":\"http:\/\/www.montalegre.org\/wp-content\/uploads\/2011\/08\/confesionarios-JMJ.jpg\",\"contentUrl\":\"http:\/\/www.montalegre.org\/wp-content\/uploads\/2011\/08\/confesionarios-JMJ.jpg\"},{\"@type\":\"BreadcrumbList\",\"@id\":\"https:\/\/www.montalegre.org\/es\/2011\/08\/jovenes-valientes-y-creyentes\/#breadcrumb\",\"itemListElement\":[{\"@type\":\"ListItem\",\"position\":1,\"name\":\"Portada\",\"item\":\"https:\/\/www.montalegre.org\/es\/\"},{\"@type\":\"ListItem\",\"position\":2,\"name\":\"J\u00f3venes valientes y creyentes!\"}]},{\"@type\":\"WebSite\",\"@id\":\"https:\/\/www.montalegre.org\/es\/#website\",\"url\":\"https:\/\/www.montalegre.org\/es\/\",\"name\":\"Montalegre\",\"description\":\"\",\"potentialAction\":[{\"@type\":\"SearchAction\",\"target\":{\"@type\":\"EntryPoint\",\"urlTemplate\":\"https:\/\/www.montalegre.org\/es\/?s={search_term_string}\"},\"query-input\":{\"@type\":\"PropertyValueSpecification\",\"valueRequired\":true,\"valueName\":\"search_term_string\"}}],\"inLanguage\":\"es\"},{\"@type\":\"Person\",\"@id\":\"https:\/\/www.montalegre.org\/es\/#\/schema\/person\/fa12d4cf3a3f1735a9176b4fafd6a633\",\"name\":\"montalegre\",\"image\":{\"@type\":\"ImageObject\",\"inLanguage\":\"es\",\"@id\":\"https:\/\/www.montalegre.org\/es\/#\/schema\/person\/image\/\",\"url\":\"https:\/\/secure.gravatar.com\/avatar\/fe6d886cf5081e723c666dceda1f12d4f39070fa2ed4e79695edc3ca355c9b5a?s=96&d=mm&r=g\",\"contentUrl\":\"https:\/\/secure.gravatar.com\/avatar\/fe6d886cf5081e723c666dceda1f12d4f39070fa2ed4e79695edc3ca355c9b5a?s=96&d=mm&r=g\",\"caption\":\"montalegre\"},\"url\":\"https:\/\/www.montalegre.org\/es\/author\/montalegre\/\"}]}<\/script>\n<!-- \/ Yoast SEO plugin. -->","yoast_head_json":{"title":"J\u00f3venes valientes y creyentes! - Montalegre","robots":{"index":"index","follow":"follow","max-snippet":"max-snippet:-1","max-image-preview":"max-image-preview:large","max-video-preview":"max-video-preview:-1"},"canonical":"https:\/\/www.montalegre.org\/es\/2011\/08\/jovenes-valientes-y-creyentes\/","og_locale":"es_ES","og_type":"article","og_title":"J\u00f3venes valientes y creyentes! - Montalegre","og_description":"\u00a0 Todos los medios de comunicaci\u00f3n del mundo est\u00e1n siguiendo la noticia del desarrollo de la JMJ a Madrid. Haciendo una ojeada a los peri\u00f3dicos alemanes, austriacos, ingleses\u2026 y tambi\u00e9n a las cadenas de televisi\u00f3n y los medios digitales, no solamente espa\u00f1oles, nos sorprenden cada d\u00eda con los acontecimientos. Madrid est\u00e1 en ojo del hurac\u00e1n. [&hellip;]","og_url":"https:\/\/www.montalegre.org\/es\/2011\/08\/jovenes-valientes-y-creyentes\/","og_site_name":"Montalegre","article_published_time":"2011-08-18T08:10:42+00:00","og_image":[{"url":"http:\/\/www.montalegre.org\/wp-content\/uploads\/2011\/08\/confesionarios-JMJ.jpg","type":"","width":"","height":""}],"author":"montalegre","twitter_card":"summary_large_image","twitter_misc":{"Escrito por":"montalegre","Tiempo de lectura":"3 minutos"},"schema":{"@context":"https:\/\/schema.org","@graph":[{"@type":"Article","@id":"https:\/\/www.montalegre.org\/es\/2011\/08\/jovenes-valientes-y-creyentes\/#article","isPartOf":{"@id":"https:\/\/www.montalegre.org\/es\/2011\/08\/jovenes-valientes-y-creyentes\/"},"author":{"name":"montalegre","@id":"https:\/\/www.montalegre.org\/es\/#\/schema\/person\/fa12d4cf3a3f1735a9176b4fafd6a633"},"headline":"J\u00f3venes valientes y creyentes!","datePublished":"2011-08-18T08:10:42+00:00","mainEntityOfPage":{"@id":"https:\/\/www.montalegre.org\/es\/2011\/08\/jovenes-valientes-y-creyentes\/"},"wordCount":507,"commentCount":0,"image":{"@id":"https:\/\/www.montalegre.org\/es\/2011\/08\/jovenes-valientes-y-creyentes\/#primaryimage"},"thumbnailUrl":"http:\/\/www.montalegre.org\/wp-content\/uploads\/2011\/08\/confesionarios-JMJ.jpg","articleSection":["Noticias de Montalegre"],"inLanguage":"es","potentialAction":[{"@type":"CommentAction","name":"Comment","target":["https:\/\/www.montalegre.org\/es\/2011\/08\/jovenes-valientes-y-creyentes\/#respond"]}]},{"@type":"WebPage","@id":"https:\/\/www.montalegre.org\/es\/2011\/08\/jovenes-valientes-y-creyentes\/","url":"https:\/\/www.montalegre.org\/es\/2011\/08\/jovenes-valientes-y-creyentes\/","name":"J\u00f3venes valientes y creyentes! - Montalegre","isPartOf":{"@id":"https:\/\/www.montalegre.org\/es\/#website"},"primaryImageOfPage":{"@id":"https:\/\/www.montalegre.org\/es\/2011\/08\/jovenes-valientes-y-creyentes\/#primaryimage"},"image":{"@id":"https:\/\/www.montalegre.org\/es\/2011\/08\/jovenes-valientes-y-creyentes\/#primaryimage"},"thumbnailUrl":"http:\/\/www.montalegre.org\/wp-content\/uploads\/2011\/08\/confesionarios-JMJ.jpg","datePublished":"2011-08-18T08:10:42+00:00","author":{"@id":"https:\/\/www.montalegre.org\/es\/#\/schema\/person\/fa12d4cf3a3f1735a9176b4fafd6a633"},"breadcrumb":{"@id":"https:\/\/www.montalegre.org\/es\/2011\/08\/jovenes-valientes-y-creyentes\/#breadcrumb"},"inLanguage":"es","potentialAction":[{"@type":"ReadAction","target":["https:\/\/www.montalegre.org\/es\/2011\/08\/jovenes-valientes-y-creyentes\/"]}]},{"@type":"ImageObject","inLanguage":"es","@id":"https:\/\/www.montalegre.org\/es\/2011\/08\/jovenes-valientes-y-creyentes\/#primaryimage","url":"http:\/\/www.montalegre.org\/wp-content\/uploads\/2011\/08\/confesionarios-JMJ.jpg","contentUrl":"http:\/\/www.montalegre.org\/wp-content\/uploads\/2011\/08\/confesionarios-JMJ.jpg"},{"@type":"BreadcrumbList","@id":"https:\/\/www.montalegre.org\/es\/2011\/08\/jovenes-valientes-y-creyentes\/#breadcrumb","itemListElement":[{"@type":"ListItem","position":1,"name":"Portada","item":"https:\/\/www.montalegre.org\/es\/"},{"@type":"ListItem","position":2,"name":"J\u00f3venes valientes y creyentes!"}]},{"@type":"WebSite","@id":"https:\/\/www.montalegre.org\/es\/#website","url":"https:\/\/www.montalegre.org\/es\/","name":"Montalegre","description":"","potentialAction":[{"@type":"SearchAction","target":{"@type":"EntryPoint","urlTemplate":"https:\/\/www.montalegre.org\/es\/?s={search_term_string}"},"query-input":{"@type":"PropertyValueSpecification","valueRequired":true,"valueName":"search_term_string"}}],"inLanguage":"es"},{"@type":"Person","@id":"https:\/\/www.montalegre.org\/es\/#\/schema\/person\/fa12d4cf3a3f1735a9176b4fafd6a633","name":"montalegre","image":{"@type":"ImageObject","inLanguage":"es","@id":"https:\/\/www.montalegre.org\/es\/#\/schema\/person\/image\/","url":"https:\/\/secure.gravatar.com\/avatar\/fe6d886cf5081e723c666dceda1f12d4f39070fa2ed4e79695edc3ca355c9b5a?s=96&d=mm&r=g","contentUrl":"https:\/\/secure.gravatar.com\/avatar\/fe6d886cf5081e723c666dceda1f12d4f39070fa2ed4e79695edc3ca355c9b5a?s=96&d=mm&r=g","caption":"montalegre"},"url":"https:\/\/www.montalegre.org\/es\/author\/montalegre\/"}]}},"_links":{"self":[{"href":"https:\/\/www.montalegre.org\/es\/wp-json\/wp\/v2\/posts\/3790","targetHints":{"allow":["GET"]}}],"collection":[{"href":"https:\/\/www.montalegre.org\/es\/wp-json\/wp\/v2\/posts"}],"about":[{"href":"https:\/\/www.montalegre.org\/es\/wp-json\/wp\/v2\/types\/post"}],"author":[{"embeddable":true,"href":"https:\/\/www.montalegre.org\/es\/wp-json\/wp\/v2\/users\/4"}],"replies":[{"embeddable":true,"href":"https:\/\/www.montalegre.org\/es\/wp-json\/wp\/v2\/comments?post=3790"}],"version-history":[{"count":2,"href":"https:\/\/www.montalegre.org\/es\/wp-json\/wp\/v2\/posts\/3790\/revisions"}],"predecessor-version":[{"id":3792,"href":"https:\/\/www.montalegre.org\/es\/wp-json\/wp\/v2\/posts\/3790\/revisions\/3792"}],"wp:attachment":[{"href":"https:\/\/www.montalegre.org\/es\/wp-json\/wp\/v2\/media?parent=3790"}],"wp:term":[{"taxonomy":"category","embeddable":true,"href":"https:\/\/www.montalegre.org\/es\/wp-json\/wp\/v2\/categories?post=3790"},{"taxonomy":"post_tag","embeddable":true,"href":"https:\/\/www.montalegre.org\/es\/wp-json\/wp\/v2\/tags?post=3790"}],"curies":[{"name":"wp","href":"https:\/\/api.w.org\/{rel}","templated":true}]}}