{"id":37,"date":"2010-01-24T23:18:32","date_gmt":"2010-01-24T23:18:32","guid":{"rendered":"http:\/\/germanferrari.com\/demos\/sabados-blancos\/?p=37"},"modified":"2010-04-30T18:06:56","modified_gmt":"2010-04-30T18:06:56","slug":"segunda-fase-de-la-rehabilitacion-de-las-pinturas-de-la-nave-central-de-la-iglesia","status":"publish","type":"post","link":"https:\/\/www.montalegre.org\/es\/2010\/01\/segunda-fase-de-la-rehabilitacion-de-las-pinturas-de-la-nave-central-de-la-iglesia\/","title":{"rendered":"Segunda fase de la rehabilitaci\u00f3n de las pinturas de la nave central de la iglesia"},"content":{"rendered":"<p><a href=\"http:\/\/www.montalegre.org\/wp-content\/uploads\/2010\/01\/1.png\"><img loading=\"lazy\" decoding=\"async\" class=\"alignleft size-medium wp-image-590\" title=\"1\" src=\"http:\/\/www.montalegre.org\/wp-content\/uploads\/2010\/01\/1-300x224.png\" alt=\"\" width=\"261\" height=\"195\" \/><\/a> l Maestro Pintor, se\u00f1or Antonio Luque que ya colabor\u00f3 desinteresadamente en la rehabilitaci\u00f3n de les cenefas de toda la nave central, entre otras cosas, en la primavera del a\u00f1o pasado, ha vuelto a la iglesia para esta nueva fase de rehabilitaci\u00f3n art\u00edstica del templo.<\/p>\n<p><a href=\"http:\/\/www.montalegre.org\/wp-content\/uploads\/2010\/01\/2.png\"><img loading=\"lazy\" decoding=\"async\" class=\"alignright size-medium wp-image-591\" title=\"2\" src=\"http:\/\/www.montalegre.org\/wp-content\/uploads\/2010\/01\/2-225x300.png\" alt=\"\" width=\"181\" height=\"242\" \/><\/a> Este a\u00f1o ha iniciado sus trabajos a lo largo del mes de marzo, tambi\u00e9n encaramado al andamio apropiado.<br \/>\nRehabilitar\u00e1 los arcos de las puertas, y si todo se desarrolla normalmente, har\u00e1 los tri\u00e1ngulos verdes situados encima de los arcos que aguantan las gradas.<\/p>\n<p>En estos d\u00edas de final de la cuaresma y de la Semana Santa los fieles habr\u00e1n podido observar como avanzan las tareas; no tienen fecha de finalizaci\u00f3n, no obstante se prev\u00e9 que puedan acabarse a finales del mes de abril.<\/p>\n<p><a href=\"http:\/\/www.montalegre.org\/wp-content\/uploads\/2010\/01\/3.png\"><img loading=\"lazy\" decoding=\"async\" class=\"alignleft size-medium wp-image-592\" title=\"3\" src=\"http:\/\/www.montalegre.org\/wp-content\/uploads\/2010\/01\/3-300x227.png\" alt=\"\" width=\"248\" height=\"187\" \/><\/a> Se puede observar en las fotograf\u00edas, referidas a la puerta cuya ubicaci\u00f3n corresponde a la que da a la calle Valldonzella, el proceso de restauraci\u00f3n, la del lado izquierdo la de la limpieza de la superficie, y la de la derecha una vez pintado, manteniendo la unidad de colores respecto la \u00faltima rehabilitaci\u00f3n.<\/p>\n<p>En el mismo sentido, y encima de la puerta que da al Pati Puig y que suele estar cerrada, tambi\u00e9n ya se observa que se han acabado los trabajos, destacando, como nunca hasta ahora, los dibujos de los arcos en consonancia con todas les cenefas de la nave central.<\/p>\n<p><a href=\"http:\/\/www.montalegre.org\/wp-content\/uploads\/2010\/01\/4.png\"><img loading=\"lazy\" decoding=\"async\" class=\"alignright size-medium wp-image-593\" title=\"4\" src=\"http:\/\/www.montalegre.org\/wp-content\/uploads\/2010\/01\/4-300x225.png\" alt=\"\" width=\"235\" height=\"176\" \/><\/a> A lo largo de todos los d\u00edas, las celebraciones y las actividades de la iglesia se han realizado con total normalidad.<\/p>\n<p>En una reciente visita del Vicario del Opus Dei, Dr. Antoni Pujals, en ocasi\u00f3n de la celebraci\u00f3n de la misa en sufragio por el alma de D. \u00c1lvaro del Portillo, el Rector, Mn. Francesc Perarnau, le explic\u00f3 el desarrollo del proyecto de la rehabilitaci\u00f3n art\u00edstica de la iglesia, de la que se espera pueda tener una tercera fase el a\u00f1o que viene.<\/p>\n<p><strong>Isabel Hern\u00e1ndez Esteban<\/strong><\/p>\n","protected":false},"excerpt":{"rendered":"<p>l Maestro Pintor, se\u00f1or Antonio Luque que ya colabor\u00f3 desinteresadamente en la rehabilitaci\u00f3n de les cenefas de toda la nave central, entre otras cosas, en la primavera del a\u00f1o pasado, ha vuelto a la iglesia para esta nueva fase de rehabilitaci\u00f3n art\u00edstica del templo. Este a\u00f1o ha iniciado sus trabajos a lo largo del mes [&hellip;]<\/p>\n","protected":false},"author":4,"featured_media":0,"comment_status":"open","ping_status":"open","sticky":false,"template":"","format":"standard","meta":{"footnotes":""},"categories":[1],"tags":[16,24,26],"class_list":["post-37","post","type-post","status-publish","format-standard","hentry","category-noticias-de-montalegre","tag-ipsum","tag-sit","tag-varius"],"yoast_head":"<!-- This site is optimized with the Yoast SEO plugin v27.1.1 - https:\/\/yoast.com\/product\/yoast-seo-wordpress\/ -->\n<title>Segunda fase de la rehabilitaci\u00f3n de las pinturas de la nave central de la iglesia - Montalegre<\/title>\n<meta name=\"robots\" content=\"index, follow, max-snippet:-1, max-image-preview:large, max-video-preview:-1\" \/>\n<link rel=\"canonical\" href=\"https:\/\/www.montalegre.org\/es\/2010\/01\/segunda-fase-de-la-rehabilitacion-de-las-pinturas-de-la-nave-central-de-la-iglesia\/\" \/>\n<meta property=\"og:locale\" content=\"es_ES\" \/>\n<meta property=\"og:type\" content=\"article\" \/>\n<meta property=\"og:title\" content=\"Segunda fase de la rehabilitaci\u00f3n de las pinturas de la nave central de la iglesia - Montalegre\" \/>\n<meta property=\"og:description\" content=\"l Maestro Pintor, se\u00f1or Antonio Luque que ya colabor\u00f3 desinteresadamente en la rehabilitaci\u00f3n de les cenefas de toda la nave central, entre otras cosas, en la primavera del a\u00f1o pasado, ha vuelto a la iglesia para esta nueva fase de rehabilitaci\u00f3n art\u00edstica del templo. Este a\u00f1o ha iniciado sus trabajos a lo largo del mes [&hellip;]\" \/>\n<meta property=\"og:url\" content=\"https:\/\/www.montalegre.org\/es\/2010\/01\/segunda-fase-de-la-rehabilitacion-de-las-pinturas-de-la-nave-central-de-la-iglesia\/\" \/>\n<meta property=\"og:site_name\" content=\"Montalegre\" \/>\n<meta property=\"article:published_time\" content=\"2010-01-24T23:18:32+00:00\" \/>\n<meta property=\"article:modified_time\" content=\"2010-04-30T18:06:56+00:00\" \/>\n<meta property=\"og:image\" content=\"http:\/\/www.montalegre.org\/wp-content\/uploads\/2010\/01\/1-300x224.png\" \/>\n<meta name=\"author\" content=\"montalegre\" \/>\n<meta name=\"twitter:card\" content=\"summary_large_image\" \/>\n<meta name=\"twitter:label1\" content=\"Escrito por\" \/>\n\t<meta name=\"twitter:data1\" content=\"montalegre\" \/>\n\t<meta name=\"twitter:label2\" content=\"Tiempo de lectura\" \/>\n\t<meta name=\"twitter:data2\" content=\"2 minutos\" \/>\n<script type=\"application\/ld+json\" class=\"yoast-schema-graph\">{\"@context\":\"https:\/\/schema.org\",\"@graph\":[{\"@type\":\"Article\",\"@id\":\"https:\/\/www.montalegre.org\/es\/2010\/01\/segunda-fase-de-la-rehabilitacion-de-las-pinturas-de-la-nave-central-de-la-iglesia\/#article\",\"isPartOf\":{\"@id\":\"https:\/\/www.montalegre.org\/es\/2010\/01\/segunda-fase-de-la-rehabilitacion-de-las-pinturas-de-la-nave-central-de-la-iglesia\/\"},\"author\":{\"name\":\"montalegre\",\"@id\":\"https:\/\/www.montalegre.org\/es\/#\/schema\/person\/fa12d4cf3a3f1735a9176b4fafd6a633\"},\"headline\":\"Segunda fase de la rehabilitaci\u00f3n de las pinturas de la nave central de la iglesia\",\"datePublished\":\"2010-01-24T23:18:32+00:00\",\"dateModified\":\"2010-04-30T18:06:56+00:00\",\"mainEntityOfPage\":{\"@id\":\"https:\/\/www.montalegre.org\/es\/2010\/01\/segunda-fase-de-la-rehabilitacion-de-las-pinturas-de-la-nave-central-de-la-iglesia\/\"},\"wordCount\":354,\"commentCount\":0,\"image\":{\"@id\":\"https:\/\/www.montalegre.org\/es\/2010\/01\/segunda-fase-de-la-rehabilitacion-de-las-pinturas-de-la-nave-central-de-la-iglesia\/#primaryimage\"},\"thumbnailUrl\":\"http:\/\/www.montalegre.org\/wp-content\/uploads\/2010\/01\/1-300x224.png\",\"keywords\":[\"Ipsum\",\"Sit\",\"varius\"],\"articleSection\":[\"Noticias de Montalegre\"],\"inLanguage\":\"es\",\"potentialAction\":[{\"@type\":\"CommentAction\",\"name\":\"Comment\",\"target\":[\"https:\/\/www.montalegre.org\/es\/2010\/01\/segunda-fase-de-la-rehabilitacion-de-las-pinturas-de-la-nave-central-de-la-iglesia\/#respond\"]}]},{\"@type\":\"WebPage\",\"@id\":\"https:\/\/www.montalegre.org\/es\/2010\/01\/segunda-fase-de-la-rehabilitacion-de-las-pinturas-de-la-nave-central-de-la-iglesia\/\",\"url\":\"https:\/\/www.montalegre.org\/es\/2010\/01\/segunda-fase-de-la-rehabilitacion-de-las-pinturas-de-la-nave-central-de-la-iglesia\/\",\"name\":\"Segunda fase de la rehabilitaci\u00f3n de las pinturas de la nave central de la iglesia - Montalegre\",\"isPartOf\":{\"@id\":\"https:\/\/www.montalegre.org\/es\/#website\"},\"primaryImageOfPage\":{\"@id\":\"https:\/\/www.montalegre.org\/es\/2010\/01\/segunda-fase-de-la-rehabilitacion-de-las-pinturas-de-la-nave-central-de-la-iglesia\/#primaryimage\"},\"image\":{\"@id\":\"https:\/\/www.montalegre.org\/es\/2010\/01\/segunda-fase-de-la-rehabilitacion-de-las-pinturas-de-la-nave-central-de-la-iglesia\/#primaryimage\"},\"thumbnailUrl\":\"http:\/\/www.montalegre.org\/wp-content\/uploads\/2010\/01\/1-300x224.png\",\"datePublished\":\"2010-01-24T23:18:32+00:00\",\"dateModified\":\"2010-04-30T18:06:56+00:00\",\"author\":{\"@id\":\"https:\/\/www.montalegre.org\/es\/#\/schema\/person\/fa12d4cf3a3f1735a9176b4fafd6a633\"},\"breadcrumb\":{\"@id\":\"https:\/\/www.montalegre.org\/es\/2010\/01\/segunda-fase-de-la-rehabilitacion-de-las-pinturas-de-la-nave-central-de-la-iglesia\/#breadcrumb\"},\"inLanguage\":\"es\",\"potentialAction\":[{\"@type\":\"ReadAction\",\"target\":[\"https:\/\/www.montalegre.org\/es\/2010\/01\/segunda-fase-de-la-rehabilitacion-de-las-pinturas-de-la-nave-central-de-la-iglesia\/\"]}]},{\"@type\":\"ImageObject\",\"inLanguage\":\"es\",\"@id\":\"https:\/\/www.montalegre.org\/es\/2010\/01\/segunda-fase-de-la-rehabilitacion-de-las-pinturas-de-la-nave-central-de-la-iglesia\/#primaryimage\",\"url\":\"http:\/\/www.montalegre.org\/wp-content\/uploads\/2010\/01\/1-300x224.png\",\"contentUrl\":\"http:\/\/www.montalegre.org\/wp-content\/uploads\/2010\/01\/1-300x224.png\"},{\"@type\":\"BreadcrumbList\",\"@id\":\"https:\/\/www.montalegre.org\/es\/2010\/01\/segunda-fase-de-la-rehabilitacion-de-las-pinturas-de-la-nave-central-de-la-iglesia\/#breadcrumb\",\"itemListElement\":[{\"@type\":\"ListItem\",\"position\":1,\"name\":\"Portada\",\"item\":\"https:\/\/www.montalegre.org\/es\/\"},{\"@type\":\"ListItem\",\"position\":2,\"name\":\"Segunda fase de la rehabilitaci\u00f3n de las pinturas de la nave central de la iglesia\"}]},{\"@type\":\"WebSite\",\"@id\":\"https:\/\/www.montalegre.org\/es\/#website\",\"url\":\"https:\/\/www.montalegre.org\/es\/\",\"name\":\"Montalegre\",\"description\":\"\",\"potentialAction\":[{\"@type\":\"SearchAction\",\"target\":{\"@type\":\"EntryPoint\",\"urlTemplate\":\"https:\/\/www.montalegre.org\/es\/?s={search_term_string}\"},\"query-input\":{\"@type\":\"PropertyValueSpecification\",\"valueRequired\":true,\"valueName\":\"search_term_string\"}}],\"inLanguage\":\"es\"},{\"@type\":\"Person\",\"@id\":\"https:\/\/www.montalegre.org\/es\/#\/schema\/person\/fa12d4cf3a3f1735a9176b4fafd6a633\",\"name\":\"montalegre\",\"image\":{\"@type\":\"ImageObject\",\"inLanguage\":\"es\",\"@id\":\"https:\/\/www.montalegre.org\/es\/#\/schema\/person\/image\/\",\"url\":\"https:\/\/secure.gravatar.com\/avatar\/fe6d886cf5081e723c666dceda1f12d4f39070fa2ed4e79695edc3ca355c9b5a?s=96&d=mm&r=g\",\"contentUrl\":\"https:\/\/secure.gravatar.com\/avatar\/fe6d886cf5081e723c666dceda1f12d4f39070fa2ed4e79695edc3ca355c9b5a?s=96&d=mm&r=g\",\"caption\":\"montalegre\"},\"url\":\"https:\/\/www.montalegre.org\/es\/author\/montalegre\/\"}]}<\/script>\n<!-- \/ Yoast SEO plugin. -->","yoast_head_json":{"title":"Segunda fase de la rehabilitaci\u00f3n de las pinturas de la nave central de la iglesia - Montalegre","robots":{"index":"index","follow":"follow","max-snippet":"max-snippet:-1","max-image-preview":"max-image-preview:large","max-video-preview":"max-video-preview:-1"},"canonical":"https:\/\/www.montalegre.org\/es\/2010\/01\/segunda-fase-de-la-rehabilitacion-de-las-pinturas-de-la-nave-central-de-la-iglesia\/","og_locale":"es_ES","og_type":"article","og_title":"Segunda fase de la rehabilitaci\u00f3n de las pinturas de la nave central de la iglesia - Montalegre","og_description":"l Maestro Pintor, se\u00f1or Antonio Luque que ya colabor\u00f3 desinteresadamente en la rehabilitaci\u00f3n de les cenefas de toda la nave central, entre otras cosas, en la primavera del a\u00f1o pasado, ha vuelto a la iglesia para esta nueva fase de rehabilitaci\u00f3n art\u00edstica del templo. Este a\u00f1o ha iniciado sus trabajos a lo largo del mes [&hellip;]","og_url":"https:\/\/www.montalegre.org\/es\/2010\/01\/segunda-fase-de-la-rehabilitacion-de-las-pinturas-de-la-nave-central-de-la-iglesia\/","og_site_name":"Montalegre","article_published_time":"2010-01-24T23:18:32+00:00","article_modified_time":"2010-04-30T18:06:56+00:00","og_image":[{"url":"http:\/\/www.montalegre.org\/wp-content\/uploads\/2010\/01\/1-300x224.png","type":"","width":"","height":""}],"author":"montalegre","twitter_card":"summary_large_image","twitter_misc":{"Escrito por":"montalegre","Tiempo de lectura":"2 minutos"},"schema":{"@context":"https:\/\/schema.org","@graph":[{"@type":"Article","@id":"https:\/\/www.montalegre.org\/es\/2010\/01\/segunda-fase-de-la-rehabilitacion-de-las-pinturas-de-la-nave-central-de-la-iglesia\/#article","isPartOf":{"@id":"https:\/\/www.montalegre.org\/es\/2010\/01\/segunda-fase-de-la-rehabilitacion-de-las-pinturas-de-la-nave-central-de-la-iglesia\/"},"author":{"name":"montalegre","@id":"https:\/\/www.montalegre.org\/es\/#\/schema\/person\/fa12d4cf3a3f1735a9176b4fafd6a633"},"headline":"Segunda fase de la rehabilitaci\u00f3n de las pinturas de la nave central de la iglesia","datePublished":"2010-01-24T23:18:32+00:00","dateModified":"2010-04-30T18:06:56+00:00","mainEntityOfPage":{"@id":"https:\/\/www.montalegre.org\/es\/2010\/01\/segunda-fase-de-la-rehabilitacion-de-las-pinturas-de-la-nave-central-de-la-iglesia\/"},"wordCount":354,"commentCount":0,"image":{"@id":"https:\/\/www.montalegre.org\/es\/2010\/01\/segunda-fase-de-la-rehabilitacion-de-las-pinturas-de-la-nave-central-de-la-iglesia\/#primaryimage"},"thumbnailUrl":"http:\/\/www.montalegre.org\/wp-content\/uploads\/2010\/01\/1-300x224.png","keywords":["Ipsum","Sit","varius"],"articleSection":["Noticias de Montalegre"],"inLanguage":"es","potentialAction":[{"@type":"CommentAction","name":"Comment","target":["https:\/\/www.montalegre.org\/es\/2010\/01\/segunda-fase-de-la-rehabilitacion-de-las-pinturas-de-la-nave-central-de-la-iglesia\/#respond"]}]},{"@type":"WebPage","@id":"https:\/\/www.montalegre.org\/es\/2010\/01\/segunda-fase-de-la-rehabilitacion-de-las-pinturas-de-la-nave-central-de-la-iglesia\/","url":"https:\/\/www.montalegre.org\/es\/2010\/01\/segunda-fase-de-la-rehabilitacion-de-las-pinturas-de-la-nave-central-de-la-iglesia\/","name":"Segunda fase de la rehabilitaci\u00f3n de las pinturas de la nave central de la iglesia - Montalegre","isPartOf":{"@id":"https:\/\/www.montalegre.org\/es\/#website"},"primaryImageOfPage":{"@id":"https:\/\/www.montalegre.org\/es\/2010\/01\/segunda-fase-de-la-rehabilitacion-de-las-pinturas-de-la-nave-central-de-la-iglesia\/#primaryimage"},"image":{"@id":"https:\/\/www.montalegre.org\/es\/2010\/01\/segunda-fase-de-la-rehabilitacion-de-las-pinturas-de-la-nave-central-de-la-iglesia\/#primaryimage"},"thumbnailUrl":"http:\/\/www.montalegre.org\/wp-content\/uploads\/2010\/01\/1-300x224.png","datePublished":"2010-01-24T23:18:32+00:00","dateModified":"2010-04-30T18:06:56+00:00","author":{"@id":"https:\/\/www.montalegre.org\/es\/#\/schema\/person\/fa12d4cf3a3f1735a9176b4fafd6a633"},"breadcrumb":{"@id":"https:\/\/www.montalegre.org\/es\/2010\/01\/segunda-fase-de-la-rehabilitacion-de-las-pinturas-de-la-nave-central-de-la-iglesia\/#breadcrumb"},"inLanguage":"es","potentialAction":[{"@type":"ReadAction","target":["https:\/\/www.montalegre.org\/es\/2010\/01\/segunda-fase-de-la-rehabilitacion-de-las-pinturas-de-la-nave-central-de-la-iglesia\/"]}]},{"@type":"ImageObject","inLanguage":"es","@id":"https:\/\/www.montalegre.org\/es\/2010\/01\/segunda-fase-de-la-rehabilitacion-de-las-pinturas-de-la-nave-central-de-la-iglesia\/#primaryimage","url":"http:\/\/www.montalegre.org\/wp-content\/uploads\/2010\/01\/1-300x224.png","contentUrl":"http:\/\/www.montalegre.org\/wp-content\/uploads\/2010\/01\/1-300x224.png"},{"@type":"BreadcrumbList","@id":"https:\/\/www.montalegre.org\/es\/2010\/01\/segunda-fase-de-la-rehabilitacion-de-las-pinturas-de-la-nave-central-de-la-iglesia\/#breadcrumb","itemListElement":[{"@type":"ListItem","position":1,"name":"Portada","item":"https:\/\/www.montalegre.org\/es\/"},{"@type":"ListItem","position":2,"name":"Segunda fase de la rehabilitaci\u00f3n de las pinturas de la nave central de la iglesia"}]},{"@type":"WebSite","@id":"https:\/\/www.montalegre.org\/es\/#website","url":"https:\/\/www.montalegre.org\/es\/","name":"Montalegre","description":"","potentialAction":[{"@type":"SearchAction","target":{"@type":"EntryPoint","urlTemplate":"https:\/\/www.montalegre.org\/es\/?s={search_term_string}"},"query-input":{"@type":"PropertyValueSpecification","valueRequired":true,"valueName":"search_term_string"}}],"inLanguage":"es"},{"@type":"Person","@id":"https:\/\/www.montalegre.org\/es\/#\/schema\/person\/fa12d4cf3a3f1735a9176b4fafd6a633","name":"montalegre","image":{"@type":"ImageObject","inLanguage":"es","@id":"https:\/\/www.montalegre.org\/es\/#\/schema\/person\/image\/","url":"https:\/\/secure.gravatar.com\/avatar\/fe6d886cf5081e723c666dceda1f12d4f39070fa2ed4e79695edc3ca355c9b5a?s=96&d=mm&r=g","contentUrl":"https:\/\/secure.gravatar.com\/avatar\/fe6d886cf5081e723c666dceda1f12d4f39070fa2ed4e79695edc3ca355c9b5a?s=96&d=mm&r=g","caption":"montalegre"},"url":"https:\/\/www.montalegre.org\/es\/author\/montalegre\/"}]}},"_links":{"self":[{"href":"https:\/\/www.montalegre.org\/es\/wp-json\/wp\/v2\/posts\/37","targetHints":{"allow":["GET"]}}],"collection":[{"href":"https:\/\/www.montalegre.org\/es\/wp-json\/wp\/v2\/posts"}],"about":[{"href":"https:\/\/www.montalegre.org\/es\/wp-json\/wp\/v2\/types\/post"}],"author":[{"embeddable":true,"href":"https:\/\/www.montalegre.org\/es\/wp-json\/wp\/v2\/users\/4"}],"replies":[{"embeddable":true,"href":"https:\/\/www.montalegre.org\/es\/wp-json\/wp\/v2\/comments?post=37"}],"version-history":[{"count":8,"href":"https:\/\/www.montalegre.org\/es\/wp-json\/wp\/v2\/posts\/37\/revisions"}],"predecessor-version":[{"id":599,"href":"https:\/\/www.montalegre.org\/es\/wp-json\/wp\/v2\/posts\/37\/revisions\/599"}],"wp:attachment":[{"href":"https:\/\/www.montalegre.org\/es\/wp-json\/wp\/v2\/media?parent=37"}],"wp:term":[{"taxonomy":"category","embeddable":true,"href":"https:\/\/www.montalegre.org\/es\/wp-json\/wp\/v2\/categories?post=37"},{"taxonomy":"post_tag","embeddable":true,"href":"https:\/\/www.montalegre.org\/es\/wp-json\/wp\/v2\/tags?post=37"}],"curies":[{"name":"wp","href":"https:\/\/api.w.org\/{rel}","templated":true}]}}