{"id":3686,"date":"2011-07-18T15:38:23","date_gmt":"2011-07-18T15:38:23","guid":{"rendered":"http:\/\/www.montalegre.org\/?p=3686"},"modified":"2011-07-18T15:38:23","modified_gmt":"2011-07-18T15:38:23","slug":"adoracion-eucaristica","status":"publish","type":"post","link":"https:\/\/www.montalegre.org\/es\/2011\/07\/adoracion-eucaristica\/","title":{"rendered":"Adoraci\u00f3n Eucar\u00edstica"},"content":{"rendered":"<p>\u00a0<\/p>\n<div id=\"attachment_3682\" style=\"width: 160px\" class=\"wp-caption alignleft\"><a rel=\"attachment wp-att-3682\" href=\"http:\/\/www.montalegre.org\/2011\/07\/adoracio-eucaristica\/custodia-de-arfe\/\"><img loading=\"lazy\" decoding=\"async\" aria-describedby=\"caption-attachment-3682\" class=\"size-thumbnail wp-image-3682\" title=\"custodia de Arfe\" src=\"http:\/\/www.montalegre.org\/wp-content\/uploads\/2011\/07\/custodia-de-Arfe-150x150.jpg\" alt=\"\" width=\"150\" height=\"150\" \/><\/a><p id=\"caption-attachment-3682\" class=\"wp-caption-text\">Custodia de Arfe, Toledo<\/p><\/div>\n<p>Madrid.-Seg\u00fan se van desarrollando los preparativos de las Jornadas Mundiales de la Juventud, sin duda se observa que los sacramentos de la confesi\u00f3n y de la eucarist\u00eda van a tener una especial preferencia. En el Parque del Retiro se instalar\u00e1n alrededor de dos mil confesionarios. En uno de ellos est\u00e1 previsto que el Santo Padre Benedicto XVI tambi\u00e9n confiese durante media hora, a primera hora del s\u00e1bado 20 de agosto, cosa que es la primera vez que hace una Papa en un evento de estas caracter\u00edsticas.\u00a0<\/p>\n<div id=\"attachment_3683\" style=\"width: 160px\" class=\"wp-caption alignright\"><a rel=\"attachment wp-att-3683\" href=\"http:\/\/www.montalegre.org\/2011\/07\/adoracio-eucaristica\/palacio-de-cristal-retiro-madrid\/\"><img loading=\"lazy\" decoding=\"async\" aria-describedby=\"caption-attachment-3683\" class=\"size-thumbnail wp-image-3683\" title=\"palacio de cristal retiro madrid\" src=\"http:\/\/www.montalegre.org\/wp-content\/uploads\/2011\/07\/palacio-de-cristal-retiro-madrid-150x150.jpg\" alt=\"\" width=\"150\" height=\"150\" \/><\/a><p id=\"caption-attachment-3683\" class=\"wp-caption-text\">Palacio de Cristal, el Retiro, Madrid<\/p><\/div>\n<p>En el mismo recinto, en el Palacio de Cristal, \u00a0se colocar\u00e1 \u00a0la famosa Custodia de Toledo, de Arfe, en un ascensor de cristal, durante varios d\u00edas y durante todas las horas del d\u00eda; luego se trasladar\u00e1 a Cuatro Vientos. All\u00ed se instalar\u00e1n diecisiete Tiendas Eucar\u00edsticas, las cuales permanentemente estar\u00e1n atendidas por tres sacerdotes. Est\u00e1 previsto que en ellas se consagren las formas en mil copones, \u00a0al romper la ma\u00f1ana del d\u00eda 21 de agosto; en cada tienda se celebrar\u00e1 la misa para que luego pueda distribuirse la comuni\u00f3n en la misa concelebrada con el Santo Padre. Una vez acabada la misa solemne, los copones y el resto de la Reserva que no se haya consumido, se trasladaran en arquetas construidas especialmente para ese fin. A su vez, y para ese fin tambi\u00e9n est\u00e1n previstas siete furgonetas de seguridad. Con todo ello se pretende dar el trato m\u00e1s delicado al Cuerpo y la Sangre de Nuestro Se\u00f1or Jesucristo.<\/p>\n<p>Nos congratulamos y felicitamos a la organizaci\u00f3n por el\u00a0 cuidado de la Eucarist\u00eda, y de lo mucho que han aprendido de otros encuentros en los que asuntos como \u00e9ste desbordaron a los organizadores y entristecieron a muchos cristianos.<\/p>\n<p>Isabel Hern\u00e1ndez Esteban<\/p>\n","protected":false},"excerpt":{"rendered":"<p>\u00a0 Madrid.-Seg\u00fan se van desarrollando los preparativos de las Jornadas Mundiales de la Juventud, sin duda se observa que los sacramentos de la confesi\u00f3n y de la eucarist\u00eda van a tener una especial preferencia. En el Parque del Retiro se instalar\u00e1n alrededor de dos mil confesionarios. En uno de ellos est\u00e1 previsto que el Santo [&hellip;]<\/p>\n","protected":false},"author":4,"featured_media":0,"comment_status":"open","ping_status":"open","sticky":false,"template":"","format":"standard","meta":{"footnotes":""},"categories":[1],"tags":[],"class_list":["post-3686","post","type-post","status-publish","format-standard","hentry","category-noticias-de-montalegre"],"yoast_head":"<!-- This site is optimized with the Yoast SEO plugin v27.1.1 - https:\/\/yoast.com\/product\/yoast-seo-wordpress\/ -->\n<title>Adoraci\u00f3n Eucar\u00edstica - Montalegre<\/title>\n<meta name=\"robots\" content=\"index, follow, max-snippet:-1, max-image-preview:large, max-video-preview:-1\" \/>\n<link rel=\"canonical\" href=\"https:\/\/www.montalegre.org\/es\/2011\/07\/adoracion-eucaristica\/\" \/>\n<meta property=\"og:locale\" content=\"es_ES\" \/>\n<meta property=\"og:type\" content=\"article\" \/>\n<meta property=\"og:title\" content=\"Adoraci\u00f3n Eucar\u00edstica - Montalegre\" \/>\n<meta property=\"og:description\" content=\"\u00a0 Madrid.-Seg\u00fan se van desarrollando los preparativos de las Jornadas Mundiales de la Juventud, sin duda se observa que los sacramentos de la confesi\u00f3n y de la eucarist\u00eda van a tener una especial preferencia. En el Parque del Retiro se instalar\u00e1n alrededor de dos mil confesionarios. En uno de ellos est\u00e1 previsto que el Santo [&hellip;]\" \/>\n<meta property=\"og:url\" content=\"https:\/\/www.montalegre.org\/es\/2011\/07\/adoracion-eucaristica\/\" \/>\n<meta property=\"og:site_name\" content=\"Montalegre\" \/>\n<meta property=\"article:published_time\" content=\"2011-07-18T15:38:23+00:00\" \/>\n<meta property=\"og:image\" content=\"http:\/\/www.montalegre.org\/wp-content\/uploads\/2011\/07\/custodia-de-Arfe-150x150.jpg\" \/>\n<meta name=\"author\" content=\"montalegre\" \/>\n<meta name=\"twitter:card\" content=\"summary_large_image\" \/>\n<meta name=\"twitter:label1\" content=\"Escrito por\" \/>\n\t<meta name=\"twitter:data1\" content=\"montalegre\" \/>\n\t<meta name=\"twitter:label2\" content=\"Tiempo de lectura\" \/>\n\t<meta name=\"twitter:data2\" content=\"2 minutos\" \/>\n<script type=\"application\/ld+json\" class=\"yoast-schema-graph\">{\"@context\":\"https:\/\/schema.org\",\"@graph\":[{\"@type\":\"Article\",\"@id\":\"https:\/\/www.montalegre.org\/es\/2011\/07\/adoracion-eucaristica\/#article\",\"isPartOf\":{\"@id\":\"https:\/\/www.montalegre.org\/es\/2011\/07\/adoracion-eucaristica\/\"},\"author\":{\"name\":\"montalegre\",\"@id\":\"https:\/\/www.montalegre.org\/es\/#\/schema\/person\/fa12d4cf3a3f1735a9176b4fafd6a633\"},\"headline\":\"Adoraci\u00f3n Eucar\u00edstica\",\"datePublished\":\"2011-07-18T15:38:23+00:00\",\"mainEntityOfPage\":{\"@id\":\"https:\/\/www.montalegre.org\/es\/2011\/07\/adoracion-eucaristica\/\"},\"wordCount\":335,\"commentCount\":0,\"image\":{\"@id\":\"https:\/\/www.montalegre.org\/es\/2011\/07\/adoracion-eucaristica\/#primaryimage\"},\"thumbnailUrl\":\"http:\/\/www.montalegre.org\/wp-content\/uploads\/2011\/07\/custodia-de-Arfe-150x150.jpg\",\"articleSection\":[\"Noticias de Montalegre\"],\"inLanguage\":\"es\",\"potentialAction\":[{\"@type\":\"CommentAction\",\"name\":\"Comment\",\"target\":[\"https:\/\/www.montalegre.org\/es\/2011\/07\/adoracion-eucaristica\/#respond\"]}]},{\"@type\":\"WebPage\",\"@id\":\"https:\/\/www.montalegre.org\/es\/2011\/07\/adoracion-eucaristica\/\",\"url\":\"https:\/\/www.montalegre.org\/es\/2011\/07\/adoracion-eucaristica\/\",\"name\":\"Adoraci\u00f3n Eucar\u00edstica - Montalegre\",\"isPartOf\":{\"@id\":\"https:\/\/www.montalegre.org\/es\/#website\"},\"primaryImageOfPage\":{\"@id\":\"https:\/\/www.montalegre.org\/es\/2011\/07\/adoracion-eucaristica\/#primaryimage\"},\"image\":{\"@id\":\"https:\/\/www.montalegre.org\/es\/2011\/07\/adoracion-eucaristica\/#primaryimage\"},\"thumbnailUrl\":\"http:\/\/www.montalegre.org\/wp-content\/uploads\/2011\/07\/custodia-de-Arfe-150x150.jpg\",\"datePublished\":\"2011-07-18T15:38:23+00:00\",\"author\":{\"@id\":\"https:\/\/www.montalegre.org\/es\/#\/schema\/person\/fa12d4cf3a3f1735a9176b4fafd6a633\"},\"breadcrumb\":{\"@id\":\"https:\/\/www.montalegre.org\/es\/2011\/07\/adoracion-eucaristica\/#breadcrumb\"},\"inLanguage\":\"es\",\"potentialAction\":[{\"@type\":\"ReadAction\",\"target\":[\"https:\/\/www.montalegre.org\/es\/2011\/07\/adoracion-eucaristica\/\"]}]},{\"@type\":\"ImageObject\",\"inLanguage\":\"es\",\"@id\":\"https:\/\/www.montalegre.org\/es\/2011\/07\/adoracion-eucaristica\/#primaryimage\",\"url\":\"http:\/\/www.montalegre.org\/wp-content\/uploads\/2011\/07\/custodia-de-Arfe-150x150.jpg\",\"contentUrl\":\"http:\/\/www.montalegre.org\/wp-content\/uploads\/2011\/07\/custodia-de-Arfe-150x150.jpg\"},{\"@type\":\"BreadcrumbList\",\"@id\":\"https:\/\/www.montalegre.org\/es\/2011\/07\/adoracion-eucaristica\/#breadcrumb\",\"itemListElement\":[{\"@type\":\"ListItem\",\"position\":1,\"name\":\"Portada\",\"item\":\"https:\/\/www.montalegre.org\/es\/\"},{\"@type\":\"ListItem\",\"position\":2,\"name\":\"Adoraci\u00f3n Eucar\u00edstica\"}]},{\"@type\":\"WebSite\",\"@id\":\"https:\/\/www.montalegre.org\/es\/#website\",\"url\":\"https:\/\/www.montalegre.org\/es\/\",\"name\":\"Montalegre\",\"description\":\"\",\"potentialAction\":[{\"@type\":\"SearchAction\",\"target\":{\"@type\":\"EntryPoint\",\"urlTemplate\":\"https:\/\/www.montalegre.org\/es\/?s={search_term_string}\"},\"query-input\":{\"@type\":\"PropertyValueSpecification\",\"valueRequired\":true,\"valueName\":\"search_term_string\"}}],\"inLanguage\":\"es\"},{\"@type\":\"Person\",\"@id\":\"https:\/\/www.montalegre.org\/es\/#\/schema\/person\/fa12d4cf3a3f1735a9176b4fafd6a633\",\"name\":\"montalegre\",\"image\":{\"@type\":\"ImageObject\",\"inLanguage\":\"es\",\"@id\":\"https:\/\/www.montalegre.org\/es\/#\/schema\/person\/image\/\",\"url\":\"https:\/\/secure.gravatar.com\/avatar\/fe6d886cf5081e723c666dceda1f12d4f39070fa2ed4e79695edc3ca355c9b5a?s=96&d=mm&r=g\",\"contentUrl\":\"https:\/\/secure.gravatar.com\/avatar\/fe6d886cf5081e723c666dceda1f12d4f39070fa2ed4e79695edc3ca355c9b5a?s=96&d=mm&r=g\",\"caption\":\"montalegre\"},\"url\":\"https:\/\/www.montalegre.org\/es\/author\/montalegre\/\"}]}<\/script>\n<!-- \/ Yoast SEO plugin. -->","yoast_head_json":{"title":"Adoraci\u00f3n Eucar\u00edstica - Montalegre","robots":{"index":"index","follow":"follow","max-snippet":"max-snippet:-1","max-image-preview":"max-image-preview:large","max-video-preview":"max-video-preview:-1"},"canonical":"https:\/\/www.montalegre.org\/es\/2011\/07\/adoracion-eucaristica\/","og_locale":"es_ES","og_type":"article","og_title":"Adoraci\u00f3n Eucar\u00edstica - Montalegre","og_description":"\u00a0 Madrid.-Seg\u00fan se van desarrollando los preparativos de las Jornadas Mundiales de la Juventud, sin duda se observa que los sacramentos de la confesi\u00f3n y de la eucarist\u00eda van a tener una especial preferencia. En el Parque del Retiro se instalar\u00e1n alrededor de dos mil confesionarios. En uno de ellos est\u00e1 previsto que el Santo [&hellip;]","og_url":"https:\/\/www.montalegre.org\/es\/2011\/07\/adoracion-eucaristica\/","og_site_name":"Montalegre","article_published_time":"2011-07-18T15:38:23+00:00","og_image":[{"url":"http:\/\/www.montalegre.org\/wp-content\/uploads\/2011\/07\/custodia-de-Arfe-150x150.jpg","type":"","width":"","height":""}],"author":"montalegre","twitter_card":"summary_large_image","twitter_misc":{"Escrito por":"montalegre","Tiempo de lectura":"2 minutos"},"schema":{"@context":"https:\/\/schema.org","@graph":[{"@type":"Article","@id":"https:\/\/www.montalegre.org\/es\/2011\/07\/adoracion-eucaristica\/#article","isPartOf":{"@id":"https:\/\/www.montalegre.org\/es\/2011\/07\/adoracion-eucaristica\/"},"author":{"name":"montalegre","@id":"https:\/\/www.montalegre.org\/es\/#\/schema\/person\/fa12d4cf3a3f1735a9176b4fafd6a633"},"headline":"Adoraci\u00f3n Eucar\u00edstica","datePublished":"2011-07-18T15:38:23+00:00","mainEntityOfPage":{"@id":"https:\/\/www.montalegre.org\/es\/2011\/07\/adoracion-eucaristica\/"},"wordCount":335,"commentCount":0,"image":{"@id":"https:\/\/www.montalegre.org\/es\/2011\/07\/adoracion-eucaristica\/#primaryimage"},"thumbnailUrl":"http:\/\/www.montalegre.org\/wp-content\/uploads\/2011\/07\/custodia-de-Arfe-150x150.jpg","articleSection":["Noticias de Montalegre"],"inLanguage":"es","potentialAction":[{"@type":"CommentAction","name":"Comment","target":["https:\/\/www.montalegre.org\/es\/2011\/07\/adoracion-eucaristica\/#respond"]}]},{"@type":"WebPage","@id":"https:\/\/www.montalegre.org\/es\/2011\/07\/adoracion-eucaristica\/","url":"https:\/\/www.montalegre.org\/es\/2011\/07\/adoracion-eucaristica\/","name":"Adoraci\u00f3n Eucar\u00edstica - Montalegre","isPartOf":{"@id":"https:\/\/www.montalegre.org\/es\/#website"},"primaryImageOfPage":{"@id":"https:\/\/www.montalegre.org\/es\/2011\/07\/adoracion-eucaristica\/#primaryimage"},"image":{"@id":"https:\/\/www.montalegre.org\/es\/2011\/07\/adoracion-eucaristica\/#primaryimage"},"thumbnailUrl":"http:\/\/www.montalegre.org\/wp-content\/uploads\/2011\/07\/custodia-de-Arfe-150x150.jpg","datePublished":"2011-07-18T15:38:23+00:00","author":{"@id":"https:\/\/www.montalegre.org\/es\/#\/schema\/person\/fa12d4cf3a3f1735a9176b4fafd6a633"},"breadcrumb":{"@id":"https:\/\/www.montalegre.org\/es\/2011\/07\/adoracion-eucaristica\/#breadcrumb"},"inLanguage":"es","potentialAction":[{"@type":"ReadAction","target":["https:\/\/www.montalegre.org\/es\/2011\/07\/adoracion-eucaristica\/"]}]},{"@type":"ImageObject","inLanguage":"es","@id":"https:\/\/www.montalegre.org\/es\/2011\/07\/adoracion-eucaristica\/#primaryimage","url":"http:\/\/www.montalegre.org\/wp-content\/uploads\/2011\/07\/custodia-de-Arfe-150x150.jpg","contentUrl":"http:\/\/www.montalegre.org\/wp-content\/uploads\/2011\/07\/custodia-de-Arfe-150x150.jpg"},{"@type":"BreadcrumbList","@id":"https:\/\/www.montalegre.org\/es\/2011\/07\/adoracion-eucaristica\/#breadcrumb","itemListElement":[{"@type":"ListItem","position":1,"name":"Portada","item":"https:\/\/www.montalegre.org\/es\/"},{"@type":"ListItem","position":2,"name":"Adoraci\u00f3n Eucar\u00edstica"}]},{"@type":"WebSite","@id":"https:\/\/www.montalegre.org\/es\/#website","url":"https:\/\/www.montalegre.org\/es\/","name":"Montalegre","description":"","potentialAction":[{"@type":"SearchAction","target":{"@type":"EntryPoint","urlTemplate":"https:\/\/www.montalegre.org\/es\/?s={search_term_string}"},"query-input":{"@type":"PropertyValueSpecification","valueRequired":true,"valueName":"search_term_string"}}],"inLanguage":"es"},{"@type":"Person","@id":"https:\/\/www.montalegre.org\/es\/#\/schema\/person\/fa12d4cf3a3f1735a9176b4fafd6a633","name":"montalegre","image":{"@type":"ImageObject","inLanguage":"es","@id":"https:\/\/www.montalegre.org\/es\/#\/schema\/person\/image\/","url":"https:\/\/secure.gravatar.com\/avatar\/fe6d886cf5081e723c666dceda1f12d4f39070fa2ed4e79695edc3ca355c9b5a?s=96&d=mm&r=g","contentUrl":"https:\/\/secure.gravatar.com\/avatar\/fe6d886cf5081e723c666dceda1f12d4f39070fa2ed4e79695edc3ca355c9b5a?s=96&d=mm&r=g","caption":"montalegre"},"url":"https:\/\/www.montalegre.org\/es\/author\/montalegre\/"}]}},"_links":{"self":[{"href":"https:\/\/www.montalegre.org\/es\/wp-json\/wp\/v2\/posts\/3686","targetHints":{"allow":["GET"]}}],"collection":[{"href":"https:\/\/www.montalegre.org\/es\/wp-json\/wp\/v2\/posts"}],"about":[{"href":"https:\/\/www.montalegre.org\/es\/wp-json\/wp\/v2\/types\/post"}],"author":[{"embeddable":true,"href":"https:\/\/www.montalegre.org\/es\/wp-json\/wp\/v2\/users\/4"}],"replies":[{"embeddable":true,"href":"https:\/\/www.montalegre.org\/es\/wp-json\/wp\/v2\/comments?post=3686"}],"version-history":[{"count":2,"href":"https:\/\/www.montalegre.org\/es\/wp-json\/wp\/v2\/posts\/3686\/revisions"}],"predecessor-version":[{"id":3688,"href":"https:\/\/www.montalegre.org\/es\/wp-json\/wp\/v2\/posts\/3686\/revisions\/3688"}],"wp:attachment":[{"href":"https:\/\/www.montalegre.org\/es\/wp-json\/wp\/v2\/media?parent=3686"}],"wp:term":[{"taxonomy":"category","embeddable":true,"href":"https:\/\/www.montalegre.org\/es\/wp-json\/wp\/v2\/categories?post=3686"},{"taxonomy":"post_tag","embeddable":true,"href":"https:\/\/www.montalegre.org\/es\/wp-json\/wp\/v2\/tags?post=3686"}],"curies":[{"name":"wp","href":"https:\/\/api.w.org\/{rel}","templated":true}]}}