{"id":3676,"date":"2011-07-17T18:12:33","date_gmt":"2011-07-17T18:12:33","guid":{"rendered":"http:\/\/www.montalegre.org\/?p=3676"},"modified":"2011-07-17T18:13:46","modified_gmt":"2011-07-17T18:13:46","slug":"esperando-al-papa","status":"publish","type":"post","link":"https:\/\/www.montalegre.org\/es\/2011\/07\/esperando-al-papa\/","title":{"rendered":"Esperando al Papa"},"content":{"rendered":"<div id=\"attachment_3672\" style=\"width: 160px\" class=\"wp-caption alignleft\"><a rel=\"attachment wp-att-3672\" href=\"http:\/\/www.montalegre.org\/2011\/07\/esperant-al-sant-pare\/img_5949\/\"><img loading=\"lazy\" decoding=\"async\" aria-describedby=\"caption-attachment-3672\" class=\"size-thumbnail wp-image-3672\" title=\"IMG_5949\" src=\"http:\/\/www.montalegre.org\/wp-content\/uploads\/2011\/07\/IMG_5949-150x150.jpg\" alt=\"\" width=\"150\" height=\"150\" \/><\/a><p id=\"caption-attachment-3672\" class=\"wp-caption-text\">San Juan de la Cruz<\/p><\/div>\n<p>Madrid.- A pocos d\u00edas de la inauguraci\u00f3n oficial de las jornadas Mundiales de la Juventud, la ciudad de Madrid, su Comunidad y muchas ciudades y poblaciones castellanas se est\u00e1n preparando por entero para un acontecimiento que verdaderamente ser\u00e1 all\u00ed irrepetible por muchos a\u00f1os.\u00a0 Todos los pol\u00edticos, todas las instituciones y todas las organizaciones quieren, de un modo u otro, participar. Durante unos d\u00edas Madrid ser\u00e1 el centro informativo del planeta. Los d\u00edas culminantes ser\u00e1n los que el santo Padre est\u00e9 presente. Todo est\u00e1 organizado al mil\u00edmetro, y nos sorprende c\u00f3mo cada cosa est\u00e1 preparada hasta el m\u00e1ximo detalle. Las informaciones que se conocen por cifras son impresionantes, y enti\u00e9ndase que en su mayor\u00eda todo se ha hecho a base de voluntarios y voluntariedad desde el mismo momento en el que Benedicto XVI anunci\u00f3 en Sydney, hace tres a\u00f1os, que las pr\u00f3ximas\u00a0 Jornadas ser\u00edan en Madrid.<\/p>\n<p>La informaci\u00f3n que podemos encontrar en la web oficial y en otros medios telem\u00e1ticos de las Jornadas est\u00e1 constantemente actualizada. No obstante nos hemos querido acercar personalmente a \u00a0diversos voluntarios de puntos neur\u00e1lgicos de los diversos actos para comentar con ellos el valor humano de toda la organizaci\u00f3n.<\/p>\n<p>Como se sabe, las Jornadas oficialmente se inaugurar\u00e1n el 16 de agosto, sin embargo hoy ya han llegado muchos peregrinos y sobre todo los que vienen de muy lejos ya que el viaje ha sido costoso, pero nacido de mucha generosidad de sus pa\u00edses de origen; y ya se han puesto activamente a trabajar. En funci\u00f3n de las necesidades se abrieron varias sedes, especialmente la de la Iglesia de San Juan de la Cruz, que al igual que todas las parroquias de Madrid, as\u00ed como la catedral de la Almudena\u00a0 ya han engalanado sus \u00a0fachadas con banderolas de bienvenida al Santo Padre. Debido a la magnitud del evento la sede se instal\u00f3 m\u00e1s tarde en el recinto de IFEMA. All\u00ed como en otros sitios a las 12 h se paran unos minutos a rezar el \u00e1ngelus y a las 14 h. todos los d\u00edas resuena una campanita y los que lo desean pueden participar en la santa misa, pues intensamente ya se est\u00e1 rezando para que las Jornadas den muchos frutos apost\u00f3licos.<\/p>\n<div id=\"attachment_3673\" style=\"width: 160px\" class=\"wp-caption alignright\"><a rel=\"attachment wp-att-3673\" href=\"http:\/\/www.montalegre.org\/2011\/07\/esperant-al-sant-pare\/img_6009\/\"><img loading=\"lazy\" decoding=\"async\" aria-describedby=\"caption-attachment-3673\" class=\"size-thumbnail wp-image-3673\" title=\"IMG_6009\" src=\"http:\/\/www.montalegre.org\/wp-content\/uploads\/2011\/07\/IMG_6009-150x150.jpg\" alt=\"\" width=\"150\" height=\"150\" \/><\/a><p id=\"caption-attachment-3673\" class=\"wp-caption-text\">Interior Correos y Telegrafos<\/p><\/div>\n<p>Las cifras de j\u00f3venes que llegar\u00e1n de todo el mundo son impresionantes, va creciendo el n\u00famero de grupos de inscritos, y la organizaci\u00f3n ya se prepara para acoger a dos millones de j\u00f3venes, adem\u00e1s de familias venidas tambi\u00e9n de cualquier parte. Del Brasil ya est\u00e1n inscritos 14000! chicos y chicas, ya que al parecer ser\u00e1 el pr\u00f3ximo destino de la JMJ; de Bielorusia 650, de Kazajstan 200, y as\u00ed sucesivamente. La misa del Santo Padre del domingo d\u00eda 21 de agosto ser\u00e1 en el mismo lugar donde estuvo el Beato Juan Pablo II, en Cuatro Vientos, pero la superficie ha tenido que ampliarse. Ha sido \u00a0ha dise\u00f1ado \u00a0por el mismo arquitecto de entonces el cual tuvo el m\u00e1ximo \u00e9xito en todos los sentidos; ahora ha tenido que esforzarse el doble pues se esperan el doble de peregrinos.<\/p>\n<p>\u00a0En cifras comparativas, Cuatro Vientos equivale a 48 campos de f\u00fatbol, y est\u00e1 previsto el equivalente de 5 campos de f\u00fatbol de papel higi\u00e9nico, para abastecer los sanitarios qu\u00edmicos, el cual ya est\u00e1 a disposici\u00f3n de la organizaci\u00f3n. T\u00e9ngase en cuenta que en dicha celebraci\u00f3n eucar\u00edstica multitudinaria\u00a0 concelebrar\u00e1 \u00a0junto al Santo Padre, unos mil obispos y unos trece mil presb\u00edteros m\u00e1s, con la posibilidad de que la cifra aumente, es decir ser\u00e1 una de las eucarist\u00edas m\u00e1s impresionantes \u00a0concelebradas nunca. Todos los sacerdotes ir\u00e1n revestidos igual, con el complemento de un sombrero blanco para protegerse del sol, y los obispos con un paraguas, blanco tambi\u00e9n. Para cumplir este objetivo muchas mujeres valientes de Madrid, conocidas como las de Coser y Cantar llevan varios a\u00f1os cosiendo albas, casullas y todo aquello que se precisa para la celebraci\u00f3n de la santa misa, y que por expreso deseo del Santo Padre todo se enviar\u00e1 despu\u00e9s a pa\u00edses del continente africano . En breves fechas los revestimientos se trasladar\u00e1n al edificio conocido en Madrid como Correos y Tel\u00e9grafos, el cual ha sido recientemente rehabilitado y convertido en la sede de la Villa. Ese edificio se convertir\u00e1 en la gran Sacrist\u00eda de todo el evento.<\/p>\n<p>Especial menci\u00f3n he de hacer a un equipo de 15 j\u00f3venes que con mucha voluntad y gratitud han formado el grupo <strong><em>Papafruit<\/em>,<\/strong> ellos han conseguido de todos los mayoristas de de fruta de Mercamadrid, a fecha de hoy, 80 toneladas de fruta que se distribuir\u00e1 entre los participantes y a los \u00a0esforzados periodistas que cubrir\u00e1n las noticias de todo el evento.\u00a0 \u00a0<\/p>\n<p>Realmente no encontramos otra palabra para decir c\u00f3mo nos quedamos los cronistas con estas informaciones, como los de Madrid nos quedamos <strong><em>ojopl\u00e1ticos!<\/em><\/strong><\/p>\n<p>Isabel Hern\u00e1ndez Esteban<\/p>\n","protected":false},"excerpt":{"rendered":"<p>Madrid.- A pocos d\u00edas de la inauguraci\u00f3n oficial de las jornadas Mundiales de la Juventud, la ciudad de Madrid, su Comunidad y muchas ciudades y poblaciones castellanas se est\u00e1n preparando por entero para un acontecimiento que verdaderamente ser\u00e1 all\u00ed irrepetible por muchos a\u00f1os.\u00a0 Todos los pol\u00edticos, todas las instituciones y todas las organizaciones quieren, de [&hellip;]<\/p>\n","protected":false},"author":4,"featured_media":0,"comment_status":"open","ping_status":"open","sticky":false,"template":"","format":"standard","meta":{"footnotes":""},"categories":[1],"tags":[],"class_list":["post-3676","post","type-post","status-publish","format-standard","hentry","category-noticias-de-montalegre"],"yoast_head":"<!-- This site is optimized with the Yoast SEO plugin v27.1.1 - https:\/\/yoast.com\/product\/yoast-seo-wordpress\/ -->\n<title>Esperando al Papa - Montalegre<\/title>\n<meta name=\"robots\" content=\"index, follow, max-snippet:-1, max-image-preview:large, max-video-preview:-1\" \/>\n<link rel=\"canonical\" href=\"https:\/\/www.montalegre.org\/es\/2011\/07\/esperando-al-papa\/\" \/>\n<meta property=\"og:locale\" content=\"es_ES\" \/>\n<meta property=\"og:type\" content=\"article\" \/>\n<meta property=\"og:title\" content=\"Esperando al Papa - Montalegre\" \/>\n<meta property=\"og:description\" content=\"Madrid.- A pocos d\u00edas de la inauguraci\u00f3n oficial de las jornadas Mundiales de la Juventud, la ciudad de Madrid, su Comunidad y muchas ciudades y poblaciones castellanas se est\u00e1n preparando por entero para un acontecimiento que verdaderamente ser\u00e1 all\u00ed irrepetible por muchos a\u00f1os.\u00a0 Todos los pol\u00edticos, todas las instituciones y todas las organizaciones quieren, de [&hellip;]\" \/>\n<meta property=\"og:url\" content=\"https:\/\/www.montalegre.org\/es\/2011\/07\/esperando-al-papa\/\" \/>\n<meta property=\"og:site_name\" content=\"Montalegre\" \/>\n<meta property=\"article:published_time\" content=\"2011-07-17T18:12:33+00:00\" \/>\n<meta property=\"article:modified_time\" content=\"2011-07-17T18:13:46+00:00\" \/>\n<meta property=\"og:image\" content=\"http:\/\/www.montalegre.org\/wp-content\/uploads\/2011\/07\/IMG_5949-150x150.jpg\" \/>\n<meta name=\"author\" content=\"montalegre\" \/>\n<meta name=\"twitter:card\" content=\"summary_large_image\" \/>\n<meta name=\"twitter:label1\" content=\"Escrito por\" \/>\n\t<meta name=\"twitter:data1\" content=\"montalegre\" \/>\n\t<meta name=\"twitter:label2\" content=\"Tiempo de lectura\" \/>\n\t<meta name=\"twitter:data2\" content=\"4 minutos\" \/>\n<script type=\"application\/ld+json\" class=\"yoast-schema-graph\">{\"@context\":\"https:\/\/schema.org\",\"@graph\":[{\"@type\":\"Article\",\"@id\":\"https:\/\/www.montalegre.org\/es\/2011\/07\/esperando-al-papa\/#article\",\"isPartOf\":{\"@id\":\"https:\/\/www.montalegre.org\/es\/2011\/07\/esperando-al-papa\/\"},\"author\":{\"name\":\"montalegre\",\"@id\":\"https:\/\/www.montalegre.org\/es\/#\/schema\/person\/fa12d4cf3a3f1735a9176b4fafd6a633\"},\"headline\":\"Esperando al Papa\",\"datePublished\":\"2011-07-17T18:12:33+00:00\",\"dateModified\":\"2011-07-17T18:13:46+00:00\",\"mainEntityOfPage\":{\"@id\":\"https:\/\/www.montalegre.org\/es\/2011\/07\/esperando-al-papa\/\"},\"wordCount\":871,\"commentCount\":0,\"image\":{\"@id\":\"https:\/\/www.montalegre.org\/es\/2011\/07\/esperando-al-papa\/#primaryimage\"},\"thumbnailUrl\":\"http:\/\/www.montalegre.org\/wp-content\/uploads\/2011\/07\/IMG_5949-150x150.jpg\",\"articleSection\":[\"Noticias de Montalegre\"],\"inLanguage\":\"es\",\"potentialAction\":[{\"@type\":\"CommentAction\",\"name\":\"Comment\",\"target\":[\"https:\/\/www.montalegre.org\/es\/2011\/07\/esperando-al-papa\/#respond\"]}]},{\"@type\":\"WebPage\",\"@id\":\"https:\/\/www.montalegre.org\/es\/2011\/07\/esperando-al-papa\/\",\"url\":\"https:\/\/www.montalegre.org\/es\/2011\/07\/esperando-al-papa\/\",\"name\":\"Esperando al Papa - Montalegre\",\"isPartOf\":{\"@id\":\"https:\/\/www.montalegre.org\/es\/#website\"},\"primaryImageOfPage\":{\"@id\":\"https:\/\/www.montalegre.org\/es\/2011\/07\/esperando-al-papa\/#primaryimage\"},\"image\":{\"@id\":\"https:\/\/www.montalegre.org\/es\/2011\/07\/esperando-al-papa\/#primaryimage\"},\"thumbnailUrl\":\"http:\/\/www.montalegre.org\/wp-content\/uploads\/2011\/07\/IMG_5949-150x150.jpg\",\"datePublished\":\"2011-07-17T18:12:33+00:00\",\"dateModified\":\"2011-07-17T18:13:46+00:00\",\"author\":{\"@id\":\"https:\/\/www.montalegre.org\/es\/#\/schema\/person\/fa12d4cf3a3f1735a9176b4fafd6a633\"},\"breadcrumb\":{\"@id\":\"https:\/\/www.montalegre.org\/es\/2011\/07\/esperando-al-papa\/#breadcrumb\"},\"inLanguage\":\"es\",\"potentialAction\":[{\"@type\":\"ReadAction\",\"target\":[\"https:\/\/www.montalegre.org\/es\/2011\/07\/esperando-al-papa\/\"]}]},{\"@type\":\"ImageObject\",\"inLanguage\":\"es\",\"@id\":\"https:\/\/www.montalegre.org\/es\/2011\/07\/esperando-al-papa\/#primaryimage\",\"url\":\"http:\/\/www.montalegre.org\/wp-content\/uploads\/2011\/07\/IMG_5949-150x150.jpg\",\"contentUrl\":\"http:\/\/www.montalegre.org\/wp-content\/uploads\/2011\/07\/IMG_5949-150x150.jpg\"},{\"@type\":\"BreadcrumbList\",\"@id\":\"https:\/\/www.montalegre.org\/es\/2011\/07\/esperando-al-papa\/#breadcrumb\",\"itemListElement\":[{\"@type\":\"ListItem\",\"position\":1,\"name\":\"Portada\",\"item\":\"https:\/\/www.montalegre.org\/es\/\"},{\"@type\":\"ListItem\",\"position\":2,\"name\":\"Esperando al Papa\"}]},{\"@type\":\"WebSite\",\"@id\":\"https:\/\/www.montalegre.org\/es\/#website\",\"url\":\"https:\/\/www.montalegre.org\/es\/\",\"name\":\"Montalegre\",\"description\":\"\",\"potentialAction\":[{\"@type\":\"SearchAction\",\"target\":{\"@type\":\"EntryPoint\",\"urlTemplate\":\"https:\/\/www.montalegre.org\/es\/?s={search_term_string}\"},\"query-input\":{\"@type\":\"PropertyValueSpecification\",\"valueRequired\":true,\"valueName\":\"search_term_string\"}}],\"inLanguage\":\"es\"},{\"@type\":\"Person\",\"@id\":\"https:\/\/www.montalegre.org\/es\/#\/schema\/person\/fa12d4cf3a3f1735a9176b4fafd6a633\",\"name\":\"montalegre\",\"image\":{\"@type\":\"ImageObject\",\"inLanguage\":\"es\",\"@id\":\"https:\/\/www.montalegre.org\/es\/#\/schema\/person\/image\/\",\"url\":\"https:\/\/secure.gravatar.com\/avatar\/fe6d886cf5081e723c666dceda1f12d4f39070fa2ed4e79695edc3ca355c9b5a?s=96&d=mm&r=g\",\"contentUrl\":\"https:\/\/secure.gravatar.com\/avatar\/fe6d886cf5081e723c666dceda1f12d4f39070fa2ed4e79695edc3ca355c9b5a?s=96&d=mm&r=g\",\"caption\":\"montalegre\"},\"url\":\"https:\/\/www.montalegre.org\/es\/author\/montalegre\/\"}]}<\/script>\n<!-- \/ Yoast SEO plugin. -->","yoast_head_json":{"title":"Esperando al Papa - Montalegre","robots":{"index":"index","follow":"follow","max-snippet":"max-snippet:-1","max-image-preview":"max-image-preview:large","max-video-preview":"max-video-preview:-1"},"canonical":"https:\/\/www.montalegre.org\/es\/2011\/07\/esperando-al-papa\/","og_locale":"es_ES","og_type":"article","og_title":"Esperando al Papa - Montalegre","og_description":"Madrid.- A pocos d\u00edas de la inauguraci\u00f3n oficial de las jornadas Mundiales de la Juventud, la ciudad de Madrid, su Comunidad y muchas ciudades y poblaciones castellanas se est\u00e1n preparando por entero para un acontecimiento que verdaderamente ser\u00e1 all\u00ed irrepetible por muchos a\u00f1os.\u00a0 Todos los pol\u00edticos, todas las instituciones y todas las organizaciones quieren, de [&hellip;]","og_url":"https:\/\/www.montalegre.org\/es\/2011\/07\/esperando-al-papa\/","og_site_name":"Montalegre","article_published_time":"2011-07-17T18:12:33+00:00","article_modified_time":"2011-07-17T18:13:46+00:00","og_image":[{"url":"http:\/\/www.montalegre.org\/wp-content\/uploads\/2011\/07\/IMG_5949-150x150.jpg","type":"","width":"","height":""}],"author":"montalegre","twitter_card":"summary_large_image","twitter_misc":{"Escrito por":"montalegre","Tiempo de lectura":"4 minutos"},"schema":{"@context":"https:\/\/schema.org","@graph":[{"@type":"Article","@id":"https:\/\/www.montalegre.org\/es\/2011\/07\/esperando-al-papa\/#article","isPartOf":{"@id":"https:\/\/www.montalegre.org\/es\/2011\/07\/esperando-al-papa\/"},"author":{"name":"montalegre","@id":"https:\/\/www.montalegre.org\/es\/#\/schema\/person\/fa12d4cf3a3f1735a9176b4fafd6a633"},"headline":"Esperando al Papa","datePublished":"2011-07-17T18:12:33+00:00","dateModified":"2011-07-17T18:13:46+00:00","mainEntityOfPage":{"@id":"https:\/\/www.montalegre.org\/es\/2011\/07\/esperando-al-papa\/"},"wordCount":871,"commentCount":0,"image":{"@id":"https:\/\/www.montalegre.org\/es\/2011\/07\/esperando-al-papa\/#primaryimage"},"thumbnailUrl":"http:\/\/www.montalegre.org\/wp-content\/uploads\/2011\/07\/IMG_5949-150x150.jpg","articleSection":["Noticias de Montalegre"],"inLanguage":"es","potentialAction":[{"@type":"CommentAction","name":"Comment","target":["https:\/\/www.montalegre.org\/es\/2011\/07\/esperando-al-papa\/#respond"]}]},{"@type":"WebPage","@id":"https:\/\/www.montalegre.org\/es\/2011\/07\/esperando-al-papa\/","url":"https:\/\/www.montalegre.org\/es\/2011\/07\/esperando-al-papa\/","name":"Esperando al Papa - Montalegre","isPartOf":{"@id":"https:\/\/www.montalegre.org\/es\/#website"},"primaryImageOfPage":{"@id":"https:\/\/www.montalegre.org\/es\/2011\/07\/esperando-al-papa\/#primaryimage"},"image":{"@id":"https:\/\/www.montalegre.org\/es\/2011\/07\/esperando-al-papa\/#primaryimage"},"thumbnailUrl":"http:\/\/www.montalegre.org\/wp-content\/uploads\/2011\/07\/IMG_5949-150x150.jpg","datePublished":"2011-07-17T18:12:33+00:00","dateModified":"2011-07-17T18:13:46+00:00","author":{"@id":"https:\/\/www.montalegre.org\/es\/#\/schema\/person\/fa12d4cf3a3f1735a9176b4fafd6a633"},"breadcrumb":{"@id":"https:\/\/www.montalegre.org\/es\/2011\/07\/esperando-al-papa\/#breadcrumb"},"inLanguage":"es","potentialAction":[{"@type":"ReadAction","target":["https:\/\/www.montalegre.org\/es\/2011\/07\/esperando-al-papa\/"]}]},{"@type":"ImageObject","inLanguage":"es","@id":"https:\/\/www.montalegre.org\/es\/2011\/07\/esperando-al-papa\/#primaryimage","url":"http:\/\/www.montalegre.org\/wp-content\/uploads\/2011\/07\/IMG_5949-150x150.jpg","contentUrl":"http:\/\/www.montalegre.org\/wp-content\/uploads\/2011\/07\/IMG_5949-150x150.jpg"},{"@type":"BreadcrumbList","@id":"https:\/\/www.montalegre.org\/es\/2011\/07\/esperando-al-papa\/#breadcrumb","itemListElement":[{"@type":"ListItem","position":1,"name":"Portada","item":"https:\/\/www.montalegre.org\/es\/"},{"@type":"ListItem","position":2,"name":"Esperando al Papa"}]},{"@type":"WebSite","@id":"https:\/\/www.montalegre.org\/es\/#website","url":"https:\/\/www.montalegre.org\/es\/","name":"Montalegre","description":"","potentialAction":[{"@type":"SearchAction","target":{"@type":"EntryPoint","urlTemplate":"https:\/\/www.montalegre.org\/es\/?s={search_term_string}"},"query-input":{"@type":"PropertyValueSpecification","valueRequired":true,"valueName":"search_term_string"}}],"inLanguage":"es"},{"@type":"Person","@id":"https:\/\/www.montalegre.org\/es\/#\/schema\/person\/fa12d4cf3a3f1735a9176b4fafd6a633","name":"montalegre","image":{"@type":"ImageObject","inLanguage":"es","@id":"https:\/\/www.montalegre.org\/es\/#\/schema\/person\/image\/","url":"https:\/\/secure.gravatar.com\/avatar\/fe6d886cf5081e723c666dceda1f12d4f39070fa2ed4e79695edc3ca355c9b5a?s=96&d=mm&r=g","contentUrl":"https:\/\/secure.gravatar.com\/avatar\/fe6d886cf5081e723c666dceda1f12d4f39070fa2ed4e79695edc3ca355c9b5a?s=96&d=mm&r=g","caption":"montalegre"},"url":"https:\/\/www.montalegre.org\/es\/author\/montalegre\/"}]}},"_links":{"self":[{"href":"https:\/\/www.montalegre.org\/es\/wp-json\/wp\/v2\/posts\/3676","targetHints":{"allow":["GET"]}}],"collection":[{"href":"https:\/\/www.montalegre.org\/es\/wp-json\/wp\/v2\/posts"}],"about":[{"href":"https:\/\/www.montalegre.org\/es\/wp-json\/wp\/v2\/types\/post"}],"author":[{"embeddable":true,"href":"https:\/\/www.montalegre.org\/es\/wp-json\/wp\/v2\/users\/4"}],"replies":[{"embeddable":true,"href":"https:\/\/www.montalegre.org\/es\/wp-json\/wp\/v2\/comments?post=3676"}],"version-history":[{"count":4,"href":"https:\/\/www.montalegre.org\/es\/wp-json\/wp\/v2\/posts\/3676\/revisions"}],"predecessor-version":[{"id":3680,"href":"https:\/\/www.montalegre.org\/es\/wp-json\/wp\/v2\/posts\/3676\/revisions\/3680"}],"wp:attachment":[{"href":"https:\/\/www.montalegre.org\/es\/wp-json\/wp\/v2\/media?parent=3676"}],"wp:term":[{"taxonomy":"category","embeddable":true,"href":"https:\/\/www.montalegre.org\/es\/wp-json\/wp\/v2\/categories?post=3676"},{"taxonomy":"post_tag","embeddable":true,"href":"https:\/\/www.montalegre.org\/es\/wp-json\/wp\/v2\/tags?post=3676"}],"curies":[{"name":"wp","href":"https:\/\/api.w.org\/{rel}","templated":true}]}}