{"id":3627,"date":"2011-07-02T22:21:49","date_gmt":"2011-07-02T22:21:49","guid":{"rendered":"http:\/\/www.montalegre.org\/?p=3627"},"modified":"2011-07-07T18:47:49","modified_gmt":"2011-07-07T18:47:49","slug":"benedicto-xvi-en-madrid","status":"publish","type":"post","link":"https:\/\/www.montalegre.org\/es\/2011\/07\/benedicto-xvi-en-madrid\/","title":{"rendered":"Benedicto XVI, en Madrid"},"content":{"rendered":"<p><a rel=\"attachment wp-att-3657\" href=\"http:\/\/www.montalegre.org\/2011\/07\/benet-xvi-aviat-a-madrid\/marca_rgb\/\"><img loading=\"lazy\" decoding=\"async\" class=\"alignleft size-full wp-image-3657\" title=\"MARCA_RGB\" src=\"http:\/\/www.montalegre.org\/wp-content\/uploads\/2011\/07\/MARCA_RGB.jpg\" alt=\"\" width=\"240\" height=\"240\" srcset=\"https:\/\/www.montalegre.org\/wp-content\/uploads\/2011\/07\/MARCA_RGB.jpg 300w, https:\/\/www.montalegre.org\/wp-content\/uploads\/2011\/07\/MARCA_RGB-150x150.jpg 150w\" sizes=\"auto, (max-width: 240px) 100vw, 240px\" \/><\/a>El 7 de noviembre del 2010 el Santo Padre, Benedicto XVI, nos dijo &#8220;adi\u00f3s&#8221; cuando se despidi\u00f3 de todos nosotros en el aeropuerto de El Prat de Barcelona. Ahora despu\u00e9s de casi nueve meses la preparaci\u00f3n de las Jornadas Mundiales de la Juventud en Madrid es todo un acontecimiento. Su nueva venida a Espa\u00f1a, ya hace mucho tiempo que se est\u00e1 preparando, pues se espera recibir a dos millones de personas, la mayor\u00eda de ellos j\u00f3venes que llegar\u00e1n de todo el mundo. Empezamos pues los que estamos a pocas horas de distancia a sentirnos muy felices con este nuevo viaje del Pont\u00edfice.<\/p>\n<p>Los d\u00edas clave ser\u00e1n entre el 16 de agosto y el 21 de agosto de 2011, sin embargo hay actividades culturales y religiosas una semana antes. Pod\u00e9is consultar la web oficial de la JMJ 2011, y en el documento adjunto.<\/p>\n<p><a rel=\"attachment wp-att-3628\" href=\"http:\/\/www.montalegre.org\/es\/2011\/07\/benedicto-xvi-en-madrid\/agenda-jmj-2011-3\/\">agenda JMJ 2011<\/a><\/p>\n<p><a href=\"http:\/\/www.madrid11.com\/\">http:\/\/www.madrid11.com\/<\/a><\/p>\n<p>Servicios Informativos Montalegre<\/p>\n","protected":false},"excerpt":{"rendered":"<p>El 7 de noviembre del 2010 el Santo Padre, Benedicto XVI, nos dijo &#8220;adi\u00f3s&#8221; cuando se despidi\u00f3 de todos nosotros en el aeropuerto de El Prat de Barcelona. Ahora despu\u00e9s de casi nueve meses la preparaci\u00f3n de las Jornadas Mundiales de la Juventud en Madrid es todo un acontecimiento. Su nueva venida a Espa\u00f1a, ya [&hellip;]<\/p>\n","protected":false},"author":4,"featured_media":0,"comment_status":"open","ping_status":"open","sticky":false,"template":"","format":"standard","meta":{"footnotes":""},"categories":[1],"tags":[],"class_list":["post-3627","post","type-post","status-publish","format-standard","hentry","category-noticias-de-montalegre"],"yoast_head":"<!-- This site is optimized with the Yoast SEO plugin v27.1.1 - https:\/\/yoast.com\/product\/yoast-seo-wordpress\/ -->\n<title>Benedicto XVI, en Madrid - Montalegre<\/title>\n<meta name=\"robots\" content=\"index, follow, max-snippet:-1, max-image-preview:large, max-video-preview:-1\" \/>\n<link rel=\"canonical\" href=\"https:\/\/www.montalegre.org\/es\/2011\/07\/benedicto-xvi-en-madrid\/\" \/>\n<meta property=\"og:locale\" content=\"es_ES\" \/>\n<meta property=\"og:type\" content=\"article\" \/>\n<meta property=\"og:title\" content=\"Benedicto XVI, en Madrid - Montalegre\" \/>\n<meta property=\"og:description\" content=\"El 7 de noviembre del 2010 el Santo Padre, Benedicto XVI, nos dijo &#8220;adi\u00f3s&#8221; cuando se despidi\u00f3 de todos nosotros en el aeropuerto de El Prat de Barcelona. Ahora despu\u00e9s de casi nueve meses la preparaci\u00f3n de las Jornadas Mundiales de la Juventud en Madrid es todo un acontecimiento. Su nueva venida a Espa\u00f1a, ya [&hellip;]\" \/>\n<meta property=\"og:url\" content=\"https:\/\/www.montalegre.org\/es\/2011\/07\/benedicto-xvi-en-madrid\/\" \/>\n<meta property=\"og:site_name\" content=\"Montalegre\" \/>\n<meta property=\"article:published_time\" content=\"2011-07-02T22:21:49+00:00\" \/>\n<meta property=\"article:modified_time\" content=\"2011-07-07T18:47:49+00:00\" \/>\n<meta property=\"og:image\" content=\"http:\/\/www.montalegre.org\/wp-content\/uploads\/2011\/07\/MARCA_RGB.jpg\" \/>\n<meta name=\"author\" content=\"montalegre\" \/>\n<meta name=\"twitter:card\" content=\"summary_large_image\" \/>\n<meta name=\"twitter:label1\" content=\"Escrito por\" \/>\n\t<meta name=\"twitter:data1\" content=\"montalegre\" \/>\n\t<meta name=\"twitter:label2\" content=\"Tiempo de lectura\" \/>\n\t<meta name=\"twitter:data2\" content=\"1 minuto\" \/>\n<script type=\"application\/ld+json\" class=\"yoast-schema-graph\">{\"@context\":\"https:\/\/schema.org\",\"@graph\":[{\"@type\":\"Article\",\"@id\":\"https:\/\/www.montalegre.org\/es\/2011\/07\/benedicto-xvi-en-madrid\/#article\",\"isPartOf\":{\"@id\":\"https:\/\/www.montalegre.org\/es\/2011\/07\/benedicto-xvi-en-madrid\/\"},\"author\":{\"name\":\"montalegre\",\"@id\":\"https:\/\/www.montalegre.org\/es\/#\/schema\/person\/fa12d4cf3a3f1735a9176b4fafd6a633\"},\"headline\":\"Benedicto XVI, en Madrid\",\"datePublished\":\"2011-07-02T22:21:49+00:00\",\"dateModified\":\"2011-07-07T18:47:49+00:00\",\"mainEntityOfPage\":{\"@id\":\"https:\/\/www.montalegre.org\/es\/2011\/07\/benedicto-xvi-en-madrid\/\"},\"wordCount\":160,\"commentCount\":0,\"image\":{\"@id\":\"https:\/\/www.montalegre.org\/es\/2011\/07\/benedicto-xvi-en-madrid\/#primaryimage\"},\"thumbnailUrl\":\"http:\/\/www.montalegre.org\/wp-content\/uploads\/2011\/07\/MARCA_RGB.jpg\",\"articleSection\":[\"Noticias de Montalegre\"],\"inLanguage\":\"es\",\"potentialAction\":[{\"@type\":\"CommentAction\",\"name\":\"Comment\",\"target\":[\"https:\/\/www.montalegre.org\/es\/2011\/07\/benedicto-xvi-en-madrid\/#respond\"]}]},{\"@type\":\"WebPage\",\"@id\":\"https:\/\/www.montalegre.org\/es\/2011\/07\/benedicto-xvi-en-madrid\/\",\"url\":\"https:\/\/www.montalegre.org\/es\/2011\/07\/benedicto-xvi-en-madrid\/\",\"name\":\"Benedicto XVI, en Madrid - Montalegre\",\"isPartOf\":{\"@id\":\"https:\/\/www.montalegre.org\/es\/#website\"},\"primaryImageOfPage\":{\"@id\":\"https:\/\/www.montalegre.org\/es\/2011\/07\/benedicto-xvi-en-madrid\/#primaryimage\"},\"image\":{\"@id\":\"https:\/\/www.montalegre.org\/es\/2011\/07\/benedicto-xvi-en-madrid\/#primaryimage\"},\"thumbnailUrl\":\"http:\/\/www.montalegre.org\/wp-content\/uploads\/2011\/07\/MARCA_RGB.jpg\",\"datePublished\":\"2011-07-02T22:21:49+00:00\",\"dateModified\":\"2011-07-07T18:47:49+00:00\",\"author\":{\"@id\":\"https:\/\/www.montalegre.org\/es\/#\/schema\/person\/fa12d4cf3a3f1735a9176b4fafd6a633\"},\"breadcrumb\":{\"@id\":\"https:\/\/www.montalegre.org\/es\/2011\/07\/benedicto-xvi-en-madrid\/#breadcrumb\"},\"inLanguage\":\"es\",\"potentialAction\":[{\"@type\":\"ReadAction\",\"target\":[\"https:\/\/www.montalegre.org\/es\/2011\/07\/benedicto-xvi-en-madrid\/\"]}]},{\"@type\":\"ImageObject\",\"inLanguage\":\"es\",\"@id\":\"https:\/\/www.montalegre.org\/es\/2011\/07\/benedicto-xvi-en-madrid\/#primaryimage\",\"url\":\"http:\/\/www.montalegre.org\/wp-content\/uploads\/2011\/07\/MARCA_RGB.jpg\",\"contentUrl\":\"http:\/\/www.montalegre.org\/wp-content\/uploads\/2011\/07\/MARCA_RGB.jpg\"},{\"@type\":\"BreadcrumbList\",\"@id\":\"https:\/\/www.montalegre.org\/es\/2011\/07\/benedicto-xvi-en-madrid\/#breadcrumb\",\"itemListElement\":[{\"@type\":\"ListItem\",\"position\":1,\"name\":\"Portada\",\"item\":\"https:\/\/www.montalegre.org\/es\/\"},{\"@type\":\"ListItem\",\"position\":2,\"name\":\"Benedicto XVI, en Madrid\"}]},{\"@type\":\"WebSite\",\"@id\":\"https:\/\/www.montalegre.org\/es\/#website\",\"url\":\"https:\/\/www.montalegre.org\/es\/\",\"name\":\"Montalegre\",\"description\":\"\",\"potentialAction\":[{\"@type\":\"SearchAction\",\"target\":{\"@type\":\"EntryPoint\",\"urlTemplate\":\"https:\/\/www.montalegre.org\/es\/?s={search_term_string}\"},\"query-input\":{\"@type\":\"PropertyValueSpecification\",\"valueRequired\":true,\"valueName\":\"search_term_string\"}}],\"inLanguage\":\"es\"},{\"@type\":\"Person\",\"@id\":\"https:\/\/www.montalegre.org\/es\/#\/schema\/person\/fa12d4cf3a3f1735a9176b4fafd6a633\",\"name\":\"montalegre\",\"image\":{\"@type\":\"ImageObject\",\"inLanguage\":\"es\",\"@id\":\"https:\/\/www.montalegre.org\/es\/#\/schema\/person\/image\/\",\"url\":\"https:\/\/secure.gravatar.com\/avatar\/fe6d886cf5081e723c666dceda1f12d4f39070fa2ed4e79695edc3ca355c9b5a?s=96&d=mm&r=g\",\"contentUrl\":\"https:\/\/secure.gravatar.com\/avatar\/fe6d886cf5081e723c666dceda1f12d4f39070fa2ed4e79695edc3ca355c9b5a?s=96&d=mm&r=g\",\"caption\":\"montalegre\"},\"url\":\"https:\/\/www.montalegre.org\/es\/author\/montalegre\/\"}]}<\/script>\n<!-- \/ Yoast SEO plugin. -->","yoast_head_json":{"title":"Benedicto XVI, en Madrid - Montalegre","robots":{"index":"index","follow":"follow","max-snippet":"max-snippet:-1","max-image-preview":"max-image-preview:large","max-video-preview":"max-video-preview:-1"},"canonical":"https:\/\/www.montalegre.org\/es\/2011\/07\/benedicto-xvi-en-madrid\/","og_locale":"es_ES","og_type":"article","og_title":"Benedicto XVI, en Madrid - Montalegre","og_description":"El 7 de noviembre del 2010 el Santo Padre, Benedicto XVI, nos dijo &#8220;adi\u00f3s&#8221; cuando se despidi\u00f3 de todos nosotros en el aeropuerto de El Prat de Barcelona. Ahora despu\u00e9s de casi nueve meses la preparaci\u00f3n de las Jornadas Mundiales de la Juventud en Madrid es todo un acontecimiento. Su nueva venida a Espa\u00f1a, ya [&hellip;]","og_url":"https:\/\/www.montalegre.org\/es\/2011\/07\/benedicto-xvi-en-madrid\/","og_site_name":"Montalegre","article_published_time":"2011-07-02T22:21:49+00:00","article_modified_time":"2011-07-07T18:47:49+00:00","og_image":[{"url":"http:\/\/www.montalegre.org\/wp-content\/uploads\/2011\/07\/MARCA_RGB.jpg","type":"","width":"","height":""}],"author":"montalegre","twitter_card":"summary_large_image","twitter_misc":{"Escrito por":"montalegre","Tiempo de lectura":"1 minuto"},"schema":{"@context":"https:\/\/schema.org","@graph":[{"@type":"Article","@id":"https:\/\/www.montalegre.org\/es\/2011\/07\/benedicto-xvi-en-madrid\/#article","isPartOf":{"@id":"https:\/\/www.montalegre.org\/es\/2011\/07\/benedicto-xvi-en-madrid\/"},"author":{"name":"montalegre","@id":"https:\/\/www.montalegre.org\/es\/#\/schema\/person\/fa12d4cf3a3f1735a9176b4fafd6a633"},"headline":"Benedicto XVI, en Madrid","datePublished":"2011-07-02T22:21:49+00:00","dateModified":"2011-07-07T18:47:49+00:00","mainEntityOfPage":{"@id":"https:\/\/www.montalegre.org\/es\/2011\/07\/benedicto-xvi-en-madrid\/"},"wordCount":160,"commentCount":0,"image":{"@id":"https:\/\/www.montalegre.org\/es\/2011\/07\/benedicto-xvi-en-madrid\/#primaryimage"},"thumbnailUrl":"http:\/\/www.montalegre.org\/wp-content\/uploads\/2011\/07\/MARCA_RGB.jpg","articleSection":["Noticias de Montalegre"],"inLanguage":"es","potentialAction":[{"@type":"CommentAction","name":"Comment","target":["https:\/\/www.montalegre.org\/es\/2011\/07\/benedicto-xvi-en-madrid\/#respond"]}]},{"@type":"WebPage","@id":"https:\/\/www.montalegre.org\/es\/2011\/07\/benedicto-xvi-en-madrid\/","url":"https:\/\/www.montalegre.org\/es\/2011\/07\/benedicto-xvi-en-madrid\/","name":"Benedicto XVI, en Madrid - Montalegre","isPartOf":{"@id":"https:\/\/www.montalegre.org\/es\/#website"},"primaryImageOfPage":{"@id":"https:\/\/www.montalegre.org\/es\/2011\/07\/benedicto-xvi-en-madrid\/#primaryimage"},"image":{"@id":"https:\/\/www.montalegre.org\/es\/2011\/07\/benedicto-xvi-en-madrid\/#primaryimage"},"thumbnailUrl":"http:\/\/www.montalegre.org\/wp-content\/uploads\/2011\/07\/MARCA_RGB.jpg","datePublished":"2011-07-02T22:21:49+00:00","dateModified":"2011-07-07T18:47:49+00:00","author":{"@id":"https:\/\/www.montalegre.org\/es\/#\/schema\/person\/fa12d4cf3a3f1735a9176b4fafd6a633"},"breadcrumb":{"@id":"https:\/\/www.montalegre.org\/es\/2011\/07\/benedicto-xvi-en-madrid\/#breadcrumb"},"inLanguage":"es","potentialAction":[{"@type":"ReadAction","target":["https:\/\/www.montalegre.org\/es\/2011\/07\/benedicto-xvi-en-madrid\/"]}]},{"@type":"ImageObject","inLanguage":"es","@id":"https:\/\/www.montalegre.org\/es\/2011\/07\/benedicto-xvi-en-madrid\/#primaryimage","url":"http:\/\/www.montalegre.org\/wp-content\/uploads\/2011\/07\/MARCA_RGB.jpg","contentUrl":"http:\/\/www.montalegre.org\/wp-content\/uploads\/2011\/07\/MARCA_RGB.jpg"},{"@type":"BreadcrumbList","@id":"https:\/\/www.montalegre.org\/es\/2011\/07\/benedicto-xvi-en-madrid\/#breadcrumb","itemListElement":[{"@type":"ListItem","position":1,"name":"Portada","item":"https:\/\/www.montalegre.org\/es\/"},{"@type":"ListItem","position":2,"name":"Benedicto XVI, en Madrid"}]},{"@type":"WebSite","@id":"https:\/\/www.montalegre.org\/es\/#website","url":"https:\/\/www.montalegre.org\/es\/","name":"Montalegre","description":"","potentialAction":[{"@type":"SearchAction","target":{"@type":"EntryPoint","urlTemplate":"https:\/\/www.montalegre.org\/es\/?s={search_term_string}"},"query-input":{"@type":"PropertyValueSpecification","valueRequired":true,"valueName":"search_term_string"}}],"inLanguage":"es"},{"@type":"Person","@id":"https:\/\/www.montalegre.org\/es\/#\/schema\/person\/fa12d4cf3a3f1735a9176b4fafd6a633","name":"montalegre","image":{"@type":"ImageObject","inLanguage":"es","@id":"https:\/\/www.montalegre.org\/es\/#\/schema\/person\/image\/","url":"https:\/\/secure.gravatar.com\/avatar\/fe6d886cf5081e723c666dceda1f12d4f39070fa2ed4e79695edc3ca355c9b5a?s=96&d=mm&r=g","contentUrl":"https:\/\/secure.gravatar.com\/avatar\/fe6d886cf5081e723c666dceda1f12d4f39070fa2ed4e79695edc3ca355c9b5a?s=96&d=mm&r=g","caption":"montalegre"},"url":"https:\/\/www.montalegre.org\/es\/author\/montalegre\/"}]}},"_links":{"self":[{"href":"https:\/\/www.montalegre.org\/es\/wp-json\/wp\/v2\/posts\/3627","targetHints":{"allow":["GET"]}}],"collection":[{"href":"https:\/\/www.montalegre.org\/es\/wp-json\/wp\/v2\/posts"}],"about":[{"href":"https:\/\/www.montalegre.org\/es\/wp-json\/wp\/v2\/types\/post"}],"author":[{"embeddable":true,"href":"https:\/\/www.montalegre.org\/es\/wp-json\/wp\/v2\/users\/4"}],"replies":[{"embeddable":true,"href":"https:\/\/www.montalegre.org\/es\/wp-json\/wp\/v2\/comments?post=3627"}],"version-history":[{"count":7,"href":"https:\/\/www.montalegre.org\/es\/wp-json\/wp\/v2\/posts\/3627\/revisions"}],"predecessor-version":[{"id":3661,"href":"https:\/\/www.montalegre.org\/es\/wp-json\/wp\/v2\/posts\/3627\/revisions\/3661"}],"wp:attachment":[{"href":"https:\/\/www.montalegre.org\/es\/wp-json\/wp\/v2\/media?parent=3627"}],"wp:term":[{"taxonomy":"category","embeddable":true,"href":"https:\/\/www.montalegre.org\/es\/wp-json\/wp\/v2\/categories?post=3627"},{"taxonomy":"post_tag","embeddable":true,"href":"https:\/\/www.montalegre.org\/es\/wp-json\/wp\/v2\/tags?post=3627"}],"curies":[{"name":"wp","href":"https:\/\/api.w.org\/{rel}","templated":true}]}}