{"id":3552,"date":"2011-06-27T21:31:40","date_gmt":"2011-06-27T21:31:40","guid":{"rendered":"http:\/\/www.montalegre.org\/?p=3552"},"modified":"2011-06-28T10:01:13","modified_gmt":"2011-06-28T10:01:13","slug":"el-santo-de-la-vida-ordinaria","status":"publish","type":"post","link":"https:\/\/www.montalegre.org\/es\/2011\/06\/el-santo-de-la-vida-ordinaria\/","title":{"rendered":"26 de Junio, San Josemar\u00eda"},"content":{"rendered":"<p>El d\u00eda <em>natalis<\/em> de San Josemar\u00eda, el d\u00eda 26 de junio, coincidi\u00f3 con el domingo en el que la Iglesia celebra la solemnidad del Corpus Christi. Por este motivo se ha trasladado la festividad del santo al d\u00eda m\u00e1s pr\u00f3ximo y que la liturgia lo ha permitido.<br \/>\nEn el d\u00eda del Corpus Christi se celebra que lo m\u00e1s sagrado que tenemos es la Eucarist\u00eda, y que el lugar m\u00e1s seguro es la Capilla del Sant\u00edsimo, en cualquiera de las iglesias cat\u00f3licas que encontramos porque tenemos el convencimiento de Quien est\u00e1; no es una imagen, no es un recuerdo, es Jes\u00fas mismo, en su cuerpo y su sangre, en su alma y su divinidad. Por eso al d\u00eda siguiente, el d\u00eda 27, se celebr\u00f3 la festividad de San Josemar\u00eda Escriv\u00e1, fundador del Opus Dei. Habitualmente la Iglesia de Santa Mar\u00eda Montalegre celebra una misa con toda la solemnidad presidida por el Vicario de la Obra. Sin embargo, el Cardenal arzobispo hab\u00eda decidido celebrar en la propia Catedral del arzobispado la santa misa en honor del santo, as\u00ed para dar preferencia a la de la Catedral, este a\u00f1o en la iglesia la misa habitual de las 19 h ha sido una misa sencilla en honor del santo.<\/p>\n<p>San Josemar\u00eda dedic\u00f3 su vida a llevar a cabo el mensaje que Dios le hab\u00eda encomendado, y que luego recogi\u00f3 el Concilio Vaticano II: todos estamos llamados a la santidad en medio del mundo, no se trata de hacer cosas extraordinarias, sino de saber encontrar en la normalidad de la vida cotidiana de la familia, del trabajo profesional, del trato con los dem\u00e1s, dondequiera que estemos, lo que Dios nos pide.<\/p>\n<p>Servicios Informativos Montalegre<\/p>\n","protected":false},"excerpt":{"rendered":"<p>El d\u00eda natalis de San Josemar\u00eda, el d\u00eda 26 de junio, coincidi\u00f3 con el domingo en el que la Iglesia celebra la solemnidad del Corpus Christi. Por este motivo se ha trasladado la festividad del santo al d\u00eda m\u00e1s pr\u00f3ximo y que la liturgia lo ha permitido. En el d\u00eda del Corpus Christi se celebra [&hellip;]<\/p>\n","protected":false},"author":4,"featured_media":0,"comment_status":"open","ping_status":"open","sticky":false,"template":"","format":"standard","meta":{"footnotes":""},"categories":[1],"tags":[],"class_list":["post-3552","post","type-post","status-publish","format-standard","hentry","category-noticias-de-montalegre"],"yoast_head":"<!-- This site is optimized with the Yoast SEO plugin v27.1.1 - https:\/\/yoast.com\/product\/yoast-seo-wordpress\/ -->\n<title>26 de Junio, San Josemar\u00eda - Montalegre<\/title>\n<meta name=\"robots\" content=\"index, follow, max-snippet:-1, max-image-preview:large, max-video-preview:-1\" \/>\n<link rel=\"canonical\" href=\"https:\/\/www.montalegre.org\/es\/2011\/06\/el-santo-de-la-vida-ordinaria\/\" \/>\n<meta property=\"og:locale\" content=\"es_ES\" \/>\n<meta property=\"og:type\" content=\"article\" \/>\n<meta property=\"og:title\" content=\"26 de Junio, San Josemar\u00eda - Montalegre\" \/>\n<meta property=\"og:description\" content=\"El d\u00eda natalis de San Josemar\u00eda, el d\u00eda 26 de junio, coincidi\u00f3 con el domingo en el que la Iglesia celebra la solemnidad del Corpus Christi. Por este motivo se ha trasladado la festividad del santo al d\u00eda m\u00e1s pr\u00f3ximo y que la liturgia lo ha permitido. En el d\u00eda del Corpus Christi se celebra [&hellip;]\" \/>\n<meta property=\"og:url\" content=\"https:\/\/www.montalegre.org\/es\/2011\/06\/el-santo-de-la-vida-ordinaria\/\" \/>\n<meta property=\"og:site_name\" content=\"Montalegre\" \/>\n<meta property=\"article:published_time\" content=\"2011-06-27T21:31:40+00:00\" \/>\n<meta property=\"article:modified_time\" content=\"2011-06-28T10:01:13+00:00\" \/>\n<meta name=\"author\" content=\"montalegre\" \/>\n<meta name=\"twitter:card\" content=\"summary_large_image\" \/>\n<meta name=\"twitter:label1\" content=\"Escrito por\" \/>\n\t<meta name=\"twitter:data1\" content=\"montalegre\" \/>\n\t<meta name=\"twitter:label2\" content=\"Tiempo de lectura\" \/>\n\t<meta name=\"twitter:data2\" content=\"1 minuto\" \/>\n<script type=\"application\/ld+json\" class=\"yoast-schema-graph\">{\"@context\":\"https:\/\/schema.org\",\"@graph\":[{\"@type\":\"Article\",\"@id\":\"https:\/\/www.montalegre.org\/es\/2011\/06\/el-santo-de-la-vida-ordinaria\/#article\",\"isPartOf\":{\"@id\":\"https:\/\/www.montalegre.org\/es\/2011\/06\/el-santo-de-la-vida-ordinaria\/\"},\"author\":{\"name\":\"montalegre\",\"@id\":\"https:\/\/www.montalegre.org\/es\/#\/schema\/person\/fa12d4cf3a3f1735a9176b4fafd6a633\"},\"headline\":\"26 de Junio, San Josemar\u00eda\",\"datePublished\":\"2011-06-27T21:31:40+00:00\",\"dateModified\":\"2011-06-28T10:01:13+00:00\",\"mainEntityOfPage\":{\"@id\":\"https:\/\/www.montalegre.org\/es\/2011\/06\/el-santo-de-la-vida-ordinaria\/\"},\"wordCount\":303,\"commentCount\":0,\"articleSection\":[\"Noticias de Montalegre\"],\"inLanguage\":\"es\",\"potentialAction\":[{\"@type\":\"CommentAction\",\"name\":\"Comment\",\"target\":[\"https:\/\/www.montalegre.org\/es\/2011\/06\/el-santo-de-la-vida-ordinaria\/#respond\"]}]},{\"@type\":\"WebPage\",\"@id\":\"https:\/\/www.montalegre.org\/es\/2011\/06\/el-santo-de-la-vida-ordinaria\/\",\"url\":\"https:\/\/www.montalegre.org\/es\/2011\/06\/el-santo-de-la-vida-ordinaria\/\",\"name\":\"26 de Junio, San Josemar\u00eda - Montalegre\",\"isPartOf\":{\"@id\":\"https:\/\/www.montalegre.org\/es\/#website\"},\"datePublished\":\"2011-06-27T21:31:40+00:00\",\"dateModified\":\"2011-06-28T10:01:13+00:00\",\"author\":{\"@id\":\"https:\/\/www.montalegre.org\/es\/#\/schema\/person\/fa12d4cf3a3f1735a9176b4fafd6a633\"},\"breadcrumb\":{\"@id\":\"https:\/\/www.montalegre.org\/es\/2011\/06\/el-santo-de-la-vida-ordinaria\/#breadcrumb\"},\"inLanguage\":\"es\",\"potentialAction\":[{\"@type\":\"ReadAction\",\"target\":[\"https:\/\/www.montalegre.org\/es\/2011\/06\/el-santo-de-la-vida-ordinaria\/\"]}]},{\"@type\":\"BreadcrumbList\",\"@id\":\"https:\/\/www.montalegre.org\/es\/2011\/06\/el-santo-de-la-vida-ordinaria\/#breadcrumb\",\"itemListElement\":[{\"@type\":\"ListItem\",\"position\":1,\"name\":\"Portada\",\"item\":\"https:\/\/www.montalegre.org\/es\/\"},{\"@type\":\"ListItem\",\"position\":2,\"name\":\"26 de Junio, San Josemar\u00eda\"}]},{\"@type\":\"WebSite\",\"@id\":\"https:\/\/www.montalegre.org\/es\/#website\",\"url\":\"https:\/\/www.montalegre.org\/es\/\",\"name\":\"Montalegre\",\"description\":\"\",\"potentialAction\":[{\"@type\":\"SearchAction\",\"target\":{\"@type\":\"EntryPoint\",\"urlTemplate\":\"https:\/\/www.montalegre.org\/es\/?s={search_term_string}\"},\"query-input\":{\"@type\":\"PropertyValueSpecification\",\"valueRequired\":true,\"valueName\":\"search_term_string\"}}],\"inLanguage\":\"es\"},{\"@type\":\"Person\",\"@id\":\"https:\/\/www.montalegre.org\/es\/#\/schema\/person\/fa12d4cf3a3f1735a9176b4fafd6a633\",\"name\":\"montalegre\",\"image\":{\"@type\":\"ImageObject\",\"inLanguage\":\"es\",\"@id\":\"https:\/\/www.montalegre.org\/es\/#\/schema\/person\/image\/\",\"url\":\"https:\/\/secure.gravatar.com\/avatar\/fe6d886cf5081e723c666dceda1f12d4f39070fa2ed4e79695edc3ca355c9b5a?s=96&d=mm&r=g\",\"contentUrl\":\"https:\/\/secure.gravatar.com\/avatar\/fe6d886cf5081e723c666dceda1f12d4f39070fa2ed4e79695edc3ca355c9b5a?s=96&d=mm&r=g\",\"caption\":\"montalegre\"},\"url\":\"https:\/\/www.montalegre.org\/es\/author\/montalegre\/\"}]}<\/script>\n<!-- \/ Yoast SEO plugin. -->","yoast_head_json":{"title":"26 de Junio, San Josemar\u00eda - Montalegre","robots":{"index":"index","follow":"follow","max-snippet":"max-snippet:-1","max-image-preview":"max-image-preview:large","max-video-preview":"max-video-preview:-1"},"canonical":"https:\/\/www.montalegre.org\/es\/2011\/06\/el-santo-de-la-vida-ordinaria\/","og_locale":"es_ES","og_type":"article","og_title":"26 de Junio, San Josemar\u00eda - Montalegre","og_description":"El d\u00eda natalis de San Josemar\u00eda, el d\u00eda 26 de junio, coincidi\u00f3 con el domingo en el que la Iglesia celebra la solemnidad del Corpus Christi. Por este motivo se ha trasladado la festividad del santo al d\u00eda m\u00e1s pr\u00f3ximo y que la liturgia lo ha permitido. En el d\u00eda del Corpus Christi se celebra [&hellip;]","og_url":"https:\/\/www.montalegre.org\/es\/2011\/06\/el-santo-de-la-vida-ordinaria\/","og_site_name":"Montalegre","article_published_time":"2011-06-27T21:31:40+00:00","article_modified_time":"2011-06-28T10:01:13+00:00","author":"montalegre","twitter_card":"summary_large_image","twitter_misc":{"Escrito por":"montalegre","Tiempo de lectura":"1 minuto"},"schema":{"@context":"https:\/\/schema.org","@graph":[{"@type":"Article","@id":"https:\/\/www.montalegre.org\/es\/2011\/06\/el-santo-de-la-vida-ordinaria\/#article","isPartOf":{"@id":"https:\/\/www.montalegre.org\/es\/2011\/06\/el-santo-de-la-vida-ordinaria\/"},"author":{"name":"montalegre","@id":"https:\/\/www.montalegre.org\/es\/#\/schema\/person\/fa12d4cf3a3f1735a9176b4fafd6a633"},"headline":"26 de Junio, San Josemar\u00eda","datePublished":"2011-06-27T21:31:40+00:00","dateModified":"2011-06-28T10:01:13+00:00","mainEntityOfPage":{"@id":"https:\/\/www.montalegre.org\/es\/2011\/06\/el-santo-de-la-vida-ordinaria\/"},"wordCount":303,"commentCount":0,"articleSection":["Noticias de Montalegre"],"inLanguage":"es","potentialAction":[{"@type":"CommentAction","name":"Comment","target":["https:\/\/www.montalegre.org\/es\/2011\/06\/el-santo-de-la-vida-ordinaria\/#respond"]}]},{"@type":"WebPage","@id":"https:\/\/www.montalegre.org\/es\/2011\/06\/el-santo-de-la-vida-ordinaria\/","url":"https:\/\/www.montalegre.org\/es\/2011\/06\/el-santo-de-la-vida-ordinaria\/","name":"26 de Junio, San Josemar\u00eda - Montalegre","isPartOf":{"@id":"https:\/\/www.montalegre.org\/es\/#website"},"datePublished":"2011-06-27T21:31:40+00:00","dateModified":"2011-06-28T10:01:13+00:00","author":{"@id":"https:\/\/www.montalegre.org\/es\/#\/schema\/person\/fa12d4cf3a3f1735a9176b4fafd6a633"},"breadcrumb":{"@id":"https:\/\/www.montalegre.org\/es\/2011\/06\/el-santo-de-la-vida-ordinaria\/#breadcrumb"},"inLanguage":"es","potentialAction":[{"@type":"ReadAction","target":["https:\/\/www.montalegre.org\/es\/2011\/06\/el-santo-de-la-vida-ordinaria\/"]}]},{"@type":"BreadcrumbList","@id":"https:\/\/www.montalegre.org\/es\/2011\/06\/el-santo-de-la-vida-ordinaria\/#breadcrumb","itemListElement":[{"@type":"ListItem","position":1,"name":"Portada","item":"https:\/\/www.montalegre.org\/es\/"},{"@type":"ListItem","position":2,"name":"26 de Junio, San Josemar\u00eda"}]},{"@type":"WebSite","@id":"https:\/\/www.montalegre.org\/es\/#website","url":"https:\/\/www.montalegre.org\/es\/","name":"Montalegre","description":"","potentialAction":[{"@type":"SearchAction","target":{"@type":"EntryPoint","urlTemplate":"https:\/\/www.montalegre.org\/es\/?s={search_term_string}"},"query-input":{"@type":"PropertyValueSpecification","valueRequired":true,"valueName":"search_term_string"}}],"inLanguage":"es"},{"@type":"Person","@id":"https:\/\/www.montalegre.org\/es\/#\/schema\/person\/fa12d4cf3a3f1735a9176b4fafd6a633","name":"montalegre","image":{"@type":"ImageObject","inLanguage":"es","@id":"https:\/\/www.montalegre.org\/es\/#\/schema\/person\/image\/","url":"https:\/\/secure.gravatar.com\/avatar\/fe6d886cf5081e723c666dceda1f12d4f39070fa2ed4e79695edc3ca355c9b5a?s=96&d=mm&r=g","contentUrl":"https:\/\/secure.gravatar.com\/avatar\/fe6d886cf5081e723c666dceda1f12d4f39070fa2ed4e79695edc3ca355c9b5a?s=96&d=mm&r=g","caption":"montalegre"},"url":"https:\/\/www.montalegre.org\/es\/author\/montalegre\/"}]}},"_links":{"self":[{"href":"https:\/\/www.montalegre.org\/es\/wp-json\/wp\/v2\/posts\/3552","targetHints":{"allow":["GET"]}}],"collection":[{"href":"https:\/\/www.montalegre.org\/es\/wp-json\/wp\/v2\/posts"}],"about":[{"href":"https:\/\/www.montalegre.org\/es\/wp-json\/wp\/v2\/types\/post"}],"author":[{"embeddable":true,"href":"https:\/\/www.montalegre.org\/es\/wp-json\/wp\/v2\/users\/4"}],"replies":[{"embeddable":true,"href":"https:\/\/www.montalegre.org\/es\/wp-json\/wp\/v2\/comments?post=3552"}],"version-history":[{"count":6,"href":"https:\/\/www.montalegre.org\/es\/wp-json\/wp\/v2\/posts\/3552\/revisions"}],"predecessor-version":[{"id":3557,"href":"https:\/\/www.montalegre.org\/es\/wp-json\/wp\/v2\/posts\/3552\/revisions\/3557"}],"wp:attachment":[{"href":"https:\/\/www.montalegre.org\/es\/wp-json\/wp\/v2\/media?parent=3552"}],"wp:term":[{"taxonomy":"category","embeddable":true,"href":"https:\/\/www.montalegre.org\/es\/wp-json\/wp\/v2\/categories?post=3552"},{"taxonomy":"post_tag","embeddable":true,"href":"https:\/\/www.montalegre.org\/es\/wp-json\/wp\/v2\/tags?post=3552"}],"curies":[{"name":"wp","href":"https:\/\/api.w.org\/{rel}","templated":true}]}}