{"id":3538,"date":"2011-06-25T12:02:05","date_gmt":"2011-06-25T12:02:05","guid":{"rendered":"http:\/\/www.montalegre.org\/?p=3538"},"modified":"2011-06-25T15:16:51","modified_gmt":"2011-06-25T15:16:51","slug":"en-el-camino-de-la-devocion-privada-de-jose-maria-hernandez-garnica","status":"publish","type":"post","link":"https:\/\/www.montalegre.org\/es\/2011\/06\/en-el-camino-de-la-devocion-privada-de-jose-maria-hernandez-garnica\/","title":{"rendered":"En el camino de la devoci\u00f3n privada de Jos\u00e9 Mar\u00eda Hern\u00e1ndez Garnica"},"content":{"rendered":"<p><a rel=\"attachment wp-att-3534\" href=\"http:\/\/www.montalegre.org\/2011\/06\/en-el-cami-de-la-devocio-privada-de-jose-maria-hernandez-garnica\/porloscaminosdeeuropa\/\"><img loading=\"lazy\" decoding=\"async\" class=\"alignleft size-thumbnail wp-image-3534\" title=\"porloscaminosdeeuropa\" src=\"http:\/\/www.montalegre.org\/wp-content\/uploads\/2011\/06\/porloscaminosdeeuropa-126x150.jpg\" alt=\"\" width=\"126\" height=\"150\" \/><\/a>El\u00a0 d\u00eda 21 de junio Se celebr\u00f3 el coloquio sobre el Siervo de Dios, Jos\u00e9 Mar\u00eda Hern\u00e1ndez Garnica. Fue promovido por la Comisi\u00f3n que surgi\u00f3 hace unos a\u00f1os, cuando se cerr\u00f3 el expediente de la Causa de los Santos, que sigue su curso en el Vaticano. El coloquio tuvo dos partes, la primera, \u201cUna mirada al perfil humano\u201d, y la segunda\u00a0 consisti\u00f3 en la presentaci\u00f3n del proyecto de sepultura que en los pr\u00f3ximos meses se llevar\u00e1 a cabo en esta iglesia de Montalegre.<\/p>\n<p>En la primera parte, la periodista Merc\u00e9 Miralles realiz\u00f3 una serie de preguntas a la Sra.\u00a0 Teresa Temes, sobrina del siervo de Dios, la cual explic\u00f3 que lo conoci\u00f3 a trav\u00e9s de su abuela, Da. Adela, madre de Jos\u00e9 Maria, llamado familiarmente Chiqui. Explic\u00f3 an\u00e9cdotas entra\u00f1ables de familia, y c\u00f3mo a trav\u00e9s de ellas su madre y otros familiares vieron que el Opus Dei era una cosa muy buena.<\/p>\n<p>El rector de Montalegre que hab\u00eda presentado el acto, explic\u00f3 que ya se tiene el permiso de Roma para disponer el traslado de los restos mortales del cementerio de Montjuic, probablemente en el mes de octubre, de lo cual se informar\u00e1 oportunamente. Mn. Francesc Perarnau\u00a0di\u00f3 paso\u00a0al arquitecto Sr. Antoni Matas que ha elaborado el proyecto, cosa que pudimos ver en un conjunto de im\u00e1genes simuladas. El proyecto supone la rehabilitaci\u00f3n de la Capilla del Sant\u00edsimo. Est\u00e1 previsto inicialmente suprimir los tres confesionarios, que no se utilizan, y en aquella pared, de forma sobria y austera hacer el sepulcro. Tambi\u00e9n se cambiar\u00e1\u00a0 toda la instalaci\u00f3n el\u00e9ctrica, se recuperar\u00e1 la imagen de la Virgen de La piedad, y finalmente se pintar\u00e1. Todo ello se iniciar\u00e1 a lo largo del mes de septiembre.\u00a0<a rel=\"attachment wp-att-3535\" href=\"http:\/\/www.montalegre.org\/2011\/06\/en-el-cami-de-la-devocio-privada-de-jose-maria-hernandez-garnica\/pati-manning\/\"><img loading=\"lazy\" decoding=\"async\" class=\"alignright size-thumbnail wp-image-3535\" title=\"pati manning\" src=\"http:\/\/www.montalegre.org\/wp-content\/uploads\/2011\/06\/pati-manning-150x144.jpg\" alt=\"\" width=\"150\" height=\"144\" \/><\/a><\/p>\n<p>La celebraci\u00f3n del acto se hizo en el auditorio del Pati Manning, que est\u00e1 junto a la iglesia, con la asistencia de numeroso p\u00fablico, el cual pudo adquirir documentaci\u00f3n relativa a la vida del siervo de Dios, as\u00ed como estampas y prospectos del acto, el cual conten\u00eda una foto simulada del referido proyecto cosa que complaci\u00f3 a todos los asistentes.<\/p>\n<p>Isabel Hern\u00e1ndez Esteban<\/p>\n","protected":false},"excerpt":{"rendered":"<p>El\u00a0 d\u00eda 21 de junio Se celebr\u00f3 el coloquio sobre el Siervo de Dios, Jos\u00e9 Mar\u00eda Hern\u00e1ndez Garnica. Fue promovido por la Comisi\u00f3n que surgi\u00f3 hace unos a\u00f1os, cuando se cerr\u00f3 el expediente de la Causa de los Santos, que sigue su curso en el Vaticano. El coloquio tuvo dos partes, la primera, \u201cUna mirada [&hellip;]<\/p>\n","protected":false},"author":4,"featured_media":0,"comment_status":"open","ping_status":"open","sticky":false,"template":"","format":"standard","meta":{"footnotes":""},"categories":[1],"tags":[],"class_list":["post-3538","post","type-post","status-publish","format-standard","hentry","category-noticias-de-montalegre"],"yoast_head":"<!-- This site is optimized with the Yoast SEO plugin v27.1.1 - https:\/\/yoast.com\/product\/yoast-seo-wordpress\/ -->\n<title>En el camino de la devoci\u00f3n privada de Jos\u00e9 Mar\u00eda Hern\u00e1ndez Garnica - Montalegre<\/title>\n<meta name=\"robots\" content=\"index, follow, max-snippet:-1, max-image-preview:large, max-video-preview:-1\" \/>\n<link rel=\"canonical\" href=\"https:\/\/www.montalegre.org\/es\/2011\/06\/en-el-camino-de-la-devocion-privada-de-jose-maria-hernandez-garnica\/\" \/>\n<meta property=\"og:locale\" content=\"es_ES\" \/>\n<meta property=\"og:type\" content=\"article\" \/>\n<meta property=\"og:title\" content=\"En el camino de la devoci\u00f3n privada de Jos\u00e9 Mar\u00eda Hern\u00e1ndez Garnica - Montalegre\" \/>\n<meta property=\"og:description\" content=\"El\u00a0 d\u00eda 21 de junio Se celebr\u00f3 el coloquio sobre el Siervo de Dios, Jos\u00e9 Mar\u00eda Hern\u00e1ndez Garnica. Fue promovido por la Comisi\u00f3n que surgi\u00f3 hace unos a\u00f1os, cuando se cerr\u00f3 el expediente de la Causa de los Santos, que sigue su curso en el Vaticano. El coloquio tuvo dos partes, la primera, \u201cUna mirada [&hellip;]\" \/>\n<meta property=\"og:url\" content=\"https:\/\/www.montalegre.org\/es\/2011\/06\/en-el-camino-de-la-devocion-privada-de-jose-maria-hernandez-garnica\/\" \/>\n<meta property=\"og:site_name\" content=\"Montalegre\" \/>\n<meta property=\"article:published_time\" content=\"2011-06-25T12:02:05+00:00\" \/>\n<meta property=\"article:modified_time\" content=\"2011-06-25T15:16:51+00:00\" \/>\n<meta property=\"og:image\" content=\"http:\/\/www.montalegre.org\/wp-content\/uploads\/2011\/06\/porloscaminosdeeuropa-126x150.jpg\" \/>\n<meta name=\"author\" content=\"montalegre\" \/>\n<meta name=\"twitter:card\" content=\"summary_large_image\" \/>\n<meta name=\"twitter:label1\" content=\"Escrito por\" \/>\n\t<meta name=\"twitter:data1\" content=\"montalegre\" \/>\n\t<meta name=\"twitter:label2\" content=\"Tiempo de lectura\" \/>\n\t<meta name=\"twitter:data2\" content=\"2 minutos\" \/>\n<script type=\"application\/ld+json\" class=\"yoast-schema-graph\">{\"@context\":\"https:\/\/schema.org\",\"@graph\":[{\"@type\":\"Article\",\"@id\":\"https:\/\/www.montalegre.org\/es\/2011\/06\/en-el-camino-de-la-devocion-privada-de-jose-maria-hernandez-garnica\/#article\",\"isPartOf\":{\"@id\":\"https:\/\/www.montalegre.org\/es\/2011\/06\/en-el-camino-de-la-devocion-privada-de-jose-maria-hernandez-garnica\/\"},\"author\":{\"name\":\"montalegre\",\"@id\":\"https:\/\/www.montalegre.org\/es\/#\/schema\/person\/fa12d4cf3a3f1735a9176b4fafd6a633\"},\"headline\":\"En el camino de la devoci\u00f3n privada de Jos\u00e9 Mar\u00eda Hern\u00e1ndez Garnica\",\"datePublished\":\"2011-06-25T12:02:05+00:00\",\"dateModified\":\"2011-06-25T15:16:51+00:00\",\"mainEntityOfPage\":{\"@id\":\"https:\/\/www.montalegre.org\/es\/2011\/06\/en-el-camino-de-la-devocion-privada-de-jose-maria-hernandez-garnica\/\"},\"wordCount\":385,\"commentCount\":0,\"image\":{\"@id\":\"https:\/\/www.montalegre.org\/es\/2011\/06\/en-el-camino-de-la-devocion-privada-de-jose-maria-hernandez-garnica\/#primaryimage\"},\"thumbnailUrl\":\"http:\/\/www.montalegre.org\/wp-content\/uploads\/2011\/06\/porloscaminosdeeuropa-126x150.jpg\",\"articleSection\":[\"Noticias de Montalegre\"],\"inLanguage\":\"es\",\"potentialAction\":[{\"@type\":\"CommentAction\",\"name\":\"Comment\",\"target\":[\"https:\/\/www.montalegre.org\/es\/2011\/06\/en-el-camino-de-la-devocion-privada-de-jose-maria-hernandez-garnica\/#respond\"]}]},{\"@type\":\"WebPage\",\"@id\":\"https:\/\/www.montalegre.org\/es\/2011\/06\/en-el-camino-de-la-devocion-privada-de-jose-maria-hernandez-garnica\/\",\"url\":\"https:\/\/www.montalegre.org\/es\/2011\/06\/en-el-camino-de-la-devocion-privada-de-jose-maria-hernandez-garnica\/\",\"name\":\"En el camino de la devoci\u00f3n privada de Jos\u00e9 Mar\u00eda Hern\u00e1ndez Garnica - Montalegre\",\"isPartOf\":{\"@id\":\"https:\/\/www.montalegre.org\/es\/#website\"},\"primaryImageOfPage\":{\"@id\":\"https:\/\/www.montalegre.org\/es\/2011\/06\/en-el-camino-de-la-devocion-privada-de-jose-maria-hernandez-garnica\/#primaryimage\"},\"image\":{\"@id\":\"https:\/\/www.montalegre.org\/es\/2011\/06\/en-el-camino-de-la-devocion-privada-de-jose-maria-hernandez-garnica\/#primaryimage\"},\"thumbnailUrl\":\"http:\/\/www.montalegre.org\/wp-content\/uploads\/2011\/06\/porloscaminosdeeuropa-126x150.jpg\",\"datePublished\":\"2011-06-25T12:02:05+00:00\",\"dateModified\":\"2011-06-25T15:16:51+00:00\",\"author\":{\"@id\":\"https:\/\/www.montalegre.org\/es\/#\/schema\/person\/fa12d4cf3a3f1735a9176b4fafd6a633\"},\"breadcrumb\":{\"@id\":\"https:\/\/www.montalegre.org\/es\/2011\/06\/en-el-camino-de-la-devocion-privada-de-jose-maria-hernandez-garnica\/#breadcrumb\"},\"inLanguage\":\"es\",\"potentialAction\":[{\"@type\":\"ReadAction\",\"target\":[\"https:\/\/www.montalegre.org\/es\/2011\/06\/en-el-camino-de-la-devocion-privada-de-jose-maria-hernandez-garnica\/\"]}]},{\"@type\":\"ImageObject\",\"inLanguage\":\"es\",\"@id\":\"https:\/\/www.montalegre.org\/es\/2011\/06\/en-el-camino-de-la-devocion-privada-de-jose-maria-hernandez-garnica\/#primaryimage\",\"url\":\"http:\/\/www.montalegre.org\/wp-content\/uploads\/2011\/06\/porloscaminosdeeuropa-126x150.jpg\",\"contentUrl\":\"http:\/\/www.montalegre.org\/wp-content\/uploads\/2011\/06\/porloscaminosdeeuropa-126x150.jpg\"},{\"@type\":\"BreadcrumbList\",\"@id\":\"https:\/\/www.montalegre.org\/es\/2011\/06\/en-el-camino-de-la-devocion-privada-de-jose-maria-hernandez-garnica\/#breadcrumb\",\"itemListElement\":[{\"@type\":\"ListItem\",\"position\":1,\"name\":\"Portada\",\"item\":\"https:\/\/www.montalegre.org\/es\/\"},{\"@type\":\"ListItem\",\"position\":2,\"name\":\"En el camino de la devoci\u00f3n privada de Jos\u00e9 Mar\u00eda Hern\u00e1ndez Garnica\"}]},{\"@type\":\"WebSite\",\"@id\":\"https:\/\/www.montalegre.org\/es\/#website\",\"url\":\"https:\/\/www.montalegre.org\/es\/\",\"name\":\"Montalegre\",\"description\":\"\",\"potentialAction\":[{\"@type\":\"SearchAction\",\"target\":{\"@type\":\"EntryPoint\",\"urlTemplate\":\"https:\/\/www.montalegre.org\/es\/?s={search_term_string}\"},\"query-input\":{\"@type\":\"PropertyValueSpecification\",\"valueRequired\":true,\"valueName\":\"search_term_string\"}}],\"inLanguage\":\"es\"},{\"@type\":\"Person\",\"@id\":\"https:\/\/www.montalegre.org\/es\/#\/schema\/person\/fa12d4cf3a3f1735a9176b4fafd6a633\",\"name\":\"montalegre\",\"image\":{\"@type\":\"ImageObject\",\"inLanguage\":\"es\",\"@id\":\"https:\/\/www.montalegre.org\/es\/#\/schema\/person\/image\/\",\"url\":\"https:\/\/secure.gravatar.com\/avatar\/fe6d886cf5081e723c666dceda1f12d4f39070fa2ed4e79695edc3ca355c9b5a?s=96&d=mm&r=g\",\"contentUrl\":\"https:\/\/secure.gravatar.com\/avatar\/fe6d886cf5081e723c666dceda1f12d4f39070fa2ed4e79695edc3ca355c9b5a?s=96&d=mm&r=g\",\"caption\":\"montalegre\"},\"url\":\"https:\/\/www.montalegre.org\/es\/author\/montalegre\/\"}]}<\/script>\n<!-- \/ Yoast SEO plugin. -->","yoast_head_json":{"title":"En el camino de la devoci\u00f3n privada de Jos\u00e9 Mar\u00eda Hern\u00e1ndez Garnica - Montalegre","robots":{"index":"index","follow":"follow","max-snippet":"max-snippet:-1","max-image-preview":"max-image-preview:large","max-video-preview":"max-video-preview:-1"},"canonical":"https:\/\/www.montalegre.org\/es\/2011\/06\/en-el-camino-de-la-devocion-privada-de-jose-maria-hernandez-garnica\/","og_locale":"es_ES","og_type":"article","og_title":"En el camino de la devoci\u00f3n privada de Jos\u00e9 Mar\u00eda Hern\u00e1ndez Garnica - Montalegre","og_description":"El\u00a0 d\u00eda 21 de junio Se celebr\u00f3 el coloquio sobre el Siervo de Dios, Jos\u00e9 Mar\u00eda Hern\u00e1ndez Garnica. Fue promovido por la Comisi\u00f3n que surgi\u00f3 hace unos a\u00f1os, cuando se cerr\u00f3 el expediente de la Causa de los Santos, que sigue su curso en el Vaticano. El coloquio tuvo dos partes, la primera, \u201cUna mirada [&hellip;]","og_url":"https:\/\/www.montalegre.org\/es\/2011\/06\/en-el-camino-de-la-devocion-privada-de-jose-maria-hernandez-garnica\/","og_site_name":"Montalegre","article_published_time":"2011-06-25T12:02:05+00:00","article_modified_time":"2011-06-25T15:16:51+00:00","og_image":[{"url":"http:\/\/www.montalegre.org\/wp-content\/uploads\/2011\/06\/porloscaminosdeeuropa-126x150.jpg","type":"","width":"","height":""}],"author":"montalegre","twitter_card":"summary_large_image","twitter_misc":{"Escrito por":"montalegre","Tiempo de lectura":"2 minutos"},"schema":{"@context":"https:\/\/schema.org","@graph":[{"@type":"Article","@id":"https:\/\/www.montalegre.org\/es\/2011\/06\/en-el-camino-de-la-devocion-privada-de-jose-maria-hernandez-garnica\/#article","isPartOf":{"@id":"https:\/\/www.montalegre.org\/es\/2011\/06\/en-el-camino-de-la-devocion-privada-de-jose-maria-hernandez-garnica\/"},"author":{"name":"montalegre","@id":"https:\/\/www.montalegre.org\/es\/#\/schema\/person\/fa12d4cf3a3f1735a9176b4fafd6a633"},"headline":"En el camino de la devoci\u00f3n privada de Jos\u00e9 Mar\u00eda Hern\u00e1ndez Garnica","datePublished":"2011-06-25T12:02:05+00:00","dateModified":"2011-06-25T15:16:51+00:00","mainEntityOfPage":{"@id":"https:\/\/www.montalegre.org\/es\/2011\/06\/en-el-camino-de-la-devocion-privada-de-jose-maria-hernandez-garnica\/"},"wordCount":385,"commentCount":0,"image":{"@id":"https:\/\/www.montalegre.org\/es\/2011\/06\/en-el-camino-de-la-devocion-privada-de-jose-maria-hernandez-garnica\/#primaryimage"},"thumbnailUrl":"http:\/\/www.montalegre.org\/wp-content\/uploads\/2011\/06\/porloscaminosdeeuropa-126x150.jpg","articleSection":["Noticias de Montalegre"],"inLanguage":"es","potentialAction":[{"@type":"CommentAction","name":"Comment","target":["https:\/\/www.montalegre.org\/es\/2011\/06\/en-el-camino-de-la-devocion-privada-de-jose-maria-hernandez-garnica\/#respond"]}]},{"@type":"WebPage","@id":"https:\/\/www.montalegre.org\/es\/2011\/06\/en-el-camino-de-la-devocion-privada-de-jose-maria-hernandez-garnica\/","url":"https:\/\/www.montalegre.org\/es\/2011\/06\/en-el-camino-de-la-devocion-privada-de-jose-maria-hernandez-garnica\/","name":"En el camino de la devoci\u00f3n privada de Jos\u00e9 Mar\u00eda Hern\u00e1ndez Garnica - Montalegre","isPartOf":{"@id":"https:\/\/www.montalegre.org\/es\/#website"},"primaryImageOfPage":{"@id":"https:\/\/www.montalegre.org\/es\/2011\/06\/en-el-camino-de-la-devocion-privada-de-jose-maria-hernandez-garnica\/#primaryimage"},"image":{"@id":"https:\/\/www.montalegre.org\/es\/2011\/06\/en-el-camino-de-la-devocion-privada-de-jose-maria-hernandez-garnica\/#primaryimage"},"thumbnailUrl":"http:\/\/www.montalegre.org\/wp-content\/uploads\/2011\/06\/porloscaminosdeeuropa-126x150.jpg","datePublished":"2011-06-25T12:02:05+00:00","dateModified":"2011-06-25T15:16:51+00:00","author":{"@id":"https:\/\/www.montalegre.org\/es\/#\/schema\/person\/fa12d4cf3a3f1735a9176b4fafd6a633"},"breadcrumb":{"@id":"https:\/\/www.montalegre.org\/es\/2011\/06\/en-el-camino-de-la-devocion-privada-de-jose-maria-hernandez-garnica\/#breadcrumb"},"inLanguage":"es","potentialAction":[{"@type":"ReadAction","target":["https:\/\/www.montalegre.org\/es\/2011\/06\/en-el-camino-de-la-devocion-privada-de-jose-maria-hernandez-garnica\/"]}]},{"@type":"ImageObject","inLanguage":"es","@id":"https:\/\/www.montalegre.org\/es\/2011\/06\/en-el-camino-de-la-devocion-privada-de-jose-maria-hernandez-garnica\/#primaryimage","url":"http:\/\/www.montalegre.org\/wp-content\/uploads\/2011\/06\/porloscaminosdeeuropa-126x150.jpg","contentUrl":"http:\/\/www.montalegre.org\/wp-content\/uploads\/2011\/06\/porloscaminosdeeuropa-126x150.jpg"},{"@type":"BreadcrumbList","@id":"https:\/\/www.montalegre.org\/es\/2011\/06\/en-el-camino-de-la-devocion-privada-de-jose-maria-hernandez-garnica\/#breadcrumb","itemListElement":[{"@type":"ListItem","position":1,"name":"Portada","item":"https:\/\/www.montalegre.org\/es\/"},{"@type":"ListItem","position":2,"name":"En el camino de la devoci\u00f3n privada de Jos\u00e9 Mar\u00eda Hern\u00e1ndez Garnica"}]},{"@type":"WebSite","@id":"https:\/\/www.montalegre.org\/es\/#website","url":"https:\/\/www.montalegre.org\/es\/","name":"Montalegre","description":"","potentialAction":[{"@type":"SearchAction","target":{"@type":"EntryPoint","urlTemplate":"https:\/\/www.montalegre.org\/es\/?s={search_term_string}"},"query-input":{"@type":"PropertyValueSpecification","valueRequired":true,"valueName":"search_term_string"}}],"inLanguage":"es"},{"@type":"Person","@id":"https:\/\/www.montalegre.org\/es\/#\/schema\/person\/fa12d4cf3a3f1735a9176b4fafd6a633","name":"montalegre","image":{"@type":"ImageObject","inLanguage":"es","@id":"https:\/\/www.montalegre.org\/es\/#\/schema\/person\/image\/","url":"https:\/\/secure.gravatar.com\/avatar\/fe6d886cf5081e723c666dceda1f12d4f39070fa2ed4e79695edc3ca355c9b5a?s=96&d=mm&r=g","contentUrl":"https:\/\/secure.gravatar.com\/avatar\/fe6d886cf5081e723c666dceda1f12d4f39070fa2ed4e79695edc3ca355c9b5a?s=96&d=mm&r=g","caption":"montalegre"},"url":"https:\/\/www.montalegre.org\/es\/author\/montalegre\/"}]}},"_links":{"self":[{"href":"https:\/\/www.montalegre.org\/es\/wp-json\/wp\/v2\/posts\/3538","targetHints":{"allow":["GET"]}}],"collection":[{"href":"https:\/\/www.montalegre.org\/es\/wp-json\/wp\/v2\/posts"}],"about":[{"href":"https:\/\/www.montalegre.org\/es\/wp-json\/wp\/v2\/types\/post"}],"author":[{"embeddable":true,"href":"https:\/\/www.montalegre.org\/es\/wp-json\/wp\/v2\/users\/4"}],"replies":[{"embeddable":true,"href":"https:\/\/www.montalegre.org\/es\/wp-json\/wp\/v2\/comments?post=3538"}],"version-history":[{"count":7,"href":"https:\/\/www.montalegre.org\/es\/wp-json\/wp\/v2\/posts\/3538\/revisions"}],"predecessor-version":[{"id":3543,"href":"https:\/\/www.montalegre.org\/es\/wp-json\/wp\/v2\/posts\/3538\/revisions\/3543"}],"wp:attachment":[{"href":"https:\/\/www.montalegre.org\/es\/wp-json\/wp\/v2\/media?parent=3538"}],"wp:term":[{"taxonomy":"category","embeddable":true,"href":"https:\/\/www.montalegre.org\/es\/wp-json\/wp\/v2\/categories?post=3538"},{"taxonomy":"post_tag","embeddable":true,"href":"https:\/\/www.montalegre.org\/es\/wp-json\/wp\/v2\/tags?post=3538"}],"curies":[{"name":"wp","href":"https:\/\/api.w.org\/{rel}","templated":true}]}}