{"id":3509,"date":"2011-06-18T17:09:32","date_gmt":"2011-06-18T17:09:32","guid":{"rendered":"http:\/\/www.montalegre.org\/?p=3509"},"modified":"2011-06-18T17:09:32","modified_gmt":"2011-06-18T17:09:32","slug":"estamos-de-enhorabuena-en-montalegre","status":"publish","type":"post","link":"https:\/\/www.montalegre.org\/es\/2011\/06\/estamos-de-enhorabuena-en-montalegre\/","title":{"rendered":"Estamos de enhorabuena en Montalegre"},"content":{"rendered":"<div id=\"attachment_3506\" style=\"width: 310px\" class=\"wp-caption alignleft\"><a rel=\"attachment wp-att-3506\" href=\"http:\/\/www.montalegre.org\/2011\/06\/estem-d%e2%80%99enhorabona-a-montalegre\/olympus-digital-camera-3\/\"><img loading=\"lazy\" decoding=\"async\" aria-describedby=\"caption-attachment-3506\" class=\"size-medium wp-image-3506\" title=\"OLYMPUS DIGITAL CAMERA\" src=\"http:\/\/www.montalegre.org\/wp-content\/uploads\/2011\/06\/P6260517-300x222.jpg\" alt=\"\" width=\"300\" height=\"222\" \/><\/a><p id=\"caption-attachment-3506\" class=\"wp-caption-text\">Santa Maria de Montalegre<\/p><\/div>\n<p>El d\u00eda 15 de junio, acerc\u00e1ndose el fin de las actividades antes de las vacaciones de verano, se han celebrado una serie de aniversarios ciertamente entra\u00f1ables. Por un lado el rector de la iglesia Mn. Francesc Perarnau, hac\u00eda pocos d\u00edas que cumpl\u00eda 25 a\u00f1os de su ordenaci\u00f3n sacerdotal, y Mn. Juan Marc\u00e9 y el fiel colaborador de la Acci\u00f3n Social Jordi Campa\u00f1\u00e1 cumpl\u00edan este a\u00f1o 80 a\u00f1os de edad! Pero lo m\u00e1s importante es que ambos siguen en la brecha, tanto en la\u00a0 iglesia como en la acci\u00f3n social. Tambi\u00e9n, aunque no estaban presentes, celebr\u00e1bamos los cumplea\u00f1os de las ordenaciones sacerdotales de Mn. Manuel, 25 a\u00f1os, y del Mn. Juli\u00e1n, 50 a\u00f1os.<\/p>\n<p>Con estas referencias el rector iniciaba la Santa Misa: <strong><em>Todo hizo pensar que era bueno celebrarlo con una misa de acci\u00f3n de gracias con todas aquellas personas que habitualmente colaboran<\/em><\/strong>. Fue concelebrada con Mn. Marc\u00e9,\u00a0 y enton\u00f3 los cantos y condujo el \u00f3rgano el buen amigo de la Casa, Jos\u00e9 Masabeu.<\/p>\n<p>En la homil\u00eda, el rector dijo que era una tradici\u00f3n muy antigua celebrar las buenas cosechas, porque eso significaba no pasar hambre, y se hac\u00eda dando gracias a Dios. <strong><em>Aqu\u00ed Montalegre hemos recogido la cosecha, cerramos el curso y nos reunimos para dar gracias por todo lo que hemos hecho y hemos recibido<\/em><\/strong>. A continuaci\u00f3n fue repasando\u00a0 las actividades que se desarrollan en la pastoral de la iglesia y en \u00a0la acci\u00f3n social, expresando la gratitud a\u00a0 los colaboradores y colaboradoras, haciendo especial menci\u00f3n a los que por un motivo u otro no estaban presentes, colaboradores en tiempo y dedicaci\u00f3n as\u00ed como en donativos. Dio las gracias por el esfuerzo de todos ya que de todo ello se han beneficiado muchas personas, m\u00e1s all\u00e1 de las que conocemos. Adem\u00e1s, esta labor conlleva evangelizaci\u00f3n, y se hizo eco de las palabras de San Pablo: <strong><em>Ay! de m\u00ed si no anunciara el Evangelio <\/em><\/strong>&#8230; a\u00f1adiendo que <strong><em>La Eucarist\u00eda, que quiere decir Acci\u00f3n de Gracias, es la oraci\u00f3n cristiana por excelencia para dar gracias a Dios por todos los dones recibidos, y el mayor es la posibilidad de la vida e<\/em>terna.<\/strong><\/p>\n<p>Acabada la misa fuimos invitados a un piscolabis de verano, en la sala polivalente, donde pudimos intercambiar las experiencias del curso, y sobre todo conocernos entre nosotros ya que la diversidad de horarios y actividades nunca hace posible un encuentro fraterno como \u00e9ste.<\/p>\n<p>Isabel Hern\u00e1ndez Esteban<\/p>\n","protected":false},"excerpt":{"rendered":"<p>El d\u00eda 15 de junio, acerc\u00e1ndose el fin de las actividades antes de las vacaciones de verano, se han celebrado una serie de aniversarios ciertamente entra\u00f1ables. Por un lado el rector de la iglesia Mn. Francesc Perarnau, hac\u00eda pocos d\u00edas que cumpl\u00eda 25 a\u00f1os de su ordenaci\u00f3n sacerdotal, y Mn. Juan Marc\u00e9 y el fiel [&hellip;]<\/p>\n","protected":false},"author":4,"featured_media":0,"comment_status":"open","ping_status":"open","sticky":false,"template":"","format":"standard","meta":{"footnotes":""},"categories":[1],"tags":[],"class_list":["post-3509","post","type-post","status-publish","format-standard","hentry","category-noticias-de-montalegre"],"yoast_head":"<!-- This site is optimized with the Yoast SEO plugin v27.1.1 - https:\/\/yoast.com\/product\/yoast-seo-wordpress\/ -->\n<title>Estamos de enhorabuena en Montalegre - Montalegre<\/title>\n<meta name=\"robots\" content=\"index, follow, max-snippet:-1, max-image-preview:large, max-video-preview:-1\" \/>\n<link rel=\"canonical\" href=\"https:\/\/www.montalegre.org\/es\/2011\/06\/estamos-de-enhorabuena-en-montalegre\/\" \/>\n<meta property=\"og:locale\" content=\"es_ES\" \/>\n<meta property=\"og:type\" content=\"article\" \/>\n<meta property=\"og:title\" content=\"Estamos de enhorabuena en Montalegre - Montalegre\" \/>\n<meta property=\"og:description\" content=\"El d\u00eda 15 de junio, acerc\u00e1ndose el fin de las actividades antes de las vacaciones de verano, se han celebrado una serie de aniversarios ciertamente entra\u00f1ables. Por un lado el rector de la iglesia Mn. Francesc Perarnau, hac\u00eda pocos d\u00edas que cumpl\u00eda 25 a\u00f1os de su ordenaci\u00f3n sacerdotal, y Mn. Juan Marc\u00e9 y el fiel [&hellip;]\" \/>\n<meta property=\"og:url\" content=\"https:\/\/www.montalegre.org\/es\/2011\/06\/estamos-de-enhorabuena-en-montalegre\/\" \/>\n<meta property=\"og:site_name\" content=\"Montalegre\" \/>\n<meta property=\"article:published_time\" content=\"2011-06-18T17:09:32+00:00\" \/>\n<meta property=\"og:image\" content=\"http:\/\/www.montalegre.org\/wp-content\/uploads\/2011\/06\/P6260517-300x222.jpg\" \/>\n<meta name=\"author\" content=\"montalegre\" \/>\n<meta name=\"twitter:card\" content=\"summary_large_image\" \/>\n<meta name=\"twitter:label1\" content=\"Escrito por\" \/>\n\t<meta name=\"twitter:data1\" content=\"montalegre\" \/>\n\t<meta name=\"twitter:label2\" content=\"Tiempo de lectura\" \/>\n\t<meta name=\"twitter:data2\" content=\"2 minutos\" \/>\n<script type=\"application\/ld+json\" class=\"yoast-schema-graph\">{\"@context\":\"https:\/\/schema.org\",\"@graph\":[{\"@type\":\"Article\",\"@id\":\"https:\/\/www.montalegre.org\/es\/2011\/06\/estamos-de-enhorabuena-en-montalegre\/#article\",\"isPartOf\":{\"@id\":\"https:\/\/www.montalegre.org\/es\/2011\/06\/estamos-de-enhorabuena-en-montalegre\/\"},\"author\":{\"name\":\"montalegre\",\"@id\":\"https:\/\/www.montalegre.org\/es\/#\/schema\/person\/fa12d4cf3a3f1735a9176b4fafd6a633\"},\"headline\":\"Estamos de enhorabuena en Montalegre\",\"datePublished\":\"2011-06-18T17:09:32+00:00\",\"mainEntityOfPage\":{\"@id\":\"https:\/\/www.montalegre.org\/es\/2011\/06\/estamos-de-enhorabuena-en-montalegre\/\"},\"wordCount\":444,\"commentCount\":0,\"image\":{\"@id\":\"https:\/\/www.montalegre.org\/es\/2011\/06\/estamos-de-enhorabuena-en-montalegre\/#primaryimage\"},\"thumbnailUrl\":\"http:\/\/www.montalegre.org\/wp-content\/uploads\/2011\/06\/P6260517-300x222.jpg\",\"articleSection\":[\"Noticias de Montalegre\"],\"inLanguage\":\"es\",\"potentialAction\":[{\"@type\":\"CommentAction\",\"name\":\"Comment\",\"target\":[\"https:\/\/www.montalegre.org\/es\/2011\/06\/estamos-de-enhorabuena-en-montalegre\/#respond\"]}]},{\"@type\":\"WebPage\",\"@id\":\"https:\/\/www.montalegre.org\/es\/2011\/06\/estamos-de-enhorabuena-en-montalegre\/\",\"url\":\"https:\/\/www.montalegre.org\/es\/2011\/06\/estamos-de-enhorabuena-en-montalegre\/\",\"name\":\"Estamos de enhorabuena en Montalegre - Montalegre\",\"isPartOf\":{\"@id\":\"https:\/\/www.montalegre.org\/es\/#website\"},\"primaryImageOfPage\":{\"@id\":\"https:\/\/www.montalegre.org\/es\/2011\/06\/estamos-de-enhorabuena-en-montalegre\/#primaryimage\"},\"image\":{\"@id\":\"https:\/\/www.montalegre.org\/es\/2011\/06\/estamos-de-enhorabuena-en-montalegre\/#primaryimage\"},\"thumbnailUrl\":\"http:\/\/www.montalegre.org\/wp-content\/uploads\/2011\/06\/P6260517-300x222.jpg\",\"datePublished\":\"2011-06-18T17:09:32+00:00\",\"author\":{\"@id\":\"https:\/\/www.montalegre.org\/es\/#\/schema\/person\/fa12d4cf3a3f1735a9176b4fafd6a633\"},\"breadcrumb\":{\"@id\":\"https:\/\/www.montalegre.org\/es\/2011\/06\/estamos-de-enhorabuena-en-montalegre\/#breadcrumb\"},\"inLanguage\":\"es\",\"potentialAction\":[{\"@type\":\"ReadAction\",\"target\":[\"https:\/\/www.montalegre.org\/es\/2011\/06\/estamos-de-enhorabuena-en-montalegre\/\"]}]},{\"@type\":\"ImageObject\",\"inLanguage\":\"es\",\"@id\":\"https:\/\/www.montalegre.org\/es\/2011\/06\/estamos-de-enhorabuena-en-montalegre\/#primaryimage\",\"url\":\"http:\/\/www.montalegre.org\/wp-content\/uploads\/2011\/06\/P6260517-300x222.jpg\",\"contentUrl\":\"http:\/\/www.montalegre.org\/wp-content\/uploads\/2011\/06\/P6260517-300x222.jpg\"},{\"@type\":\"BreadcrumbList\",\"@id\":\"https:\/\/www.montalegre.org\/es\/2011\/06\/estamos-de-enhorabuena-en-montalegre\/#breadcrumb\",\"itemListElement\":[{\"@type\":\"ListItem\",\"position\":1,\"name\":\"Portada\",\"item\":\"https:\/\/www.montalegre.org\/es\/\"},{\"@type\":\"ListItem\",\"position\":2,\"name\":\"Estamos de enhorabuena en Montalegre\"}]},{\"@type\":\"WebSite\",\"@id\":\"https:\/\/www.montalegre.org\/es\/#website\",\"url\":\"https:\/\/www.montalegre.org\/es\/\",\"name\":\"Montalegre\",\"description\":\"\",\"potentialAction\":[{\"@type\":\"SearchAction\",\"target\":{\"@type\":\"EntryPoint\",\"urlTemplate\":\"https:\/\/www.montalegre.org\/es\/?s={search_term_string}\"},\"query-input\":{\"@type\":\"PropertyValueSpecification\",\"valueRequired\":true,\"valueName\":\"search_term_string\"}}],\"inLanguage\":\"es\"},{\"@type\":\"Person\",\"@id\":\"https:\/\/www.montalegre.org\/es\/#\/schema\/person\/fa12d4cf3a3f1735a9176b4fafd6a633\",\"name\":\"montalegre\",\"image\":{\"@type\":\"ImageObject\",\"inLanguage\":\"es\",\"@id\":\"https:\/\/www.montalegre.org\/es\/#\/schema\/person\/image\/\",\"url\":\"https:\/\/secure.gravatar.com\/avatar\/fe6d886cf5081e723c666dceda1f12d4f39070fa2ed4e79695edc3ca355c9b5a?s=96&d=mm&r=g\",\"contentUrl\":\"https:\/\/secure.gravatar.com\/avatar\/fe6d886cf5081e723c666dceda1f12d4f39070fa2ed4e79695edc3ca355c9b5a?s=96&d=mm&r=g\",\"caption\":\"montalegre\"},\"url\":\"https:\/\/www.montalegre.org\/es\/author\/montalegre\/\"}]}<\/script>\n<!-- \/ Yoast SEO plugin. -->","yoast_head_json":{"title":"Estamos de enhorabuena en Montalegre - Montalegre","robots":{"index":"index","follow":"follow","max-snippet":"max-snippet:-1","max-image-preview":"max-image-preview:large","max-video-preview":"max-video-preview:-1"},"canonical":"https:\/\/www.montalegre.org\/es\/2011\/06\/estamos-de-enhorabuena-en-montalegre\/","og_locale":"es_ES","og_type":"article","og_title":"Estamos de enhorabuena en Montalegre - Montalegre","og_description":"El d\u00eda 15 de junio, acerc\u00e1ndose el fin de las actividades antes de las vacaciones de verano, se han celebrado una serie de aniversarios ciertamente entra\u00f1ables. Por un lado el rector de la iglesia Mn. Francesc Perarnau, hac\u00eda pocos d\u00edas que cumpl\u00eda 25 a\u00f1os de su ordenaci\u00f3n sacerdotal, y Mn. Juan Marc\u00e9 y el fiel [&hellip;]","og_url":"https:\/\/www.montalegre.org\/es\/2011\/06\/estamos-de-enhorabuena-en-montalegre\/","og_site_name":"Montalegre","article_published_time":"2011-06-18T17:09:32+00:00","og_image":[{"url":"http:\/\/www.montalegre.org\/wp-content\/uploads\/2011\/06\/P6260517-300x222.jpg","type":"","width":"","height":""}],"author":"montalegre","twitter_card":"summary_large_image","twitter_misc":{"Escrito por":"montalegre","Tiempo de lectura":"2 minutos"},"schema":{"@context":"https:\/\/schema.org","@graph":[{"@type":"Article","@id":"https:\/\/www.montalegre.org\/es\/2011\/06\/estamos-de-enhorabuena-en-montalegre\/#article","isPartOf":{"@id":"https:\/\/www.montalegre.org\/es\/2011\/06\/estamos-de-enhorabuena-en-montalegre\/"},"author":{"name":"montalegre","@id":"https:\/\/www.montalegre.org\/es\/#\/schema\/person\/fa12d4cf3a3f1735a9176b4fafd6a633"},"headline":"Estamos de enhorabuena en Montalegre","datePublished":"2011-06-18T17:09:32+00:00","mainEntityOfPage":{"@id":"https:\/\/www.montalegre.org\/es\/2011\/06\/estamos-de-enhorabuena-en-montalegre\/"},"wordCount":444,"commentCount":0,"image":{"@id":"https:\/\/www.montalegre.org\/es\/2011\/06\/estamos-de-enhorabuena-en-montalegre\/#primaryimage"},"thumbnailUrl":"http:\/\/www.montalegre.org\/wp-content\/uploads\/2011\/06\/P6260517-300x222.jpg","articleSection":["Noticias de Montalegre"],"inLanguage":"es","potentialAction":[{"@type":"CommentAction","name":"Comment","target":["https:\/\/www.montalegre.org\/es\/2011\/06\/estamos-de-enhorabuena-en-montalegre\/#respond"]}]},{"@type":"WebPage","@id":"https:\/\/www.montalegre.org\/es\/2011\/06\/estamos-de-enhorabuena-en-montalegre\/","url":"https:\/\/www.montalegre.org\/es\/2011\/06\/estamos-de-enhorabuena-en-montalegre\/","name":"Estamos de enhorabuena en Montalegre - Montalegre","isPartOf":{"@id":"https:\/\/www.montalegre.org\/es\/#website"},"primaryImageOfPage":{"@id":"https:\/\/www.montalegre.org\/es\/2011\/06\/estamos-de-enhorabuena-en-montalegre\/#primaryimage"},"image":{"@id":"https:\/\/www.montalegre.org\/es\/2011\/06\/estamos-de-enhorabuena-en-montalegre\/#primaryimage"},"thumbnailUrl":"http:\/\/www.montalegre.org\/wp-content\/uploads\/2011\/06\/P6260517-300x222.jpg","datePublished":"2011-06-18T17:09:32+00:00","author":{"@id":"https:\/\/www.montalegre.org\/es\/#\/schema\/person\/fa12d4cf3a3f1735a9176b4fafd6a633"},"breadcrumb":{"@id":"https:\/\/www.montalegre.org\/es\/2011\/06\/estamos-de-enhorabuena-en-montalegre\/#breadcrumb"},"inLanguage":"es","potentialAction":[{"@type":"ReadAction","target":["https:\/\/www.montalegre.org\/es\/2011\/06\/estamos-de-enhorabuena-en-montalegre\/"]}]},{"@type":"ImageObject","inLanguage":"es","@id":"https:\/\/www.montalegre.org\/es\/2011\/06\/estamos-de-enhorabuena-en-montalegre\/#primaryimage","url":"http:\/\/www.montalegre.org\/wp-content\/uploads\/2011\/06\/P6260517-300x222.jpg","contentUrl":"http:\/\/www.montalegre.org\/wp-content\/uploads\/2011\/06\/P6260517-300x222.jpg"},{"@type":"BreadcrumbList","@id":"https:\/\/www.montalegre.org\/es\/2011\/06\/estamos-de-enhorabuena-en-montalegre\/#breadcrumb","itemListElement":[{"@type":"ListItem","position":1,"name":"Portada","item":"https:\/\/www.montalegre.org\/es\/"},{"@type":"ListItem","position":2,"name":"Estamos de enhorabuena en Montalegre"}]},{"@type":"WebSite","@id":"https:\/\/www.montalegre.org\/es\/#website","url":"https:\/\/www.montalegre.org\/es\/","name":"Montalegre","description":"","potentialAction":[{"@type":"SearchAction","target":{"@type":"EntryPoint","urlTemplate":"https:\/\/www.montalegre.org\/es\/?s={search_term_string}"},"query-input":{"@type":"PropertyValueSpecification","valueRequired":true,"valueName":"search_term_string"}}],"inLanguage":"es"},{"@type":"Person","@id":"https:\/\/www.montalegre.org\/es\/#\/schema\/person\/fa12d4cf3a3f1735a9176b4fafd6a633","name":"montalegre","image":{"@type":"ImageObject","inLanguage":"es","@id":"https:\/\/www.montalegre.org\/es\/#\/schema\/person\/image\/","url":"https:\/\/secure.gravatar.com\/avatar\/fe6d886cf5081e723c666dceda1f12d4f39070fa2ed4e79695edc3ca355c9b5a?s=96&d=mm&r=g","contentUrl":"https:\/\/secure.gravatar.com\/avatar\/fe6d886cf5081e723c666dceda1f12d4f39070fa2ed4e79695edc3ca355c9b5a?s=96&d=mm&r=g","caption":"montalegre"},"url":"https:\/\/www.montalegre.org\/es\/author\/montalegre\/"}]}},"_links":{"self":[{"href":"https:\/\/www.montalegre.org\/es\/wp-json\/wp\/v2\/posts\/3509","targetHints":{"allow":["GET"]}}],"collection":[{"href":"https:\/\/www.montalegre.org\/es\/wp-json\/wp\/v2\/posts"}],"about":[{"href":"https:\/\/www.montalegre.org\/es\/wp-json\/wp\/v2\/types\/post"}],"author":[{"embeddable":true,"href":"https:\/\/www.montalegre.org\/es\/wp-json\/wp\/v2\/users\/4"}],"replies":[{"embeddable":true,"href":"https:\/\/www.montalegre.org\/es\/wp-json\/wp\/v2\/comments?post=3509"}],"version-history":[{"count":2,"href":"https:\/\/www.montalegre.org\/es\/wp-json\/wp\/v2\/posts\/3509\/revisions"}],"predecessor-version":[{"id":3511,"href":"https:\/\/www.montalegre.org\/es\/wp-json\/wp\/v2\/posts\/3509\/revisions\/3511"}],"wp:attachment":[{"href":"https:\/\/www.montalegre.org\/es\/wp-json\/wp\/v2\/media?parent=3509"}],"wp:term":[{"taxonomy":"category","embeddable":true,"href":"https:\/\/www.montalegre.org\/es\/wp-json\/wp\/v2\/categories?post=3509"},{"taxonomy":"post_tag","embeddable":true,"href":"https:\/\/www.montalegre.org\/es\/wp-json\/wp\/v2\/tags?post=3509"}],"curies":[{"name":"wp","href":"https:\/\/api.w.org\/{rel}","templated":true}]}}