{"id":3484,"date":"2011-06-11T17:08:11","date_gmt":"2011-06-11T17:08:11","guid":{"rendered":"http:\/\/www.montalegre.org\/?p=3484"},"modified":"2011-06-16T13:57:38","modified_gmt":"2011-06-16T13:57:38","slug":"misa-de-san-josemaria","status":"publish","type":"post","link":"https:\/\/www.montalegre.org\/es\/2011\/06\/misa-de-san-josemaria\/","title":{"rendered":"Misas de San Josemar\u00eda"},"content":{"rendered":"<p>Lunes, 27 de junio de 2011<\/p>\n<p>A las 20:00 h el Sr. Cardenal Arzobispo, Dr. Llu\u00eds Mart\u00ednez Sistach, presidir\u00e1 la celebraci\u00f3n de la eucarist\u00eda en honor de san Josemar\u00eda Escriv\u00e1 de Balaguer en la S.E. Catedral de Barcelona (Pla de la Seu, s\/n) con motivo de la festividad del santo (26-VI).<\/p>\n<p>En \u00a0Montalegre se celebrar\u00e1 una misa sencilla en su honor, el mismo d\u00eda 27 \u00a0a las 19 h.<\/p>\n<div>\n<p>Dilluns, 27 de juny de 2011<\/p>\n<p>A les 20:00 h el Sr. Cardenal Arquebisbe, Dr. Llu\u00eds Mart\u00ednez Sistach, presidir\u00e0 la celebraci\u00f3 de l\u2019Eucaristia en honor de sant Josepmaria Escriv\u00e0 de Balaguer a la S.E. Catedral de Barcelona (Pla de la Seu, s\/n), amb motiu de la festivitat del sant (26-VI).<\/p>\n<p>A Montalegre es celebrar\u00e0 una missa senzilla en el seu honor, el mateix dia 27 a les 19 h.<\/p>\n<\/div>\n","protected":false},"excerpt":{"rendered":"<p>Lunes, 27 de junio de 2011 A las 20:00 h el Sr. Cardenal Arzobispo, Dr. Llu\u00eds Mart\u00ednez Sistach, presidir\u00e1 la celebraci\u00f3n de la eucarist\u00eda en honor de san Josemar\u00eda Escriv\u00e1 de Balaguer en la S.E. Catedral de Barcelona (Pla de la Seu, s\/n) con motivo de la festividad del santo (26-VI). En \u00a0Montalegre se celebrar\u00e1 [&hellip;]<\/p>\n","protected":false},"author":4,"featured_media":0,"comment_status":"open","ping_status":"open","sticky":false,"template":"","format":"standard","meta":{"footnotes":""},"categories":[7],"tags":[],"class_list":["post-3484","post","type-post","status-publish","format-standard","hentry","category-agenda"],"yoast_head":"<!-- This site is optimized with the Yoast SEO plugin v27.1.1 - https:\/\/yoast.com\/product\/yoast-seo-wordpress\/ -->\n<title>Misas de San Josemar\u00eda - Montalegre<\/title>\n<meta name=\"robots\" content=\"index, follow, max-snippet:-1, max-image-preview:large, max-video-preview:-1\" \/>\n<link rel=\"canonical\" href=\"https:\/\/www.montalegre.org\/es\/2011\/06\/misa-de-san-josemaria\/\" \/>\n<meta property=\"og:locale\" content=\"es_ES\" \/>\n<meta property=\"og:type\" content=\"article\" \/>\n<meta property=\"og:title\" content=\"Misas de San Josemar\u00eda - Montalegre\" \/>\n<meta property=\"og:description\" content=\"Lunes, 27 de junio de 2011 A las 20:00 h el Sr. Cardenal Arzobispo, Dr. Llu\u00eds Mart\u00ednez Sistach, presidir\u00e1 la celebraci\u00f3n de la eucarist\u00eda en honor de san Josemar\u00eda Escriv\u00e1 de Balaguer en la S.E. Catedral de Barcelona (Pla de la Seu, s\/n) con motivo de la festividad del santo (26-VI). En \u00a0Montalegre se celebrar\u00e1 [&hellip;]\" \/>\n<meta property=\"og:url\" content=\"https:\/\/www.montalegre.org\/es\/2011\/06\/misa-de-san-josemaria\/\" \/>\n<meta property=\"og:site_name\" content=\"Montalegre\" \/>\n<meta property=\"article:published_time\" content=\"2011-06-11T17:08:11+00:00\" \/>\n<meta property=\"article:modified_time\" content=\"2011-06-16T13:57:38+00:00\" \/>\n<meta name=\"author\" content=\"montalegre\" \/>\n<meta name=\"twitter:card\" content=\"summary_large_image\" \/>\n<meta name=\"twitter:label1\" content=\"Escrito por\" \/>\n\t<meta name=\"twitter:data1\" content=\"montalegre\" \/>\n\t<meta name=\"twitter:label2\" content=\"Tiempo de lectura\" \/>\n\t<meta name=\"twitter:data2\" content=\"1 minuto\" \/>\n<script type=\"application\/ld+json\" class=\"yoast-schema-graph\">{\"@context\":\"https:\/\/schema.org\",\"@graph\":[{\"@type\":\"Article\",\"@id\":\"https:\/\/www.montalegre.org\/es\/2011\/06\/misa-de-san-josemaria\/#article\",\"isPartOf\":{\"@id\":\"https:\/\/www.montalegre.org\/es\/2011\/06\/misa-de-san-josemaria\/\"},\"author\":{\"name\":\"montalegre\",\"@id\":\"https:\/\/www.montalegre.org\/es\/#\/schema\/person\/fa12d4cf3a3f1735a9176b4fafd6a633\"},\"headline\":\"Misas de San Josemar\u00eda\",\"datePublished\":\"2011-06-11T17:08:11+00:00\",\"dateModified\":\"2011-06-16T13:57:38+00:00\",\"mainEntityOfPage\":{\"@id\":\"https:\/\/www.montalegre.org\/es\/2011\/06\/misa-de-san-josemaria\/\"},\"wordCount\":146,\"commentCount\":0,\"articleSection\":[\"Agenda\"],\"inLanguage\":\"es\",\"potentialAction\":[{\"@type\":\"CommentAction\",\"name\":\"Comment\",\"target\":[\"https:\/\/www.montalegre.org\/es\/2011\/06\/misa-de-san-josemaria\/#respond\"]}]},{\"@type\":\"WebPage\",\"@id\":\"https:\/\/www.montalegre.org\/es\/2011\/06\/misa-de-san-josemaria\/\",\"url\":\"https:\/\/www.montalegre.org\/es\/2011\/06\/misa-de-san-josemaria\/\",\"name\":\"Misas de San Josemar\u00eda - Montalegre\",\"isPartOf\":{\"@id\":\"https:\/\/www.montalegre.org\/es\/#website\"},\"datePublished\":\"2011-06-11T17:08:11+00:00\",\"dateModified\":\"2011-06-16T13:57:38+00:00\",\"author\":{\"@id\":\"https:\/\/www.montalegre.org\/es\/#\/schema\/person\/fa12d4cf3a3f1735a9176b4fafd6a633\"},\"breadcrumb\":{\"@id\":\"https:\/\/www.montalegre.org\/es\/2011\/06\/misa-de-san-josemaria\/#breadcrumb\"},\"inLanguage\":\"es\",\"potentialAction\":[{\"@type\":\"ReadAction\",\"target\":[\"https:\/\/www.montalegre.org\/es\/2011\/06\/misa-de-san-josemaria\/\"]}]},{\"@type\":\"BreadcrumbList\",\"@id\":\"https:\/\/www.montalegre.org\/es\/2011\/06\/misa-de-san-josemaria\/#breadcrumb\",\"itemListElement\":[{\"@type\":\"ListItem\",\"position\":1,\"name\":\"Portada\",\"item\":\"https:\/\/www.montalegre.org\/es\/\"},{\"@type\":\"ListItem\",\"position\":2,\"name\":\"Misas de San Josemar\u00eda\"}]},{\"@type\":\"WebSite\",\"@id\":\"https:\/\/www.montalegre.org\/es\/#website\",\"url\":\"https:\/\/www.montalegre.org\/es\/\",\"name\":\"Montalegre\",\"description\":\"\",\"potentialAction\":[{\"@type\":\"SearchAction\",\"target\":{\"@type\":\"EntryPoint\",\"urlTemplate\":\"https:\/\/www.montalegre.org\/es\/?s={search_term_string}\"},\"query-input\":{\"@type\":\"PropertyValueSpecification\",\"valueRequired\":true,\"valueName\":\"search_term_string\"}}],\"inLanguage\":\"es\"},{\"@type\":\"Person\",\"@id\":\"https:\/\/www.montalegre.org\/es\/#\/schema\/person\/fa12d4cf3a3f1735a9176b4fafd6a633\",\"name\":\"montalegre\",\"image\":{\"@type\":\"ImageObject\",\"inLanguage\":\"es\",\"@id\":\"https:\/\/www.montalegre.org\/es\/#\/schema\/person\/image\/\",\"url\":\"https:\/\/secure.gravatar.com\/avatar\/fe6d886cf5081e723c666dceda1f12d4f39070fa2ed4e79695edc3ca355c9b5a?s=96&d=mm&r=g\",\"contentUrl\":\"https:\/\/secure.gravatar.com\/avatar\/fe6d886cf5081e723c666dceda1f12d4f39070fa2ed4e79695edc3ca355c9b5a?s=96&d=mm&r=g\",\"caption\":\"montalegre\"},\"url\":\"https:\/\/www.montalegre.org\/es\/author\/montalegre\/\"}]}<\/script>\n<!-- \/ Yoast SEO plugin. -->","yoast_head_json":{"title":"Misas de San Josemar\u00eda - Montalegre","robots":{"index":"index","follow":"follow","max-snippet":"max-snippet:-1","max-image-preview":"max-image-preview:large","max-video-preview":"max-video-preview:-1"},"canonical":"https:\/\/www.montalegre.org\/es\/2011\/06\/misa-de-san-josemaria\/","og_locale":"es_ES","og_type":"article","og_title":"Misas de San Josemar\u00eda - Montalegre","og_description":"Lunes, 27 de junio de 2011 A las 20:00 h el Sr. Cardenal Arzobispo, Dr. Llu\u00eds Mart\u00ednez Sistach, presidir\u00e1 la celebraci\u00f3n de la eucarist\u00eda en honor de san Josemar\u00eda Escriv\u00e1 de Balaguer en la S.E. Catedral de Barcelona (Pla de la Seu, s\/n) con motivo de la festividad del santo (26-VI). En \u00a0Montalegre se celebrar\u00e1 [&hellip;]","og_url":"https:\/\/www.montalegre.org\/es\/2011\/06\/misa-de-san-josemaria\/","og_site_name":"Montalegre","article_published_time":"2011-06-11T17:08:11+00:00","article_modified_time":"2011-06-16T13:57:38+00:00","author":"montalegre","twitter_card":"summary_large_image","twitter_misc":{"Escrito por":"montalegre","Tiempo de lectura":"1 minuto"},"schema":{"@context":"https:\/\/schema.org","@graph":[{"@type":"Article","@id":"https:\/\/www.montalegre.org\/es\/2011\/06\/misa-de-san-josemaria\/#article","isPartOf":{"@id":"https:\/\/www.montalegre.org\/es\/2011\/06\/misa-de-san-josemaria\/"},"author":{"name":"montalegre","@id":"https:\/\/www.montalegre.org\/es\/#\/schema\/person\/fa12d4cf3a3f1735a9176b4fafd6a633"},"headline":"Misas de San Josemar\u00eda","datePublished":"2011-06-11T17:08:11+00:00","dateModified":"2011-06-16T13:57:38+00:00","mainEntityOfPage":{"@id":"https:\/\/www.montalegre.org\/es\/2011\/06\/misa-de-san-josemaria\/"},"wordCount":146,"commentCount":0,"articleSection":["Agenda"],"inLanguage":"es","potentialAction":[{"@type":"CommentAction","name":"Comment","target":["https:\/\/www.montalegre.org\/es\/2011\/06\/misa-de-san-josemaria\/#respond"]}]},{"@type":"WebPage","@id":"https:\/\/www.montalegre.org\/es\/2011\/06\/misa-de-san-josemaria\/","url":"https:\/\/www.montalegre.org\/es\/2011\/06\/misa-de-san-josemaria\/","name":"Misas de San Josemar\u00eda - Montalegre","isPartOf":{"@id":"https:\/\/www.montalegre.org\/es\/#website"},"datePublished":"2011-06-11T17:08:11+00:00","dateModified":"2011-06-16T13:57:38+00:00","author":{"@id":"https:\/\/www.montalegre.org\/es\/#\/schema\/person\/fa12d4cf3a3f1735a9176b4fafd6a633"},"breadcrumb":{"@id":"https:\/\/www.montalegre.org\/es\/2011\/06\/misa-de-san-josemaria\/#breadcrumb"},"inLanguage":"es","potentialAction":[{"@type":"ReadAction","target":["https:\/\/www.montalegre.org\/es\/2011\/06\/misa-de-san-josemaria\/"]}]},{"@type":"BreadcrumbList","@id":"https:\/\/www.montalegre.org\/es\/2011\/06\/misa-de-san-josemaria\/#breadcrumb","itemListElement":[{"@type":"ListItem","position":1,"name":"Portada","item":"https:\/\/www.montalegre.org\/es\/"},{"@type":"ListItem","position":2,"name":"Misas de San Josemar\u00eda"}]},{"@type":"WebSite","@id":"https:\/\/www.montalegre.org\/es\/#website","url":"https:\/\/www.montalegre.org\/es\/","name":"Montalegre","description":"","potentialAction":[{"@type":"SearchAction","target":{"@type":"EntryPoint","urlTemplate":"https:\/\/www.montalegre.org\/es\/?s={search_term_string}"},"query-input":{"@type":"PropertyValueSpecification","valueRequired":true,"valueName":"search_term_string"}}],"inLanguage":"es"},{"@type":"Person","@id":"https:\/\/www.montalegre.org\/es\/#\/schema\/person\/fa12d4cf3a3f1735a9176b4fafd6a633","name":"montalegre","image":{"@type":"ImageObject","inLanguage":"es","@id":"https:\/\/www.montalegre.org\/es\/#\/schema\/person\/image\/","url":"https:\/\/secure.gravatar.com\/avatar\/fe6d886cf5081e723c666dceda1f12d4f39070fa2ed4e79695edc3ca355c9b5a?s=96&d=mm&r=g","contentUrl":"https:\/\/secure.gravatar.com\/avatar\/fe6d886cf5081e723c666dceda1f12d4f39070fa2ed4e79695edc3ca355c9b5a?s=96&d=mm&r=g","caption":"montalegre"},"url":"https:\/\/www.montalegre.org\/es\/author\/montalegre\/"}]}},"_links":{"self":[{"href":"https:\/\/www.montalegre.org\/es\/wp-json\/wp\/v2\/posts\/3484","targetHints":{"allow":["GET"]}}],"collection":[{"href":"https:\/\/www.montalegre.org\/es\/wp-json\/wp\/v2\/posts"}],"about":[{"href":"https:\/\/www.montalegre.org\/es\/wp-json\/wp\/v2\/types\/post"}],"author":[{"embeddable":true,"href":"https:\/\/www.montalegre.org\/es\/wp-json\/wp\/v2\/users\/4"}],"replies":[{"embeddable":true,"href":"https:\/\/www.montalegre.org\/es\/wp-json\/wp\/v2\/comments?post=3484"}],"version-history":[{"count":9,"href":"https:\/\/www.montalegre.org\/es\/wp-json\/wp\/v2\/posts\/3484\/revisions"}],"predecessor-version":[{"id":3488,"href":"https:\/\/www.montalegre.org\/es\/wp-json\/wp\/v2\/posts\/3484\/revisions\/3488"}],"wp:attachment":[{"href":"https:\/\/www.montalegre.org\/es\/wp-json\/wp\/v2\/media?parent=3484"}],"wp:term":[{"taxonomy":"category","embeddable":true,"href":"https:\/\/www.montalegre.org\/es\/wp-json\/wp\/v2\/categories?post=3484"},{"taxonomy":"post_tag","embeddable":true,"href":"https:\/\/www.montalegre.org\/es\/wp-json\/wp\/v2\/tags?post=3484"}],"curies":[{"name":"wp","href":"https:\/\/api.w.org\/{rel}","templated":true}]}}