{"id":3422,"date":"2011-05-31T20:58:40","date_gmt":"2011-05-31T20:58:40","guid":{"rendered":"http:\/\/www.montalegre.org\/?p=3422"},"modified":"2011-05-31T21:01:11","modified_gmt":"2011-05-31T21:01:11","slug":"peregrinaciones","status":"publish","type":"post","link":"https:\/\/www.montalegre.org\/es\/2011\/05\/peregrinaciones\/","title":{"rendered":"Peregrinaciones"},"content":{"rendered":"<div id=\"attachment_3419\" style=\"width: 310px\" class=\"wp-caption alignleft\"><a rel=\"attachment wp-att-3419\" href=\"http:\/\/www.montalegre.org\/2011\/05\/pelegrinatges\/dsc01582\/\"><img loading=\"lazy\" decoding=\"async\" aria-describedby=\"caption-attachment-3419\" class=\"size-medium wp-image-3419\" title=\"DSC01582\" src=\"http:\/\/www.montalegre.org\/wp-content\/uploads\/2011\/05\/DSC01582-300x225.jpg\" alt=\"\" width=\"300\" height=\"225\" \/><\/a><p id=\"caption-attachment-3419\" class=\"wp-caption-text\">Esgl\u00e9sia del Naixement a Betlem<\/p><\/div>\n<p>Como en muchas iglesias tambi\u00e9n en Montalegre se celebran peregrinaciones anuales a algunos lugares especialmente significativos. Feligreses y amigos han podido visitar y rezar en distintos lugares. Algunos muy cercanos o relativamente cercanos, como pueden ser Montserrat o el santuario de Torreciudad; otras veces m\u00e1s lejanos, como Lourdes o F\u00e1tima. Pero especial significaci\u00f3n ha tenido para todos los participantes la Peregrinaci\u00f3n a Tierra Santa que se desarroll\u00f3 de los d\u00edas 17 al 24 del pasado mes de Mayo y del que queda constancia en algunos art\u00edculos en esta web.<\/p>\n<p>Realmente tener la ocasi\u00f3n de visitar la Tierra Santa, la tierra de Jes\u00fas, aquellos lugares donde \u00c9l naci\u00f3 vivi\u00f3, ense\u00f1\u00f3 y acab\u00f3 muriendo en la Cruz para resucitar definitivamente, es un gran don de Dios.<\/p>\n<p>Pienso que solamente las personas que han tenido la suerte de poder estar all\u00ed pueden comprender por que motivo se habla de la visita a esas tierras como del quinto Evangelio. En algunos lugares es como si no hubieran pasado los siglos, y se perciben aquellos contornos tal como los vio Jes\u00fas. Destaca especialmente en este sentido toda la visita a los distintos lugares de Galilea, muy especialmente el Mar de Genesareth y su entorno, donde se desarroll\u00f3 gran parte de su ministerio p\u00fablico. Aquellas aguas, aquellos montes, aquellas orillas y pueblos\u2026todo es tan parecido a como era entonces que, sin querer, la imaginaci\u00f3n se va a la \u00e9poca de Jes\u00fas y all\u00ed se pueden revivir con mucha facilidad los pasajes evang\u00e9licos. Se hace posible poner en pr\u00e1ctica aquel consejo expresado por San Josemar\u00eda en un punto de Forja:<\/p>\n<p><em>\u00a1Vive junto a Cristo!: debes ser, en el Evangelio, un personaje m\u00e1s, conviviendo con Pedro, con Juan, con Andr\u00e9s&#8230;, porque Cristo tambi\u00e9n vive ahora: &#8220;Iesus Christus, heri et hodie, ipse et in saecula!&#8221; -\u00a1Jesucristo vive!, hoy como ayer: es el mismo, por los siglos de los siglos (Forja 8).<\/em><\/p>\n<p>Celebrar o asistir a la Santa Misa en lugares como la casa de Mar\u00eda en Nazareth, el Monte de las Bienaventuranzas, la gruta de Bel\u00e9n, el Monte Tabor y el Calvario\u2026 es un aut\u00e9ntico privilegio, un don del que no nos cansaremos nunca de dar gracias a Dios. Los peregrinos somos conscientes de que hemos participado de una gracia muy especial de Dios. Realmente se puede decir que era cierto aquello que nos comentaba antes de salit alguien que estuvo en aquellos lugares: ya ver\u00e9is, hay un antes y un despu\u00e9s de la visita a Tierra Santa y cuando regres\u00e9is a casa os quedar\u00e1 un recuerdo maravilloso y un deseo grande de volver a aquellos lugares.<\/p>\n<p>Mn Francesc Perarnau<\/p>\n","protected":false},"excerpt":{"rendered":"<p>Como en muchas iglesias tambi\u00e9n en Montalegre se celebran peregrinaciones anuales a algunos lugares especialmente significativos. Feligreses y amigos han podido visitar y rezar en distintos lugares. Algunos muy cercanos o relativamente cercanos, como pueden ser Montserrat o el santuario de Torreciudad; otras veces m\u00e1s lejanos, como Lourdes o F\u00e1tima. Pero especial significaci\u00f3n ha tenido [&hellip;]<\/p>\n","protected":false},"author":4,"featured_media":0,"comment_status":"open","ping_status":"open","sticky":false,"template":"","format":"standard","meta":{"footnotes":""},"categories":[52],"tags":[],"class_list":["post-3422","post","type-post","status-publish","format-standard","hentry","category-editorial"],"yoast_head":"<!-- This site is optimized with the Yoast SEO plugin v27.1.1 - https:\/\/yoast.com\/product\/yoast-seo-wordpress\/ -->\n<title>Peregrinaciones - Montalegre<\/title>\n<meta name=\"robots\" content=\"index, follow, max-snippet:-1, max-image-preview:large, max-video-preview:-1\" \/>\n<link rel=\"canonical\" href=\"https:\/\/www.montalegre.org\/es\/2011\/05\/peregrinaciones\/\" \/>\n<meta property=\"og:locale\" content=\"es_ES\" \/>\n<meta property=\"og:type\" content=\"article\" \/>\n<meta property=\"og:title\" content=\"Peregrinaciones - Montalegre\" \/>\n<meta property=\"og:description\" content=\"Como en muchas iglesias tambi\u00e9n en Montalegre se celebran peregrinaciones anuales a algunos lugares especialmente significativos. Feligreses y amigos han podido visitar y rezar en distintos lugares. Algunos muy cercanos o relativamente cercanos, como pueden ser Montserrat o el santuario de Torreciudad; otras veces m\u00e1s lejanos, como Lourdes o F\u00e1tima. Pero especial significaci\u00f3n ha tenido [&hellip;]\" \/>\n<meta property=\"og:url\" content=\"https:\/\/www.montalegre.org\/es\/2011\/05\/peregrinaciones\/\" \/>\n<meta property=\"og:site_name\" content=\"Montalegre\" \/>\n<meta property=\"article:published_time\" content=\"2011-05-31T20:58:40+00:00\" \/>\n<meta property=\"article:modified_time\" content=\"2011-05-31T21:01:11+00:00\" \/>\n<meta property=\"og:image\" content=\"http:\/\/www.montalegre.org\/wp-content\/uploads\/2011\/05\/DSC01582-300x225.jpg\" \/>\n<meta name=\"author\" content=\"montalegre\" \/>\n<meta name=\"twitter:card\" content=\"summary_large_image\" \/>\n<meta name=\"twitter:label1\" content=\"Escrito por\" \/>\n\t<meta name=\"twitter:data1\" content=\"montalegre\" \/>\n\t<meta name=\"twitter:label2\" content=\"Tiempo de lectura\" \/>\n\t<meta name=\"twitter:data2\" content=\"2 minutos\" \/>\n<script type=\"application\/ld+json\" class=\"yoast-schema-graph\">{\"@context\":\"https:\/\/schema.org\",\"@graph\":[{\"@type\":\"Article\",\"@id\":\"https:\/\/www.montalegre.org\/es\/2011\/05\/peregrinaciones\/#article\",\"isPartOf\":{\"@id\":\"https:\/\/www.montalegre.org\/es\/2011\/05\/peregrinaciones\/\"},\"author\":{\"name\":\"montalegre\",\"@id\":\"https:\/\/www.montalegre.org\/es\/#\/schema\/person\/fa12d4cf3a3f1735a9176b4fafd6a633\"},\"headline\":\"Peregrinaciones\",\"datePublished\":\"2011-05-31T20:58:40+00:00\",\"dateModified\":\"2011-05-31T21:01:11+00:00\",\"mainEntityOfPage\":{\"@id\":\"https:\/\/www.montalegre.org\/es\/2011\/05\/peregrinaciones\/\"},\"wordCount\":470,\"commentCount\":0,\"image\":{\"@id\":\"https:\/\/www.montalegre.org\/es\/2011\/05\/peregrinaciones\/#primaryimage\"},\"thumbnailUrl\":\"http:\/\/www.montalegre.org\/wp-content\/uploads\/2011\/05\/DSC01582-300x225.jpg\",\"articleSection\":[\"Editorial\"],\"inLanguage\":\"es\",\"potentialAction\":[{\"@type\":\"CommentAction\",\"name\":\"Comment\",\"target\":[\"https:\/\/www.montalegre.org\/es\/2011\/05\/peregrinaciones\/#respond\"]}]},{\"@type\":\"WebPage\",\"@id\":\"https:\/\/www.montalegre.org\/es\/2011\/05\/peregrinaciones\/\",\"url\":\"https:\/\/www.montalegre.org\/es\/2011\/05\/peregrinaciones\/\",\"name\":\"Peregrinaciones - Montalegre\",\"isPartOf\":{\"@id\":\"https:\/\/www.montalegre.org\/es\/#website\"},\"primaryImageOfPage\":{\"@id\":\"https:\/\/www.montalegre.org\/es\/2011\/05\/peregrinaciones\/#primaryimage\"},\"image\":{\"@id\":\"https:\/\/www.montalegre.org\/es\/2011\/05\/peregrinaciones\/#primaryimage\"},\"thumbnailUrl\":\"http:\/\/www.montalegre.org\/wp-content\/uploads\/2011\/05\/DSC01582-300x225.jpg\",\"datePublished\":\"2011-05-31T20:58:40+00:00\",\"dateModified\":\"2011-05-31T21:01:11+00:00\",\"author\":{\"@id\":\"https:\/\/www.montalegre.org\/es\/#\/schema\/person\/fa12d4cf3a3f1735a9176b4fafd6a633\"},\"breadcrumb\":{\"@id\":\"https:\/\/www.montalegre.org\/es\/2011\/05\/peregrinaciones\/#breadcrumb\"},\"inLanguage\":\"es\",\"potentialAction\":[{\"@type\":\"ReadAction\",\"target\":[\"https:\/\/www.montalegre.org\/es\/2011\/05\/peregrinaciones\/\"]}]},{\"@type\":\"ImageObject\",\"inLanguage\":\"es\",\"@id\":\"https:\/\/www.montalegre.org\/es\/2011\/05\/peregrinaciones\/#primaryimage\",\"url\":\"http:\/\/www.montalegre.org\/wp-content\/uploads\/2011\/05\/DSC01582-300x225.jpg\",\"contentUrl\":\"http:\/\/www.montalegre.org\/wp-content\/uploads\/2011\/05\/DSC01582-300x225.jpg\"},{\"@type\":\"BreadcrumbList\",\"@id\":\"https:\/\/www.montalegre.org\/es\/2011\/05\/peregrinaciones\/#breadcrumb\",\"itemListElement\":[{\"@type\":\"ListItem\",\"position\":1,\"name\":\"Portada\",\"item\":\"https:\/\/www.montalegre.org\/es\/\"},{\"@type\":\"ListItem\",\"position\":2,\"name\":\"Peregrinaciones\"}]},{\"@type\":\"WebSite\",\"@id\":\"https:\/\/www.montalegre.org\/es\/#website\",\"url\":\"https:\/\/www.montalegre.org\/es\/\",\"name\":\"Montalegre\",\"description\":\"\",\"potentialAction\":[{\"@type\":\"SearchAction\",\"target\":{\"@type\":\"EntryPoint\",\"urlTemplate\":\"https:\/\/www.montalegre.org\/es\/?s={search_term_string}\"},\"query-input\":{\"@type\":\"PropertyValueSpecification\",\"valueRequired\":true,\"valueName\":\"search_term_string\"}}],\"inLanguage\":\"es\"},{\"@type\":\"Person\",\"@id\":\"https:\/\/www.montalegre.org\/es\/#\/schema\/person\/fa12d4cf3a3f1735a9176b4fafd6a633\",\"name\":\"montalegre\",\"image\":{\"@type\":\"ImageObject\",\"inLanguage\":\"es\",\"@id\":\"https:\/\/www.montalegre.org\/es\/#\/schema\/person\/image\/\",\"url\":\"https:\/\/secure.gravatar.com\/avatar\/fe6d886cf5081e723c666dceda1f12d4f39070fa2ed4e79695edc3ca355c9b5a?s=96&d=mm&r=g\",\"contentUrl\":\"https:\/\/secure.gravatar.com\/avatar\/fe6d886cf5081e723c666dceda1f12d4f39070fa2ed4e79695edc3ca355c9b5a?s=96&d=mm&r=g\",\"caption\":\"montalegre\"},\"url\":\"https:\/\/www.montalegre.org\/es\/author\/montalegre\/\"}]}<\/script>\n<!-- \/ Yoast SEO plugin. -->","yoast_head_json":{"title":"Peregrinaciones - Montalegre","robots":{"index":"index","follow":"follow","max-snippet":"max-snippet:-1","max-image-preview":"max-image-preview:large","max-video-preview":"max-video-preview:-1"},"canonical":"https:\/\/www.montalegre.org\/es\/2011\/05\/peregrinaciones\/","og_locale":"es_ES","og_type":"article","og_title":"Peregrinaciones - Montalegre","og_description":"Como en muchas iglesias tambi\u00e9n en Montalegre se celebran peregrinaciones anuales a algunos lugares especialmente significativos. Feligreses y amigos han podido visitar y rezar en distintos lugares. Algunos muy cercanos o relativamente cercanos, como pueden ser Montserrat o el santuario de Torreciudad; otras veces m\u00e1s lejanos, como Lourdes o F\u00e1tima. Pero especial significaci\u00f3n ha tenido [&hellip;]","og_url":"https:\/\/www.montalegre.org\/es\/2011\/05\/peregrinaciones\/","og_site_name":"Montalegre","article_published_time":"2011-05-31T20:58:40+00:00","article_modified_time":"2011-05-31T21:01:11+00:00","og_image":[{"url":"http:\/\/www.montalegre.org\/wp-content\/uploads\/2011\/05\/DSC01582-300x225.jpg","type":"","width":"","height":""}],"author":"montalegre","twitter_card":"summary_large_image","twitter_misc":{"Escrito por":"montalegre","Tiempo de lectura":"2 minutos"},"schema":{"@context":"https:\/\/schema.org","@graph":[{"@type":"Article","@id":"https:\/\/www.montalegre.org\/es\/2011\/05\/peregrinaciones\/#article","isPartOf":{"@id":"https:\/\/www.montalegre.org\/es\/2011\/05\/peregrinaciones\/"},"author":{"name":"montalegre","@id":"https:\/\/www.montalegre.org\/es\/#\/schema\/person\/fa12d4cf3a3f1735a9176b4fafd6a633"},"headline":"Peregrinaciones","datePublished":"2011-05-31T20:58:40+00:00","dateModified":"2011-05-31T21:01:11+00:00","mainEntityOfPage":{"@id":"https:\/\/www.montalegre.org\/es\/2011\/05\/peregrinaciones\/"},"wordCount":470,"commentCount":0,"image":{"@id":"https:\/\/www.montalegre.org\/es\/2011\/05\/peregrinaciones\/#primaryimage"},"thumbnailUrl":"http:\/\/www.montalegre.org\/wp-content\/uploads\/2011\/05\/DSC01582-300x225.jpg","articleSection":["Editorial"],"inLanguage":"es","potentialAction":[{"@type":"CommentAction","name":"Comment","target":["https:\/\/www.montalegre.org\/es\/2011\/05\/peregrinaciones\/#respond"]}]},{"@type":"WebPage","@id":"https:\/\/www.montalegre.org\/es\/2011\/05\/peregrinaciones\/","url":"https:\/\/www.montalegre.org\/es\/2011\/05\/peregrinaciones\/","name":"Peregrinaciones - Montalegre","isPartOf":{"@id":"https:\/\/www.montalegre.org\/es\/#website"},"primaryImageOfPage":{"@id":"https:\/\/www.montalegre.org\/es\/2011\/05\/peregrinaciones\/#primaryimage"},"image":{"@id":"https:\/\/www.montalegre.org\/es\/2011\/05\/peregrinaciones\/#primaryimage"},"thumbnailUrl":"http:\/\/www.montalegre.org\/wp-content\/uploads\/2011\/05\/DSC01582-300x225.jpg","datePublished":"2011-05-31T20:58:40+00:00","dateModified":"2011-05-31T21:01:11+00:00","author":{"@id":"https:\/\/www.montalegre.org\/es\/#\/schema\/person\/fa12d4cf3a3f1735a9176b4fafd6a633"},"breadcrumb":{"@id":"https:\/\/www.montalegre.org\/es\/2011\/05\/peregrinaciones\/#breadcrumb"},"inLanguage":"es","potentialAction":[{"@type":"ReadAction","target":["https:\/\/www.montalegre.org\/es\/2011\/05\/peregrinaciones\/"]}]},{"@type":"ImageObject","inLanguage":"es","@id":"https:\/\/www.montalegre.org\/es\/2011\/05\/peregrinaciones\/#primaryimage","url":"http:\/\/www.montalegre.org\/wp-content\/uploads\/2011\/05\/DSC01582-300x225.jpg","contentUrl":"http:\/\/www.montalegre.org\/wp-content\/uploads\/2011\/05\/DSC01582-300x225.jpg"},{"@type":"BreadcrumbList","@id":"https:\/\/www.montalegre.org\/es\/2011\/05\/peregrinaciones\/#breadcrumb","itemListElement":[{"@type":"ListItem","position":1,"name":"Portada","item":"https:\/\/www.montalegre.org\/es\/"},{"@type":"ListItem","position":2,"name":"Peregrinaciones"}]},{"@type":"WebSite","@id":"https:\/\/www.montalegre.org\/es\/#website","url":"https:\/\/www.montalegre.org\/es\/","name":"Montalegre","description":"","potentialAction":[{"@type":"SearchAction","target":{"@type":"EntryPoint","urlTemplate":"https:\/\/www.montalegre.org\/es\/?s={search_term_string}"},"query-input":{"@type":"PropertyValueSpecification","valueRequired":true,"valueName":"search_term_string"}}],"inLanguage":"es"},{"@type":"Person","@id":"https:\/\/www.montalegre.org\/es\/#\/schema\/person\/fa12d4cf3a3f1735a9176b4fafd6a633","name":"montalegre","image":{"@type":"ImageObject","inLanguage":"es","@id":"https:\/\/www.montalegre.org\/es\/#\/schema\/person\/image\/","url":"https:\/\/secure.gravatar.com\/avatar\/fe6d886cf5081e723c666dceda1f12d4f39070fa2ed4e79695edc3ca355c9b5a?s=96&d=mm&r=g","contentUrl":"https:\/\/secure.gravatar.com\/avatar\/fe6d886cf5081e723c666dceda1f12d4f39070fa2ed4e79695edc3ca355c9b5a?s=96&d=mm&r=g","caption":"montalegre"},"url":"https:\/\/www.montalegre.org\/es\/author\/montalegre\/"}]}},"_links":{"self":[{"href":"https:\/\/www.montalegre.org\/es\/wp-json\/wp\/v2\/posts\/3422","targetHints":{"allow":["GET"]}}],"collection":[{"href":"https:\/\/www.montalegre.org\/es\/wp-json\/wp\/v2\/posts"}],"about":[{"href":"https:\/\/www.montalegre.org\/es\/wp-json\/wp\/v2\/types\/post"}],"author":[{"embeddable":true,"href":"https:\/\/www.montalegre.org\/es\/wp-json\/wp\/v2\/users\/4"}],"replies":[{"embeddable":true,"href":"https:\/\/www.montalegre.org\/es\/wp-json\/wp\/v2\/comments?post=3422"}],"version-history":[{"count":6,"href":"https:\/\/www.montalegre.org\/es\/wp-json\/wp\/v2\/posts\/3422\/revisions"}],"predecessor-version":[{"id":3432,"href":"https:\/\/www.montalegre.org\/es\/wp-json\/wp\/v2\/posts\/3422\/revisions\/3432"}],"wp:attachment":[{"href":"https:\/\/www.montalegre.org\/es\/wp-json\/wp\/v2\/media?parent=3422"}],"wp:term":[{"taxonomy":"category","embeddable":true,"href":"https:\/\/www.montalegre.org\/es\/wp-json\/wp\/v2\/categories?post=3422"},{"taxonomy":"post_tag","embeddable":true,"href":"https:\/\/www.montalegre.org\/es\/wp-json\/wp\/v2\/tags?post=3422"}],"curies":[{"name":"wp","href":"https:\/\/api.w.org\/{rel}","templated":true}]}}