{"id":3407,"date":"2011-05-29T08:55:58","date_gmt":"2011-05-29T08:55:58","guid":{"rendered":"http:\/\/www.montalegre.org\/?p=3407"},"modified":"2011-06-01T19:58:46","modified_gmt":"2011-06-01T19:58:46","slug":"3407","status":"publish","type":"post","link":"https:\/\/www.montalegre.org\/es\/2011\/05\/3407\/","title":{"rendered":"Shalom! Israel"},"content":{"rendered":"<p>Cr\u00f3nica de nuestra peregrinaci\u00f3n a Tierra Santa, del 17 al 24 de mayo del a\u00f1o 2011<\/p>\n<div id=\"attachment_3438\" style=\"width: 234px\" class=\"wp-caption alignleft\"><a rel=\"attachment wp-att-3438\" href=\"http:\/\/www.montalegre.org\/2011\/05\/shalom-israel\/dsc01353-red\/\"><img loading=\"lazy\" decoding=\"async\" aria-describedby=\"caption-attachment-3438\" class=\"size-medium wp-image-3438\" title=\"DSC01353 red\" src=\"http:\/\/www.montalegre.org\/wp-content\/uploads\/2011\/05\/DSC01353-red-224x300.jpg\" alt=\"\" width=\"224\" height=\"300\" \/><\/a><p id=\"caption-attachment-3438\" class=\"wp-caption-text\">Terminal 1 BCN<\/p><\/div>\n<p>\u00a0<\/p>\n<p>Al a\u00f1o justo despu\u00e9s de regresar de nuestra peregrinaci\u00f3n a F\u00e1tima, nos volvimos a encontrar casi todo aquel grupo y unos cuantos peregrinos m\u00e1s en la Terminal 1 del aeropuerto de Barcelona. El entusiasmo de los 35 peregrinos era evidente, entre los cuales el Rector de la iglesia, que celebr\u00f3 cada d\u00eda la Santa Misa en los santos lugares. Hab\u00edamos sorteado todos los obst\u00e1culos que a lo largo de\u00a0 un a\u00f1o hab\u00edamos encontrado por el camino. Nuestra ilusi\u00f3n era pisar y ver todos aquellos lugares que tantas veces \u00a0hab\u00edamos le\u00eddo y o\u00eddo con fe. \u00cdbamos a vivir el Evangelio experiment\u00e1ndolo cada uno de nosotros, en la individualidad de nuestra alma, pero juntos en peque\u00f1a comunidad cristiana, ese es el sentido de una peregrinaci\u00f3n, y nosotros \u00edbamos, por fin, de peregrinaci\u00f3n a Tierra Santa, donde Jes\u00fas naci\u00f3, vivi\u00f3, trabaj\u00f3, predic\u00f3, muri\u00f3 y resucit\u00f3 para el perd\u00f3n de los pecados, los nuestros y los de todo el mundo. \u00c9ramos los pioneros de Montalegre en ese destino. Las experiencias vividas en todos los lugares han sido impresionantes y muy particulares, pues cada alma es \u00fanica, todo ello mezclado con las tres formas de vivir de las tres religiones que conviven en este pa\u00eds de Israel, la cristiana, la musulmana y la jud\u00eda, en un estado de convivencia m\u00e1s real y natural de lo que vemos habitualmente en los medios de comunicaci\u00f3n, que difunden muchas veces informaciones, deliberadamente tergiversadas.<\/p>\n<p>De Tel-Aviv a Galilea<\/p>\n<p>A\u00a0 lo largo de los siete d\u00edas de peregrinaci\u00f3n hemos recorrido todos aquellos lugares que se visitan por primera vez, empezando por <em>Nazareth <\/em>y acabando en <em>Jerusalem.<\/em> El primer d\u00eda fue dedicado al viaje. Desembarcamos en el aeropuerto de <em>Ben Gurion<\/em>, en Tel-Aviv y nos dirigimos hacia <em>Tiberiades,<\/em> una poblaci\u00f3n tur\u00edstica, que tambi\u00e9n le da el nombre al Lago, aunque su nombre propio es <em>Lago Kineret<\/em>; tambi\u00e9n <em>Lago Genetsaret<\/em>, o <em>Mar de Galilea<\/em>, seg\u00fan si lo reconocemos con su nombre original antes de que naciera Jesucristo en Bel\u00e9n o con los nombres b\u00edblicos y del Evangelio. Nos acompa\u00f1\u00f3 durante tres d\u00edas un nublado rojo producido por el polvo del desierto del <em>Sahara <\/em>y el de <em>Arabia Saud\u00ed<\/em>, pues en aquel territorio confluyen diferentes vientos que incluso provocan olas en el Lago.<\/p>\n<div id=\"attachment_3439\" style=\"width: 310px\" class=\"wp-caption alignright\"><a rel=\"attachment wp-att-3439\" href=\"http:\/\/www.montalegre.org\/2011\/05\/shalom-israel\/dsc01439-red\/\"><img loading=\"lazy\" decoding=\"async\" aria-describedby=\"caption-attachment-3439\" class=\"size-medium wp-image-3439\" title=\"DSC01439 red\" src=\"http:\/\/www.montalegre.org\/wp-content\/uploads\/2011\/05\/DSC01439-red-300x225.jpg\" alt=\"\" width=\"300\" height=\"225\" \/><\/a><p id=\"caption-attachment-3439\" class=\"wp-caption-text\">Mar de Galilea<\/p><\/div>\n<p>El centro de cada jornada fue siempre la Santa Misa. Parec\u00eda que, en el segundo d\u00eda de peregrinaci\u00f3n, despu\u00e9s de aquel revivir de nuestra alma en <em>Nazareth<\/em> en la misma gruta donde la Virgen Sant\u00edsima fue visitada por el \u00c1ngel no iba ser posible sentir algo mejor. All\u00ed celebramos la primera misa.\u00a0 Pero \u00a0solo era el pre\u00e1mbulo\u00a0 de un acercamiento cada vez mayor al coraz\u00f3n de la Virgen, a la Palabra de Dios y a la predicaci\u00f3n de Nuestro Se\u00f1or Jesucristo. Visitamos la ciudad, convertida hoy en una de las m\u00e1s populosas del pa\u00eds; por la tarde nos dirigimos al <em>Monte Carmelo<\/em> en lo alto de la ciudad de <em>Haifa,<\/em> una de las ciudades m\u00e1s extensas y con un tr\u00e1fico tremendo, y que por otra parte la vimos con ojos de tristeza pues nos cost\u00f3 m\u00e1s de dos horas atravesarla, cosa que nos impidi\u00f3 hacer m\u00e1s cosas en esa jornada.<\/p>\n<p>El tercer d\u00eda de peregrinaci\u00f3n fue una delicia, fuimos primero a <em>Cafarnaun<\/em>, estuvimos en la <em>casa de Pedro<\/em>, paseamos por la <em>sinagoga<\/em>, y rezamos un ratito en la iglesia de construcci\u00f3n moderna que all\u00ed se ha erigido. En la paz de la <em>sinagoga de Cafarnaum,<\/em> te parec\u00eda sentir la tertulia y la pol\u00e9mica de los hombres de entonces, que se sab\u00edan de memoria la Sagrada Escritura, y que por ello plateaban abiertamente sus dudas, y c\u00f3mo Jes\u00fas aclaraba los textos, haci\u00e9ndolos m\u00e1s entendibles. Seguimos hacia el <em>Monte de las Bienaventuranzas<\/em> con la Santa Misa, al aire libre teniendo al fondo el Lago, all\u00ed donde Jesucristo hizo tantos milagros, \u00a0lugar \u00a0que al verlo \u00a0se entiende que fuera a predicar Jes\u00fas en m\u00e1s de una ocasi\u00f3n. Seguidamente en el <em>Mensa Christi<\/em> disfrutamos del Lago con el agua hasta las rodillas recogiendo conchas y caracolillos como aut\u00e9nticos mariscadores; \u00a0y sin dilaci\u00f3n seguimos la ruta hasta el paseo en barca, en medio de aquel <em>mar<\/em> tranquilo, sin ruidos de ninguna clase. Te llevaba la imaginaci\u00f3n al surcar de aquellas mismas aguas junto a Jes\u00fas, pensando que \u00a0lo hiciera de la misma manera, pues aquel paisaje no ha variado en nada, solo el transcurso de los a\u00f1os. Vimos con nuestros\u00a0 ojos <em>la otra riba<\/em>\u2026. los <em>montes del Gol\u00e1n<\/em>\u2026<\/p>\n<div class=\"mceTemp\">\n<div id=\"attachment_3440\" style=\"width: 310px\" class=\"wp-caption alignleft\"><a rel=\"attachment wp-att-3440\" href=\"http:\/\/www.montalegre.org\/2011\/05\/shalom-israel\/dsc01447-red\/\"><img loading=\"lazy\" decoding=\"async\" aria-describedby=\"caption-attachment-3440\" class=\"size-medium wp-image-3440\" title=\"DSC01447 red\" src=\"http:\/\/www.montalegre.org\/wp-content\/uploads\/2011\/05\/DSC01447-red-300x225.jpg\" alt=\"\" width=\"300\" height=\"225\" \/><\/a><p id=\"caption-attachment-3440\" class=\"wp-caption-text\">Mensa Chisti<\/p><\/div>\n<p>Por la tarde los 11 matrimonios que participamos en la peregrinaci\u00f3n tendr\u00edamos una celebraci\u00f3n: renovamos nuestras promesas matrimoniales en <em>Can\u00e1 de Galilea<\/em>, muy cerca de <em>Natzareth<\/em>. La celebraci\u00f3n fue especial no solo por el lugar sino por la peculiaridad de que \u00e9ramos muchos matrimonios celebrando lo mismo al mismo tiempo. No importaba el tiempo pasado ni las fechas, todos quer\u00edamos renovar nuestra fidelidad y nuestro amor a nuestro esposo o esposa, ante Dios. Fue un acto feliz pues experimentamos nervios, emociones muy diversas, tambi\u00e9n hubo l\u00e1grimas\u2026\u00a0 teniendo en cuenta que el matrimonio m\u00e1s joven solo hab\u00eda cumplido su 33 aniversario\u2026. Acabada la celebraci\u00f3n en la iglesia, erigida en el mismo lugar donde se celebraron las <em>Bodas de Can\u00e1<\/em>, degustamos unos dulces dulc\u00edsimos! de aquella regi\u00f3n.<\/div>\n<p>El cuarto d\u00eda nos iba a crecer en emociones pues\u00a0 se trataba de subir al mismo lugar donde Jes\u00fas mostr\u00f3 su divinidad en lo alto del <em>monte Tabor<\/em>, all\u00ed se puede contemplar todo el <em>Valle de<\/em> <em>Armaged\u00f3n,<\/em> el valle que daba paso a todas las caravanas, un valle lleno de riqueza natural, donde se producen tres recolecciones anuales de frutas y hortalizas de todas clases, all\u00ed donde antes era un desierto, hoy se ha convertido en un vergel, y donde puedes comprender que Mois\u00e9s al ver aquel lugar, dijera que aquella tierra era la tierra prometida por Dios a su pueblo. Continuamos hacia el sur, siguiendo el <em>r\u00edo Jord\u00e1n<\/em>, y nos paramos casi en el punto donde sale del Lago, una zona en la que tradicionalmente muchos peregrinos renuevan sus promesas bautismales por inmersi\u00f3n en sus aguas, aunque no se tratase del mismo sitio donde <em>Jes\u00fas<\/em> recibi\u00f3 el bautismo de <em>Juan<\/em>. A continuaci\u00f3n nos dirigimos hasta el desierto de <em>Qumram<\/em>. Durante muchos kil\u00f3metros pudimos ver las miles y miles de palmeras replantadas que producen millones y millones de deliciosos d\u00e1tiles, que desde tiempo inmemorial alimentaron a Israel, pues se trata de una fruta que tarda un a\u00f1o en descomponerse. El sol de justicia en el desierto era abrasador, a pesar de que est\u00e1bamos en primavera. Por la tarde, el que quiso experiment\u00f3 algo nuevo en el Mar Muerto, todo un balneario natural. Estabas en un lugar que no distingu\u00edas entender si era un trocito del <em>Ganges,<\/em> o realmente estabas en medio de un mar de lodo por el que patinabas con el riesgo evidente de caerte y probar sin duda aquellas aguas saturadas de sal. Se dice de ellas, ya desde tiempos muy antiguos, que son muy curativas, en especial de enfermedades de la piel. Despu\u00e9s de flotar o hundirse, se trataba de frotarse y embadurnarse con aquel lodo y recuperar la belleza y la salud de a\u00f1os atr\u00e1s\u2026 Luego a la vista de todos y uno de tras de otro \u00edbamos pasando por las duchas al sol \u00a0para deshacernos de todo el fango y miserias.<\/p>\n<p>Jerusalem y Betlem<\/p>\n<div id=\"attachment_3415\" style=\"width: 310px\" class=\"wp-caption alignright\"><a rel=\"attachment wp-att-3415\" href=\"http:\/\/www.montalegre.org\/2011\/05\/shalom-israel\/img_5519\/\"><img loading=\"lazy\" decoding=\"async\" aria-describedby=\"caption-attachment-3415\" class=\"size-medium wp-image-3415\" title=\"IMG_5519\" src=\"http:\/\/www.montalegre.org\/wp-content\/uploads\/2011\/05\/IMG_5519-300x225.jpg\" alt=\"\" width=\"300\" height=\"225\" \/><\/a><p id=\"caption-attachment-3415\" class=\"wp-caption-text\">Entrada a Jerusalem<\/p><\/div>\n<p>Dejando atr\u00e1s aquel mar que recibe el\u00a0 nombre de <em>muerto<\/em> pues no vive ning\u00fan ser vegetal o animal\u00a0 en \u00e9l, \u00a0\u00edbamos a tener una gran sorpresa: de repente \u00a0nuestros ojos contemplaron la entrada a <em>Jerusalem<\/em>. En un punto estrat\u00e9gico, la visi\u00f3n de la ciudad, que tantas ganas ten\u00edamos de pisar, estaba a nuestros pies. All\u00ed brindamos con un poquito de vino israel\u00ed y comimos un trocito de pan \u00e1cimo. Vimos all\u00ed el atardecer del d\u00eda 20 de mayo. Por sorpresa nos vino a saludar el sacerdote Mn. Santiago Quemada que vive en <em>Jerusalem <\/em>desde hace bastantes a\u00f1os, y al que le entrevistamos unas semanas antes de ir a aquel pa\u00eds *. Estuvimos todos los peregrinos con \u00e9l, en animada tertulia despu\u00e9s de cenar; nos explic\u00f3 c\u00f3mo se desarrolla la labor del Opus Dei en Israel y nos situ\u00f3 en la realidad de las relaciones con el pueblo Palestino.<\/p>\n<p>El quinto d\u00eda de peregrinaci\u00f3n, lo empezamos temprano para alcanzar el <em>Huerto de los Olivos, Getseman\u00ed<\/em>, el lugar de la <em>Ascensi\u00f3n del Se\u00f1or<\/em>, el <em>Dominus Flevit<\/em>, \u00a0la <em>Iglesia del Pater Noster,<\/em> donde puedes leer en todos los idiomas del mundo la oraci\u00f3n que nos ense\u00f1\u00f3 Jesucristo cuando le pidieron sus disc\u00edpulos \u201cens\u00e9\u00f1anos a orar\u201d. Todos estos lugares estaban muy concurridos de peregrinos y de turistas y de vendedores ambulantes, especialmente \u00e1rabes musulmanes, que vend\u00edan todo tipo de objetos religiosos\u00a0 con el m\u00e9todo que conocemos del <em>regateo,<\/em> cosa que fuimos perfeccionando a lo largo de todo el viaje. Llev\u00e1bamos consigo el pasaporte pues a continuaci\u00f3n nos desplazamos a <em>Bel\u00e9n,<\/em> poblaci\u00f3n que est\u00e1 en la zona <em>Palestina<\/em><em> <\/em>de <em>Israel<\/em>. En la frontera cambiamos por unas horas de autocar, de chofer y de gu\u00eda. La Santa Misa la o\u00edmos en la gruta, a pocos metros del mismo lugar donde naci\u00f3 <em>Jes\u00fas; <\/em>despu\u00e9s all\u00ed hicimos m\u00e1s de una hora de cola pero vali\u00f3 la pena tocar y estar tan cerca del primer lugar en el que estuvo Jes\u00fas en la tierra; estuvimos tambi\u00e9n en la <em>iglesia de Santa Catalina <\/em>y en el <em>Campo de los Pastores<\/em>. Y de vuelta a <em>Jerusalem <\/em>pues el domingo 22 de mayo iba a marcar un antes y un despu\u00e9s, en nuestra vida cristiana.<\/p>\n<p>En el calvario<\/p>\n<div id=\"attachment_3418\" style=\"width: 235px\" class=\"wp-caption alignleft\"><a rel=\"attachment wp-att-3418\" href=\"http:\/\/www.montalegre.org\/2011\/05\/shalom-israel\/img_5700\/\"><img loading=\"lazy\" decoding=\"async\" aria-describedby=\"caption-attachment-3418\" class=\"size-medium wp-image-3418\" title=\"IMG_5700\" src=\"http:\/\/www.montalegre.org\/wp-content\/uploads\/2011\/05\/IMG_5700-225x300.jpg\" alt=\"\" width=\"225\" height=\"300\" \/><\/a><p id=\"caption-attachment-3418\" class=\"wp-caption-text\">Camino del Calvario<\/p><\/div>\n<p>Era ya el sexto d\u00eda, estaba empezando a amanecer. Iniciamos el <em>Via Crucis<\/em> a les 5.30 h de la ma\u00f1ana, toda la subida al <em>Calvario <\/em>por aquellas callejuelas nos sobrecog\u00eda el coraz\u00f3n, cada peregrino ley\u00f3 una a una las catorce estaciones del<em> Via Crucis de<\/em> San Josemaria, todas las tiendas estaban cerradas, apenas pasaba gente, alg\u00fan veh\u00edculo, solo nosotros, nuestra fe, aquella comunidad cristiana iba rezando con devoci\u00f3n. Vimos el color rosado del cielo, c\u00f3mo despuntaba el alba, en silencio, solo o\u00edamos las voces de los lectores y rezadores, impresionante!. Llegamos al <em>Calvario<\/em>. El altar donde se celebr\u00f3 la misa tambi\u00e9n estaba a poqu\u00edsimos metros del lugar que se venera como el punto donde estuvo clavada la cruz de <em>Nuestro Se\u00f1or Jesucristo<\/em>. Los peregrinos nos mantuvimos de pie o de rodillas sobre aquellas alfombras tan pisadas, muy cerca del sacerdote, pues era un lugar de paso y de veneraci\u00f3n. No podremos olvidar nunca c\u00f3mo all\u00ed notamos la remisi\u00f3n de nuestros pecados.\u00a0<\/p>\n<p>Jornada cultural<\/p>\n<p>Hab\u00edamos salido casi en ayunas, de manera que con aquella alegr\u00eda pascual nos volvimos al hotel a desayunar pues la jornada no hab\u00eda hecho m\u00e1s que empezar. Est\u00e1bamos en Israel por lo que tambi\u00e9n \u00edbamos a conocer la cultura y la historia de este pueblo. Visitamos el Museo del Holocausto que el estado de Israel ha dedicado a cada una de las v\u00edctimas del holocausto nazi de la Segunda Guerra Mundial, un museo hecho con mucho cari\u00f1o, respeto, esmero y cuidado que no deja a nadie indiferente. Paseamos por todo el Memorial, fuimos a ver la Maqueta de la <em>Jerusalem Antigua<\/em> y el <em>Museo del Pergamino<\/em>. Y despu\u00e9s de descansar por la tarde, nos esperaba la salida nocturna. Durante tres horas vimos la Jerusalem de noche, con sus zonas comerciales, terrazas, tiendas, barrios cerrados y oscuros, y con separaciones naturales seg\u00fan la religi\u00f3n que se practique; vimos los museos referidos iluminados y lo m\u00e1s impresionante el <em>Knesset Menorah de bronze<\/em> (el Candelabro de los Siete Brazos). Tambi\u00e9n bajamos al <em>Muro de las lamentaciones<\/em>, y rezamos en privado junto a jud\u00edos, que todos los d\u00edas y horas del a\u00f1o, de d\u00eda y de noche, en todo tiempo van a rezar all\u00ed.<\/p>\n<p>El \u00faltimo d\u00eda<\/p>\n<p>Nos quedaba el \u00faltimo d\u00eda para conocer m\u00e1s cosas de Jerusalem, y lo aprovechamos aunque sinti\u00e9ramos cansancio f\u00edsico o emocional. Quedaba poco y no era cuesti\u00f3n de medrarse. En primer lugar,\u00a0 paseamos por la <em>explanada del Templo<\/em> y nos dimos cuenta que realmente era muy grande a la idea que ten\u00edamos del Evangelio, fuimos a la <em>Piscina Prob\u00e1tica<\/em>. No pod\u00edamos entretenernos, ten\u00edamos que llegar a la hora prevista a la Santa Misa en <em>A\u00efn Karem<\/em>, donde naci\u00f3 Juan el Bautista. A la hora del almuerzo, la organizaci\u00f3n de la peregrinaci\u00f3n y la agencia de viajes que hab\u00edamos contratado, tuvo varios detalles y recuerdos con los peregrinos. Todos est\u00e1bamos muy felices y contentos. Quedaba despedirnos de la <em>Virgen Sant\u00edsima<\/em>, con ella iniciamos la peregrinaci\u00f3n y a ella nos \u00edbamos a dirigir, pasamos antes por el entorno del <em>Rey David y el Cen\u00e1culo<\/em>, espacios sin culto pues no est\u00e1n bajo la custodia de los franciscanos. Nos despedimos de <em>Nuestra Se\u00f1ora <\/em>en la <em>iglesia de la Adormici\u00f3n,<\/em> all\u00ed dejamos todas las flores con las que las se\u00f1oras hab\u00edamos sido obsequiadas en el almuerzo de despedida. Pero la despedida de la peregrinaci\u00f3n la hizo el Rector de Montalegre, en el hotel, dando gracias a todos los peregrinos por su colaboraci\u00f3n haciendo un peque\u00f1o repaso de los lugares y agradeciendo al equipo organizador todo el trabajo dedicado.<\/p>\n<p>Shalom! Paz!<\/p>\n<p>A las pocas horas de descanso, salimos en la madrugada del d\u00eda 24 de mayo hacia el aeropuerto de <em>Ben Guri\u00f3n<\/em>, llev\u00e1bamos kilos de rosarios y objetos religiosos que bendijo el sacerdote para repartir entre nuestros familiares y amigos, y sobre todo una experiencia inolvidable. Todo ello no hubiera sido posible sin la colaboraci\u00f3n de todos los peregrinos que en todo momento hicieron pi\u00f1a y confraternizaron. Tambi\u00e9n aqu\u00ed no podemos olvidar a nuestro gu\u00eda <em>Dami\u00e1n <\/em>que nos obsequi\u00f3 con much\u00edsimas explicaciones de todos los lugares por donde pasamos, tanto hist\u00f3ricas como b\u00edblicas, con una paciencia y cari\u00f1o exquisitos, desde el primer d\u00eda hasta pasar parte de los controles policiales de regreso a casa. Y al conductor <em>Nuriel<\/em> que llev\u00f3 el autocar como una seda incluso en momentos de gran dificultad en el tr\u00e1fico o por carreteras ciertamente dif\u00edciles. Y aunque fue por breve tiempo sin duda no podemos olvidar al gu\u00eda de Bel\u00e9n, <em>Jordis <\/em>Y aunque no haya mencionado ni los restaurantes de los almuerzos, cada d\u00eda en un sitio diferente, ni los dos hoteles, tambi\u00e9n es necesario decir que estuvimos muy c\u00f3modamente atendidos.<\/p>\n<p>Los peregrinos no solo rezamos, no solo nos emocionamos y lloramos con unas l\u00e1grimas llenas de gozo y de alegr\u00eda sana y cristiana, no solo nos sentimos atrapados dentro del Evangelio como un personaje m\u00e1s, sino que nos sentimos como nunca hijos de Dios, redimidos por la sangre de <em>Nuestro Se\u00f1or Jesucristo<\/em>, al paso del v\u00eda crucis, \u00a0al besar el sepulcro, al vivir con intensidad las santas misas, con el rezo del santo rosario en los trayectos o en cualquier lugar\u2026 Notamos y palpamos todo el <em>Evangelio,<\/em> sin lugar a dudas.<\/p>\n<p>*http:\/\/www.montalegre.org\/es\/2011\/04\/nos-vamos-a-tierra-santa\/<\/p>\n<p>Isabel Hern\u00e1ndez Esteban<\/p>\n","protected":false},"excerpt":{"rendered":"<p>Cr\u00f3nica de nuestra peregrinaci\u00f3n a Tierra Santa, del 17 al 24 de mayo del a\u00f1o 2011 \u00a0 Al a\u00f1o justo despu\u00e9s de regresar de nuestra peregrinaci\u00f3n a F\u00e1tima, nos volvimos a encontrar casi todo aquel grupo y unos cuantos peregrinos m\u00e1s en la Terminal 1 del aeropuerto de Barcelona. El entusiasmo de los 35 peregrinos [&hellip;]<\/p>\n","protected":false},"author":4,"featured_media":0,"comment_status":"open","ping_status":"open","sticky":false,"template":"","format":"standard","meta":{"footnotes":""},"categories":[1],"tags":[],"class_list":["post-3407","post","type-post","status-publish","format-standard","hentry","category-noticias-de-montalegre"],"yoast_head":"<!-- This site is optimized with the Yoast SEO plugin v27.1.1 - https:\/\/yoast.com\/product\/yoast-seo-wordpress\/ -->\n<title>Shalom! Israel - Montalegre<\/title>\n<meta name=\"robots\" content=\"index, follow, max-snippet:-1, max-image-preview:large, max-video-preview:-1\" \/>\n<link rel=\"canonical\" href=\"https:\/\/www.montalegre.org\/es\/2011\/05\/3407\/\" \/>\n<meta property=\"og:locale\" content=\"es_ES\" \/>\n<meta property=\"og:type\" content=\"article\" \/>\n<meta property=\"og:title\" content=\"Shalom! Israel - Montalegre\" \/>\n<meta property=\"og:description\" content=\"Cr\u00f3nica de nuestra peregrinaci\u00f3n a Tierra Santa, del 17 al 24 de mayo del a\u00f1o 2011 \u00a0 Al a\u00f1o justo despu\u00e9s de regresar de nuestra peregrinaci\u00f3n a F\u00e1tima, nos volvimos a encontrar casi todo aquel grupo y unos cuantos peregrinos m\u00e1s en la Terminal 1 del aeropuerto de Barcelona. El entusiasmo de los 35 peregrinos [&hellip;]\" \/>\n<meta property=\"og:url\" content=\"https:\/\/www.montalegre.org\/es\/2011\/05\/3407\/\" \/>\n<meta property=\"og:site_name\" content=\"Montalegre\" \/>\n<meta property=\"article:published_time\" content=\"2011-05-29T08:55:58+00:00\" \/>\n<meta property=\"article:modified_time\" content=\"2011-06-01T19:58:46+00:00\" \/>\n<meta property=\"og:image\" content=\"http:\/\/www.montalegre.org\/wp-content\/uploads\/2011\/05\/DSC01353-red-224x300.jpg\" \/>\n<meta name=\"author\" content=\"montalegre\" \/>\n<meta name=\"twitter:card\" content=\"summary_large_image\" \/>\n<meta name=\"twitter:label1\" content=\"Escrito por\" \/>\n\t<meta name=\"twitter:data1\" content=\"montalegre\" \/>\n\t<meta name=\"twitter:label2\" content=\"Tiempo de lectura\" \/>\n\t<meta name=\"twitter:data2\" content=\"14 minutos\" \/>\n<script type=\"application\/ld+json\" class=\"yoast-schema-graph\">{\"@context\":\"https:\/\/schema.org\",\"@graph\":[{\"@type\":\"Article\",\"@id\":\"https:\/\/www.montalegre.org\/es\/2011\/05\/3407\/#article\",\"isPartOf\":{\"@id\":\"https:\/\/www.montalegre.org\/es\/2011\/05\/3407\/\"},\"author\":{\"name\":\"montalegre\",\"@id\":\"https:\/\/www.montalegre.org\/es\/#\/schema\/person\/fa12d4cf3a3f1735a9176b4fafd6a633\"},\"headline\":\"Shalom! Israel\",\"datePublished\":\"2011-05-29T08:55:58+00:00\",\"dateModified\":\"2011-06-01T19:58:46+00:00\",\"mainEntityOfPage\":{\"@id\":\"https:\/\/www.montalegre.org\/es\/2011\/05\/3407\/\"},\"wordCount\":2722,\"commentCount\":2,\"image\":{\"@id\":\"https:\/\/www.montalegre.org\/es\/2011\/05\/3407\/#primaryimage\"},\"thumbnailUrl\":\"http:\/\/www.montalegre.org\/wp-content\/uploads\/2011\/05\/DSC01353-red-224x300.jpg\",\"articleSection\":[\"Noticias de Montalegre\"],\"inLanguage\":\"es\",\"potentialAction\":[{\"@type\":\"CommentAction\",\"name\":\"Comment\",\"target\":[\"https:\/\/www.montalegre.org\/es\/2011\/05\/3407\/#respond\"]}]},{\"@type\":\"WebPage\",\"@id\":\"https:\/\/www.montalegre.org\/es\/2011\/05\/3407\/\",\"url\":\"https:\/\/www.montalegre.org\/es\/2011\/05\/3407\/\",\"name\":\"Shalom! Israel - Montalegre\",\"isPartOf\":{\"@id\":\"https:\/\/www.montalegre.org\/es\/#website\"},\"primaryImageOfPage\":{\"@id\":\"https:\/\/www.montalegre.org\/es\/2011\/05\/3407\/#primaryimage\"},\"image\":{\"@id\":\"https:\/\/www.montalegre.org\/es\/2011\/05\/3407\/#primaryimage\"},\"thumbnailUrl\":\"http:\/\/www.montalegre.org\/wp-content\/uploads\/2011\/05\/DSC01353-red-224x300.jpg\",\"datePublished\":\"2011-05-29T08:55:58+00:00\",\"dateModified\":\"2011-06-01T19:58:46+00:00\",\"author\":{\"@id\":\"https:\/\/www.montalegre.org\/es\/#\/schema\/person\/fa12d4cf3a3f1735a9176b4fafd6a633\"},\"breadcrumb\":{\"@id\":\"https:\/\/www.montalegre.org\/es\/2011\/05\/3407\/#breadcrumb\"},\"inLanguage\":\"es\",\"potentialAction\":[{\"@type\":\"ReadAction\",\"target\":[\"https:\/\/www.montalegre.org\/es\/2011\/05\/3407\/\"]}]},{\"@type\":\"ImageObject\",\"inLanguage\":\"es\",\"@id\":\"https:\/\/www.montalegre.org\/es\/2011\/05\/3407\/#primaryimage\",\"url\":\"http:\/\/www.montalegre.org\/wp-content\/uploads\/2011\/05\/DSC01353-red-224x300.jpg\",\"contentUrl\":\"http:\/\/www.montalegre.org\/wp-content\/uploads\/2011\/05\/DSC01353-red-224x300.jpg\"},{\"@type\":\"BreadcrumbList\",\"@id\":\"https:\/\/www.montalegre.org\/es\/2011\/05\/3407\/#breadcrumb\",\"itemListElement\":[{\"@type\":\"ListItem\",\"position\":1,\"name\":\"Portada\",\"item\":\"https:\/\/www.montalegre.org\/es\/\"},{\"@type\":\"ListItem\",\"position\":2,\"name\":\"Shalom! Israel\"}]},{\"@type\":\"WebSite\",\"@id\":\"https:\/\/www.montalegre.org\/es\/#website\",\"url\":\"https:\/\/www.montalegre.org\/es\/\",\"name\":\"Montalegre\",\"description\":\"\",\"potentialAction\":[{\"@type\":\"SearchAction\",\"target\":{\"@type\":\"EntryPoint\",\"urlTemplate\":\"https:\/\/www.montalegre.org\/es\/?s={search_term_string}\"},\"query-input\":{\"@type\":\"PropertyValueSpecification\",\"valueRequired\":true,\"valueName\":\"search_term_string\"}}],\"inLanguage\":\"es\"},{\"@type\":\"Person\",\"@id\":\"https:\/\/www.montalegre.org\/es\/#\/schema\/person\/fa12d4cf3a3f1735a9176b4fafd6a633\",\"name\":\"montalegre\",\"image\":{\"@type\":\"ImageObject\",\"inLanguage\":\"es\",\"@id\":\"https:\/\/www.montalegre.org\/es\/#\/schema\/person\/image\/\",\"url\":\"https:\/\/secure.gravatar.com\/avatar\/fe6d886cf5081e723c666dceda1f12d4f39070fa2ed4e79695edc3ca355c9b5a?s=96&d=mm&r=g\",\"contentUrl\":\"https:\/\/secure.gravatar.com\/avatar\/fe6d886cf5081e723c666dceda1f12d4f39070fa2ed4e79695edc3ca355c9b5a?s=96&d=mm&r=g\",\"caption\":\"montalegre\"},\"url\":\"https:\/\/www.montalegre.org\/es\/author\/montalegre\/\"}]}<\/script>\n<!-- \/ Yoast SEO plugin. -->","yoast_head_json":{"title":"Shalom! Israel - Montalegre","robots":{"index":"index","follow":"follow","max-snippet":"max-snippet:-1","max-image-preview":"max-image-preview:large","max-video-preview":"max-video-preview:-1"},"canonical":"https:\/\/www.montalegre.org\/es\/2011\/05\/3407\/","og_locale":"es_ES","og_type":"article","og_title":"Shalom! Israel - Montalegre","og_description":"Cr\u00f3nica de nuestra peregrinaci\u00f3n a Tierra Santa, del 17 al 24 de mayo del a\u00f1o 2011 \u00a0 Al a\u00f1o justo despu\u00e9s de regresar de nuestra peregrinaci\u00f3n a F\u00e1tima, nos volvimos a encontrar casi todo aquel grupo y unos cuantos peregrinos m\u00e1s en la Terminal 1 del aeropuerto de Barcelona. El entusiasmo de los 35 peregrinos [&hellip;]","og_url":"https:\/\/www.montalegre.org\/es\/2011\/05\/3407\/","og_site_name":"Montalegre","article_published_time":"2011-05-29T08:55:58+00:00","article_modified_time":"2011-06-01T19:58:46+00:00","og_image":[{"url":"http:\/\/www.montalegre.org\/wp-content\/uploads\/2011\/05\/DSC01353-red-224x300.jpg","type":"","width":"","height":""}],"author":"montalegre","twitter_card":"summary_large_image","twitter_misc":{"Escrito por":"montalegre","Tiempo de lectura":"14 minutos"},"schema":{"@context":"https:\/\/schema.org","@graph":[{"@type":"Article","@id":"https:\/\/www.montalegre.org\/es\/2011\/05\/3407\/#article","isPartOf":{"@id":"https:\/\/www.montalegre.org\/es\/2011\/05\/3407\/"},"author":{"name":"montalegre","@id":"https:\/\/www.montalegre.org\/es\/#\/schema\/person\/fa12d4cf3a3f1735a9176b4fafd6a633"},"headline":"Shalom! Israel","datePublished":"2011-05-29T08:55:58+00:00","dateModified":"2011-06-01T19:58:46+00:00","mainEntityOfPage":{"@id":"https:\/\/www.montalegre.org\/es\/2011\/05\/3407\/"},"wordCount":2722,"commentCount":2,"image":{"@id":"https:\/\/www.montalegre.org\/es\/2011\/05\/3407\/#primaryimage"},"thumbnailUrl":"http:\/\/www.montalegre.org\/wp-content\/uploads\/2011\/05\/DSC01353-red-224x300.jpg","articleSection":["Noticias de Montalegre"],"inLanguage":"es","potentialAction":[{"@type":"CommentAction","name":"Comment","target":["https:\/\/www.montalegre.org\/es\/2011\/05\/3407\/#respond"]}]},{"@type":"WebPage","@id":"https:\/\/www.montalegre.org\/es\/2011\/05\/3407\/","url":"https:\/\/www.montalegre.org\/es\/2011\/05\/3407\/","name":"Shalom! Israel - Montalegre","isPartOf":{"@id":"https:\/\/www.montalegre.org\/es\/#website"},"primaryImageOfPage":{"@id":"https:\/\/www.montalegre.org\/es\/2011\/05\/3407\/#primaryimage"},"image":{"@id":"https:\/\/www.montalegre.org\/es\/2011\/05\/3407\/#primaryimage"},"thumbnailUrl":"http:\/\/www.montalegre.org\/wp-content\/uploads\/2011\/05\/DSC01353-red-224x300.jpg","datePublished":"2011-05-29T08:55:58+00:00","dateModified":"2011-06-01T19:58:46+00:00","author":{"@id":"https:\/\/www.montalegre.org\/es\/#\/schema\/person\/fa12d4cf3a3f1735a9176b4fafd6a633"},"breadcrumb":{"@id":"https:\/\/www.montalegre.org\/es\/2011\/05\/3407\/#breadcrumb"},"inLanguage":"es","potentialAction":[{"@type":"ReadAction","target":["https:\/\/www.montalegre.org\/es\/2011\/05\/3407\/"]}]},{"@type":"ImageObject","inLanguage":"es","@id":"https:\/\/www.montalegre.org\/es\/2011\/05\/3407\/#primaryimage","url":"http:\/\/www.montalegre.org\/wp-content\/uploads\/2011\/05\/DSC01353-red-224x300.jpg","contentUrl":"http:\/\/www.montalegre.org\/wp-content\/uploads\/2011\/05\/DSC01353-red-224x300.jpg"},{"@type":"BreadcrumbList","@id":"https:\/\/www.montalegre.org\/es\/2011\/05\/3407\/#breadcrumb","itemListElement":[{"@type":"ListItem","position":1,"name":"Portada","item":"https:\/\/www.montalegre.org\/es\/"},{"@type":"ListItem","position":2,"name":"Shalom! Israel"}]},{"@type":"WebSite","@id":"https:\/\/www.montalegre.org\/es\/#website","url":"https:\/\/www.montalegre.org\/es\/","name":"Montalegre","description":"","potentialAction":[{"@type":"SearchAction","target":{"@type":"EntryPoint","urlTemplate":"https:\/\/www.montalegre.org\/es\/?s={search_term_string}"},"query-input":{"@type":"PropertyValueSpecification","valueRequired":true,"valueName":"search_term_string"}}],"inLanguage":"es"},{"@type":"Person","@id":"https:\/\/www.montalegre.org\/es\/#\/schema\/person\/fa12d4cf3a3f1735a9176b4fafd6a633","name":"montalegre","image":{"@type":"ImageObject","inLanguage":"es","@id":"https:\/\/www.montalegre.org\/es\/#\/schema\/person\/image\/","url":"https:\/\/secure.gravatar.com\/avatar\/fe6d886cf5081e723c666dceda1f12d4f39070fa2ed4e79695edc3ca355c9b5a?s=96&d=mm&r=g","contentUrl":"https:\/\/secure.gravatar.com\/avatar\/fe6d886cf5081e723c666dceda1f12d4f39070fa2ed4e79695edc3ca355c9b5a?s=96&d=mm&r=g","caption":"montalegre"},"url":"https:\/\/www.montalegre.org\/es\/author\/montalegre\/"}]}},"_links":{"self":[{"href":"https:\/\/www.montalegre.org\/es\/wp-json\/wp\/v2\/posts\/3407","targetHints":{"allow":["GET"]}}],"collection":[{"href":"https:\/\/www.montalegre.org\/es\/wp-json\/wp\/v2\/posts"}],"about":[{"href":"https:\/\/www.montalegre.org\/es\/wp-json\/wp\/v2\/types\/post"}],"author":[{"embeddable":true,"href":"https:\/\/www.montalegre.org\/es\/wp-json\/wp\/v2\/users\/4"}],"replies":[{"embeddable":true,"href":"https:\/\/www.montalegre.org\/es\/wp-json\/wp\/v2\/comments?post=3407"}],"version-history":[{"count":5,"href":"https:\/\/www.montalegre.org\/es\/wp-json\/wp\/v2\/posts\/3407\/revisions"}],"predecessor-version":[{"id":3450,"href":"https:\/\/www.montalegre.org\/es\/wp-json\/wp\/v2\/posts\/3407\/revisions\/3450"}],"wp:attachment":[{"href":"https:\/\/www.montalegre.org\/es\/wp-json\/wp\/v2\/media?parent=3407"}],"wp:term":[{"taxonomy":"category","embeddable":true,"href":"https:\/\/www.montalegre.org\/es\/wp-json\/wp\/v2\/categories?post=3407"},{"taxonomy":"post_tag","embeddable":true,"href":"https:\/\/www.montalegre.org\/es\/wp-json\/wp\/v2\/tags?post=3407"}],"curies":[{"name":"wp","href":"https:\/\/api.w.org\/{rel}","templated":true}]}}