{"id":3401,"date":"2011-05-25T12:13:36","date_gmt":"2011-05-25T12:13:36","guid":{"rendered":"http:\/\/www.montalegre.org\/?p=3401"},"modified":"2011-05-25T12:14:18","modified_gmt":"2011-05-25T12:14:18","slug":"%c2%abel-continente-asiatico-constituye-un-gran-desafio-para-la-evangelizacion%c2%bb","status":"publish","type":"post","link":"https:\/\/www.montalegre.org\/es\/2011\/05\/%c2%abel-continente-asiatico-constituye-un-gran-desafio-para-la-evangelizacion%c2%bb\/","title":{"rendered":"\u00abEl continente asi\u00e1tico constituye un gran desaf\u00edo para la evangelizaci\u00f3n\u00bb"},"content":{"rendered":"<div id=\"articulo_texto\">\n<div>\n<div><em><span style=\"color: #000080;\">\u00abAperite plene portas Christo!\u00bb<\/span><\/em><\/div>\n<div><em><span style=\"color: #000080;\">El lema episcopal de Mons. Jos\u00e9 Luis Mumbiela son las palabras del beato Juan Pablo II que pon\u00edan de manifiesto su gran deseo al inicio de su pontificado y que fueron repetidas, y asumidas, por Benedicto XVI al final de su homil\u00eda tambi\u00e9n en el inicio de su servicio en la c\u00e1tedra de Pedro: \u00abAperite plene portas Christo!\u00bb (iAbrid de par en par las puertas a Cristo!).<\/span><\/em><\/div>\n<p><img decoding=\"async\" class=\"aligncenter\" src=\"http:\/\/www.temesdavui.org\/img\/contenido\/articulos_online\/actualidad\/Mumbiela\/Mumbiela1.jpg\" alt=\"\" \/>\u00a0\u00a0\u00a0\u00a0\u00a0\u00a0\u00a0\u00a0\u00a0\u00a0\u00a0\u00a0\u00a0\u00a0\u00a0\u00a0\u00a0\u00a0\u00a0\u00a0\u00a0\u00a0\u00a0\u00a0\u00a0\u00a0\u00a0\u00a0\u00a0\u00a0\u00a0\u00a0\u00a0\u00a0\u00a0\u00a0\u00a0\u00a0 Mons. Jos\u00e9 Luis Mumbiela, nuevo obispo de Almaty, en Kazajist\u00e1n<\/p>\n<\/div>\n<div><strong>\u00a0<\/strong><\/div>\n<div>El pasado 8 de mayo, justo una semana despu\u00e9s de la subida a los altares de Juan Pablo II, era consagrado como obispo de Almaty, en Kazajist\u00e1n, el joven sacerdote de Monz\u00f3n Jos\u00e9 Luis Mumbiela, hasta ahora rector del Seminario Interdiocesano de Karaganda. Del nuevo Papa beato ha elegido Mons. Mumbiela su lema episcopal: \u00abiAbrid de par en par las puertas a Cristo!\u00bb \u00c9ste ser\u00e1 su gran desaf\u00edo como pastor en medio de las estepas kazajas, una tierra a la que lleg\u00f3 hace 13 a\u00f1os y que poco a poco se ha ido convirtiendo en la \u00abni\u00f1a de sus ojos\u00bb.<\/div>\n<div><strong>Con s\u00f3lo 41 a\u00f1os, \u00bfc\u00f3mo ha vivido su nombramiento como obispo de Almaty, una de las ciudades m\u00e1s importantes de Kazajist\u00e1n? \u00bfQu\u00e9 se le pasa a uno por la cabeza y por el coraz\u00f3n en esos momentos?<\/strong><\/div>\n<div>He de reconocer que los rumores que corr\u00edan antes del nombramiento no me entusiasmaban lo m\u00e1s m\u00ednimo, pero cuando la Iglesia te pide un servicio no se lo puedes negar, aunque al inicio te cueste mucho asimilarlo. Con el tiempo, uno se acostumbra a hacer lo que no le apetece cuando Dios se lo pide; y adem\u00e1s, descubres, pasado un tiempo, que \u00c9l ten\u00eda raz\u00f3n. Curiosamente siempre es as\u00ed: el camino para tu felicidad pasa por el cumplimiento de su voluntad.<\/div>\n<div><strong>\u00bfCon qu\u00e9 expectativas afronta el desaf\u00edo pastoral que el Papa ahora le propone?<\/strong><\/div>\n<div>Con la convicci\u00f3n de que s\u00f3lo con la ayuda de Dios se podr\u00e1 sacar adelante la misi\u00f3n encomendada. Junto a eso, da alegr\u00eda saber que \u00c9l suele poner al lado los colaboradores necesarios (sacerdotes, religiosas y laicos) para que la obra sea totalmente de \u00c9l y como \u00c9l quiere. Lo nuestro es procurar \u00abestorbar\u00bb lo menos posible.<\/div>\n<div><strong>\u00bfQu\u00e9 se siente llamado a aportar como pastor diocesano?<\/strong><\/div>\n<div>Es dif\u00edcil adivinarlo al inicio del camino, aunque bien me gustar\u00eda resumirlo, como deseo, en las palabras de la famosa oraci\u00f3n \u00abhaz de m\u00ed, Se\u00f1or, un instrumento de tu paz\u00bb, poniendo perd\u00f3n, reconciliaci\u00f3n, vida, esperanza, optimismo, fe&#8230;, en definitiva \u00abAmor donde no hay amor\u00bb.<\/div>\n<div><strong>Muchos se preguntar\u00e1n: \u00bfqu\u00e9 hace un sacerdote de Monz\u00f3n en las estepas kazajas? \u00bfPodr\u00eda describirnos brevemente su particular \u00abhistoria de amor\u00bb con un pueblo tan distinto al suyo de origen y en el que lleva ya m\u00e1s de 13 a\u00f1os?<\/strong><\/div>\n<div>Aunque nunca tuve entre mis proyectos y deseos el irme a misiones, s\u00ed que ten\u00eda claro que el ministerio sacerdotal de un cura diocesano no se agota en los l\u00edmites geogr\u00e1ficos de la propia di\u00f3cesis, sino que has de tener el coraz\u00f3n y la disponibilidad tan amplios como los horizontes de las necesidades de la Iglesia. Por eso la \u00abhistoria de amor\u00bb arranca de los inicios de mi propia vocaci\u00f3n, am\u00e1ndolos antes de conocerlos, deseando servirles antes de saber que un d\u00eda estar\u00eda junto a ellos. Y una vez aqu\u00ed fue hermoso descubrir las grandes cualidades humanas de estas gentes, su profundo sentido de respeto hacia lo sagrado. No dudo de que el hecho de haber vivido en un seminario internacional durante mi preparaci\u00f3n al sacerdocio haya sido un buen \u00abcampo de entrenamiento\u00bb para estar acostumbrado a convivir con personas muy distintas a mi cultura y lengua. Por otro lado, esta capacidad de convivencia con gente diversa creo que est\u00e1 insertada, o al menos lo deber\u00eda, en el alma de todo sacerdote, de todo pastor.<\/div>\n<div><strong>\u00bfQu\u00e9 nos puede decir de la Iglesia y del pueblo que ahora le toca guiar como pastor? \u00bfSe sienten bien integrados y reconocidos en el contexto de pluralismo religioso que se vive en el pa\u00eds?<\/strong><\/div>\n<div>Los cat\u00f3licos gozan en la actualidad de una libertad de culto con la que s\u00f3lo se pod\u00eda so\u00f1ar d\u00e9cadas atr\u00e1s. A nivel oficial la Iglesia cat\u00f3lica es considerada una de las religiones \u00abtradicionales\u00bb del pa\u00eds, junto con el islam y la iglesia ortodoxa rusa. Este hecho, teniendo en cuenta el peque\u00f1o n\u00famero de creyentes cat\u00f3licos en comparaci\u00f3n con el resto, no deja de ser un detalle de gran distinci\u00f3n.<\/div>\n<div>La Iglesia cat\u00f3lica afronta en estos tiempos un per\u00edodo de transformaci\u00f3n. La imagen (incluso manifestada en las facciones de los rostros seg\u00fan las nacionalidades) de la Iglesia en \u00e9pocas sovi\u00e9ticas y en los a\u00f1os noventa, est\u00e1 adquiriendo una mayor variedad. La mentalidad de la gente tambi\u00e9n cambia, as\u00ed como la situaci\u00f3n sociopol\u00edtica. Respecto a esto \u00faltimo, de cara al futuro siempre se generan interrogantes, debido a la constante corriente de emigraci\u00f3n y a la inc\u00f3gnita acerca de la estabilidad de un sistema que de momento da buenos resultados, pero no sabes cu\u00e1nto puede durar.<\/div>\n<div><strong><img loading=\"lazy\" decoding=\"async\" class=\"alignright\" src=\"http:\/\/www.temesdavui.org\/img\/contenido\/articulos_online\/actualidad\/Mumbiela\/almat6.jpg\" alt=\"\" width=\"194\" height=\"193\" \/>Usted ser\u00e1 obispo de Almaty&#8230;<\/strong><\/div>\n<div>La di\u00f3cesis de Almaty, al sur del pa\u00eds, es la zona donde los kazajos (mayor\u00eda de la poblaci\u00f3n) suelen guardar con m\u00e1s af\u00e1n sus tradiciones, entre ellas la religi\u00f3n isl\u00e1mica. Con todo, se nota la distinta mentalidad de la gente de Almaty (capital econ\u00f3mica del pa\u00eds con dos millones de habitantes) del resto de las poblaciones. En Almaty se advierte un car\u00e1cter m\u00e1s abierto, cosmopolita.<\/div>\n<div><strong>Como pastor de una Iglesia en minor\u00eda, \u00bfcu\u00e1les ser\u00e1n sus prioridades al frente de la di\u00f3cesis de Almaty?<\/strong><\/div>\n<div>Ante todo, cuidar con m\u00e1s esmero del \u00abpeque\u00f1o reba\u00f1o\u00bb a m\u00ed encomendado. En primer lugar, del clero y las religiosas. La sal, aunque sea peque\u00f1a en comparaci\u00f3n con el resto de la comida, ha de tener ese sabor especial que la convierte en imprescindible. La sociedad de Kazajist\u00e1n necesita que esta peque\u00f1a \u00abminor\u00eda\u00bb d\u00e9 todo el sabor que es capaz de dar. La belleza de nuestra fe atrae por el testimonio gozoso de quienes la compartimos, y los no cat\u00f3licos est\u00e1n, consciente o inconscientemente, esperando la manifestaci\u00f3n de una vida seg\u00fan el mensaje de Jes\u00fas de Nazaret, una vida que les haga salir de las cadenas que tan frecuentemente les atan a un callej\u00f3n sin salida en el ego\u00edsmo, la venganza, la corrupci\u00f3n, la desesperanza, etc.<\/div>\n<div><img loading=\"lazy\" decoding=\"async\" class=\"alignright\" src=\"http:\/\/www.temesdavui.org\/img\/contenido\/articulos_online\/actualidad\/Mumbiela\/almat7.jpg\" alt=\"\" width=\"236\" height=\"134\" \/>Y, evidentemente, la \u00abni\u00f1a de mis ojos\u00bb ser\u00e1 la pastoral vocacional. Despu\u00e9s de cinco a\u00f1os trabajando en el \u00fanico seminario para el Asia Central, uno adquiere con m\u00e1s nitidez si cabe la urgente e imperiosa necesidad de que la Iglesia cat\u00f3lica en Kazajist\u00e1n tenga, como pastores, sacerdotes nacidos en estas mismas estepas. Lo mismo cabr\u00eda decir respecto a las religiosas y otros modos de entrega a Dios en la vida laical.<\/div>\n<div><strong>La imagen de la estepa kazaja, tan inh\u00f3spita como g\u00e9lida, \u00bfse corresponde con la realidad eclesial de un pa\u00eds fuertemente marcado por su herencia comunista?<\/strong><\/div>\n<div>Personalmente, contemplando la inmensidad de la estepa en los m\u00faltiples viajes que me toca hacer, lo que me impresiona es la serenidad que aporta al esp\u00edritu. Sus amplios horizontes invitan a expandir el alma, y la cercan\u00eda de la b\u00f3veda celeste, que parece que te envuelve, no deja de ser un recuerdo de lo cerca que el \u00abcielo\u00bb est\u00e1 de la tierra. No obstante, el comunismo ha dejado ciertamente un sello profundo en el esp\u00edritu de estas gentes. En algunas cosas para bien&#8230; y en otras no tanto. De todos modos, la r\u00e1pida evoluci\u00f3n pol\u00edtica, social y cultural que est\u00e1 viviendo este pa\u00eds desde la disoluci\u00f3n de la Uni\u00f3n Sovi\u00e9tica lo lleva a un \u00abno se sabe d\u00f3nde\u00bb por lo impredecible del futuro del pa\u00eds.<\/div>\n<div><strong><img loading=\"lazy\" decoding=\"async\" class=\"alignright\" src=\"http:\/\/www.temesdavui.org\/img\/contenido\/articulos_online\/actualidad\/Mumbiela\/almat8.jpg\" alt=\"\" width=\"207\" height=\"124\" \/>\u00bfC\u00f3mo se vive la fe en Kazajist\u00e1n?<\/strong><\/div>\n<div>La fe en Kazajist\u00e1n&#8230; me imagino que se vive como en otros lugares: entre las persecuciones del mundo y los consuelos de Dios. Es una Iglesia en minor\u00eda y joven, que tiene que abrirse paso, y crecer, sin esos grandes apoyos \u00abhumanos\u00bb que son las tradiciones sociales, culturales o incluso familiares en las que la fe cristiana, o m\u00e1s estrictamente cat\u00f3lica, se recibe, comparte y transmite de un modo casi connatural. Tal vez por eso Dios nos da una alegr\u00eda y ayuda especial para disfrutar de nuestra fe; une fe, por otro lado, que, al carecer de esos recursos \u00absociales\u00bb, se hace m\u00e1s sencilla, teniendo tal vez la oportunidad de acceder de un modo m\u00e1s directo a lo esencial, al encuentro personal con \u00c9l, sin quedarse en lo meramente tradicional, cultural o social, aunque evidentemente estos elementos tambi\u00e9n constituyen parte importante e irrenunciable de nuestra vivencia de la fe.<\/div>\n<div><strong>\u00bfCree usted que Asia constituye hoy un continente de gran esperanza para la Iglesia universal?<\/strong><\/div>\n<div>No s\u00e9 si ser\u00eda mejor decir que es precisamente la Iglesia quien se presenta como la garante de la aut\u00e9ntica esperanza para Asia. El continente asi\u00e1tico constituye hasta el momento un gran desaf\u00edo para la evangelizaci\u00f3n; una evangelizaci\u00f3n que comportar\u00e1, para estos pueblos que est\u00e1n viviendo un per\u00edodo de gran desarrollo (pensemos tambi\u00e9n en China, la India,&#8230;), la oportunidad de encontrarse con unos valores alternativos que les hagan descubrir la riqueza no s\u00f3lo basada en el petr\u00f3leo o el comercio, sino en el pleno desarrollo de cada persona humana a la luz del Evangelio. De momento, Asia est\u00e1 necesitada en gran parte por la ayuda de misioneros.<\/div>\n<div><strong>En un contexto como el suyo, con tanta presencia musulmana, as\u00ed como ortodoxa, \u00bfc\u00f3mo se plantean el reto de la evangelizaci\u00f3n?<\/strong><\/div>\n<div>Nosotros no jugamos \u00abcontra\u00bb nadie. Debemos procurar ante todo esforzarnos por adquirir en plenitud el gran tesoro escondido que tenemos en casa, es decir, desarrollar todos los \u00abtalentos\u00bb de nuestra fe. Lo dem\u00e1s, como dijo Jes\u00fas, vendr\u00e1 por a\u00f1adidura. La acci\u00f3n evangelizadora ha de ser la consecuencia de una sobreabundancia de esfuerzo personal, con la ayuda de la gracia de Dios, por vivir en plenitud nuestra vocaci\u00f3n cristiana. Despu\u00e9s, como gustaba repetir Juan Pablo II, la verdad se impone por s\u00ed misma.<\/div>\n<div><strong>March\u00f3 en 1998 a Kazajist\u00e1n por un per\u00edodo inicial de 3 a\u00f1os, pero parece que la cosa se va a alargar bastante m\u00e1s&#8230; \u00bfQu\u00e9 le ha aportado esta tierra y esta experiencia a su propia vida de fe?<\/strong><\/div>\n<div>El sentido de mi vida es la vocaci\u00f3n sacerdotal a la que Dios me llam\u00f3 como sacerdote diocesano y en la Sociedad Sacerdotal de la Santa Cruz; y el Se\u00f1or ha querido que el sentido de mi vocaci\u00f3n lo encuentre en estas tierras, entre estas gentes. F\u00e1cil es comprender, por tanto, que lo que me est\u00e1 aportando el vivir y servir en Kazajist\u00e1n es precisamente el sentido de mi vida. \u00bfVerdad que no es poco? \u00bfVerdad que es para estar agradecido tanto a Dios como a este pa\u00eds?<\/div>\n<div>\u00a0<\/div>\n<div><strong>Samuel Guti\u00e9rrez \u2013 <\/strong>Catalunya Cristiana 15-05-2011<\/div>\n<\/div>\n","protected":false},"excerpt":{"rendered":"<p>\u00abAperite plene portas Christo!\u00bb El lema episcopal de Mons. Jos\u00e9 Luis Mumbiela son las palabras del beato Juan Pablo II que pon\u00edan de manifiesto su gran deseo al inicio de su pontificado y que fueron repetidas, y asumidas, por Benedicto XVI al final de su homil\u00eda tambi\u00e9n en el inicio de su servicio en la [&hellip;]<\/p>\n","protected":false},"author":4,"featured_media":0,"comment_status":"open","ping_status":"open","sticky":false,"template":"","format":"standard","meta":{"footnotes":""},"categories":[1],"tags":[],"class_list":["post-3401","post","type-post","status-publish","format-standard","hentry","category-noticias-de-montalegre"],"yoast_head":"<!-- This site is optimized with the Yoast SEO plugin v27.1.1 - https:\/\/yoast.com\/product\/yoast-seo-wordpress\/ -->\n<title>\u00abEl continente asi\u00e1tico constituye un gran desaf\u00edo para la evangelizaci\u00f3n\u00bb - Montalegre<\/title>\n<meta name=\"robots\" content=\"index, follow, max-snippet:-1, max-image-preview:large, max-video-preview:-1\" \/>\n<link rel=\"canonical\" href=\"https:\/\/www.montalegre.org\/es\/2011\/05\/%c2%abel-continente-asiatico-constituye-un-gran-desafio-para-la-evangelizacion%c2%bb\/\" \/>\n<meta property=\"og:locale\" content=\"es_ES\" \/>\n<meta property=\"og:type\" content=\"article\" \/>\n<meta property=\"og:title\" content=\"\u00abEl continente asi\u00e1tico constituye un gran desaf\u00edo para la evangelizaci\u00f3n\u00bb - Montalegre\" \/>\n<meta property=\"og:description\" content=\"\u00abAperite plene portas Christo!\u00bb El lema episcopal de Mons. Jos\u00e9 Luis Mumbiela son las palabras del beato Juan Pablo II que pon\u00edan de manifiesto su gran deseo al inicio de su pontificado y que fueron repetidas, y asumidas, por Benedicto XVI al final de su homil\u00eda tambi\u00e9n en el inicio de su servicio en la [&hellip;]\" \/>\n<meta property=\"og:url\" content=\"https:\/\/www.montalegre.org\/es\/2011\/05\/%c2%abel-continente-asiatico-constituye-un-gran-desafio-para-la-evangelizacion%c2%bb\/\" \/>\n<meta property=\"og:site_name\" content=\"Montalegre\" \/>\n<meta property=\"article:published_time\" content=\"2011-05-25T12:13:36+00:00\" \/>\n<meta property=\"article:modified_time\" content=\"2011-05-25T12:14:18+00:00\" \/>\n<meta property=\"og:image\" content=\"http:\/\/www.temesdavui.org\/img\/contenido\/articulos_online\/actualidad\/Mumbiela\/Mumbiela1.jpg\" \/>\n<meta name=\"author\" content=\"montalegre\" \/>\n<meta name=\"twitter:card\" content=\"summary_large_image\" \/>\n<meta name=\"twitter:label1\" content=\"Escrito por\" \/>\n\t<meta name=\"twitter:data1\" content=\"montalegre\" \/>\n\t<meta name=\"twitter:label2\" content=\"Tiempo de lectura\" \/>\n\t<meta name=\"twitter:data2\" content=\"10 minutos\" \/>\n<script type=\"application\/ld+json\" class=\"yoast-schema-graph\">{\"@context\":\"https:\/\/schema.org\",\"@graph\":[{\"@type\":\"Article\",\"@id\":\"https:\/\/www.montalegre.org\/es\/2011\/05\/%c2%abel-continente-asiatico-constituye-un-gran-desafio-para-la-evangelizacion%c2%bb\/#article\",\"isPartOf\":{\"@id\":\"https:\/\/www.montalegre.org\/es\/2011\/05\/%c2%abel-continente-asiatico-constituye-un-gran-desafio-para-la-evangelizacion%c2%bb\/\"},\"author\":{\"name\":\"montalegre\",\"@id\":\"https:\/\/www.montalegre.org\/es\/#\/schema\/person\/fa12d4cf3a3f1735a9176b4fafd6a633\"},\"headline\":\"\u00abEl continente asi\u00e1tico constituye un gran desaf\u00edo para la evangelizaci\u00f3n\u00bb\",\"datePublished\":\"2011-05-25T12:13:36+00:00\",\"dateModified\":\"2011-05-25T12:14:18+00:00\",\"mainEntityOfPage\":{\"@id\":\"https:\/\/www.montalegre.org\/es\/2011\/05\/%c2%abel-continente-asiatico-constituye-un-gran-desafio-para-la-evangelizacion%c2%bb\/\"},\"wordCount\":1962,\"commentCount\":0,\"image\":{\"@id\":\"https:\/\/www.montalegre.org\/es\/2011\/05\/%c2%abel-continente-asiatico-constituye-un-gran-desafio-para-la-evangelizacion%c2%bb\/#primaryimage\"},\"thumbnailUrl\":\"http:\/\/www.temesdavui.org\/img\/contenido\/articulos_online\/actualidad\/Mumbiela\/Mumbiela1.jpg\",\"articleSection\":[\"Noticias de Montalegre\"],\"inLanguage\":\"es\",\"potentialAction\":[{\"@type\":\"CommentAction\",\"name\":\"Comment\",\"target\":[\"https:\/\/www.montalegre.org\/es\/2011\/05\/%c2%abel-continente-asiatico-constituye-un-gran-desafio-para-la-evangelizacion%c2%bb\/#respond\"]}]},{\"@type\":\"WebPage\",\"@id\":\"https:\/\/www.montalegre.org\/es\/2011\/05\/%c2%abel-continente-asiatico-constituye-un-gran-desafio-para-la-evangelizacion%c2%bb\/\",\"url\":\"https:\/\/www.montalegre.org\/es\/2011\/05\/%c2%abel-continente-asiatico-constituye-un-gran-desafio-para-la-evangelizacion%c2%bb\/\",\"name\":\"\u00abEl continente asi\u00e1tico constituye un gran desaf\u00edo para la evangelizaci\u00f3n\u00bb - Montalegre\",\"isPartOf\":{\"@id\":\"https:\/\/www.montalegre.org\/es\/#website\"},\"primaryImageOfPage\":{\"@id\":\"https:\/\/www.montalegre.org\/es\/2011\/05\/%c2%abel-continente-asiatico-constituye-un-gran-desafio-para-la-evangelizacion%c2%bb\/#primaryimage\"},\"image\":{\"@id\":\"https:\/\/www.montalegre.org\/es\/2011\/05\/%c2%abel-continente-asiatico-constituye-un-gran-desafio-para-la-evangelizacion%c2%bb\/#primaryimage\"},\"thumbnailUrl\":\"http:\/\/www.temesdavui.org\/img\/contenido\/articulos_online\/actualidad\/Mumbiela\/Mumbiela1.jpg\",\"datePublished\":\"2011-05-25T12:13:36+00:00\",\"dateModified\":\"2011-05-25T12:14:18+00:00\",\"author\":{\"@id\":\"https:\/\/www.montalegre.org\/es\/#\/schema\/person\/fa12d4cf3a3f1735a9176b4fafd6a633\"},\"breadcrumb\":{\"@id\":\"https:\/\/www.montalegre.org\/es\/2011\/05\/%c2%abel-continente-asiatico-constituye-un-gran-desafio-para-la-evangelizacion%c2%bb\/#breadcrumb\"},\"inLanguage\":\"es\",\"potentialAction\":[{\"@type\":\"ReadAction\",\"target\":[\"https:\/\/www.montalegre.org\/es\/2011\/05\/%c2%abel-continente-asiatico-constituye-un-gran-desafio-para-la-evangelizacion%c2%bb\/\"]}]},{\"@type\":\"ImageObject\",\"inLanguage\":\"es\",\"@id\":\"https:\/\/www.montalegre.org\/es\/2011\/05\/%c2%abel-continente-asiatico-constituye-un-gran-desafio-para-la-evangelizacion%c2%bb\/#primaryimage\",\"url\":\"http:\/\/www.temesdavui.org\/img\/contenido\/articulos_online\/actualidad\/Mumbiela\/Mumbiela1.jpg\",\"contentUrl\":\"http:\/\/www.temesdavui.org\/img\/contenido\/articulos_online\/actualidad\/Mumbiela\/Mumbiela1.jpg\"},{\"@type\":\"BreadcrumbList\",\"@id\":\"https:\/\/www.montalegre.org\/es\/2011\/05\/%c2%abel-continente-asiatico-constituye-un-gran-desafio-para-la-evangelizacion%c2%bb\/#breadcrumb\",\"itemListElement\":[{\"@type\":\"ListItem\",\"position\":1,\"name\":\"Portada\",\"item\":\"https:\/\/www.montalegre.org\/es\/\"},{\"@type\":\"ListItem\",\"position\":2,\"name\":\"\u00abEl continente asi\u00e1tico constituye un gran desaf\u00edo para la evangelizaci\u00f3n\u00bb\"}]},{\"@type\":\"WebSite\",\"@id\":\"https:\/\/www.montalegre.org\/es\/#website\",\"url\":\"https:\/\/www.montalegre.org\/es\/\",\"name\":\"Montalegre\",\"description\":\"\",\"potentialAction\":[{\"@type\":\"SearchAction\",\"target\":{\"@type\":\"EntryPoint\",\"urlTemplate\":\"https:\/\/www.montalegre.org\/es\/?s={search_term_string}\"},\"query-input\":{\"@type\":\"PropertyValueSpecification\",\"valueRequired\":true,\"valueName\":\"search_term_string\"}}],\"inLanguage\":\"es\"},{\"@type\":\"Person\",\"@id\":\"https:\/\/www.montalegre.org\/es\/#\/schema\/person\/fa12d4cf3a3f1735a9176b4fafd6a633\",\"name\":\"montalegre\",\"image\":{\"@type\":\"ImageObject\",\"inLanguage\":\"es\",\"@id\":\"https:\/\/www.montalegre.org\/es\/#\/schema\/person\/image\/\",\"url\":\"https:\/\/secure.gravatar.com\/avatar\/fe6d886cf5081e723c666dceda1f12d4f39070fa2ed4e79695edc3ca355c9b5a?s=96&d=mm&r=g\",\"contentUrl\":\"https:\/\/secure.gravatar.com\/avatar\/fe6d886cf5081e723c666dceda1f12d4f39070fa2ed4e79695edc3ca355c9b5a?s=96&d=mm&r=g\",\"caption\":\"montalegre\"},\"url\":\"https:\/\/www.montalegre.org\/es\/author\/montalegre\/\"}]}<\/script>\n<!-- \/ Yoast SEO plugin. -->","yoast_head_json":{"title":"\u00abEl continente asi\u00e1tico constituye un gran desaf\u00edo para la evangelizaci\u00f3n\u00bb - Montalegre","robots":{"index":"index","follow":"follow","max-snippet":"max-snippet:-1","max-image-preview":"max-image-preview:large","max-video-preview":"max-video-preview:-1"},"canonical":"https:\/\/www.montalegre.org\/es\/2011\/05\/%c2%abel-continente-asiatico-constituye-un-gran-desafio-para-la-evangelizacion%c2%bb\/","og_locale":"es_ES","og_type":"article","og_title":"\u00abEl continente asi\u00e1tico constituye un gran desaf\u00edo para la evangelizaci\u00f3n\u00bb - Montalegre","og_description":"\u00abAperite plene portas Christo!\u00bb El lema episcopal de Mons. Jos\u00e9 Luis Mumbiela son las palabras del beato Juan Pablo II que pon\u00edan de manifiesto su gran deseo al inicio de su pontificado y que fueron repetidas, y asumidas, por Benedicto XVI al final de su homil\u00eda tambi\u00e9n en el inicio de su servicio en la [&hellip;]","og_url":"https:\/\/www.montalegre.org\/es\/2011\/05\/%c2%abel-continente-asiatico-constituye-un-gran-desafio-para-la-evangelizacion%c2%bb\/","og_site_name":"Montalegre","article_published_time":"2011-05-25T12:13:36+00:00","article_modified_time":"2011-05-25T12:14:18+00:00","og_image":[{"url":"http:\/\/www.temesdavui.org\/img\/contenido\/articulos_online\/actualidad\/Mumbiela\/Mumbiela1.jpg","type":"","width":"","height":""}],"author":"montalegre","twitter_card":"summary_large_image","twitter_misc":{"Escrito por":"montalegre","Tiempo de lectura":"10 minutos"},"schema":{"@context":"https:\/\/schema.org","@graph":[{"@type":"Article","@id":"https:\/\/www.montalegre.org\/es\/2011\/05\/%c2%abel-continente-asiatico-constituye-un-gran-desafio-para-la-evangelizacion%c2%bb\/#article","isPartOf":{"@id":"https:\/\/www.montalegre.org\/es\/2011\/05\/%c2%abel-continente-asiatico-constituye-un-gran-desafio-para-la-evangelizacion%c2%bb\/"},"author":{"name":"montalegre","@id":"https:\/\/www.montalegre.org\/es\/#\/schema\/person\/fa12d4cf3a3f1735a9176b4fafd6a633"},"headline":"\u00abEl continente asi\u00e1tico constituye un gran desaf\u00edo para la evangelizaci\u00f3n\u00bb","datePublished":"2011-05-25T12:13:36+00:00","dateModified":"2011-05-25T12:14:18+00:00","mainEntityOfPage":{"@id":"https:\/\/www.montalegre.org\/es\/2011\/05\/%c2%abel-continente-asiatico-constituye-un-gran-desafio-para-la-evangelizacion%c2%bb\/"},"wordCount":1962,"commentCount":0,"image":{"@id":"https:\/\/www.montalegre.org\/es\/2011\/05\/%c2%abel-continente-asiatico-constituye-un-gran-desafio-para-la-evangelizacion%c2%bb\/#primaryimage"},"thumbnailUrl":"http:\/\/www.temesdavui.org\/img\/contenido\/articulos_online\/actualidad\/Mumbiela\/Mumbiela1.jpg","articleSection":["Noticias de Montalegre"],"inLanguage":"es","potentialAction":[{"@type":"CommentAction","name":"Comment","target":["https:\/\/www.montalegre.org\/es\/2011\/05\/%c2%abel-continente-asiatico-constituye-un-gran-desafio-para-la-evangelizacion%c2%bb\/#respond"]}]},{"@type":"WebPage","@id":"https:\/\/www.montalegre.org\/es\/2011\/05\/%c2%abel-continente-asiatico-constituye-un-gran-desafio-para-la-evangelizacion%c2%bb\/","url":"https:\/\/www.montalegre.org\/es\/2011\/05\/%c2%abel-continente-asiatico-constituye-un-gran-desafio-para-la-evangelizacion%c2%bb\/","name":"\u00abEl continente asi\u00e1tico constituye un gran desaf\u00edo para la evangelizaci\u00f3n\u00bb - Montalegre","isPartOf":{"@id":"https:\/\/www.montalegre.org\/es\/#website"},"primaryImageOfPage":{"@id":"https:\/\/www.montalegre.org\/es\/2011\/05\/%c2%abel-continente-asiatico-constituye-un-gran-desafio-para-la-evangelizacion%c2%bb\/#primaryimage"},"image":{"@id":"https:\/\/www.montalegre.org\/es\/2011\/05\/%c2%abel-continente-asiatico-constituye-un-gran-desafio-para-la-evangelizacion%c2%bb\/#primaryimage"},"thumbnailUrl":"http:\/\/www.temesdavui.org\/img\/contenido\/articulos_online\/actualidad\/Mumbiela\/Mumbiela1.jpg","datePublished":"2011-05-25T12:13:36+00:00","dateModified":"2011-05-25T12:14:18+00:00","author":{"@id":"https:\/\/www.montalegre.org\/es\/#\/schema\/person\/fa12d4cf3a3f1735a9176b4fafd6a633"},"breadcrumb":{"@id":"https:\/\/www.montalegre.org\/es\/2011\/05\/%c2%abel-continente-asiatico-constituye-un-gran-desafio-para-la-evangelizacion%c2%bb\/#breadcrumb"},"inLanguage":"es","potentialAction":[{"@type":"ReadAction","target":["https:\/\/www.montalegre.org\/es\/2011\/05\/%c2%abel-continente-asiatico-constituye-un-gran-desafio-para-la-evangelizacion%c2%bb\/"]}]},{"@type":"ImageObject","inLanguage":"es","@id":"https:\/\/www.montalegre.org\/es\/2011\/05\/%c2%abel-continente-asiatico-constituye-un-gran-desafio-para-la-evangelizacion%c2%bb\/#primaryimage","url":"http:\/\/www.temesdavui.org\/img\/contenido\/articulos_online\/actualidad\/Mumbiela\/Mumbiela1.jpg","contentUrl":"http:\/\/www.temesdavui.org\/img\/contenido\/articulos_online\/actualidad\/Mumbiela\/Mumbiela1.jpg"},{"@type":"BreadcrumbList","@id":"https:\/\/www.montalegre.org\/es\/2011\/05\/%c2%abel-continente-asiatico-constituye-un-gran-desafio-para-la-evangelizacion%c2%bb\/#breadcrumb","itemListElement":[{"@type":"ListItem","position":1,"name":"Portada","item":"https:\/\/www.montalegre.org\/es\/"},{"@type":"ListItem","position":2,"name":"\u00abEl continente asi\u00e1tico constituye un gran desaf\u00edo para la evangelizaci\u00f3n\u00bb"}]},{"@type":"WebSite","@id":"https:\/\/www.montalegre.org\/es\/#website","url":"https:\/\/www.montalegre.org\/es\/","name":"Montalegre","description":"","potentialAction":[{"@type":"SearchAction","target":{"@type":"EntryPoint","urlTemplate":"https:\/\/www.montalegre.org\/es\/?s={search_term_string}"},"query-input":{"@type":"PropertyValueSpecification","valueRequired":true,"valueName":"search_term_string"}}],"inLanguage":"es"},{"@type":"Person","@id":"https:\/\/www.montalegre.org\/es\/#\/schema\/person\/fa12d4cf3a3f1735a9176b4fafd6a633","name":"montalegre","image":{"@type":"ImageObject","inLanguage":"es","@id":"https:\/\/www.montalegre.org\/es\/#\/schema\/person\/image\/","url":"https:\/\/secure.gravatar.com\/avatar\/fe6d886cf5081e723c666dceda1f12d4f39070fa2ed4e79695edc3ca355c9b5a?s=96&d=mm&r=g","contentUrl":"https:\/\/secure.gravatar.com\/avatar\/fe6d886cf5081e723c666dceda1f12d4f39070fa2ed4e79695edc3ca355c9b5a?s=96&d=mm&r=g","caption":"montalegre"},"url":"https:\/\/www.montalegre.org\/es\/author\/montalegre\/"}]}},"_links":{"self":[{"href":"https:\/\/www.montalegre.org\/es\/wp-json\/wp\/v2\/posts\/3401","targetHints":{"allow":["GET"]}}],"collection":[{"href":"https:\/\/www.montalegre.org\/es\/wp-json\/wp\/v2\/posts"}],"about":[{"href":"https:\/\/www.montalegre.org\/es\/wp-json\/wp\/v2\/types\/post"}],"author":[{"embeddable":true,"href":"https:\/\/www.montalegre.org\/es\/wp-json\/wp\/v2\/users\/4"}],"replies":[{"embeddable":true,"href":"https:\/\/www.montalegre.org\/es\/wp-json\/wp\/v2\/comments?post=3401"}],"version-history":[{"count":2,"href":"https:\/\/www.montalegre.org\/es\/wp-json\/wp\/v2\/posts\/3401\/revisions"}],"predecessor-version":[{"id":3403,"href":"https:\/\/www.montalegre.org\/es\/wp-json\/wp\/v2\/posts\/3401\/revisions\/3403"}],"wp:attachment":[{"href":"https:\/\/www.montalegre.org\/es\/wp-json\/wp\/v2\/media?parent=3401"}],"wp:term":[{"taxonomy":"category","embeddable":true,"href":"https:\/\/www.montalegre.org\/es\/wp-json\/wp\/v2\/categories?post=3401"},{"taxonomy":"post_tag","embeddable":true,"href":"https:\/\/www.montalegre.org\/es\/wp-json\/wp\/v2\/tags?post=3401"}],"curies":[{"name":"wp","href":"https:\/\/api.w.org\/{rel}","templated":true}]}}