{"id":3263,"date":"2011-04-27T20:25:09","date_gmt":"2011-04-27T20:25:09","guid":{"rendered":"http:\/\/www.montalegre.org\/?p=3263"},"modified":"2011-04-27T20:31:23","modified_gmt":"2011-04-27T20:31:23","slug":"el-prelado-de-l%e2%80%99opus-dei-escribe-sobre-juan-pablo-ii","status":"publish","type":"post","link":"https:\/\/www.montalegre.org\/es\/2011\/04\/el-prelado-de-l%e2%80%99opus-dei-escribe-sobre-juan-pablo-ii\/","title":{"rendered":"El Prelado del Opus Dei escribe sobre Juan Pablo II"},"content":{"rendered":"<p>Ante el evento de la pr\u00f3xima beatificaci\u00f3n de SS Juan Pablo II, el pr\u00f3ximo domingo 1 de mayo en Roma, el prelado del lOpus Dei, Javier Echevarria, hace unas reflexiones sobre su pontificado evangelizador, en un art\u00edculo que fue publicado el 24 de abril de este a\u00f1o en el diario ABC.<\/p>\n<p>\u201c El caminar terreno de Juan Pablo II ha sido una copia ejemplar de ese Se\u00f1or que acoge en su Coraz\u00f3n a todos los hombres y mujeres, derrochando amor y misericordia con cada uno, con un acento especial para los enfermos y desvalidos\u00bb<\/p>\n<p>Desde hace a\u00f1os se escuchan testimonios de j\u00f3venes y menos j\u00f3venes, que se han sentido atra\u00eddos por Cristo gracias a las palabras, al ejemplo y a la cercan\u00eda de Juan Pablo II. Con la ayuda de Dios, unos han emprendido un camino de b\u00fasqueda de la santidad sin cambiar de estado, en la vida matrimonial o en el celibato; otros, en el sacerdocio o en la vida religiosa. Se cuentan por muchos millares, y a veces se les denomina &#8220;la generaci\u00f3n de Juan Pablo II&#8221;.<\/p>\n<p>\u00a0\u00a0\u00a0\u00a0\u00a0 \u00bfCu\u00e1l fue el secreto de la eficacia evangelizadora de este extraordinario Pont\u00edfice? Es evidente que Karol Wojtyla fue un incansable defensor de la dignidad humana, un pastor sol\u00edcito, un comunicador cre\u00edble de la verdad y un padre, tanto para creyentes como para no creyentes; pero el Papa que nos ha guiado en el paso del segundo al tercer milenio ha sido, ante todo, un hombre enamorado de Jesucristo e identificado con \u00c9l.<\/p>\n<p>\u00a0\u00a0\u00a0\u00a0\u00a0 \u00abPara saber qui\u00e9n es Juan Pablo II hay que verlo rezar, sobre todo en la intimidad de su oratorio privado\u00bb, escribi\u00f3 uno de los bi\u00f3grafos de este santo Pont\u00edfice. Y as\u00ed es, en efecto. Una de las \u00faltimas fotograf\u00edas de su caminar terreno lo retrata en su capilla privada mientras sigue, a trav\u00e9s de una pantalla de televisi\u00f3n, el rezo del V\u00eda Crucis que ten\u00eda lugar en el Coliseo. Aquel Viernes Santo de 2005, Juan Pablo II no pudo presidir el acto con su presencia f\u00edsica, como en los a\u00f1os anteriores: ya no era capaz ni de hablar ni de caminar. Pero en esa imagen se aprecia la intensidad del momento que estaba viviendo. Aferrado a un gran crucifijo de madera, el Papa abraza a Jes\u00fas en la Cruz, aproxima a su coraz\u00f3n al Crucificado y lo besa. La imagen de Juan Pablo II, anciano y enfermo, unido a la Cruz, es un discurso tan elocuente como el de sus palabras vigorosas o el de sus extenuantes viajes.<\/p>\n<p>\u00a0\u00a0\u00a0\u00a0\u00a0 El nuevo beato ha llevado a cabo con generosidad heroica el mandato de Cristo a sus disc\u00edpulos: \u00abId al mundo entero y predicad el Evangelio a toda criatura\u00bb (Mc 16, 15). Con su af\u00e1n de llegar hasta el \u00faltimo rinc\u00f3n de \u00c1frica, de Am\u00e9rica, de Asia, de Europa y de Ocean\u00eda, Juan Pablo II no pensaba en s\u00ed mismo: le empujaba el deseo de gastar su vida en servicio de los dem\u00e1s, el ansia de mostrar la dignidad del ser humano \u2014creado a imagen y semejanza de Dios y redimido por Cristo\u2014 y de transmitir el mensaje del Evangelio.<\/p>\n<p>\u00a0\u00a0\u00a0\u00a0\u00a0 En una ocasi\u00f3n, a \u00faltima hora de la tarde, acompa\u00f1\u00e9 a monse\u00f1or \u00c1lvaro del Portillo \u2014entonces prelado del Opus Dei\u2014 al apartamento pontificio. Mientras esper\u00e1bamos la llegada del Papa, o\u00edmos unos pasos cansados, como de alguien que arrastra los pies, que se acercaban por un pasillo: era Juan Pablo II, muy fatigado. Monse\u00f1or del Portillo exclam\u00f3: \u00abSanto Padre, \u00a1qu\u00e9 cansado est\u00e1!\u00bb. El Papa lo mir\u00f3 y, con voz amable, explic\u00f3: \u00abSi a estas horas yo no estuviera cansado, ser\u00eda se\u00f1al de que no habr\u00eda cumplido mi deber\u00bb.<\/p>\n<p>\u00a0\u00a0\u00a0\u00a0\u00a0 El celo por las almas le mov\u00eda a desplazarse hasta el \u00faltimo rinc\u00f3n de la tierra para llevar el mensaje de Cristo. \u00bfHay alguien en el mundo que haya estrechado m\u00e1s manos en su vida, o haya cruzado su mirada con la de tantas personas? Ese esfuerzo, tambi\u00e9n humano, era otro modo de abrazarse y unirse al Crucificado.<\/p>\n<p>\u00a0\u00a0\u00a0\u00a0\u00a0 La universalidad del coraz\u00f3n de Juan Pablo II no s\u00f3lo le conduc\u00eda a una actividad que podr\u00edamos llamar exterior: tambi\u00e9n en su interior lat\u00eda operativamente este esp\u00edritu, con el que hac\u00eda propias las ansias de todo el mundo. A diario, desde su capilla privada en el Vaticano, recorr\u00eda el orbe. Por eso fue natural la respuesta que dio a un periodista, que quer\u00eda saber c\u00f3mo rezaba: la oraci\u00f3n del Papa \u2014respondi\u00f3\u2014 es un \u00abperegrinar por el mundo entero rezando con el pensamiento y con el coraz\u00f3n\u00bb. En su oraci\u00f3n \u2014explicaba\u2014 emerge \u00abla geograf\u00eda de las comunidades, de las Iglesias, de las sociedades y tambi\u00e9n de los problemas que angustian al mundo contempor\u00e1neo\u00bb; y, de este modo, el Papa \u00abexpone ante Dios todas las alegr\u00edas y las esperanzas y, al mismo tiempo, las tristezas y preocupaciones que la Iglesia comparte con la humanidad contempor\u00e1nea\u00bb.<\/p>\n<p>\u00a0\u00a0\u00a0\u00a0\u00a0 Ese coraz\u00f3n universal y ese empuje misionero le llevaron a dialogar con personas de toda clase. As\u00ed se hizo patente durante el Jubileo del a\u00f1o 2000: quiso encontrarse con ni\u00f1os, j\u00f3venes, adultos y ancianos; con deportistas, artistas, gobernantes, pol\u00edticos, polic\u00edas y militares; con trabajadores del campo, universitarios, presos y enfermos; con familias, personas del mundo del espect\u00e1culo, emigrantes e itinerantes&#8230;<\/p>\n<p>\u00a0\u00a0\u00a0\u00a0\u00a0 La misma biograf\u00eda de Karol Wojtyla puede &#8220;leerse&#8221; como un continuo llevar el Evangelio a los m\u00e1s variados sectores de la sociedad humana: a las familias, a la escuela y a la f\u00e1brica, al teatro y a la literatura, a las ciudades de rascacielos y a las barriadas de chabolas. Su propia historia le condujo a percibir con claridad que es posible hacer presente a Cristo en todas las circunstancias, tambi\u00e9n en los momentos tr\u00e1gicos de la guerra mundial y de las dominaciones totalitarias que imperaron en su tierra natal. En los escenarios m\u00e1s diversos de la modernidad, Juan Pablo II fue portador de la luz de Jesucristo a la humanidad entera. Con su existencia nos ense\u00f1a a descubrir a Dios en las circunstancias en que nos toca vivir.<\/p>\n<p>\u00a0\u00a0\u00a0\u00a0\u00a0 En uno de sus escritos, San Josemar\u00eda Escriv\u00e1 de Balaguer contempla a Jes\u00fas en la Cruz como Sacerdote Eterno, que\u00ababre sus brazos a la humanidad entera\u00bb. Pienso que el caminar terreno de Juan Pablo II ha sido una copia ejemplar de ese Se\u00f1or que acoge en su Coraz\u00f3n a todos los hombres y mujeres, derrochando amor y misericordia con cada uno, con un acento especial para los enfermos y desvalidos.<\/p>\n<p>\u00a0\u00a0\u00a0\u00a0\u00a0 La vida del cristiano no es otra cosa que tratar de configurarse con Cristo; y Juan Pablo II lo ha cumplido de modo sobresaliente: por su heroica correspondencia a la gracia, por su alegr\u00eda de hijo de Dios, personas de toda raza y condici\u00f3n han visto brillar en \u00e9l el rostro del Resucitado.<\/p>\n<p>\u00a0\u00a0\u00a0\u00a0\u00a0 La fotograf\u00eda a la que me refer\u00eda al inicio de estas reflexiones me parece una s\u00edntesis gr\u00e1fica de la vida de Juan Pablo II: un Pont\u00edfice fatigado por el prolongado tiempo de servicio a las almas, que orienta la mirada del mundo hacia Jes\u00fas en la Cruz, para facilitar que cada uno y cada una encuentre all\u00ed respuestas a sus interrogantes m\u00e1s profundos. La vida del nuevo beato es, pues, un ejemplo de transparencia cristiana: hacer visible, a trav\u00e9s de la propia vida, el rostro y los sentimientos misericordiosos de Jes\u00fas. Pienso que \u00e9sa es la raz\u00f3n y el secreto de su eficacia evangelizadora. Y estoy convencido \u2014as\u00ed se lo pido a Dios\u2014 de que su elevaci\u00f3n a los altares provocar\u00e1 en el mundo y en la Iglesia una oleada de fe y de amor, de deseos de servicio a los dem\u00e1s, de agradecimiento a Nuestro Se\u00f1or.<\/p>\n<p>\u00a0\u00a0\u00a0\u00a0\u00a0 El 1 de mayo de 2011, en la Plaza de San Pedro, bajo la mirada cari\u00f1osa de la Madre de la Iglesia, podremos unirnos a Benedicto XVI y decir una vez m\u00e1s: \u00abQueremos expresar nuestra profunda gratitud al Se\u00f1or por el don de Juan Pablo II y queremos tambi\u00e9n dar gracias a este Papa por todo lo que hizo y sufri\u00f3\u00bb (Audiencia general, 18 de mayo de 2005). A quienes le conocimos en vida, nos corresponde ahora el gustoso deber de darlo a conocer a las generaciones futuras.&#8221;<\/p>\n<p>\u00a0<strong>Javier Echevarr\u00eda, Prelado del Opus Dei<\/strong><\/p>\n<p>\u00a0Servicios Informativos Montalegre<\/p>\n","protected":false},"excerpt":{"rendered":"<p>Ante el evento de la pr\u00f3xima beatificaci\u00f3n de SS Juan Pablo II, el pr\u00f3ximo domingo 1 de mayo en Roma, el prelado del lOpus Dei, Javier Echevarria, hace unas reflexiones sobre su pontificado evangelizador, en un art\u00edculo que fue publicado el 24 de abril de este a\u00f1o en el diario ABC. \u201c El caminar terreno [&hellip;]<\/p>\n","protected":false},"author":4,"featured_media":0,"comment_status":"open","ping_status":"open","sticky":false,"template":"","format":"standard","meta":{"footnotes":""},"categories":[1],"tags":[],"class_list":["post-3263","post","type-post","status-publish","format-standard","hentry","category-noticias-de-montalegre"],"yoast_head":"<!-- This site is optimized with the Yoast SEO plugin v27.1.1 - https:\/\/yoast.com\/product\/yoast-seo-wordpress\/ -->\n<title>El Prelado del Opus Dei escribe sobre Juan Pablo II  - Montalegre<\/title>\n<meta name=\"robots\" content=\"index, follow, max-snippet:-1, max-image-preview:large, max-video-preview:-1\" \/>\n<link rel=\"canonical\" href=\"https:\/\/www.montalegre.org\/es\/2011\/04\/el-prelado-de-l%e2%80%99opus-dei-escribe-sobre-juan-pablo-ii\/\" \/>\n<meta property=\"og:locale\" content=\"es_ES\" \/>\n<meta property=\"og:type\" content=\"article\" \/>\n<meta property=\"og:title\" content=\"El Prelado del Opus Dei escribe sobre Juan Pablo II  - Montalegre\" \/>\n<meta property=\"og:description\" content=\"Ante el evento de la pr\u00f3xima beatificaci\u00f3n de SS Juan Pablo II, el pr\u00f3ximo domingo 1 de mayo en Roma, el prelado del lOpus Dei, Javier Echevarria, hace unas reflexiones sobre su pontificado evangelizador, en un art\u00edculo que fue publicado el 24 de abril de este a\u00f1o en el diario ABC. \u201c El caminar terreno [&hellip;]\" \/>\n<meta property=\"og:url\" content=\"https:\/\/www.montalegre.org\/es\/2011\/04\/el-prelado-de-l%e2%80%99opus-dei-escribe-sobre-juan-pablo-ii\/\" \/>\n<meta property=\"og:site_name\" content=\"Montalegre\" \/>\n<meta property=\"article:published_time\" content=\"2011-04-27T20:25:09+00:00\" \/>\n<meta property=\"article:modified_time\" content=\"2011-04-27T20:31:23+00:00\" \/>\n<meta name=\"author\" content=\"montalegre\" \/>\n<meta name=\"twitter:card\" content=\"summary_large_image\" \/>\n<meta name=\"twitter:label1\" content=\"Escrito por\" \/>\n\t<meta name=\"twitter:data1\" content=\"montalegre\" \/>\n\t<meta name=\"twitter:label2\" content=\"Tiempo de lectura\" \/>\n\t<meta name=\"twitter:data2\" content=\"7 minutos\" \/>\n<script type=\"application\/ld+json\" class=\"yoast-schema-graph\">{\"@context\":\"https:\/\/schema.org\",\"@graph\":[{\"@type\":\"Article\",\"@id\":\"https:\/\/www.montalegre.org\/es\/2011\/04\/el-prelado-de-l%e2%80%99opus-dei-escribe-sobre-juan-pablo-ii\/#article\",\"isPartOf\":{\"@id\":\"https:\/\/www.montalegre.org\/es\/2011\/04\/el-prelado-de-l%e2%80%99opus-dei-escribe-sobre-juan-pablo-ii\/\"},\"author\":{\"name\":\"montalegre\",\"@id\":\"https:\/\/www.montalegre.org\/es\/#\/schema\/person\/fa12d4cf3a3f1735a9176b4fafd6a633\"},\"headline\":\"El Prelado del Opus Dei escribe sobre Juan Pablo II\",\"datePublished\":\"2011-04-27T20:25:09+00:00\",\"dateModified\":\"2011-04-27T20:31:23+00:00\",\"mainEntityOfPage\":{\"@id\":\"https:\/\/www.montalegre.org\/es\/2011\/04\/el-prelado-de-l%e2%80%99opus-dei-escribe-sobre-juan-pablo-ii\/\"},\"wordCount\":1467,\"commentCount\":0,\"articleSection\":[\"Noticias de Montalegre\"],\"inLanguage\":\"es\",\"potentialAction\":[{\"@type\":\"CommentAction\",\"name\":\"Comment\",\"target\":[\"https:\/\/www.montalegre.org\/es\/2011\/04\/el-prelado-de-l%e2%80%99opus-dei-escribe-sobre-juan-pablo-ii\/#respond\"]}]},{\"@type\":\"WebPage\",\"@id\":\"https:\/\/www.montalegre.org\/es\/2011\/04\/el-prelado-de-l%e2%80%99opus-dei-escribe-sobre-juan-pablo-ii\/\",\"url\":\"https:\/\/www.montalegre.org\/es\/2011\/04\/el-prelado-de-l%e2%80%99opus-dei-escribe-sobre-juan-pablo-ii\/\",\"name\":\"El Prelado del Opus Dei escribe sobre Juan Pablo II - Montalegre\",\"isPartOf\":{\"@id\":\"https:\/\/www.montalegre.org\/es\/#website\"},\"datePublished\":\"2011-04-27T20:25:09+00:00\",\"dateModified\":\"2011-04-27T20:31:23+00:00\",\"author\":{\"@id\":\"https:\/\/www.montalegre.org\/es\/#\/schema\/person\/fa12d4cf3a3f1735a9176b4fafd6a633\"},\"breadcrumb\":{\"@id\":\"https:\/\/www.montalegre.org\/es\/2011\/04\/el-prelado-de-l%e2%80%99opus-dei-escribe-sobre-juan-pablo-ii\/#breadcrumb\"},\"inLanguage\":\"es\",\"potentialAction\":[{\"@type\":\"ReadAction\",\"target\":[\"https:\/\/www.montalegre.org\/es\/2011\/04\/el-prelado-de-l%e2%80%99opus-dei-escribe-sobre-juan-pablo-ii\/\"]}]},{\"@type\":\"BreadcrumbList\",\"@id\":\"https:\/\/www.montalegre.org\/es\/2011\/04\/el-prelado-de-l%e2%80%99opus-dei-escribe-sobre-juan-pablo-ii\/#breadcrumb\",\"itemListElement\":[{\"@type\":\"ListItem\",\"position\":1,\"name\":\"Portada\",\"item\":\"https:\/\/www.montalegre.org\/es\/\"},{\"@type\":\"ListItem\",\"position\":2,\"name\":\"El Prelado del Opus Dei escribe sobre Juan Pablo II\"}]},{\"@type\":\"WebSite\",\"@id\":\"https:\/\/www.montalegre.org\/es\/#website\",\"url\":\"https:\/\/www.montalegre.org\/es\/\",\"name\":\"Montalegre\",\"description\":\"\",\"potentialAction\":[{\"@type\":\"SearchAction\",\"target\":{\"@type\":\"EntryPoint\",\"urlTemplate\":\"https:\/\/www.montalegre.org\/es\/?s={search_term_string}\"},\"query-input\":{\"@type\":\"PropertyValueSpecification\",\"valueRequired\":true,\"valueName\":\"search_term_string\"}}],\"inLanguage\":\"es\"},{\"@type\":\"Person\",\"@id\":\"https:\/\/www.montalegre.org\/es\/#\/schema\/person\/fa12d4cf3a3f1735a9176b4fafd6a633\",\"name\":\"montalegre\",\"image\":{\"@type\":\"ImageObject\",\"inLanguage\":\"es\",\"@id\":\"https:\/\/www.montalegre.org\/es\/#\/schema\/person\/image\/\",\"url\":\"https:\/\/secure.gravatar.com\/avatar\/fe6d886cf5081e723c666dceda1f12d4f39070fa2ed4e79695edc3ca355c9b5a?s=96&d=mm&r=g\",\"contentUrl\":\"https:\/\/secure.gravatar.com\/avatar\/fe6d886cf5081e723c666dceda1f12d4f39070fa2ed4e79695edc3ca355c9b5a?s=96&d=mm&r=g\",\"caption\":\"montalegre\"},\"url\":\"https:\/\/www.montalegre.org\/es\/author\/montalegre\/\"}]}<\/script>\n<!-- \/ Yoast SEO plugin. -->","yoast_head_json":{"title":"El Prelado del Opus Dei escribe sobre Juan Pablo II  - Montalegre","robots":{"index":"index","follow":"follow","max-snippet":"max-snippet:-1","max-image-preview":"max-image-preview:large","max-video-preview":"max-video-preview:-1"},"canonical":"https:\/\/www.montalegre.org\/es\/2011\/04\/el-prelado-de-l%e2%80%99opus-dei-escribe-sobre-juan-pablo-ii\/","og_locale":"es_ES","og_type":"article","og_title":"El Prelado del Opus Dei escribe sobre Juan Pablo II  - Montalegre","og_description":"Ante el evento de la pr\u00f3xima beatificaci\u00f3n de SS Juan Pablo II, el pr\u00f3ximo domingo 1 de mayo en Roma, el prelado del lOpus Dei, Javier Echevarria, hace unas reflexiones sobre su pontificado evangelizador, en un art\u00edculo que fue publicado el 24 de abril de este a\u00f1o en el diario ABC. \u201c El caminar terreno [&hellip;]","og_url":"https:\/\/www.montalegre.org\/es\/2011\/04\/el-prelado-de-l%e2%80%99opus-dei-escribe-sobre-juan-pablo-ii\/","og_site_name":"Montalegre","article_published_time":"2011-04-27T20:25:09+00:00","article_modified_time":"2011-04-27T20:31:23+00:00","author":"montalegre","twitter_card":"summary_large_image","twitter_misc":{"Escrito por":"montalegre","Tiempo de lectura":"7 minutos"},"schema":{"@context":"https:\/\/schema.org","@graph":[{"@type":"Article","@id":"https:\/\/www.montalegre.org\/es\/2011\/04\/el-prelado-de-l%e2%80%99opus-dei-escribe-sobre-juan-pablo-ii\/#article","isPartOf":{"@id":"https:\/\/www.montalegre.org\/es\/2011\/04\/el-prelado-de-l%e2%80%99opus-dei-escribe-sobre-juan-pablo-ii\/"},"author":{"name":"montalegre","@id":"https:\/\/www.montalegre.org\/es\/#\/schema\/person\/fa12d4cf3a3f1735a9176b4fafd6a633"},"headline":"El Prelado del Opus Dei escribe sobre Juan Pablo II","datePublished":"2011-04-27T20:25:09+00:00","dateModified":"2011-04-27T20:31:23+00:00","mainEntityOfPage":{"@id":"https:\/\/www.montalegre.org\/es\/2011\/04\/el-prelado-de-l%e2%80%99opus-dei-escribe-sobre-juan-pablo-ii\/"},"wordCount":1467,"commentCount":0,"articleSection":["Noticias de Montalegre"],"inLanguage":"es","potentialAction":[{"@type":"CommentAction","name":"Comment","target":["https:\/\/www.montalegre.org\/es\/2011\/04\/el-prelado-de-l%e2%80%99opus-dei-escribe-sobre-juan-pablo-ii\/#respond"]}]},{"@type":"WebPage","@id":"https:\/\/www.montalegre.org\/es\/2011\/04\/el-prelado-de-l%e2%80%99opus-dei-escribe-sobre-juan-pablo-ii\/","url":"https:\/\/www.montalegre.org\/es\/2011\/04\/el-prelado-de-l%e2%80%99opus-dei-escribe-sobre-juan-pablo-ii\/","name":"El Prelado del Opus Dei escribe sobre Juan Pablo II - Montalegre","isPartOf":{"@id":"https:\/\/www.montalegre.org\/es\/#website"},"datePublished":"2011-04-27T20:25:09+00:00","dateModified":"2011-04-27T20:31:23+00:00","author":{"@id":"https:\/\/www.montalegre.org\/es\/#\/schema\/person\/fa12d4cf3a3f1735a9176b4fafd6a633"},"breadcrumb":{"@id":"https:\/\/www.montalegre.org\/es\/2011\/04\/el-prelado-de-l%e2%80%99opus-dei-escribe-sobre-juan-pablo-ii\/#breadcrumb"},"inLanguage":"es","potentialAction":[{"@type":"ReadAction","target":["https:\/\/www.montalegre.org\/es\/2011\/04\/el-prelado-de-l%e2%80%99opus-dei-escribe-sobre-juan-pablo-ii\/"]}]},{"@type":"BreadcrumbList","@id":"https:\/\/www.montalegre.org\/es\/2011\/04\/el-prelado-de-l%e2%80%99opus-dei-escribe-sobre-juan-pablo-ii\/#breadcrumb","itemListElement":[{"@type":"ListItem","position":1,"name":"Portada","item":"https:\/\/www.montalegre.org\/es\/"},{"@type":"ListItem","position":2,"name":"El Prelado del Opus Dei escribe sobre Juan Pablo II"}]},{"@type":"WebSite","@id":"https:\/\/www.montalegre.org\/es\/#website","url":"https:\/\/www.montalegre.org\/es\/","name":"Montalegre","description":"","potentialAction":[{"@type":"SearchAction","target":{"@type":"EntryPoint","urlTemplate":"https:\/\/www.montalegre.org\/es\/?s={search_term_string}"},"query-input":{"@type":"PropertyValueSpecification","valueRequired":true,"valueName":"search_term_string"}}],"inLanguage":"es"},{"@type":"Person","@id":"https:\/\/www.montalegre.org\/es\/#\/schema\/person\/fa12d4cf3a3f1735a9176b4fafd6a633","name":"montalegre","image":{"@type":"ImageObject","inLanguage":"es","@id":"https:\/\/www.montalegre.org\/es\/#\/schema\/person\/image\/","url":"https:\/\/secure.gravatar.com\/avatar\/fe6d886cf5081e723c666dceda1f12d4f39070fa2ed4e79695edc3ca355c9b5a?s=96&d=mm&r=g","contentUrl":"https:\/\/secure.gravatar.com\/avatar\/fe6d886cf5081e723c666dceda1f12d4f39070fa2ed4e79695edc3ca355c9b5a?s=96&d=mm&r=g","caption":"montalegre"},"url":"https:\/\/www.montalegre.org\/es\/author\/montalegre\/"}]}},"_links":{"self":[{"href":"https:\/\/www.montalegre.org\/es\/wp-json\/wp\/v2\/posts\/3263","targetHints":{"allow":["GET"]}}],"collection":[{"href":"https:\/\/www.montalegre.org\/es\/wp-json\/wp\/v2\/posts"}],"about":[{"href":"https:\/\/www.montalegre.org\/es\/wp-json\/wp\/v2\/types\/post"}],"author":[{"embeddable":true,"href":"https:\/\/www.montalegre.org\/es\/wp-json\/wp\/v2\/users\/4"}],"replies":[{"embeddable":true,"href":"https:\/\/www.montalegre.org\/es\/wp-json\/wp\/v2\/comments?post=3263"}],"version-history":[{"count":3,"href":"https:\/\/www.montalegre.org\/es\/wp-json\/wp\/v2\/posts\/3263\/revisions"}],"predecessor-version":[{"id":3269,"href":"https:\/\/www.montalegre.org\/es\/wp-json\/wp\/v2\/posts\/3263\/revisions\/3269"}],"wp:attachment":[{"href":"https:\/\/www.montalegre.org\/es\/wp-json\/wp\/v2\/media?parent=3263"}],"wp:term":[{"taxonomy":"category","embeddable":true,"href":"https:\/\/www.montalegre.org\/es\/wp-json\/wp\/v2\/categories?post=3263"},{"taxonomy":"post_tag","embeddable":true,"href":"https:\/\/www.montalegre.org\/es\/wp-json\/wp\/v2\/tags?post=3263"}],"curies":[{"name":"wp","href":"https:\/\/api.w.org\/{rel}","templated":true}]}}