{"id":3060,"date":"2011-03-13T22:36:03","date_gmt":"2011-03-13T22:36:03","guid":{"rendered":"http:\/\/www.montalegre.org\/?p=3060"},"modified":"2011-03-25T11:27:37","modified_gmt":"2011-03-25T11:27:37","slug":"restaurando-y-armonizando-los-colores","status":"publish","type":"post","link":"https:\/\/www.montalegre.org\/es\/2011\/03\/restaurando-y-armonizando-los-colores\/","title":{"rendered":"Restaurando y armonizando los colores"},"content":{"rendered":"<p><a rel=\"attachment wp-att-3076\" href=\"http:\/\/www.montalegre.org\/2011\/03\/restaurant-i-harmonitzant-els-colors\/rehabilitacio-1\/\"><\/a><\/p>\n<div id=\"attachment_3076\" style=\"width: 293px\" class=\"wp-caption alignleft\"><a rel=\"attachment wp-att-3076\" href=\"http:\/\/www.montalegre.org\/2011\/03\/restaurant-i-harmonitzant-els-colors\/rehabilitacio-1\/\"><img loading=\"lazy\" decoding=\"async\" aria-describedby=\"caption-attachment-3076\" class=\"size-full wp-image-3076\" title=\"rehabilitacio 1\" src=\"http:\/\/www.montalegre.org\/wp-content\/uploads\/2011\/03\/rehabilitacio-1.jpg\" alt=\"\" width=\"283\" height=\"218\" \/><\/a><p id=\"caption-attachment-3076\" class=\"wp-caption-text\">Els primers dies de la rehabilitaci\u00f3<\/p><\/div>\n<p>El 23 de febrero se\u00a0 inici\u00f3 la tercera fase de la rehabilitaci\u00f3n de las pinturas de la iglesia, a cargo del maestro pintor de Terrassa Sr. Antonio Luque Castro, fiel colaborador, el cual realiz\u00f3 los primeros trabajos en el mes de marzo de 2009 con la rehabilitaci\u00f3n de las cenefas de la nave central. Este a\u00f1o y siguiendo la planificaci\u00f3n inicial, se ha tratado de ir substituyendo el verde agua de las paredes del fondo del templo, por la entrada del <em>Pati Manning<\/em>\u00a0 y el de la capilla de los confesionarios, donde est\u00e1 ubicada la imagen de San Josemaria del escultor japon\u00e9s, Sr.Etsuro Soto.\u00a0<\/p>\n<p>El Sr. Luque es un profesional de la pintura ya jubilado pero la su vena art\u00edstica es imparable, y m\u00e1s ahora que tiene m\u00e1s tiempo. Conoce palmo a palmo las monta\u00f1as m\u00e1s altas de Catalunya, y es\u00a0 especialmente un enamorado de la comarca de la <em>Garrotxa<\/em>, y gracias a sus capacidades excursionistas, encaramarse a los andamios, o doblarse bajo los techos m\u00e1s bajos no le provoca ning\u00fan problema.\u00a0<\/p>\n<p>&#8211;\u00a0\u00a0\u00a0\u00a0\u00a0\u00a0\u00a0\u00a0 \u00bfCual ha sido en esta ocasi\u00f3n el criterio para decidir por donde continuar la rehabilitaci\u00f3n?<\/p>\n<p>&#8211;\u00a0\u00a0\u00a0\u00a0\u00a0\u00a0\u00a0\u00a0 A.L.: Ha estado la claridad, ganar luz, para realzar estos cuadros y el santo Cristo, de esta manera se ven con m\u00e1s detalle, y tambi\u00e9n el artesonado, en el que he hecho un peque\u00f1o arreglo\u00a0 pero no es apreciable.<\/p>\n<p>&#8211;\u00a0\u00a0\u00bfPor qu\u00e9 escogisteis el color crema?<\/p>\n<div id=\"attachment_3078\" style=\"width: 286px\" class=\"wp-caption alignright\"><a rel=\"attachment wp-att-3078\" href=\"http:\/\/www.montalegre.org\/2011\/03\/restaurant-i-harmonitzant-els-colors\/rehabiliacio-2\/\"><img loading=\"lazy\" decoding=\"async\" aria-describedby=\"caption-attachment-3078\" class=\"size-large wp-image-3078\" title=\"rehabiliaci\u00f3 2\" src=\"http:\/\/www.montalegre.org\/wp-content\/uploads\/2011\/03\/rehabiliaci\u00f3-2-1024x768.jpg\" alt=\"\" width=\"276\" height=\"238\" \/><\/a><p id=\"caption-attachment-3078\" class=\"wp-caption-text\">El color crema fa destacar els quadros<\/p><\/div>\n<p>&#8211;\u00a0\u00a0A.L. Hemos hecho varias pruebas de colores, siempre hago mezclas hasta crear aquel tono que mejor combine con los colores que hay en la iglesia y que son los originales, siempre con la idea de ir suprimiendo el color verde. F\u00edjate en los colores crema y rojo ingl\u00e9s del cimborio como se adecuan m\u00e1s al crema que acabamos de poner.\u00a0<\/p>\n<p>Cuando hicimos la entrevista, el andamio ya estaba situado en la capella de los confesionarios, la imagen estaba totalmente cubierta por un pl\u00e1stico para no da\u00f1arla. Me sorprendi\u00f3 el color escogido para aquella zona, el salm\u00f3n. El andamio parec\u00eda desordenado, lleno de escaleras que para un profano no ten\u00eda ninguna explicaci\u00f3n sino solo una especie de andamio complicado para poder trabajar.\u00a0<\/p>\n<p>&#8211; A.L. No es ninguna complicaci\u00f3n, me he de encaramar de manera que sobrepase todo el entorno de la imagen sin\u00a0 tocar la hornacina que la rodea y por lo tanto he de colocar un tabl\u00f3n y hacer contrapeso con las escaleras cruzadas para evitar la ca\u00edda.\u00a0<\/p>\n<div id=\"attachment_3079\" style=\"width: 160px\" class=\"wp-caption alignleft\"><a rel=\"attachment wp-att-3079\" href=\"http:\/\/www.montalegre.org\/2011\/03\/restaurant-i-harmonitzant-els-colors\/rehabilitacio-3\/\"><img loading=\"lazy\" decoding=\"async\" aria-describedby=\"caption-attachment-3079\" class=\"size-thumbnail wp-image-3079\" title=\"rehabilitaci\u00f3 3\" src=\"http:\/\/www.montalegre.org\/wp-content\/uploads\/2011\/03\/rehabilitaci\u00f3-3-150x150.jpg\" alt=\"\" width=\"150\" height=\"150\" \/><\/a><p id=\"caption-attachment-3079\" class=\"wp-caption-text\">El Sr. Luque en l&#39;entrevista<\/p><\/div>\n<p>En cualquier caso, en esta escalada el Sr. Luque tiene a los \u00c1ngeles custodios haciendo horas extras&#8230;. pens\u00e9.\u00a0 Subido arriba del todo, le izan como si fuere agua de un pozo, en una lata vac\u00eda de pintura, todos los instrumentos de trabajo: la pintura, los pinceles, y otras cosas \u00fatiles como las gafas, la luz, la madera de medir para tirar la ralla, entre otras.\u00a0<\/p>\n<p>&#8211;\u00a0\u00a0\u00a0\u00bfY el salm\u00f3n, qu\u00e9?<\/p>\n<p>&#8211;\u00a0\u00a0\u00a0A.L. Es un color que no desdice del color dorado de la hornacina, al principio puede parecer un color sorprendente pero cuando est\u00e9 todo acabado observar\u00e1s una mejora notable del conjunto.<\/p>\n<p>&#8211;\u00a0\u00a0\u00a0 \u00bfHabr\u00e1 m\u00e1s rehabilitaciones?<\/p>\n<p>&#8211;\u00a0\u00a0\u00a0A.L. es muy probable que s\u00ed, adem\u00e1s es necesario hacerlas, hay paredes donde se aprecia el paso del tiempo, y la lluvia&#8230; no obstante para ello hace falta un mecenas \u00a0pues la obra ser\u00e1 de gran magnitud.\u00a0<\/p>\n<p>Hablamos tambi\u00e9n de la capilla de la Milagrosa. All\u00ed el Sr. Luque, en el oto\u00f1o del a\u00f1o pasado y en un solo d\u00eda! restaur\u00f3 todos los soportes de los capiteles. Los 12 capiteles originariamente eran dorados pero en el a\u00f1o 1986 los\u00a0 repintaron de gris, igual que los arcos, oscureciendo as\u00ed\u00a0 su presencia. Ahora, la pintura acr\u00edlica con oro, haciendo relieves de metal, le da una apariencia como si fueran de hierro dorado; tambi\u00e9n aprovech\u00f3 la ocasi\u00f3n para hacer unos peque\u00f1os arreglos en el m\u00e1rmol rosa de les paredes.\u00a0<\/p>\n<div id=\"attachment_3081\" style=\"width: 160px\" class=\"wp-caption alignright\"><a rel=\"attachment wp-att-3081\" href=\"http:\/\/www.montalegre.org\/2011\/03\/restaurant-i-harmonitzant-els-colors\/rehabilitacio-5\/\"><img loading=\"lazy\" decoding=\"async\" aria-describedby=\"caption-attachment-3081\" class=\"size-thumbnail wp-image-3081\" title=\"rehabilitacio 5\" src=\"http:\/\/www.montalegre.org\/wp-content\/uploads\/2011\/03\/rehabilitacio-5-150x150.jpg\" alt=\"\" width=\"150\" height=\"150\" \/><\/a><p id=\"caption-attachment-3081\" class=\"wp-caption-text\">Capitell de la Miraculosa<\/p><\/div>\n<p>Dej\u00e9 al maestro pintor ejerciendo, encaramado arriba del todo, casi tocando el cielo, pintando con la mano derecha y con la mano izquierda, con un pulso firme. \u00a0Entonces me vino a la memoria que aquel d\u00eda 23 en el que se instal\u00f3 el andamio \u00a0<em>La Teresa<\/em> miraba como yo hacia el techo y me comentaba \u201cest\u00e1 igual, las vigas est\u00e1n bien, no hay ninguna rota&#8230;\u201d. Se refer\u00eda al artesonado situado al final del templo. Ella\u00a0 entr\u00f3 en la Casa de La Caridad en el a\u00f1o 1942 cuando ten\u00eda 9 a\u00f1os y\u00a0 sali\u00f3 los 21, para <em>ir a servir<\/em>, como muchas j\u00f3venes de aquella \u00e9poca. Y tiene la costumbre de venir a Montalegre el d\u00eda 23 de cada mes para rezar por el alma de una persona que le fue muy benefactora. Ella, como muchos fieles de la iglesia, tiene una parte de su\u00a0 vida ligada a esta Casa; y <em>La Teresa<\/em> cuando vuelva a venir la ver\u00e1 mejorada, m\u00e1s bonita, a fuerza de la dedicaci\u00f3n y amor de muchas personas que trabajan sin que se note.\u00a0<\/p>\n<p>Isabel Hern\u00e1ndez Esteban<\/p>\n","protected":false},"excerpt":{"rendered":"<p>El 23 de febrero se\u00a0 inici\u00f3 la tercera fase de la rehabilitaci\u00f3n de las pinturas de la iglesia, a cargo del maestro pintor de Terrassa Sr. Antonio Luque Castro, fiel colaborador, el cual realiz\u00f3 los primeros trabajos en el mes de marzo de 2009 con la rehabilitaci\u00f3n de las cenefas de la nave central. Este [&hellip;]<\/p>\n","protected":false},"author":4,"featured_media":0,"comment_status":"open","ping_status":"open","sticky":false,"template":"","format":"standard","meta":{"footnotes":""},"categories":[1],"tags":[],"class_list":["post-3060","post","type-post","status-publish","format-standard","hentry","category-noticias-de-montalegre"],"yoast_head":"<!-- This site is optimized with the Yoast SEO plugin v27.1.1 - https:\/\/yoast.com\/product\/yoast-seo-wordpress\/ -->\n<title>Restaurando y armonizando los colores  - Montalegre<\/title>\n<meta name=\"robots\" content=\"index, follow, max-snippet:-1, max-image-preview:large, max-video-preview:-1\" \/>\n<link rel=\"canonical\" href=\"https:\/\/www.montalegre.org\/es\/2011\/03\/restaurando-y-armonizando-los-colores\/\" \/>\n<meta property=\"og:locale\" content=\"es_ES\" \/>\n<meta property=\"og:type\" content=\"article\" \/>\n<meta property=\"og:title\" content=\"Restaurando y armonizando los colores  - Montalegre\" \/>\n<meta property=\"og:description\" content=\"El 23 de febrero se\u00a0 inici\u00f3 la tercera fase de la rehabilitaci\u00f3n de las pinturas de la iglesia, a cargo del maestro pintor de Terrassa Sr. Antonio Luque Castro, fiel colaborador, el cual realiz\u00f3 los primeros trabajos en el mes de marzo de 2009 con la rehabilitaci\u00f3n de las cenefas de la nave central. Este [&hellip;]\" \/>\n<meta property=\"og:url\" content=\"https:\/\/www.montalegre.org\/es\/2011\/03\/restaurando-y-armonizando-los-colores\/\" \/>\n<meta property=\"og:site_name\" content=\"Montalegre\" \/>\n<meta property=\"article:published_time\" content=\"2011-03-13T22:36:03+00:00\" \/>\n<meta property=\"article:modified_time\" content=\"2011-03-25T11:27:37+00:00\" \/>\n<meta property=\"og:image\" content=\"http:\/\/www.montalegre.org\/wp-content\/uploads\/2011\/03\/rehabilitacio-1.jpg\" \/>\n<meta name=\"author\" content=\"montalegre\" \/>\n<meta name=\"twitter:card\" content=\"summary_large_image\" \/>\n<meta name=\"twitter:label1\" content=\"Escrito por\" \/>\n\t<meta name=\"twitter:data1\" content=\"montalegre\" \/>\n\t<meta name=\"twitter:label2\" content=\"Tiempo de lectura\" \/>\n\t<meta name=\"twitter:data2\" content=\"5 minutos\" \/>\n<script type=\"application\/ld+json\" class=\"yoast-schema-graph\">{\"@context\":\"https:\/\/schema.org\",\"@graph\":[{\"@type\":\"Article\",\"@id\":\"https:\/\/www.montalegre.org\/es\/2011\/03\/restaurando-y-armonizando-los-colores\/#article\",\"isPartOf\":{\"@id\":\"https:\/\/www.montalegre.org\/es\/2011\/03\/restaurando-y-armonizando-los-colores\/\"},\"author\":{\"name\":\"montalegre\",\"@id\":\"https:\/\/www.montalegre.org\/es\/#\/schema\/person\/fa12d4cf3a3f1735a9176b4fafd6a633\"},\"headline\":\"Restaurando y armonizando los colores\",\"datePublished\":\"2011-03-13T22:36:03+00:00\",\"dateModified\":\"2011-03-25T11:27:37+00:00\",\"mainEntityOfPage\":{\"@id\":\"https:\/\/www.montalegre.org\/es\/2011\/03\/restaurando-y-armonizando-los-colores\/\"},\"wordCount\":928,\"commentCount\":0,\"image\":{\"@id\":\"https:\/\/www.montalegre.org\/es\/2011\/03\/restaurando-y-armonizando-los-colores\/#primaryimage\"},\"thumbnailUrl\":\"http:\/\/www.montalegre.org\/wp-content\/uploads\/2011\/03\/rehabilitacio-1.jpg\",\"articleSection\":[\"Noticias de Montalegre\"],\"inLanguage\":\"es\",\"potentialAction\":[{\"@type\":\"CommentAction\",\"name\":\"Comment\",\"target\":[\"https:\/\/www.montalegre.org\/es\/2011\/03\/restaurando-y-armonizando-los-colores\/#respond\"]}]},{\"@type\":\"WebPage\",\"@id\":\"https:\/\/www.montalegre.org\/es\/2011\/03\/restaurando-y-armonizando-los-colores\/\",\"url\":\"https:\/\/www.montalegre.org\/es\/2011\/03\/restaurando-y-armonizando-los-colores\/\",\"name\":\"Restaurando y armonizando los colores - Montalegre\",\"isPartOf\":{\"@id\":\"https:\/\/www.montalegre.org\/es\/#website\"},\"primaryImageOfPage\":{\"@id\":\"https:\/\/www.montalegre.org\/es\/2011\/03\/restaurando-y-armonizando-los-colores\/#primaryimage\"},\"image\":{\"@id\":\"https:\/\/www.montalegre.org\/es\/2011\/03\/restaurando-y-armonizando-los-colores\/#primaryimage\"},\"thumbnailUrl\":\"http:\/\/www.montalegre.org\/wp-content\/uploads\/2011\/03\/rehabilitacio-1.jpg\",\"datePublished\":\"2011-03-13T22:36:03+00:00\",\"dateModified\":\"2011-03-25T11:27:37+00:00\",\"author\":{\"@id\":\"https:\/\/www.montalegre.org\/es\/#\/schema\/person\/fa12d4cf3a3f1735a9176b4fafd6a633\"},\"breadcrumb\":{\"@id\":\"https:\/\/www.montalegre.org\/es\/2011\/03\/restaurando-y-armonizando-los-colores\/#breadcrumb\"},\"inLanguage\":\"es\",\"potentialAction\":[{\"@type\":\"ReadAction\",\"target\":[\"https:\/\/www.montalegre.org\/es\/2011\/03\/restaurando-y-armonizando-los-colores\/\"]}]},{\"@type\":\"ImageObject\",\"inLanguage\":\"es\",\"@id\":\"https:\/\/www.montalegre.org\/es\/2011\/03\/restaurando-y-armonizando-los-colores\/#primaryimage\",\"url\":\"http:\/\/www.montalegre.org\/wp-content\/uploads\/2011\/03\/rehabilitacio-1.jpg\",\"contentUrl\":\"http:\/\/www.montalegre.org\/wp-content\/uploads\/2011\/03\/rehabilitacio-1.jpg\"},{\"@type\":\"BreadcrumbList\",\"@id\":\"https:\/\/www.montalegre.org\/es\/2011\/03\/restaurando-y-armonizando-los-colores\/#breadcrumb\",\"itemListElement\":[{\"@type\":\"ListItem\",\"position\":1,\"name\":\"Portada\",\"item\":\"https:\/\/www.montalegre.org\/es\/\"},{\"@type\":\"ListItem\",\"position\":2,\"name\":\"Restaurando y armonizando los colores\"}]},{\"@type\":\"WebSite\",\"@id\":\"https:\/\/www.montalegre.org\/es\/#website\",\"url\":\"https:\/\/www.montalegre.org\/es\/\",\"name\":\"Montalegre\",\"description\":\"\",\"potentialAction\":[{\"@type\":\"SearchAction\",\"target\":{\"@type\":\"EntryPoint\",\"urlTemplate\":\"https:\/\/www.montalegre.org\/es\/?s={search_term_string}\"},\"query-input\":{\"@type\":\"PropertyValueSpecification\",\"valueRequired\":true,\"valueName\":\"search_term_string\"}}],\"inLanguage\":\"es\"},{\"@type\":\"Person\",\"@id\":\"https:\/\/www.montalegre.org\/es\/#\/schema\/person\/fa12d4cf3a3f1735a9176b4fafd6a633\",\"name\":\"montalegre\",\"image\":{\"@type\":\"ImageObject\",\"inLanguage\":\"es\",\"@id\":\"https:\/\/www.montalegre.org\/es\/#\/schema\/person\/image\/\",\"url\":\"https:\/\/secure.gravatar.com\/avatar\/fe6d886cf5081e723c666dceda1f12d4f39070fa2ed4e79695edc3ca355c9b5a?s=96&d=mm&r=g\",\"contentUrl\":\"https:\/\/secure.gravatar.com\/avatar\/fe6d886cf5081e723c666dceda1f12d4f39070fa2ed4e79695edc3ca355c9b5a?s=96&d=mm&r=g\",\"caption\":\"montalegre\"},\"url\":\"https:\/\/www.montalegre.org\/es\/author\/montalegre\/\"}]}<\/script>\n<!-- \/ Yoast SEO plugin. -->","yoast_head_json":{"title":"Restaurando y armonizando los colores  - Montalegre","robots":{"index":"index","follow":"follow","max-snippet":"max-snippet:-1","max-image-preview":"max-image-preview:large","max-video-preview":"max-video-preview:-1"},"canonical":"https:\/\/www.montalegre.org\/es\/2011\/03\/restaurando-y-armonizando-los-colores\/","og_locale":"es_ES","og_type":"article","og_title":"Restaurando y armonizando los colores  - Montalegre","og_description":"El 23 de febrero se\u00a0 inici\u00f3 la tercera fase de la rehabilitaci\u00f3n de las pinturas de la iglesia, a cargo del maestro pintor de Terrassa Sr. Antonio Luque Castro, fiel colaborador, el cual realiz\u00f3 los primeros trabajos en el mes de marzo de 2009 con la rehabilitaci\u00f3n de las cenefas de la nave central. Este [&hellip;]","og_url":"https:\/\/www.montalegre.org\/es\/2011\/03\/restaurando-y-armonizando-los-colores\/","og_site_name":"Montalegre","article_published_time":"2011-03-13T22:36:03+00:00","article_modified_time":"2011-03-25T11:27:37+00:00","og_image":[{"url":"http:\/\/www.montalegre.org\/wp-content\/uploads\/2011\/03\/rehabilitacio-1.jpg","type":"","width":"","height":""}],"author":"montalegre","twitter_card":"summary_large_image","twitter_misc":{"Escrito por":"montalegre","Tiempo de lectura":"5 minutos"},"schema":{"@context":"https:\/\/schema.org","@graph":[{"@type":"Article","@id":"https:\/\/www.montalegre.org\/es\/2011\/03\/restaurando-y-armonizando-los-colores\/#article","isPartOf":{"@id":"https:\/\/www.montalegre.org\/es\/2011\/03\/restaurando-y-armonizando-los-colores\/"},"author":{"name":"montalegre","@id":"https:\/\/www.montalegre.org\/es\/#\/schema\/person\/fa12d4cf3a3f1735a9176b4fafd6a633"},"headline":"Restaurando y armonizando los colores","datePublished":"2011-03-13T22:36:03+00:00","dateModified":"2011-03-25T11:27:37+00:00","mainEntityOfPage":{"@id":"https:\/\/www.montalegre.org\/es\/2011\/03\/restaurando-y-armonizando-los-colores\/"},"wordCount":928,"commentCount":0,"image":{"@id":"https:\/\/www.montalegre.org\/es\/2011\/03\/restaurando-y-armonizando-los-colores\/#primaryimage"},"thumbnailUrl":"http:\/\/www.montalegre.org\/wp-content\/uploads\/2011\/03\/rehabilitacio-1.jpg","articleSection":["Noticias de Montalegre"],"inLanguage":"es","potentialAction":[{"@type":"CommentAction","name":"Comment","target":["https:\/\/www.montalegre.org\/es\/2011\/03\/restaurando-y-armonizando-los-colores\/#respond"]}]},{"@type":"WebPage","@id":"https:\/\/www.montalegre.org\/es\/2011\/03\/restaurando-y-armonizando-los-colores\/","url":"https:\/\/www.montalegre.org\/es\/2011\/03\/restaurando-y-armonizando-los-colores\/","name":"Restaurando y armonizando los colores - Montalegre","isPartOf":{"@id":"https:\/\/www.montalegre.org\/es\/#website"},"primaryImageOfPage":{"@id":"https:\/\/www.montalegre.org\/es\/2011\/03\/restaurando-y-armonizando-los-colores\/#primaryimage"},"image":{"@id":"https:\/\/www.montalegre.org\/es\/2011\/03\/restaurando-y-armonizando-los-colores\/#primaryimage"},"thumbnailUrl":"http:\/\/www.montalegre.org\/wp-content\/uploads\/2011\/03\/rehabilitacio-1.jpg","datePublished":"2011-03-13T22:36:03+00:00","dateModified":"2011-03-25T11:27:37+00:00","author":{"@id":"https:\/\/www.montalegre.org\/es\/#\/schema\/person\/fa12d4cf3a3f1735a9176b4fafd6a633"},"breadcrumb":{"@id":"https:\/\/www.montalegre.org\/es\/2011\/03\/restaurando-y-armonizando-los-colores\/#breadcrumb"},"inLanguage":"es","potentialAction":[{"@type":"ReadAction","target":["https:\/\/www.montalegre.org\/es\/2011\/03\/restaurando-y-armonizando-los-colores\/"]}]},{"@type":"ImageObject","inLanguage":"es","@id":"https:\/\/www.montalegre.org\/es\/2011\/03\/restaurando-y-armonizando-los-colores\/#primaryimage","url":"http:\/\/www.montalegre.org\/wp-content\/uploads\/2011\/03\/rehabilitacio-1.jpg","contentUrl":"http:\/\/www.montalegre.org\/wp-content\/uploads\/2011\/03\/rehabilitacio-1.jpg"},{"@type":"BreadcrumbList","@id":"https:\/\/www.montalegre.org\/es\/2011\/03\/restaurando-y-armonizando-los-colores\/#breadcrumb","itemListElement":[{"@type":"ListItem","position":1,"name":"Portada","item":"https:\/\/www.montalegre.org\/es\/"},{"@type":"ListItem","position":2,"name":"Restaurando y armonizando los colores"}]},{"@type":"WebSite","@id":"https:\/\/www.montalegre.org\/es\/#website","url":"https:\/\/www.montalegre.org\/es\/","name":"Montalegre","description":"","potentialAction":[{"@type":"SearchAction","target":{"@type":"EntryPoint","urlTemplate":"https:\/\/www.montalegre.org\/es\/?s={search_term_string}"},"query-input":{"@type":"PropertyValueSpecification","valueRequired":true,"valueName":"search_term_string"}}],"inLanguage":"es"},{"@type":"Person","@id":"https:\/\/www.montalegre.org\/es\/#\/schema\/person\/fa12d4cf3a3f1735a9176b4fafd6a633","name":"montalegre","image":{"@type":"ImageObject","inLanguage":"es","@id":"https:\/\/www.montalegre.org\/es\/#\/schema\/person\/image\/","url":"https:\/\/secure.gravatar.com\/avatar\/fe6d886cf5081e723c666dceda1f12d4f39070fa2ed4e79695edc3ca355c9b5a?s=96&d=mm&r=g","contentUrl":"https:\/\/secure.gravatar.com\/avatar\/fe6d886cf5081e723c666dceda1f12d4f39070fa2ed4e79695edc3ca355c9b5a?s=96&d=mm&r=g","caption":"montalegre"},"url":"https:\/\/www.montalegre.org\/es\/author\/montalegre\/"}]}},"_links":{"self":[{"href":"https:\/\/www.montalegre.org\/es\/wp-json\/wp\/v2\/posts\/3060","targetHints":{"allow":["GET"]}}],"collection":[{"href":"https:\/\/www.montalegre.org\/es\/wp-json\/wp\/v2\/posts"}],"about":[{"href":"https:\/\/www.montalegre.org\/es\/wp-json\/wp\/v2\/types\/post"}],"author":[{"embeddable":true,"href":"https:\/\/www.montalegre.org\/es\/wp-json\/wp\/v2\/users\/4"}],"replies":[{"embeddable":true,"href":"https:\/\/www.montalegre.org\/es\/wp-json\/wp\/v2\/comments?post=3060"}],"version-history":[{"count":10,"href":"https:\/\/www.montalegre.org\/es\/wp-json\/wp\/v2\/posts\/3060\/revisions"}],"predecessor-version":[{"id":3129,"href":"https:\/\/www.montalegre.org\/es\/wp-json\/wp\/v2\/posts\/3060\/revisions\/3129"}],"wp:attachment":[{"href":"https:\/\/www.montalegre.org\/es\/wp-json\/wp\/v2\/media?parent=3060"}],"wp:term":[{"taxonomy":"category","embeddable":true,"href":"https:\/\/www.montalegre.org\/es\/wp-json\/wp\/v2\/categories?post=3060"},{"taxonomy":"post_tag","embeddable":true,"href":"https:\/\/www.montalegre.org\/es\/wp-json\/wp\/v2\/tags?post=3060"}],"curies":[{"name":"wp","href":"https:\/\/api.w.org\/{rel}","templated":true}]}}