{"id":2931,"date":"2011-02-13T16:56:38","date_gmt":"2011-02-13T16:56:38","guid":{"rendered":"http:\/\/www.montalegre.org\/?p=2931"},"modified":"2011-02-13T17:06:27","modified_gmt":"2011-02-13T17:06:27","slug":"los-peregrinajes-son-como-oasis-para-los-cristianos","status":"publish","type":"post","link":"https:\/\/www.montalegre.org\/es\/2011\/02\/los-peregrinajes-son-como-oasis-para-los-cristianos\/","title":{"rendered":"Los peregrinajes son como oasis para los cristianos"},"content":{"rendered":"<div class=\"mceTemp\">\n<div id=\"attachment_2928\" style=\"width: 160px\" class=\"wp-caption alignleft\"><a rel=\"attachment wp-att-2928\" href=\"http:\/\/www.montalegre.org\/2011\/02\/els-pelegrinatges-son-com-un-oasis-pels-cristians\/peregrins-lourdes\/\"><img loading=\"lazy\" decoding=\"async\" aria-describedby=\"caption-attachment-2928\" class=\"size-thumbnail wp-image-2928\" title=\"peregrins lourdes\" src=\"http:\/\/www.montalegre.org\/wp-content\/uploads\/2011\/02\/peregrins-lourdes-150x150.jpg\" alt=\"\" width=\"150\" height=\"150\" \/><\/a><p id=\"caption-attachment-2928\" class=\"wp-caption-text\">Peregrins en Lourdes, febrer 2009<\/p><\/div>\n<p>En el a\u00f1o 2008 iniciamos un recorrido de\u00a0peregrinaciones a los lugares donde la Virgen Sant\u00edsima se la siente vivamente, donde su presencia es tangible. As\u00ed y en estos d\u00edas se cumplen ya dos a\u00f1os de\u00a0 nuestra primera peregrinaci\u00f3n al santuario de la Virgen de Lourdes (Francia), fuimos un grupo numeroso de entusiastas, en autocar y durante tres d\u00edas. All\u00ed en pleno invierno sentimos el abrigo de la Nuestra Madre del cielo. Posteriormente, en el mes de mayo del 2009, pasamos un d\u00eda de excursi\u00f3n en el santuario de la Nuestra Se\u00f1ora de Montserrat y sus alrededores; y m\u00e1s recientemente en el mes mayo del 2010, siguiendo los pasos del Santo Padre, Benedicto XVI, fuimos a F\u00e1tima (Portugal). Aquellos santuarios han sido y son islas u oasis para los cristianos, como as\u00ed lo dice el Santo Padre en la entrevista de Peter Seewald:<\/p><\/div>\n<p><em>\u201cRealmente necesitamos en cierta manera islas donde vivan e irradien la fe en Dios y la sencillez interior del cristianismo; oasis, arcas de No\u00e9 en las que el hombre pueda refugiarse siempre de nuevo. Los espacios de la liturgia son espacios de refugio. Pero tambi\u00e9n lo son las diferentes comunidades y los diferentes movimientos, las parroquias, las celebraciones de los sacramentos, las practicas de piedad, los peregrinajes, etc\u00e9tera.\u201d<\/em> (<em>La luz de mundo<\/em>. Editorial Herder, \u00faltimo p\u00e1rrafo del cap\u00edtulo 17).<\/p>\n<p>\u00a0Servicios Informativos Montalegre<\/p>\n","protected":false},"excerpt":{"rendered":"<p>En el a\u00f1o 2008 iniciamos un recorrido de\u00a0peregrinaciones a los lugares donde la Virgen Sant\u00edsima se la siente vivamente, donde su presencia es tangible. As\u00ed y en estos d\u00edas se cumplen ya dos a\u00f1os de\u00a0 nuestra primera peregrinaci\u00f3n al santuario de la Virgen de Lourdes (Francia), fuimos un grupo numeroso de entusiastas, en autocar y [&hellip;]<\/p>\n","protected":false},"author":4,"featured_media":0,"comment_status":"open","ping_status":"open","sticky":false,"template":"","format":"standard","meta":{"footnotes":""},"categories":[1],"tags":[],"class_list":["post-2931","post","type-post","status-publish","format-standard","hentry","category-noticias-de-montalegre"],"yoast_head":"<!-- This site is optimized with the Yoast SEO plugin v27.1.1 - https:\/\/yoast.com\/product\/yoast-seo-wordpress\/ -->\n<title>Los peregrinajes son como oasis para los cristianos - Montalegre<\/title>\n<meta name=\"robots\" content=\"index, follow, max-snippet:-1, max-image-preview:large, max-video-preview:-1\" \/>\n<link rel=\"canonical\" href=\"https:\/\/www.montalegre.org\/es\/2011\/02\/los-peregrinajes-son-como-oasis-para-los-cristianos\/\" \/>\n<meta property=\"og:locale\" content=\"es_ES\" \/>\n<meta property=\"og:type\" content=\"article\" \/>\n<meta property=\"og:title\" content=\"Los peregrinajes son como oasis para los cristianos - Montalegre\" \/>\n<meta property=\"og:description\" content=\"En el a\u00f1o 2008 iniciamos un recorrido de\u00a0peregrinaciones a los lugares donde la Virgen Sant\u00edsima se la siente vivamente, donde su presencia es tangible. As\u00ed y en estos d\u00edas se cumplen ya dos a\u00f1os de\u00a0 nuestra primera peregrinaci\u00f3n al santuario de la Virgen de Lourdes (Francia), fuimos un grupo numeroso de entusiastas, en autocar y [&hellip;]\" \/>\n<meta property=\"og:url\" content=\"https:\/\/www.montalegre.org\/es\/2011\/02\/los-peregrinajes-son-como-oasis-para-los-cristianos\/\" \/>\n<meta property=\"og:site_name\" content=\"Montalegre\" \/>\n<meta property=\"article:published_time\" content=\"2011-02-13T16:56:38+00:00\" \/>\n<meta property=\"article:modified_time\" content=\"2011-02-13T17:06:27+00:00\" \/>\n<meta property=\"og:image\" content=\"http:\/\/www.montalegre.org\/wp-content\/uploads\/2011\/02\/peregrins-lourdes-150x150.jpg\" \/>\n<meta name=\"author\" content=\"montalegre\" \/>\n<meta name=\"twitter:card\" content=\"summary_large_image\" \/>\n<meta name=\"twitter:label1\" content=\"Escrito por\" \/>\n\t<meta name=\"twitter:data1\" content=\"montalegre\" \/>\n\t<meta name=\"twitter:label2\" content=\"Tiempo de lectura\" \/>\n\t<meta name=\"twitter:data2\" content=\"1 minuto\" \/>\n<script type=\"application\/ld+json\" class=\"yoast-schema-graph\">{\"@context\":\"https:\/\/schema.org\",\"@graph\":[{\"@type\":\"Article\",\"@id\":\"https:\/\/www.montalegre.org\/es\/2011\/02\/los-peregrinajes-son-como-oasis-para-los-cristianos\/#article\",\"isPartOf\":{\"@id\":\"https:\/\/www.montalegre.org\/es\/2011\/02\/los-peregrinajes-son-como-oasis-para-los-cristianos\/\"},\"author\":{\"name\":\"montalegre\",\"@id\":\"https:\/\/www.montalegre.org\/es\/#\/schema\/person\/fa12d4cf3a3f1735a9176b4fafd6a633\"},\"headline\":\"Los peregrinajes son como oasis para los cristianos\",\"datePublished\":\"2011-02-13T16:56:38+00:00\",\"dateModified\":\"2011-02-13T17:06:27+00:00\",\"mainEntityOfPage\":{\"@id\":\"https:\/\/www.montalegre.org\/es\/2011\/02\/los-peregrinajes-son-como-oasis-para-los-cristianos\/\"},\"wordCount\":256,\"commentCount\":0,\"image\":{\"@id\":\"https:\/\/www.montalegre.org\/es\/2011\/02\/los-peregrinajes-son-como-oasis-para-los-cristianos\/#primaryimage\"},\"thumbnailUrl\":\"http:\/\/www.montalegre.org\/wp-content\/uploads\/2011\/02\/peregrins-lourdes-150x150.jpg\",\"articleSection\":[\"Noticias de Montalegre\"],\"inLanguage\":\"es\",\"potentialAction\":[{\"@type\":\"CommentAction\",\"name\":\"Comment\",\"target\":[\"https:\/\/www.montalegre.org\/es\/2011\/02\/los-peregrinajes-son-como-oasis-para-los-cristianos\/#respond\"]}]},{\"@type\":\"WebPage\",\"@id\":\"https:\/\/www.montalegre.org\/es\/2011\/02\/los-peregrinajes-son-como-oasis-para-los-cristianos\/\",\"url\":\"https:\/\/www.montalegre.org\/es\/2011\/02\/los-peregrinajes-son-como-oasis-para-los-cristianos\/\",\"name\":\"Los peregrinajes son como oasis para los cristianos - Montalegre\",\"isPartOf\":{\"@id\":\"https:\/\/www.montalegre.org\/es\/#website\"},\"primaryImageOfPage\":{\"@id\":\"https:\/\/www.montalegre.org\/es\/2011\/02\/los-peregrinajes-son-como-oasis-para-los-cristianos\/#primaryimage\"},\"image\":{\"@id\":\"https:\/\/www.montalegre.org\/es\/2011\/02\/los-peregrinajes-son-como-oasis-para-los-cristianos\/#primaryimage\"},\"thumbnailUrl\":\"http:\/\/www.montalegre.org\/wp-content\/uploads\/2011\/02\/peregrins-lourdes-150x150.jpg\",\"datePublished\":\"2011-02-13T16:56:38+00:00\",\"dateModified\":\"2011-02-13T17:06:27+00:00\",\"author\":{\"@id\":\"https:\/\/www.montalegre.org\/es\/#\/schema\/person\/fa12d4cf3a3f1735a9176b4fafd6a633\"},\"breadcrumb\":{\"@id\":\"https:\/\/www.montalegre.org\/es\/2011\/02\/los-peregrinajes-son-como-oasis-para-los-cristianos\/#breadcrumb\"},\"inLanguage\":\"es\",\"potentialAction\":[{\"@type\":\"ReadAction\",\"target\":[\"https:\/\/www.montalegre.org\/es\/2011\/02\/los-peregrinajes-son-como-oasis-para-los-cristianos\/\"]}]},{\"@type\":\"ImageObject\",\"inLanguage\":\"es\",\"@id\":\"https:\/\/www.montalegre.org\/es\/2011\/02\/los-peregrinajes-son-como-oasis-para-los-cristianos\/#primaryimage\",\"url\":\"http:\/\/www.montalegre.org\/wp-content\/uploads\/2011\/02\/peregrins-lourdes-150x150.jpg\",\"contentUrl\":\"http:\/\/www.montalegre.org\/wp-content\/uploads\/2011\/02\/peregrins-lourdes-150x150.jpg\"},{\"@type\":\"BreadcrumbList\",\"@id\":\"https:\/\/www.montalegre.org\/es\/2011\/02\/los-peregrinajes-son-como-oasis-para-los-cristianos\/#breadcrumb\",\"itemListElement\":[{\"@type\":\"ListItem\",\"position\":1,\"name\":\"Portada\",\"item\":\"https:\/\/www.montalegre.org\/es\/\"},{\"@type\":\"ListItem\",\"position\":2,\"name\":\"Los peregrinajes son como oasis para los cristianos\"}]},{\"@type\":\"WebSite\",\"@id\":\"https:\/\/www.montalegre.org\/es\/#website\",\"url\":\"https:\/\/www.montalegre.org\/es\/\",\"name\":\"Montalegre\",\"description\":\"\",\"potentialAction\":[{\"@type\":\"SearchAction\",\"target\":{\"@type\":\"EntryPoint\",\"urlTemplate\":\"https:\/\/www.montalegre.org\/es\/?s={search_term_string}\"},\"query-input\":{\"@type\":\"PropertyValueSpecification\",\"valueRequired\":true,\"valueName\":\"search_term_string\"}}],\"inLanguage\":\"es\"},{\"@type\":\"Person\",\"@id\":\"https:\/\/www.montalegre.org\/es\/#\/schema\/person\/fa12d4cf3a3f1735a9176b4fafd6a633\",\"name\":\"montalegre\",\"image\":{\"@type\":\"ImageObject\",\"inLanguage\":\"es\",\"@id\":\"https:\/\/www.montalegre.org\/es\/#\/schema\/person\/image\/\",\"url\":\"https:\/\/secure.gravatar.com\/avatar\/fe6d886cf5081e723c666dceda1f12d4f39070fa2ed4e79695edc3ca355c9b5a?s=96&d=mm&r=g\",\"contentUrl\":\"https:\/\/secure.gravatar.com\/avatar\/fe6d886cf5081e723c666dceda1f12d4f39070fa2ed4e79695edc3ca355c9b5a?s=96&d=mm&r=g\",\"caption\":\"montalegre\"},\"url\":\"https:\/\/www.montalegre.org\/es\/author\/montalegre\/\"}]}<\/script>\n<!-- \/ Yoast SEO plugin. -->","yoast_head_json":{"title":"Los peregrinajes son como oasis para los cristianos - Montalegre","robots":{"index":"index","follow":"follow","max-snippet":"max-snippet:-1","max-image-preview":"max-image-preview:large","max-video-preview":"max-video-preview:-1"},"canonical":"https:\/\/www.montalegre.org\/es\/2011\/02\/los-peregrinajes-son-como-oasis-para-los-cristianos\/","og_locale":"es_ES","og_type":"article","og_title":"Los peregrinajes son como oasis para los cristianos - Montalegre","og_description":"En el a\u00f1o 2008 iniciamos un recorrido de\u00a0peregrinaciones a los lugares donde la Virgen Sant\u00edsima se la siente vivamente, donde su presencia es tangible. As\u00ed y en estos d\u00edas se cumplen ya dos a\u00f1os de\u00a0 nuestra primera peregrinaci\u00f3n al santuario de la Virgen de Lourdes (Francia), fuimos un grupo numeroso de entusiastas, en autocar y [&hellip;]","og_url":"https:\/\/www.montalegre.org\/es\/2011\/02\/los-peregrinajes-son-como-oasis-para-los-cristianos\/","og_site_name":"Montalegre","article_published_time":"2011-02-13T16:56:38+00:00","article_modified_time":"2011-02-13T17:06:27+00:00","og_image":[{"url":"http:\/\/www.montalegre.org\/wp-content\/uploads\/2011\/02\/peregrins-lourdes-150x150.jpg","type":"","width":"","height":""}],"author":"montalegre","twitter_card":"summary_large_image","twitter_misc":{"Escrito por":"montalegre","Tiempo de lectura":"1 minuto"},"schema":{"@context":"https:\/\/schema.org","@graph":[{"@type":"Article","@id":"https:\/\/www.montalegre.org\/es\/2011\/02\/los-peregrinajes-son-como-oasis-para-los-cristianos\/#article","isPartOf":{"@id":"https:\/\/www.montalegre.org\/es\/2011\/02\/los-peregrinajes-son-como-oasis-para-los-cristianos\/"},"author":{"name":"montalegre","@id":"https:\/\/www.montalegre.org\/es\/#\/schema\/person\/fa12d4cf3a3f1735a9176b4fafd6a633"},"headline":"Los peregrinajes son como oasis para los cristianos","datePublished":"2011-02-13T16:56:38+00:00","dateModified":"2011-02-13T17:06:27+00:00","mainEntityOfPage":{"@id":"https:\/\/www.montalegre.org\/es\/2011\/02\/los-peregrinajes-son-como-oasis-para-los-cristianos\/"},"wordCount":256,"commentCount":0,"image":{"@id":"https:\/\/www.montalegre.org\/es\/2011\/02\/los-peregrinajes-son-como-oasis-para-los-cristianos\/#primaryimage"},"thumbnailUrl":"http:\/\/www.montalegre.org\/wp-content\/uploads\/2011\/02\/peregrins-lourdes-150x150.jpg","articleSection":["Noticias de Montalegre"],"inLanguage":"es","potentialAction":[{"@type":"CommentAction","name":"Comment","target":["https:\/\/www.montalegre.org\/es\/2011\/02\/los-peregrinajes-son-como-oasis-para-los-cristianos\/#respond"]}]},{"@type":"WebPage","@id":"https:\/\/www.montalegre.org\/es\/2011\/02\/los-peregrinajes-son-como-oasis-para-los-cristianos\/","url":"https:\/\/www.montalegre.org\/es\/2011\/02\/los-peregrinajes-son-como-oasis-para-los-cristianos\/","name":"Los peregrinajes son como oasis para los cristianos - Montalegre","isPartOf":{"@id":"https:\/\/www.montalegre.org\/es\/#website"},"primaryImageOfPage":{"@id":"https:\/\/www.montalegre.org\/es\/2011\/02\/los-peregrinajes-son-como-oasis-para-los-cristianos\/#primaryimage"},"image":{"@id":"https:\/\/www.montalegre.org\/es\/2011\/02\/los-peregrinajes-son-como-oasis-para-los-cristianos\/#primaryimage"},"thumbnailUrl":"http:\/\/www.montalegre.org\/wp-content\/uploads\/2011\/02\/peregrins-lourdes-150x150.jpg","datePublished":"2011-02-13T16:56:38+00:00","dateModified":"2011-02-13T17:06:27+00:00","author":{"@id":"https:\/\/www.montalegre.org\/es\/#\/schema\/person\/fa12d4cf3a3f1735a9176b4fafd6a633"},"breadcrumb":{"@id":"https:\/\/www.montalegre.org\/es\/2011\/02\/los-peregrinajes-son-como-oasis-para-los-cristianos\/#breadcrumb"},"inLanguage":"es","potentialAction":[{"@type":"ReadAction","target":["https:\/\/www.montalegre.org\/es\/2011\/02\/los-peregrinajes-son-como-oasis-para-los-cristianos\/"]}]},{"@type":"ImageObject","inLanguage":"es","@id":"https:\/\/www.montalegre.org\/es\/2011\/02\/los-peregrinajes-son-como-oasis-para-los-cristianos\/#primaryimage","url":"http:\/\/www.montalegre.org\/wp-content\/uploads\/2011\/02\/peregrins-lourdes-150x150.jpg","contentUrl":"http:\/\/www.montalegre.org\/wp-content\/uploads\/2011\/02\/peregrins-lourdes-150x150.jpg"},{"@type":"BreadcrumbList","@id":"https:\/\/www.montalegre.org\/es\/2011\/02\/los-peregrinajes-son-como-oasis-para-los-cristianos\/#breadcrumb","itemListElement":[{"@type":"ListItem","position":1,"name":"Portada","item":"https:\/\/www.montalegre.org\/es\/"},{"@type":"ListItem","position":2,"name":"Los peregrinajes son como oasis para los cristianos"}]},{"@type":"WebSite","@id":"https:\/\/www.montalegre.org\/es\/#website","url":"https:\/\/www.montalegre.org\/es\/","name":"Montalegre","description":"","potentialAction":[{"@type":"SearchAction","target":{"@type":"EntryPoint","urlTemplate":"https:\/\/www.montalegre.org\/es\/?s={search_term_string}"},"query-input":{"@type":"PropertyValueSpecification","valueRequired":true,"valueName":"search_term_string"}}],"inLanguage":"es"},{"@type":"Person","@id":"https:\/\/www.montalegre.org\/es\/#\/schema\/person\/fa12d4cf3a3f1735a9176b4fafd6a633","name":"montalegre","image":{"@type":"ImageObject","inLanguage":"es","@id":"https:\/\/www.montalegre.org\/es\/#\/schema\/person\/image\/","url":"https:\/\/secure.gravatar.com\/avatar\/fe6d886cf5081e723c666dceda1f12d4f39070fa2ed4e79695edc3ca355c9b5a?s=96&d=mm&r=g","contentUrl":"https:\/\/secure.gravatar.com\/avatar\/fe6d886cf5081e723c666dceda1f12d4f39070fa2ed4e79695edc3ca355c9b5a?s=96&d=mm&r=g","caption":"montalegre"},"url":"https:\/\/www.montalegre.org\/es\/author\/montalegre\/"}]}},"_links":{"self":[{"href":"https:\/\/www.montalegre.org\/es\/wp-json\/wp\/v2\/posts\/2931","targetHints":{"allow":["GET"]}}],"collection":[{"href":"https:\/\/www.montalegre.org\/es\/wp-json\/wp\/v2\/posts"}],"about":[{"href":"https:\/\/www.montalegre.org\/es\/wp-json\/wp\/v2\/types\/post"}],"author":[{"embeddable":true,"href":"https:\/\/www.montalegre.org\/es\/wp-json\/wp\/v2\/users\/4"}],"replies":[{"embeddable":true,"href":"https:\/\/www.montalegre.org\/es\/wp-json\/wp\/v2\/comments?post=2931"}],"version-history":[{"count":5,"href":"https:\/\/www.montalegre.org\/es\/wp-json\/wp\/v2\/posts\/2931\/revisions"}],"predecessor-version":[{"id":2937,"href":"https:\/\/www.montalegre.org\/es\/wp-json\/wp\/v2\/posts\/2931\/revisions\/2937"}],"wp:attachment":[{"href":"https:\/\/www.montalegre.org\/es\/wp-json\/wp\/v2\/media?parent=2931"}],"wp:term":[{"taxonomy":"category","embeddable":true,"href":"https:\/\/www.montalegre.org\/es\/wp-json\/wp\/v2\/categories?post=2931"},{"taxonomy":"post_tag","embeddable":true,"href":"https:\/\/www.montalegre.org\/es\/wp-json\/wp\/v2\/tags?post=2931"}],"curies":[{"name":"wp","href":"https:\/\/api.w.org\/{rel}","templated":true}]}}