{"id":2805,"date":"2011-01-18T22:10:26","date_gmt":"2011-01-18T22:10:26","guid":{"rendered":"http:\/\/www.montalegre.org\/?p=2805"},"modified":"2011-01-18T22:10:26","modified_gmt":"2011-01-18T22:10:26","slug":"la-candelaria-en-el-punto-medio-entre-el-invierno-y-la-primavera","status":"publish","type":"post","link":"https:\/\/www.montalegre.org\/es\/2011\/01\/la-candelaria-en-el-punto-medio-entre-el-invierno-y-la-primavera\/","title":{"rendered":"La Candelaria, en el punto medio entre el invierno y la primavera"},"content":{"rendered":"<p>\u00a0<\/p>\n<div id=\"attachment_2802\" style=\"width: 256px\" class=\"wp-caption alignleft\"><a rel=\"attachment wp-att-2802\" href=\"http:\/\/www.montalegre.org\/2011\/01\/la-candelera-en-el-punt-mig-entre-l%e2%80%99hivern-i-la-primavera\/presentacio-nen-jesus\/\"><img loading=\"lazy\" decoding=\"async\" aria-describedby=\"caption-attachment-2802\" class=\"size-full wp-image-2802\" title=\"presentaci\u00f3 Nen Jesus\" src=\"http:\/\/www.montalegre.org\/wp-content\/uploads\/2011\/01\/presentaci\u00f3-Nen-Jesus.jpg\" alt=\"\" width=\"246\" height=\"205\" \/><\/a><p id=\"caption-attachment-2802\" class=\"wp-caption-text\">Presentaci\u00f3n del Ni\u00f1o Jes\u00fas en el Templo<\/p><\/div>\n<p>El 2 de febrero, a cuarenta d\u00edas de la Navidad, se celebra la Presentaci\u00f3n del Ni\u00f1o Jes\u00fas en el templo y la Purificaci\u00f3n de la Virgen Mar\u00eda, y de esta manera cumplir con la prescripci\u00f3n de la ley de la Antigua Alianza, recogida en el texto b\u00edblico del Lev\u00edtico. El nombre de Candelaria proviene de otro m\u00e1s antiguo ya que a esta fiesta la llamaban la <strong><em>fiesta de la luz<\/em><\/strong>, refiri\u00e9ndose a que Cristo es la <em>Luz del mundo<\/em>; todo ello se representa actualmente con unas velas que se encienden en muchas de las celebraciones lit\u00fargicas de aquel d\u00eda.\u00a0<\/p>\n<p>En el mundo cristiano esta fiesta se ha ido arraigando e integr\u00e1ndose en las culturas y tradiciones de\u00a0 pa\u00edses, regiones y pueblos, con sus \u00a0caracter\u00edsticas propias. Sus or\u00edgenes m\u00e1s conocidos provienen de las Islas Canarias des del a\u00f1o 1497, pasando al otro lado del Atl\u00e1ntico a M\u00e9xico, Per\u00fa, Chile, Cuba, San Salvador, etc.; en otros lugares de Espa\u00f1a ha arraigado especialmente en diversas poblaciones andaluzas donde encienden grandes hogueras.\u00a0<\/p>\n<p><strong>En el actual 2011, se celebran las fiestas Decenales en Valls<\/strong>\u00a0<\/p>\n<p>En Catalunya, en Valls, capital de la\u00a0 comarca de Alt Camp, se celebra esta fiesta ya que la Virgen de la Candelaria es su protectora desde el siglo XIV, cuando el crecimiento de la poblaci\u00f3n se interrumpi\u00f3 de golpe a causa de una epidemia de peste. Esta epidemia se\u00a0 repiti\u00f3 de forma muy virulenta\u00a0 entre los a\u00f1os 1333 y 1348. Esta devoci\u00f3n de ra\u00edz cristiana se increment\u00f3 con la fundaci\u00f3n de les Fiestas Decenales, debido al legado del beneficiario de la comunidad de los presb\u00edteros de la\u00a0\u00a0\u00a0parroquia de San Joan, Josep Perellada\u00a0Salabert, que se hizo efectivo a su muerte en el a\u00f1o\u00a01788. Su albacea\u00a0 Pau Baldrich i Mart\u00ed \u00a0fue quien materializ\u00f3 su \u00faltima voluntad.<\/p>\n<p>As\u00ed, el d\u00eda 28 de enero de\u00a0\u00a01791, pocos d\u00edas antes de la fiesta de la Virgen, en casa del notario vallense Ignasi Casas, se reunieron una representaci\u00f3n de la comunidad de presb\u00edteros, presidida por el Dr. Jaume Cessat, el Dr. Pau Baldrich y los regidores del ayuntamiento de Valls. Se firm\u00f3 \u00a0el documento que estipulaba que cada diez a\u00f1os se har\u00eda una solemne procesi\u00f3n votiva en honor de la Virgen de la Candelaria. La imagen \u00a0tendr\u00eda que ser porteada por cuatro presb\u00edteros de la ciudad, tendr\u00edan que asistir todos los sacerdotes de la localidad y el ayuntamiento procurar\u00eda que participasen todas las cofrad\u00edas vallenses. Desde entonces, de diez en diez a\u00f1os, la ciudad de Valls ha reafirmado su voto comunitario. Durante las <strong>Fiestas Decenales<\/strong> la ciudad se viste de gala y numerosos actos culturales y l\u00fadicos acompa\u00f1an a los m\u00e1s estrictamente religiosos.<\/p>\n<p><strong>Patrimonio nacional<\/strong><\/p>\n<p>Las <strong><em>Festes Decennals de la Mare de D\u00e9u de la Candela<\/em><\/strong> de Valls el 5 de junio de 1991 fueron declaradas Fiesta Tradicional de Inter\u00e9s Nacional\u00a0 y el 4 de diciembre de\u00a0\u00a02010 fueron declaradas\u00a0\u00a0\u00a0Fiesta Patromonial de Inter\u00e9s Nacional,\u00a0 por parte del Gobierno de la\u00a0 Generalitat de Catalunya.<em>\u00a0<\/em><\/p>\n<p>Servicios Informativos Montalegre<\/p>\n","protected":false},"excerpt":{"rendered":"<p>\u00a0 El 2 de febrero, a cuarenta d\u00edas de la Navidad, se celebra la Presentaci\u00f3n del Ni\u00f1o Jes\u00fas en el templo y la Purificaci\u00f3n de la Virgen Mar\u00eda, y de esta manera cumplir con la prescripci\u00f3n de la ley de la Antigua Alianza, recogida en el texto b\u00edblico del Lev\u00edtico. El nombre de Candelaria proviene [&hellip;]<\/p>\n","protected":false},"author":4,"featured_media":0,"comment_status":"open","ping_status":"open","sticky":false,"template":"","format":"standard","meta":{"footnotes":""},"categories":[1],"tags":[],"class_list":["post-2805","post","type-post","status-publish","format-standard","hentry","category-noticias-de-montalegre"],"yoast_head":"<!-- This site is optimized with the Yoast SEO plugin v27.1.1 - https:\/\/yoast.com\/product\/yoast-seo-wordpress\/ -->\n<title>La Candelaria, en el punto medio entre el invierno y la primavera - Montalegre<\/title>\n<meta name=\"robots\" content=\"index, follow, max-snippet:-1, max-image-preview:large, max-video-preview:-1\" \/>\n<link rel=\"canonical\" href=\"https:\/\/www.montalegre.org\/es\/2011\/01\/la-candelaria-en-el-punto-medio-entre-el-invierno-y-la-primavera\/\" \/>\n<meta property=\"og:locale\" content=\"es_ES\" \/>\n<meta property=\"og:type\" content=\"article\" \/>\n<meta property=\"og:title\" content=\"La Candelaria, en el punto medio entre el invierno y la primavera - Montalegre\" \/>\n<meta property=\"og:description\" content=\"\u00a0 El 2 de febrero, a cuarenta d\u00edas de la Navidad, se celebra la Presentaci\u00f3n del Ni\u00f1o Jes\u00fas en el templo y la Purificaci\u00f3n de la Virgen Mar\u00eda, y de esta manera cumplir con la prescripci\u00f3n de la ley de la Antigua Alianza, recogida en el texto b\u00edblico del Lev\u00edtico. El nombre de Candelaria proviene [&hellip;]\" \/>\n<meta property=\"og:url\" content=\"https:\/\/www.montalegre.org\/es\/2011\/01\/la-candelaria-en-el-punto-medio-entre-el-invierno-y-la-primavera\/\" \/>\n<meta property=\"og:site_name\" content=\"Montalegre\" \/>\n<meta property=\"article:published_time\" content=\"2011-01-18T22:10:26+00:00\" \/>\n<meta property=\"og:image\" content=\"http:\/\/www.montalegre.org\/wp-content\/uploads\/2011\/01\/presentaci\u00f3-Nen-Jesus.jpg\" \/>\n<meta name=\"author\" content=\"montalegre\" \/>\n<meta name=\"twitter:card\" content=\"summary_large_image\" \/>\n<meta name=\"twitter:label1\" content=\"Escrito por\" \/>\n\t<meta name=\"twitter:data1\" content=\"montalegre\" \/>\n\t<meta name=\"twitter:label2\" content=\"Tiempo de lectura\" \/>\n\t<meta name=\"twitter:data2\" content=\"3 minutos\" \/>\n<script type=\"application\/ld+json\" class=\"yoast-schema-graph\">{\"@context\":\"https:\/\/schema.org\",\"@graph\":[{\"@type\":\"Article\",\"@id\":\"https:\/\/www.montalegre.org\/es\/2011\/01\/la-candelaria-en-el-punto-medio-entre-el-invierno-y-la-primavera\/#article\",\"isPartOf\":{\"@id\":\"https:\/\/www.montalegre.org\/es\/2011\/01\/la-candelaria-en-el-punto-medio-entre-el-invierno-y-la-primavera\/\"},\"author\":{\"name\":\"montalegre\",\"@id\":\"https:\/\/www.montalegre.org\/es\/#\/schema\/person\/fa12d4cf3a3f1735a9176b4fafd6a633\"},\"headline\":\"La Candelaria, en el punto medio entre el invierno y la primavera\",\"datePublished\":\"2011-01-18T22:10:26+00:00\",\"mainEntityOfPage\":{\"@id\":\"https:\/\/www.montalegre.org\/es\/2011\/01\/la-candelaria-en-el-punto-medio-entre-el-invierno-y-la-primavera\/\"},\"wordCount\":559,\"commentCount\":0,\"articleSection\":[\"Noticias de Montalegre\"],\"inLanguage\":\"es\",\"potentialAction\":[{\"@type\":\"CommentAction\",\"name\":\"Comment\",\"target\":[\"https:\/\/www.montalegre.org\/es\/2011\/01\/la-candelaria-en-el-punto-medio-entre-el-invierno-y-la-primavera\/#respond\"]}]},{\"@type\":\"WebPage\",\"@id\":\"https:\/\/www.montalegre.org\/es\/2011\/01\/la-candelaria-en-el-punto-medio-entre-el-invierno-y-la-primavera\/\",\"url\":\"https:\/\/www.montalegre.org\/es\/2011\/01\/la-candelaria-en-el-punto-medio-entre-el-invierno-y-la-primavera\/\",\"name\":\"La Candelaria, en el punto medio entre el invierno y la primavera - Montalegre\",\"isPartOf\":{\"@id\":\"https:\/\/www.montalegre.org\/es\/#website\"},\"datePublished\":\"2011-01-18T22:10:26+00:00\",\"author\":{\"@id\":\"https:\/\/www.montalegre.org\/es\/#\/schema\/person\/fa12d4cf3a3f1735a9176b4fafd6a633\"},\"breadcrumb\":{\"@id\":\"https:\/\/www.montalegre.org\/es\/2011\/01\/la-candelaria-en-el-punto-medio-entre-el-invierno-y-la-primavera\/#breadcrumb\"},\"inLanguage\":\"es\",\"potentialAction\":[{\"@type\":\"ReadAction\",\"target\":[\"https:\/\/www.montalegre.org\/es\/2011\/01\/la-candelaria-en-el-punto-medio-entre-el-invierno-y-la-primavera\/\"]}]},{\"@type\":\"BreadcrumbList\",\"@id\":\"https:\/\/www.montalegre.org\/es\/2011\/01\/la-candelaria-en-el-punto-medio-entre-el-invierno-y-la-primavera\/#breadcrumb\",\"itemListElement\":[{\"@type\":\"ListItem\",\"position\":1,\"name\":\"Portada\",\"item\":\"https:\/\/www.montalegre.org\/es\/\"},{\"@type\":\"ListItem\",\"position\":2,\"name\":\"La Candelaria, en el punto medio entre el invierno y la primavera\"}]},{\"@type\":\"WebSite\",\"@id\":\"https:\/\/www.montalegre.org\/es\/#website\",\"url\":\"https:\/\/www.montalegre.org\/es\/\",\"name\":\"Montalegre\",\"description\":\"\",\"potentialAction\":[{\"@type\":\"SearchAction\",\"target\":{\"@type\":\"EntryPoint\",\"urlTemplate\":\"https:\/\/www.montalegre.org\/es\/?s={search_term_string}\"},\"query-input\":{\"@type\":\"PropertyValueSpecification\",\"valueRequired\":true,\"valueName\":\"search_term_string\"}}],\"inLanguage\":\"es\"},{\"@type\":\"Person\",\"@id\":\"https:\/\/www.montalegre.org\/es\/#\/schema\/person\/fa12d4cf3a3f1735a9176b4fafd6a633\",\"name\":\"montalegre\",\"image\":{\"@type\":\"ImageObject\",\"inLanguage\":\"es\",\"@id\":\"https:\/\/www.montalegre.org\/es\/#\/schema\/person\/image\/\",\"url\":\"https:\/\/secure.gravatar.com\/avatar\/fe6d886cf5081e723c666dceda1f12d4f39070fa2ed4e79695edc3ca355c9b5a?s=96&d=mm&r=g\",\"contentUrl\":\"https:\/\/secure.gravatar.com\/avatar\/fe6d886cf5081e723c666dceda1f12d4f39070fa2ed4e79695edc3ca355c9b5a?s=96&d=mm&r=g\",\"caption\":\"montalegre\"},\"url\":\"https:\/\/www.montalegre.org\/es\/author\/montalegre\/\"}]}<\/script>\n<!-- \/ Yoast SEO plugin. -->","yoast_head_json":{"title":"La Candelaria, en el punto medio entre el invierno y la primavera - Montalegre","robots":{"index":"index","follow":"follow","max-snippet":"max-snippet:-1","max-image-preview":"max-image-preview:large","max-video-preview":"max-video-preview:-1"},"canonical":"https:\/\/www.montalegre.org\/es\/2011\/01\/la-candelaria-en-el-punto-medio-entre-el-invierno-y-la-primavera\/","og_locale":"es_ES","og_type":"article","og_title":"La Candelaria, en el punto medio entre el invierno y la primavera - Montalegre","og_description":"\u00a0 El 2 de febrero, a cuarenta d\u00edas de la Navidad, se celebra la Presentaci\u00f3n del Ni\u00f1o Jes\u00fas en el templo y la Purificaci\u00f3n de la Virgen Mar\u00eda, y de esta manera cumplir con la prescripci\u00f3n de la ley de la Antigua Alianza, recogida en el texto b\u00edblico del Lev\u00edtico. El nombre de Candelaria proviene [&hellip;]","og_url":"https:\/\/www.montalegre.org\/es\/2011\/01\/la-candelaria-en-el-punto-medio-entre-el-invierno-y-la-primavera\/","og_site_name":"Montalegre","article_published_time":"2011-01-18T22:10:26+00:00","og_image":[{"url":"http:\/\/www.montalegre.org\/wp-content\/uploads\/2011\/01\/presentaci\u00f3-Nen-Jesus.jpg","type":"","width":"","height":""}],"author":"montalegre","twitter_card":"summary_large_image","twitter_misc":{"Escrito por":"montalegre","Tiempo de lectura":"3 minutos"},"schema":{"@context":"https:\/\/schema.org","@graph":[{"@type":"Article","@id":"https:\/\/www.montalegre.org\/es\/2011\/01\/la-candelaria-en-el-punto-medio-entre-el-invierno-y-la-primavera\/#article","isPartOf":{"@id":"https:\/\/www.montalegre.org\/es\/2011\/01\/la-candelaria-en-el-punto-medio-entre-el-invierno-y-la-primavera\/"},"author":{"name":"montalegre","@id":"https:\/\/www.montalegre.org\/es\/#\/schema\/person\/fa12d4cf3a3f1735a9176b4fafd6a633"},"headline":"La Candelaria, en el punto medio entre el invierno y la primavera","datePublished":"2011-01-18T22:10:26+00:00","mainEntityOfPage":{"@id":"https:\/\/www.montalegre.org\/es\/2011\/01\/la-candelaria-en-el-punto-medio-entre-el-invierno-y-la-primavera\/"},"wordCount":559,"commentCount":0,"articleSection":["Noticias de Montalegre"],"inLanguage":"es","potentialAction":[{"@type":"CommentAction","name":"Comment","target":["https:\/\/www.montalegre.org\/es\/2011\/01\/la-candelaria-en-el-punto-medio-entre-el-invierno-y-la-primavera\/#respond"]}]},{"@type":"WebPage","@id":"https:\/\/www.montalegre.org\/es\/2011\/01\/la-candelaria-en-el-punto-medio-entre-el-invierno-y-la-primavera\/","url":"https:\/\/www.montalegre.org\/es\/2011\/01\/la-candelaria-en-el-punto-medio-entre-el-invierno-y-la-primavera\/","name":"La Candelaria, en el punto medio entre el invierno y la primavera - Montalegre","isPartOf":{"@id":"https:\/\/www.montalegre.org\/es\/#website"},"datePublished":"2011-01-18T22:10:26+00:00","author":{"@id":"https:\/\/www.montalegre.org\/es\/#\/schema\/person\/fa12d4cf3a3f1735a9176b4fafd6a633"},"breadcrumb":{"@id":"https:\/\/www.montalegre.org\/es\/2011\/01\/la-candelaria-en-el-punto-medio-entre-el-invierno-y-la-primavera\/#breadcrumb"},"inLanguage":"es","potentialAction":[{"@type":"ReadAction","target":["https:\/\/www.montalegre.org\/es\/2011\/01\/la-candelaria-en-el-punto-medio-entre-el-invierno-y-la-primavera\/"]}]},{"@type":"BreadcrumbList","@id":"https:\/\/www.montalegre.org\/es\/2011\/01\/la-candelaria-en-el-punto-medio-entre-el-invierno-y-la-primavera\/#breadcrumb","itemListElement":[{"@type":"ListItem","position":1,"name":"Portada","item":"https:\/\/www.montalegre.org\/es\/"},{"@type":"ListItem","position":2,"name":"La Candelaria, en el punto medio entre el invierno y la primavera"}]},{"@type":"WebSite","@id":"https:\/\/www.montalegre.org\/es\/#website","url":"https:\/\/www.montalegre.org\/es\/","name":"Montalegre","description":"","potentialAction":[{"@type":"SearchAction","target":{"@type":"EntryPoint","urlTemplate":"https:\/\/www.montalegre.org\/es\/?s={search_term_string}"},"query-input":{"@type":"PropertyValueSpecification","valueRequired":true,"valueName":"search_term_string"}}],"inLanguage":"es"},{"@type":"Person","@id":"https:\/\/www.montalegre.org\/es\/#\/schema\/person\/fa12d4cf3a3f1735a9176b4fafd6a633","name":"montalegre","image":{"@type":"ImageObject","inLanguage":"es","@id":"https:\/\/www.montalegre.org\/es\/#\/schema\/person\/image\/","url":"https:\/\/secure.gravatar.com\/avatar\/fe6d886cf5081e723c666dceda1f12d4f39070fa2ed4e79695edc3ca355c9b5a?s=96&d=mm&r=g","contentUrl":"https:\/\/secure.gravatar.com\/avatar\/fe6d886cf5081e723c666dceda1f12d4f39070fa2ed4e79695edc3ca355c9b5a?s=96&d=mm&r=g","caption":"montalegre"},"url":"https:\/\/www.montalegre.org\/es\/author\/montalegre\/"}]}},"_links":{"self":[{"href":"https:\/\/www.montalegre.org\/es\/wp-json\/wp\/v2\/posts\/2805","targetHints":{"allow":["GET"]}}],"collection":[{"href":"https:\/\/www.montalegre.org\/es\/wp-json\/wp\/v2\/posts"}],"about":[{"href":"https:\/\/www.montalegre.org\/es\/wp-json\/wp\/v2\/types\/post"}],"author":[{"embeddable":true,"href":"https:\/\/www.montalegre.org\/es\/wp-json\/wp\/v2\/users\/4"}],"replies":[{"embeddable":true,"href":"https:\/\/www.montalegre.org\/es\/wp-json\/wp\/v2\/comments?post=2805"}],"version-history":[{"count":3,"href":"https:\/\/www.montalegre.org\/es\/wp-json\/wp\/v2\/posts\/2805\/revisions"}],"predecessor-version":[{"id":2808,"href":"https:\/\/www.montalegre.org\/es\/wp-json\/wp\/v2\/posts\/2805\/revisions\/2808"}],"wp:attachment":[{"href":"https:\/\/www.montalegre.org\/es\/wp-json\/wp\/v2\/media?parent=2805"}],"wp:term":[{"taxonomy":"category","embeddable":true,"href":"https:\/\/www.montalegre.org\/es\/wp-json\/wp\/v2\/categories?post=2805"},{"taxonomy":"post_tag","embeddable":true,"href":"https:\/\/www.montalegre.org\/es\/wp-json\/wp\/v2\/tags?post=2805"}],"curies":[{"name":"wp","href":"https:\/\/api.w.org\/{rel}","templated":true}]}}