{"id":2702,"date":"2010-12-29T17:33:24","date_gmt":"2010-12-29T17:33:24","guid":{"rendered":"http:\/\/www.montalegre.org\/?p=2702"},"modified":"2010-12-29T17:47:56","modified_gmt":"2010-12-29T17:47:56","slug":"el-modernismo-en-montalegre","status":"publish","type":"post","link":"https:\/\/www.montalegre.org\/es\/2010\/12\/el-modernismo-en-montalegre\/","title":{"rendered":"El Modernismo en Montalegre"},"content":{"rendered":"<div id=\"attachment_2705\" style=\"width: 160px\" class=\"wp-caption alignleft\"><a rel=\"attachment wp-att-2705\" href=\"http:\/\/www.montalegre.org\/2010\/12\/el-modernisme-a-montalegre\/pessebre-ma-10\/\"><img loading=\"lazy\" decoding=\"async\" aria-describedby=\"caption-attachment-2705\" class=\"size-thumbnail wp-image-2705\" title=\"pessebre MA 10\" src=\"http:\/\/www.montalegre.org\/wp-content\/uploads\/2010\/12\/pessebre-MA-10-150x150.jpg\" alt=\"\" width=\"150\" height=\"150\" \/><\/a><p id=\"caption-attachment-2705\" class=\"wp-caption-text\">Nadal 2010 en Montalegre<\/p><\/div>\n<p>Este a\u00f1o el pesebre de la iglesia se instal\u00f3 en el mismo lugar que en la Navidad anterior. Creemos que es el mejor sitio para ubicarlo ya que \u00a0solo al entrar en el templo por la calle Valldonzella se ve de forma muy atractiva. Y como suele pasar en todas partes, cada a\u00f1o <em>el bel\u00e9n <\/em>tiene un aire diferente, tanto si son o no los mismos <em>artistas <\/em>que lo prepararon.\u00a0<\/p>\n<p>Hab\u00edamos visto estas figuras sin decoraci\u00f3n de ning\u00fan tipo, pero al tratarse de unas figuras de valor art\u00edstico, la austeridad en la presentaci\u00f3n tambi\u00e9n le prestaba belleza y austeridad. En la Navidad del 2009, el ambiente que hab\u00edan propiciado <em>los artistas<\/em> era el de una <em>haima del desierto<\/em>, no muy lejos de la realidad que pod\u00eda haber sido hace m\u00e1s de dos mil a\u00f1os. De igual manera, D. Antoni Gaud\u00ed en un viaje por el norte de \u00c1frica, debido a un encargo que le hicieron, y que despu\u00e9s no se hizo, durmi\u00f3 en una <em>haima <\/em>y contemplando el cielo estrellado pens\u00f3 que all\u00ed se estaba bien o muy bien. Y tanto fue as\u00ed que el sagrario de la Cripta de la Bas\u00edlica de la Sagrada Familia lo dise\u00f1\u00f3 como una <em>haima, <\/em>y la construy\u00f3 en hierro, cosa que posteriormente doraron.\u00a0<\/p>\n<div id=\"attachment_2707\" style=\"width: 160px\" class=\"wp-caption alignright\"><a rel=\"attachment wp-att-2707\" href=\"http:\/\/www.montalegre.org\/2010\/12\/el-modernisme-a-montalegre\/sagrari-haima-sda-fmlia\/\"><img loading=\"lazy\" decoding=\"async\" aria-describedby=\"caption-attachment-2707\" class=\"size-thumbnail wp-image-2707\" title=\"sagrari haima Sda Fmlia\" src=\"http:\/\/www.montalegre.org\/wp-content\/uploads\/2010\/12\/sagrari-haima-Sda-Fmlia-150x150.jpg\" alt=\"\" width=\"150\" height=\"150\" \/><\/a><p id=\"caption-attachment-2707\" class=\"wp-caption-text\">El Sagrari de la Cripta de la Bas\u00edlica de la Sagrada Fam\u00edlia<\/p><\/div>\n<p>Hoy podemos contemplar el pesebre de Montalegre con la sagrada familia de Jes\u00fas, Mar\u00eda y Josep y unas lucecitas que recrean un fuego incandescente, junto al buey y la mula, dentro de una cueva de corcho, decorada con hojas y flores de eucaliptos, materiales muy propios de los montes catalanes.\u00a0<\/p>\n<p>Las figuras son de resina, elaboradas sobre moldes del gran escultor barcelon\u00e9s D. Josep Llimona i Bruguera (1864-1934), contempor\u00e1neo\u00a0\u00a0de D. Antoni Gaud\u00ed, con\u00a0 el que colabor\u00f3 entre 1903 y 1916 en la escultura del Cristo Resucitado del Primer Misterio de Gloria del Rosario Monumental de Montserrat. El trabajo fue realizado por alumnos d\u2019Arquitectura de la Universidad Internacional de Catalunya (UIC). \u00a0<\/p>\n<p>Isabel Hern\u00e1ndez Esteban<\/p>\n","protected":false},"excerpt":{"rendered":"<p>Este a\u00f1o el pesebre de la iglesia se instal\u00f3 en el mismo lugar que en la Navidad anterior. Creemos que es el mejor sitio para ubicarlo ya que \u00a0solo al entrar en el templo por la calle Valldonzella se ve de forma muy atractiva. Y como suele pasar en todas partes, cada a\u00f1o el bel\u00e9n [&hellip;]<\/p>\n","protected":false},"author":4,"featured_media":0,"comment_status":"open","ping_status":"open","sticky":false,"template":"","format":"standard","meta":{"footnotes":""},"categories":[1],"tags":[],"class_list":["post-2702","post","type-post","status-publish","format-standard","hentry","category-noticias-de-montalegre"],"yoast_head":"<!-- This site is optimized with the Yoast SEO plugin v27.1.1 - https:\/\/yoast.com\/product\/yoast-seo-wordpress\/ -->\n<title>El Modernismo en Montalegre - Montalegre<\/title>\n<meta name=\"robots\" content=\"index, follow, max-snippet:-1, max-image-preview:large, max-video-preview:-1\" \/>\n<link rel=\"canonical\" href=\"https:\/\/www.montalegre.org\/es\/2010\/12\/el-modernismo-en-montalegre\/\" \/>\n<meta property=\"og:locale\" content=\"es_ES\" \/>\n<meta property=\"og:type\" content=\"article\" \/>\n<meta property=\"og:title\" content=\"El Modernismo en Montalegre - Montalegre\" \/>\n<meta property=\"og:description\" content=\"Este a\u00f1o el pesebre de la iglesia se instal\u00f3 en el mismo lugar que en la Navidad anterior. Creemos que es el mejor sitio para ubicarlo ya que \u00a0solo al entrar en el templo por la calle Valldonzella se ve de forma muy atractiva. Y como suele pasar en todas partes, cada a\u00f1o el bel\u00e9n [&hellip;]\" \/>\n<meta property=\"og:url\" content=\"https:\/\/www.montalegre.org\/es\/2010\/12\/el-modernismo-en-montalegre\/\" \/>\n<meta property=\"og:site_name\" content=\"Montalegre\" \/>\n<meta property=\"article:published_time\" content=\"2010-12-29T17:33:24+00:00\" \/>\n<meta property=\"article:modified_time\" content=\"2010-12-29T17:47:56+00:00\" \/>\n<meta property=\"og:image\" content=\"http:\/\/www.montalegre.org\/wp-content\/uploads\/2010\/12\/pessebre-MA-10-150x150.jpg\" \/>\n<meta name=\"author\" content=\"montalegre\" \/>\n<meta name=\"twitter:card\" content=\"summary_large_image\" \/>\n<meta name=\"twitter:label1\" content=\"Escrito por\" \/>\n\t<meta name=\"twitter:data1\" content=\"montalegre\" \/>\n\t<meta name=\"twitter:label2\" content=\"Tiempo de lectura\" \/>\n\t<meta name=\"twitter:data2\" content=\"2 minutos\" \/>\n<script type=\"application\/ld+json\" class=\"yoast-schema-graph\">{\"@context\":\"https:\/\/schema.org\",\"@graph\":[{\"@type\":\"Article\",\"@id\":\"https:\/\/www.montalegre.org\/es\/2010\/12\/el-modernismo-en-montalegre\/#article\",\"isPartOf\":{\"@id\":\"https:\/\/www.montalegre.org\/es\/2010\/12\/el-modernismo-en-montalegre\/\"},\"author\":{\"name\":\"montalegre\",\"@id\":\"https:\/\/www.montalegre.org\/es\/#\/schema\/person\/fa12d4cf3a3f1735a9176b4fafd6a633\"},\"headline\":\"El Modernismo en Montalegre\",\"datePublished\":\"2010-12-29T17:33:24+00:00\",\"dateModified\":\"2010-12-29T17:47:56+00:00\",\"mainEntityOfPage\":{\"@id\":\"https:\/\/www.montalegre.org\/es\/2010\/12\/el-modernismo-en-montalegre\/\"},\"wordCount\":379,\"commentCount\":0,\"image\":{\"@id\":\"https:\/\/www.montalegre.org\/es\/2010\/12\/el-modernismo-en-montalegre\/#primaryimage\"},\"thumbnailUrl\":\"http:\/\/www.montalegre.org\/wp-content\/uploads\/2010\/12\/pessebre-MA-10-150x150.jpg\",\"articleSection\":[\"Noticias de Montalegre\"],\"inLanguage\":\"es\",\"potentialAction\":[{\"@type\":\"CommentAction\",\"name\":\"Comment\",\"target\":[\"https:\/\/www.montalegre.org\/es\/2010\/12\/el-modernismo-en-montalegre\/#respond\"]}]},{\"@type\":\"WebPage\",\"@id\":\"https:\/\/www.montalegre.org\/es\/2010\/12\/el-modernismo-en-montalegre\/\",\"url\":\"https:\/\/www.montalegre.org\/es\/2010\/12\/el-modernismo-en-montalegre\/\",\"name\":\"El Modernismo en Montalegre - Montalegre\",\"isPartOf\":{\"@id\":\"https:\/\/www.montalegre.org\/es\/#website\"},\"primaryImageOfPage\":{\"@id\":\"https:\/\/www.montalegre.org\/es\/2010\/12\/el-modernismo-en-montalegre\/#primaryimage\"},\"image\":{\"@id\":\"https:\/\/www.montalegre.org\/es\/2010\/12\/el-modernismo-en-montalegre\/#primaryimage\"},\"thumbnailUrl\":\"http:\/\/www.montalegre.org\/wp-content\/uploads\/2010\/12\/pessebre-MA-10-150x150.jpg\",\"datePublished\":\"2010-12-29T17:33:24+00:00\",\"dateModified\":\"2010-12-29T17:47:56+00:00\",\"author\":{\"@id\":\"https:\/\/www.montalegre.org\/es\/#\/schema\/person\/fa12d4cf3a3f1735a9176b4fafd6a633\"},\"breadcrumb\":{\"@id\":\"https:\/\/www.montalegre.org\/es\/2010\/12\/el-modernismo-en-montalegre\/#breadcrumb\"},\"inLanguage\":\"es\",\"potentialAction\":[{\"@type\":\"ReadAction\",\"target\":[\"https:\/\/www.montalegre.org\/es\/2010\/12\/el-modernismo-en-montalegre\/\"]}]},{\"@type\":\"ImageObject\",\"inLanguage\":\"es\",\"@id\":\"https:\/\/www.montalegre.org\/es\/2010\/12\/el-modernismo-en-montalegre\/#primaryimage\",\"url\":\"http:\/\/www.montalegre.org\/wp-content\/uploads\/2010\/12\/pessebre-MA-10-150x150.jpg\",\"contentUrl\":\"http:\/\/www.montalegre.org\/wp-content\/uploads\/2010\/12\/pessebre-MA-10-150x150.jpg\"},{\"@type\":\"BreadcrumbList\",\"@id\":\"https:\/\/www.montalegre.org\/es\/2010\/12\/el-modernismo-en-montalegre\/#breadcrumb\",\"itemListElement\":[{\"@type\":\"ListItem\",\"position\":1,\"name\":\"Portada\",\"item\":\"https:\/\/www.montalegre.org\/es\/\"},{\"@type\":\"ListItem\",\"position\":2,\"name\":\"El Modernismo en Montalegre\"}]},{\"@type\":\"WebSite\",\"@id\":\"https:\/\/www.montalegre.org\/es\/#website\",\"url\":\"https:\/\/www.montalegre.org\/es\/\",\"name\":\"Montalegre\",\"description\":\"\",\"potentialAction\":[{\"@type\":\"SearchAction\",\"target\":{\"@type\":\"EntryPoint\",\"urlTemplate\":\"https:\/\/www.montalegre.org\/es\/?s={search_term_string}\"},\"query-input\":{\"@type\":\"PropertyValueSpecification\",\"valueRequired\":true,\"valueName\":\"search_term_string\"}}],\"inLanguage\":\"es\"},{\"@type\":\"Person\",\"@id\":\"https:\/\/www.montalegre.org\/es\/#\/schema\/person\/fa12d4cf3a3f1735a9176b4fafd6a633\",\"name\":\"montalegre\",\"image\":{\"@type\":\"ImageObject\",\"inLanguage\":\"es\",\"@id\":\"https:\/\/www.montalegre.org\/es\/#\/schema\/person\/image\/\",\"url\":\"https:\/\/secure.gravatar.com\/avatar\/fe6d886cf5081e723c666dceda1f12d4f39070fa2ed4e79695edc3ca355c9b5a?s=96&d=mm&r=g\",\"contentUrl\":\"https:\/\/secure.gravatar.com\/avatar\/fe6d886cf5081e723c666dceda1f12d4f39070fa2ed4e79695edc3ca355c9b5a?s=96&d=mm&r=g\",\"caption\":\"montalegre\"},\"url\":\"https:\/\/www.montalegre.org\/es\/author\/montalegre\/\"}]}<\/script>\n<!-- \/ Yoast SEO plugin. -->","yoast_head_json":{"title":"El Modernismo en Montalegre - Montalegre","robots":{"index":"index","follow":"follow","max-snippet":"max-snippet:-1","max-image-preview":"max-image-preview:large","max-video-preview":"max-video-preview:-1"},"canonical":"https:\/\/www.montalegre.org\/es\/2010\/12\/el-modernismo-en-montalegre\/","og_locale":"es_ES","og_type":"article","og_title":"El Modernismo en Montalegre - Montalegre","og_description":"Este a\u00f1o el pesebre de la iglesia se instal\u00f3 en el mismo lugar que en la Navidad anterior. Creemos que es el mejor sitio para ubicarlo ya que \u00a0solo al entrar en el templo por la calle Valldonzella se ve de forma muy atractiva. Y como suele pasar en todas partes, cada a\u00f1o el bel\u00e9n [&hellip;]","og_url":"https:\/\/www.montalegre.org\/es\/2010\/12\/el-modernismo-en-montalegre\/","og_site_name":"Montalegre","article_published_time":"2010-12-29T17:33:24+00:00","article_modified_time":"2010-12-29T17:47:56+00:00","og_image":[{"url":"http:\/\/www.montalegre.org\/wp-content\/uploads\/2010\/12\/pessebre-MA-10-150x150.jpg","type":"","width":"","height":""}],"author":"montalegre","twitter_card":"summary_large_image","twitter_misc":{"Escrito por":"montalegre","Tiempo de lectura":"2 minutos"},"schema":{"@context":"https:\/\/schema.org","@graph":[{"@type":"Article","@id":"https:\/\/www.montalegre.org\/es\/2010\/12\/el-modernismo-en-montalegre\/#article","isPartOf":{"@id":"https:\/\/www.montalegre.org\/es\/2010\/12\/el-modernismo-en-montalegre\/"},"author":{"name":"montalegre","@id":"https:\/\/www.montalegre.org\/es\/#\/schema\/person\/fa12d4cf3a3f1735a9176b4fafd6a633"},"headline":"El Modernismo en Montalegre","datePublished":"2010-12-29T17:33:24+00:00","dateModified":"2010-12-29T17:47:56+00:00","mainEntityOfPage":{"@id":"https:\/\/www.montalegre.org\/es\/2010\/12\/el-modernismo-en-montalegre\/"},"wordCount":379,"commentCount":0,"image":{"@id":"https:\/\/www.montalegre.org\/es\/2010\/12\/el-modernismo-en-montalegre\/#primaryimage"},"thumbnailUrl":"http:\/\/www.montalegre.org\/wp-content\/uploads\/2010\/12\/pessebre-MA-10-150x150.jpg","articleSection":["Noticias de Montalegre"],"inLanguage":"es","potentialAction":[{"@type":"CommentAction","name":"Comment","target":["https:\/\/www.montalegre.org\/es\/2010\/12\/el-modernismo-en-montalegre\/#respond"]}]},{"@type":"WebPage","@id":"https:\/\/www.montalegre.org\/es\/2010\/12\/el-modernismo-en-montalegre\/","url":"https:\/\/www.montalegre.org\/es\/2010\/12\/el-modernismo-en-montalegre\/","name":"El Modernismo en Montalegre - Montalegre","isPartOf":{"@id":"https:\/\/www.montalegre.org\/es\/#website"},"primaryImageOfPage":{"@id":"https:\/\/www.montalegre.org\/es\/2010\/12\/el-modernismo-en-montalegre\/#primaryimage"},"image":{"@id":"https:\/\/www.montalegre.org\/es\/2010\/12\/el-modernismo-en-montalegre\/#primaryimage"},"thumbnailUrl":"http:\/\/www.montalegre.org\/wp-content\/uploads\/2010\/12\/pessebre-MA-10-150x150.jpg","datePublished":"2010-12-29T17:33:24+00:00","dateModified":"2010-12-29T17:47:56+00:00","author":{"@id":"https:\/\/www.montalegre.org\/es\/#\/schema\/person\/fa12d4cf3a3f1735a9176b4fafd6a633"},"breadcrumb":{"@id":"https:\/\/www.montalegre.org\/es\/2010\/12\/el-modernismo-en-montalegre\/#breadcrumb"},"inLanguage":"es","potentialAction":[{"@type":"ReadAction","target":["https:\/\/www.montalegre.org\/es\/2010\/12\/el-modernismo-en-montalegre\/"]}]},{"@type":"ImageObject","inLanguage":"es","@id":"https:\/\/www.montalegre.org\/es\/2010\/12\/el-modernismo-en-montalegre\/#primaryimage","url":"http:\/\/www.montalegre.org\/wp-content\/uploads\/2010\/12\/pessebre-MA-10-150x150.jpg","contentUrl":"http:\/\/www.montalegre.org\/wp-content\/uploads\/2010\/12\/pessebre-MA-10-150x150.jpg"},{"@type":"BreadcrumbList","@id":"https:\/\/www.montalegre.org\/es\/2010\/12\/el-modernismo-en-montalegre\/#breadcrumb","itemListElement":[{"@type":"ListItem","position":1,"name":"Portada","item":"https:\/\/www.montalegre.org\/es\/"},{"@type":"ListItem","position":2,"name":"El Modernismo en Montalegre"}]},{"@type":"WebSite","@id":"https:\/\/www.montalegre.org\/es\/#website","url":"https:\/\/www.montalegre.org\/es\/","name":"Montalegre","description":"","potentialAction":[{"@type":"SearchAction","target":{"@type":"EntryPoint","urlTemplate":"https:\/\/www.montalegre.org\/es\/?s={search_term_string}"},"query-input":{"@type":"PropertyValueSpecification","valueRequired":true,"valueName":"search_term_string"}}],"inLanguage":"es"},{"@type":"Person","@id":"https:\/\/www.montalegre.org\/es\/#\/schema\/person\/fa12d4cf3a3f1735a9176b4fafd6a633","name":"montalegre","image":{"@type":"ImageObject","inLanguage":"es","@id":"https:\/\/www.montalegre.org\/es\/#\/schema\/person\/image\/","url":"https:\/\/secure.gravatar.com\/avatar\/fe6d886cf5081e723c666dceda1f12d4f39070fa2ed4e79695edc3ca355c9b5a?s=96&d=mm&r=g","contentUrl":"https:\/\/secure.gravatar.com\/avatar\/fe6d886cf5081e723c666dceda1f12d4f39070fa2ed4e79695edc3ca355c9b5a?s=96&d=mm&r=g","caption":"montalegre"},"url":"https:\/\/www.montalegre.org\/es\/author\/montalegre\/"}]}},"_links":{"self":[{"href":"https:\/\/www.montalegre.org\/es\/wp-json\/wp\/v2\/posts\/2702","targetHints":{"allow":["GET"]}}],"collection":[{"href":"https:\/\/www.montalegre.org\/es\/wp-json\/wp\/v2\/posts"}],"about":[{"href":"https:\/\/www.montalegre.org\/es\/wp-json\/wp\/v2\/types\/post"}],"author":[{"embeddable":true,"href":"https:\/\/www.montalegre.org\/es\/wp-json\/wp\/v2\/users\/4"}],"replies":[{"embeddable":true,"href":"https:\/\/www.montalegre.org\/es\/wp-json\/wp\/v2\/comments?post=2702"}],"version-history":[{"count":6,"href":"https:\/\/www.montalegre.org\/es\/wp-json\/wp\/v2\/posts\/2702\/revisions"}],"predecessor-version":[{"id":2713,"href":"https:\/\/www.montalegre.org\/es\/wp-json\/wp\/v2\/posts\/2702\/revisions\/2713"}],"wp:attachment":[{"href":"https:\/\/www.montalegre.org\/es\/wp-json\/wp\/v2\/media?parent=2702"}],"wp:term":[{"taxonomy":"category","embeddable":true,"href":"https:\/\/www.montalegre.org\/es\/wp-json\/wp\/v2\/categories?post=2702"},{"taxonomy":"post_tag","embeddable":true,"href":"https:\/\/www.montalegre.org\/es\/wp-json\/wp\/v2\/tags?post=2702"}],"curies":[{"name":"wp","href":"https:\/\/api.w.org\/{rel}","templated":true}]}}