{"id":2692,"date":"2010-12-28T20:24:17","date_gmt":"2010-12-28T20:24:17","guid":{"rendered":"http:\/\/www.montalegre.org\/?p=2692"},"modified":"2010-12-28T20:26:59","modified_gmt":"2010-12-28T20:26:59","slug":"2692","status":"publish","type":"post","link":"https:\/\/www.montalegre.org\/es\/2010\/12\/2692\/","title":{"rendered":"Hoy nos ha nacido un Salvador: el Mes\u00edas, el Se\u00f1or"},"content":{"rendered":"<div id=\"attachment_2694\" style=\"width: 235px\" class=\"wp-caption alignleft\"><a rel=\"attachment wp-att-2694\" href=\"http:\/\/www.montalegre.org\/2010\/12\/avui-ens-ha-nascut-un-salvador-el-messies-el-senyor\/exterior-de-lesglesia-del-cant-de-gall-de-jerusalmem\/\"><img loading=\"lazy\" decoding=\"async\" aria-describedby=\"caption-attachment-2694\" class=\"size-medium wp-image-2694\" title=\"exterior de l'esgl\u00e9sia del Cant de Gall de Jerusalmem\" src=\"http:\/\/www.montalegre.org\/wp-content\/uploads\/2010\/12\/exterior-de-lesgl\u00e9sia-del-Cant-de-Gall-de-Jerusalmem-225x300.jpg\" alt=\"\" width=\"225\" height=\"300\" \/><\/a><p id=\"caption-attachment-2694\" class=\"wp-caption-text\">Exterior de la Iglesia Gallicantus de Jerusalen<\/p><\/div>\n<p>\u00a0<\/p>\n<p>Y tocaron las doce de la noche del d\u00eda 24 de diciembre del 2010, preludio de otras noches muy fr\u00edas, del inicio de un invierno que se prev\u00e9 aut\u00e9ntico, a pesar del tan comentado calentamiento de la tierra. Aqu\u00ed en la iglesia de Montalegre nos congregamos familias, amigos y vecinos del barrio del Raval, porque todos juntos quer\u00edamos celebrar esa Noche Santa, llena de luz. En aquella hora se inici\u00f3 la Misa del Gallo, con toda la solemnidad requerida y con la alegr\u00eda que reporta la propia fiesta porque <strong><em>\u201cHoy nos ha nacido un Salvador: el Mes\u00edas, el Se\u00f1or\u201d<\/em><\/strong><em>\u00a0<\/em>.<\/p>\n<p>En la homil\u00eda el rector, Mn. Francesc Perarnau, nos explic\u00f3 su significado mesi\u00e1nico. Dios entra en la historia humana, se hace hombre, nace en el s\u00ed de una familia, y entra a formar parte de la sociedad. La luz que sorprende a los pastores con el anuncio del \u00c1ngel del Se\u00f1or es el s\u00edmbolo, pues Dios se ha hecho hombre para iluminar\u00a0 nuestra vida y dar sentido a nuestro dolor, a nuestros sufrimientos, injusticias, enfermedades, etc. Con esta Luz tenemos respuestas, porque Jesucristo es la respuesta. Por \u00faltimo a\u00f1adi\u00f3, que en estos d\u00edas es m\u00e1s f\u00e1cil rezar pues cantar un villancico delante del pesebre, el mismo que tenemos en casa, ya es hacer oraci\u00f3n;\u00a0 all\u00ed le podemos pedir cosas y poco a poco iremos creciendo en vida interior. Adem\u00e1s hemos de rezar por las personas que sufren, por problemas econ\u00f3micos, o de salud o porque tienen la familia muy lejos y no pueden reunirse, ya que siempre la oraci\u00f3n produce consuelo.\u00a0<\/p>\n<p>Los cantos los dirigi\u00f3 la soprano Sra. Patr\u00edcia Sendra, la cual colabora forma habitual en la misa solemne de los domingos: <em>Les dotze van tocant, El noi de la Mare, Santa Nit i Adeste Fideles<\/em>, en la adoraci\u00f3n al Ni\u00f1o Jes\u00fas. Al \u00f3rgano, el Sr. Josep Masabeu, tambi\u00e9n muy conocido en la iglesia ya que, entre otras cosas, y con ocasi\u00f3n del centenario escribi\u00f3 el libro <em>\u201cSanta Maria de Montalegre, Esgl\u00e9sia de l\u2019antiga Casa de la Caritat, Centenari 1902-2002\u201d<\/em>, del cual se puede leer un extracto en esta web.\u00a0<\/p>\n<p>Una vez acabada la adoraci\u00f3n al Ni\u00f1o Jes\u00fas, el rector invit\u00f3 a todos los fieles a seguir la celebraci\u00f3n cantando m\u00e1s villancicos en la sala polivalente. All\u00ed fuimos obsequiados con un dulce y salado resop\u00f3n, y con cava brindamos que por siempre gocemos de una Navidad llena de amor y paz.<\/p>\n<p>\u00a0Isabel Hern\u00e1ndez Esteban<\/p>\n","protected":false},"excerpt":{"rendered":"<p>\u00a0 Y tocaron las doce de la noche del d\u00eda 24 de diciembre del 2010, preludio de otras noches muy fr\u00edas, del inicio de un invierno que se prev\u00e9 aut\u00e9ntico, a pesar del tan comentado calentamiento de la tierra. Aqu\u00ed en la iglesia de Montalegre nos congregamos familias, amigos y vecinos del barrio del Raval, [&hellip;]<\/p>\n","protected":false},"author":4,"featured_media":0,"comment_status":"open","ping_status":"open","sticky":false,"template":"","format":"standard","meta":{"footnotes":""},"categories":[1],"tags":[],"class_list":["post-2692","post","type-post","status-publish","format-standard","hentry","category-noticias-de-montalegre"],"yoast_head":"<!-- This site is optimized with the Yoast SEO plugin v27.1.1 - https:\/\/yoast.com\/product\/yoast-seo-wordpress\/ -->\n<title>Hoy nos ha nacido un Salvador: el Mes\u00edas, el Se\u00f1or - Montalegre<\/title>\n<meta name=\"robots\" content=\"index, follow, max-snippet:-1, max-image-preview:large, max-video-preview:-1\" \/>\n<link rel=\"canonical\" href=\"https:\/\/www.montalegre.org\/es\/2010\/12\/2692\/\" \/>\n<meta property=\"og:locale\" content=\"es_ES\" \/>\n<meta property=\"og:type\" content=\"article\" \/>\n<meta property=\"og:title\" content=\"Hoy nos ha nacido un Salvador: el Mes\u00edas, el Se\u00f1or - Montalegre\" \/>\n<meta property=\"og:description\" content=\"\u00a0 Y tocaron las doce de la noche del d\u00eda 24 de diciembre del 2010, preludio de otras noches muy fr\u00edas, del inicio de un invierno que se prev\u00e9 aut\u00e9ntico, a pesar del tan comentado calentamiento de la tierra. Aqu\u00ed en la iglesia de Montalegre nos congregamos familias, amigos y vecinos del barrio del Raval, [&hellip;]\" \/>\n<meta property=\"og:url\" content=\"https:\/\/www.montalegre.org\/es\/2010\/12\/2692\/\" \/>\n<meta property=\"og:site_name\" content=\"Montalegre\" \/>\n<meta property=\"article:published_time\" content=\"2010-12-28T20:24:17+00:00\" \/>\n<meta property=\"article:modified_time\" content=\"2010-12-28T20:26:59+00:00\" \/>\n<meta property=\"og:image\" content=\"http:\/\/www.montalegre.org\/wp-content\/uploads\/2010\/12\/exterior-de-lesgl\u00e9sia-del-Cant-de-Gall-de-Jerusalmem-225x300.jpg\" \/>\n<meta name=\"author\" content=\"montalegre\" \/>\n<meta name=\"twitter:card\" content=\"summary_large_image\" \/>\n<meta name=\"twitter:label1\" content=\"Escrito por\" \/>\n\t<meta name=\"twitter:data1\" content=\"montalegre\" \/>\n\t<meta name=\"twitter:label2\" content=\"Tiempo de lectura\" \/>\n\t<meta name=\"twitter:data2\" content=\"2 minutos\" \/>\n<script type=\"application\/ld+json\" class=\"yoast-schema-graph\">{\"@context\":\"https:\/\/schema.org\",\"@graph\":[{\"@type\":\"Article\",\"@id\":\"https:\/\/www.montalegre.org\/es\/2010\/12\/2692\/#article\",\"isPartOf\":{\"@id\":\"https:\/\/www.montalegre.org\/es\/2010\/12\/2692\/\"},\"author\":{\"name\":\"montalegre\",\"@id\":\"https:\/\/www.montalegre.org\/es\/#\/schema\/person\/fa12d4cf3a3f1735a9176b4fafd6a633\"},\"headline\":\"Hoy nos ha nacido un Salvador: el Mes\u00edas, el Se\u00f1or\",\"datePublished\":\"2010-12-28T20:24:17+00:00\",\"dateModified\":\"2010-12-28T20:26:59+00:00\",\"mainEntityOfPage\":{\"@id\":\"https:\/\/www.montalegre.org\/es\/2010\/12\/2692\/\"},\"wordCount\":462,\"commentCount\":0,\"articleSection\":[\"Noticias de Montalegre\"],\"inLanguage\":\"es\",\"potentialAction\":[{\"@type\":\"CommentAction\",\"name\":\"Comment\",\"target\":[\"https:\/\/www.montalegre.org\/es\/2010\/12\/2692\/#respond\"]}]},{\"@type\":\"WebPage\",\"@id\":\"https:\/\/www.montalegre.org\/es\/2010\/12\/2692\/\",\"url\":\"https:\/\/www.montalegre.org\/es\/2010\/12\/2692\/\",\"name\":\"Hoy nos ha nacido un Salvador: el Mes\u00edas, el Se\u00f1or - Montalegre\",\"isPartOf\":{\"@id\":\"https:\/\/www.montalegre.org\/es\/#website\"},\"datePublished\":\"2010-12-28T20:24:17+00:00\",\"dateModified\":\"2010-12-28T20:26:59+00:00\",\"author\":{\"@id\":\"https:\/\/www.montalegre.org\/es\/#\/schema\/person\/fa12d4cf3a3f1735a9176b4fafd6a633\"},\"breadcrumb\":{\"@id\":\"https:\/\/www.montalegre.org\/es\/2010\/12\/2692\/#breadcrumb\"},\"inLanguage\":\"es\",\"potentialAction\":[{\"@type\":\"ReadAction\",\"target\":[\"https:\/\/www.montalegre.org\/es\/2010\/12\/2692\/\"]}]},{\"@type\":\"BreadcrumbList\",\"@id\":\"https:\/\/www.montalegre.org\/es\/2010\/12\/2692\/#breadcrumb\",\"itemListElement\":[{\"@type\":\"ListItem\",\"position\":1,\"name\":\"Portada\",\"item\":\"https:\/\/www.montalegre.org\/es\/\"},{\"@type\":\"ListItem\",\"position\":2,\"name\":\"Hoy nos ha nacido un Salvador: el Mes\u00edas, el Se\u00f1or\"}]},{\"@type\":\"WebSite\",\"@id\":\"https:\/\/www.montalegre.org\/es\/#website\",\"url\":\"https:\/\/www.montalegre.org\/es\/\",\"name\":\"Montalegre\",\"description\":\"\",\"potentialAction\":[{\"@type\":\"SearchAction\",\"target\":{\"@type\":\"EntryPoint\",\"urlTemplate\":\"https:\/\/www.montalegre.org\/es\/?s={search_term_string}\"},\"query-input\":{\"@type\":\"PropertyValueSpecification\",\"valueRequired\":true,\"valueName\":\"search_term_string\"}}],\"inLanguage\":\"es\"},{\"@type\":\"Person\",\"@id\":\"https:\/\/www.montalegre.org\/es\/#\/schema\/person\/fa12d4cf3a3f1735a9176b4fafd6a633\",\"name\":\"montalegre\",\"image\":{\"@type\":\"ImageObject\",\"inLanguage\":\"es\",\"@id\":\"https:\/\/www.montalegre.org\/es\/#\/schema\/person\/image\/\",\"url\":\"https:\/\/secure.gravatar.com\/avatar\/fe6d886cf5081e723c666dceda1f12d4f39070fa2ed4e79695edc3ca355c9b5a?s=96&d=mm&r=g\",\"contentUrl\":\"https:\/\/secure.gravatar.com\/avatar\/fe6d886cf5081e723c666dceda1f12d4f39070fa2ed4e79695edc3ca355c9b5a?s=96&d=mm&r=g\",\"caption\":\"montalegre\"},\"url\":\"https:\/\/www.montalegre.org\/es\/author\/montalegre\/\"}]}<\/script>\n<!-- \/ Yoast SEO plugin. -->","yoast_head_json":{"title":"Hoy nos ha nacido un Salvador: el Mes\u00edas, el Se\u00f1or - Montalegre","robots":{"index":"index","follow":"follow","max-snippet":"max-snippet:-1","max-image-preview":"max-image-preview:large","max-video-preview":"max-video-preview:-1"},"canonical":"https:\/\/www.montalegre.org\/es\/2010\/12\/2692\/","og_locale":"es_ES","og_type":"article","og_title":"Hoy nos ha nacido un Salvador: el Mes\u00edas, el Se\u00f1or - Montalegre","og_description":"\u00a0 Y tocaron las doce de la noche del d\u00eda 24 de diciembre del 2010, preludio de otras noches muy fr\u00edas, del inicio de un invierno que se prev\u00e9 aut\u00e9ntico, a pesar del tan comentado calentamiento de la tierra. Aqu\u00ed en la iglesia de Montalegre nos congregamos familias, amigos y vecinos del barrio del Raval, [&hellip;]","og_url":"https:\/\/www.montalegre.org\/es\/2010\/12\/2692\/","og_site_name":"Montalegre","article_published_time":"2010-12-28T20:24:17+00:00","article_modified_time":"2010-12-28T20:26:59+00:00","og_image":[{"url":"http:\/\/www.montalegre.org\/wp-content\/uploads\/2010\/12\/exterior-de-lesgl\u00e9sia-del-Cant-de-Gall-de-Jerusalmem-225x300.jpg","type":"","width":"","height":""}],"author":"montalegre","twitter_card":"summary_large_image","twitter_misc":{"Escrito por":"montalegre","Tiempo de lectura":"2 minutos"},"schema":{"@context":"https:\/\/schema.org","@graph":[{"@type":"Article","@id":"https:\/\/www.montalegre.org\/es\/2010\/12\/2692\/#article","isPartOf":{"@id":"https:\/\/www.montalegre.org\/es\/2010\/12\/2692\/"},"author":{"name":"montalegre","@id":"https:\/\/www.montalegre.org\/es\/#\/schema\/person\/fa12d4cf3a3f1735a9176b4fafd6a633"},"headline":"Hoy nos ha nacido un Salvador: el Mes\u00edas, el Se\u00f1or","datePublished":"2010-12-28T20:24:17+00:00","dateModified":"2010-12-28T20:26:59+00:00","mainEntityOfPage":{"@id":"https:\/\/www.montalegre.org\/es\/2010\/12\/2692\/"},"wordCount":462,"commentCount":0,"articleSection":["Noticias de Montalegre"],"inLanguage":"es","potentialAction":[{"@type":"CommentAction","name":"Comment","target":["https:\/\/www.montalegre.org\/es\/2010\/12\/2692\/#respond"]}]},{"@type":"WebPage","@id":"https:\/\/www.montalegre.org\/es\/2010\/12\/2692\/","url":"https:\/\/www.montalegre.org\/es\/2010\/12\/2692\/","name":"Hoy nos ha nacido un Salvador: el Mes\u00edas, el Se\u00f1or - Montalegre","isPartOf":{"@id":"https:\/\/www.montalegre.org\/es\/#website"},"datePublished":"2010-12-28T20:24:17+00:00","dateModified":"2010-12-28T20:26:59+00:00","author":{"@id":"https:\/\/www.montalegre.org\/es\/#\/schema\/person\/fa12d4cf3a3f1735a9176b4fafd6a633"},"breadcrumb":{"@id":"https:\/\/www.montalegre.org\/es\/2010\/12\/2692\/#breadcrumb"},"inLanguage":"es","potentialAction":[{"@type":"ReadAction","target":["https:\/\/www.montalegre.org\/es\/2010\/12\/2692\/"]}]},{"@type":"BreadcrumbList","@id":"https:\/\/www.montalegre.org\/es\/2010\/12\/2692\/#breadcrumb","itemListElement":[{"@type":"ListItem","position":1,"name":"Portada","item":"https:\/\/www.montalegre.org\/es\/"},{"@type":"ListItem","position":2,"name":"Hoy nos ha nacido un Salvador: el Mes\u00edas, el Se\u00f1or"}]},{"@type":"WebSite","@id":"https:\/\/www.montalegre.org\/es\/#website","url":"https:\/\/www.montalegre.org\/es\/","name":"Montalegre","description":"","potentialAction":[{"@type":"SearchAction","target":{"@type":"EntryPoint","urlTemplate":"https:\/\/www.montalegre.org\/es\/?s={search_term_string}"},"query-input":{"@type":"PropertyValueSpecification","valueRequired":true,"valueName":"search_term_string"}}],"inLanguage":"es"},{"@type":"Person","@id":"https:\/\/www.montalegre.org\/es\/#\/schema\/person\/fa12d4cf3a3f1735a9176b4fafd6a633","name":"montalegre","image":{"@type":"ImageObject","inLanguage":"es","@id":"https:\/\/www.montalegre.org\/es\/#\/schema\/person\/image\/","url":"https:\/\/secure.gravatar.com\/avatar\/fe6d886cf5081e723c666dceda1f12d4f39070fa2ed4e79695edc3ca355c9b5a?s=96&d=mm&r=g","contentUrl":"https:\/\/secure.gravatar.com\/avatar\/fe6d886cf5081e723c666dceda1f12d4f39070fa2ed4e79695edc3ca355c9b5a?s=96&d=mm&r=g","caption":"montalegre"},"url":"https:\/\/www.montalegre.org\/es\/author\/montalegre\/"}]}},"_links":{"self":[{"href":"https:\/\/www.montalegre.org\/es\/wp-json\/wp\/v2\/posts\/2692","targetHints":{"allow":["GET"]}}],"collection":[{"href":"https:\/\/www.montalegre.org\/es\/wp-json\/wp\/v2\/posts"}],"about":[{"href":"https:\/\/www.montalegre.org\/es\/wp-json\/wp\/v2\/types\/post"}],"author":[{"embeddable":true,"href":"https:\/\/www.montalegre.org\/es\/wp-json\/wp\/v2\/users\/4"}],"replies":[{"embeddable":true,"href":"https:\/\/www.montalegre.org\/es\/wp-json\/wp\/v2\/comments?post=2692"}],"version-history":[{"count":3,"href":"https:\/\/www.montalegre.org\/es\/wp-json\/wp\/v2\/posts\/2692\/revisions"}],"predecessor-version":[{"id":2698,"href":"https:\/\/www.montalegre.org\/es\/wp-json\/wp\/v2\/posts\/2692\/revisions\/2698"}],"wp:attachment":[{"href":"https:\/\/www.montalegre.org\/es\/wp-json\/wp\/v2\/media?parent=2692"}],"wp:term":[{"taxonomy":"category","embeddable":true,"href":"https:\/\/www.montalegre.org\/es\/wp-json\/wp\/v2\/categories?post=2692"},{"taxonomy":"post_tag","embeddable":true,"href":"https:\/\/www.montalegre.org\/es\/wp-json\/wp\/v2\/tags?post=2692"}],"curies":[{"name":"wp","href":"https:\/\/api.w.org\/{rel}","templated":true}]}}