{"id":2681,"date":"2010-12-23T07:19:05","date_gmt":"2010-12-23T07:19:05","guid":{"rendered":"http:\/\/www.montalegre.org\/?p=2681"},"modified":"2010-12-23T07:19:05","modified_gmt":"2010-12-23T07:19:05","slug":"la-coral-canigo-nos-obsequio-con-una-veintena-de-villancicos","status":"publish","type":"post","link":"https:\/\/www.montalegre.org\/es\/2010\/12\/la-coral-canigo-nos-obsequio-con-una-veintena-de-villancicos\/","title":{"rendered":"La Coral Canig\u00f3 nos  obsequi\u00f3 con una veintena de villancicos"},"content":{"rendered":"<div id=\"attachment_2677\" style=\"width: 310px\" class=\"wp-caption alignleft\"><a rel=\"attachment wp-att-2677\" href=\"http:\/\/www.montalegre.org\/2010\/12\/la-coral-canigo-ens-va-obsequiar-amb-una-vintena-de-nadales\/sagrada-familia-de-ma-2\/\"><img loading=\"lazy\" decoding=\"async\" aria-describedby=\"caption-attachment-2677\" class=\"size-medium wp-image-2677\" title=\"Sagrada Familia de MA\" src=\"http:\/\/www.montalegre.org\/wp-content\/uploads\/2010\/12\/Sagrada-Familia-de-MA1-300x225.jpg\" alt=\"\" width=\"300\" height=\"225\" \/><\/a><p id=\"caption-attachment-2677\" class=\"wp-caption-text\">Detalle del pesebre de Montalegre<\/p><\/div>\n<p>\u00a0<\/p>\n<p>En el XII concierto ofrecido en la iglesia, un a\u00f1o m\u00e1s la Coral Canig\u00f3 nos hizo sentir, y en algunos casos emocionar, una Navidad llena de m\u00fasica. En la noche del 18 de diciembre tres cuartas partes de la nave central se llen\u00f3 de entusiastas del canto coral y de familias, y todos aprovecharon para contemplar el pesebre de Montalegre que hac\u00eda poco que se hab\u00eda instalado. El programa fue como siempre muy variado *, a base de canciones populares y tradicionales procedentes de diferentes pa\u00edses o regiones, interpretadas en diferentes idiomas. Participaron treintena de voces, siendo el director y organista Jos\u00e9 Antonio Mur Sas\u00e9 y como director colaborador, Horacio de Paz.<\/p>\n<p>La Coral Canig\u00f3 se cre\u00f3 hace m\u00e1s de veinte a\u00f1os, inicialmente con padres y madres del Colegio Canig\u00f3; posteriormente se han ido incorporando alumnas del referido colegio, produci\u00e9ndose as\u00ed una renovaci\u00f3n generacional de las voces.<\/p>\n<p>En esta ocasi\u00f3n el conjunto de la coral sali\u00f3 de la sacrist\u00eda, y se situ\u00f3 en el presbiterio. Destacaron las voces solistas de Maite Alonso, Maite Fabregat y especialmente de Laura Dom\u00e8nech. A lo largo de una hora cuarto de concierto pudimos ver como los cantantes cantaban felices sonriendo en todo momento. En el villancico El Rabad\u00e0 la Coral nos dio una sorpresa: se incorporaron 13 voces de ni\u00f1as y ni\u00f1os que lo hicieron muy bien! Una vez acabado el programa oficial la Coral Canig\u00f3, debido a la insistencia y los aplausos del p\u00fablico, nos obsequi\u00f3 con dos vises: Las Joticas al Ni\u00f1o Jes\u00fas y Campanas de la Mezquita.<\/p>\n<div id=\"attachment_2678\" style=\"width: 310px\" class=\"wp-caption alignright\"><a rel=\"attachment wp-att-2678\" href=\"http:\/\/www.montalegre.org\/2010\/12\/la-coral-canigo-ens-va-obsequiar-amb-una-vintena-de-nadales\/colegio-canigo\/\"><img loading=\"lazy\" decoding=\"async\" aria-describedby=\"caption-attachment-2678\" class=\"size-medium wp-image-2678\" title=\"COLEGIO CANIG\u00d3\" src=\"http:\/\/www.montalegre.org\/wp-content\/uploads\/2010\/12\/COLEGIO-CANIG\u00d3-300x94.jpg\" alt=\"\" width=\"300\" height=\"94\" \/><\/a><p id=\"caption-attachment-2678\" class=\"wp-caption-text\">Col\u00b7legi Canig\u00f3 de Barcelona<\/p><\/div>\n<div class=\"mceTemp\">Programa *<\/div>\n<p>1. Adornad vuestra Morada. (Deck the hall). Tradicional. Old Welsh.<br \/>\n2. Transeamus. Schnabel<br \/>\n3. Aclarida. Popular de Sicilia. I. Heim<br \/>\n4. Oh arbre sant. Popular alemanya. Ll. Farreny<br \/>\n5. Gloria in excelsis Deo. Hac Nocte. J. Cagliero<br \/>\n6. Cantique de N\u00f6el. Adolfhe Adam.<br \/>\n7. Entonad con vos de j\u00fabilo. San Juan Bosco<br \/>\n8. Aquell primer Nadal. Melodia francesa del segle XVIII<br \/>\n9. El cant dels ocells. Tradicional catalana. Pau Casals<br \/>\n10. Campanas de la mezquita. E. Medina<br \/>\n11. Alegr\u00eda en esta noche. Sor Carmen Gracia. FMA<br \/>\n12. Vals de Navidad. Tradicional. Styne\/Cahn<br \/>\n13. Joticas al Ni\u00f1o Jes\u00fas. Aires populares Navarros.<br \/>\n14. Gloria. Antonio Vivaldi. N 1, Gloria in Excelsis Deo.<br \/>\n15. Adeste fideles. Tradicional. R.F. Ynera<br \/>\n16. Santa Nit. Franz Gr\u00fcber. Tradicional. A.Martorell<br \/>\n17. El Rabad\u00e0. Popular catalana.<br \/>\n18. Bones festes de Nadal. (Canon) Mozart.<\/p>\n<p>Isabel Hern\u00e1ndez Esteban<\/p>\n","protected":false},"excerpt":{"rendered":"<p>\u00a0 En el XII concierto ofrecido en la iglesia, un a\u00f1o m\u00e1s la Coral Canig\u00f3 nos hizo sentir, y en algunos casos emocionar, una Navidad llena de m\u00fasica. En la noche del 18 de diciembre tres cuartas partes de la nave central se llen\u00f3 de entusiastas del canto coral y de familias, y todos aprovecharon [&hellip;]<\/p>\n","protected":false},"author":4,"featured_media":0,"comment_status":"open","ping_status":"open","sticky":false,"template":"","format":"standard","meta":{"footnotes":""},"categories":[1],"tags":[],"class_list":["post-2681","post","type-post","status-publish","format-standard","hentry","category-noticias-de-montalegre"],"yoast_head":"<!-- This site is optimized with the Yoast SEO plugin v27.1.1 - https:\/\/yoast.com\/product\/yoast-seo-wordpress\/ -->\n<title>La Coral Canig\u00f3 nos obsequi\u00f3 con una veintena de villancicos - Montalegre<\/title>\n<meta name=\"robots\" content=\"index, follow, max-snippet:-1, max-image-preview:large, max-video-preview:-1\" \/>\n<link rel=\"canonical\" href=\"https:\/\/www.montalegre.org\/es\/2010\/12\/la-coral-canigo-nos-obsequio-con-una-veintena-de-villancicos\/\" \/>\n<meta property=\"og:locale\" content=\"es_ES\" \/>\n<meta property=\"og:type\" content=\"article\" \/>\n<meta property=\"og:title\" content=\"La Coral Canig\u00f3 nos obsequi\u00f3 con una veintena de villancicos - Montalegre\" \/>\n<meta property=\"og:description\" content=\"\u00a0 En el XII concierto ofrecido en la iglesia, un a\u00f1o m\u00e1s la Coral Canig\u00f3 nos hizo sentir, y en algunos casos emocionar, una Navidad llena de m\u00fasica. En la noche del 18 de diciembre tres cuartas partes de la nave central se llen\u00f3 de entusiastas del canto coral y de familias, y todos aprovecharon [&hellip;]\" \/>\n<meta property=\"og:url\" content=\"https:\/\/www.montalegre.org\/es\/2010\/12\/la-coral-canigo-nos-obsequio-con-una-veintena-de-villancicos\/\" \/>\n<meta property=\"og:site_name\" content=\"Montalegre\" \/>\n<meta property=\"article:published_time\" content=\"2010-12-23T07:19:05+00:00\" \/>\n<meta property=\"og:image\" content=\"http:\/\/www.montalegre.org\/wp-content\/uploads\/2010\/12\/Sagrada-Familia-de-MA1-300x225.jpg\" \/>\n<meta name=\"author\" content=\"montalegre\" \/>\n<meta name=\"twitter:card\" content=\"summary_large_image\" \/>\n<meta name=\"twitter:label1\" content=\"Escrito por\" \/>\n\t<meta name=\"twitter:data1\" content=\"montalegre\" \/>\n\t<meta name=\"twitter:label2\" content=\"Tiempo de lectura\" \/>\n\t<meta name=\"twitter:data2\" content=\"2 minutos\" \/>\n<script type=\"application\/ld+json\" class=\"yoast-schema-graph\">{\"@context\":\"https:\/\/schema.org\",\"@graph\":[{\"@type\":\"Article\",\"@id\":\"https:\/\/www.montalegre.org\/es\/2010\/12\/la-coral-canigo-nos-obsequio-con-una-veintena-de-villancicos\/#article\",\"isPartOf\":{\"@id\":\"https:\/\/www.montalegre.org\/es\/2010\/12\/la-coral-canigo-nos-obsequio-con-una-veintena-de-villancicos\/\"},\"author\":{\"name\":\"montalegre\",\"@id\":\"https:\/\/www.montalegre.org\/es\/#\/schema\/person\/fa12d4cf3a3f1735a9176b4fafd6a633\"},\"headline\":\"La Coral Canig\u00f3 nos obsequi\u00f3 con una veintena de villancicos\",\"datePublished\":\"2010-12-23T07:19:05+00:00\",\"mainEntityOfPage\":{\"@id\":\"https:\/\/www.montalegre.org\/es\/2010\/12\/la-coral-canigo-nos-obsequio-con-una-veintena-de-villancicos\/\"},\"wordCount\":437,\"commentCount\":0,\"image\":{\"@id\":\"https:\/\/www.montalegre.org\/es\/2010\/12\/la-coral-canigo-nos-obsequio-con-una-veintena-de-villancicos\/#primaryimage\"},\"thumbnailUrl\":\"http:\/\/www.montalegre.org\/wp-content\/uploads\/2010\/12\/Sagrada-Familia-de-MA1-300x225.jpg\",\"articleSection\":[\"Noticias de Montalegre\"],\"inLanguage\":\"es\",\"potentialAction\":[{\"@type\":\"CommentAction\",\"name\":\"Comment\",\"target\":[\"https:\/\/www.montalegre.org\/es\/2010\/12\/la-coral-canigo-nos-obsequio-con-una-veintena-de-villancicos\/#respond\"]}]},{\"@type\":\"WebPage\",\"@id\":\"https:\/\/www.montalegre.org\/es\/2010\/12\/la-coral-canigo-nos-obsequio-con-una-veintena-de-villancicos\/\",\"url\":\"https:\/\/www.montalegre.org\/es\/2010\/12\/la-coral-canigo-nos-obsequio-con-una-veintena-de-villancicos\/\",\"name\":\"La Coral Canig\u00f3 nos obsequi\u00f3 con una veintena de villancicos - Montalegre\",\"isPartOf\":{\"@id\":\"https:\/\/www.montalegre.org\/es\/#website\"},\"primaryImageOfPage\":{\"@id\":\"https:\/\/www.montalegre.org\/es\/2010\/12\/la-coral-canigo-nos-obsequio-con-una-veintena-de-villancicos\/#primaryimage\"},\"image\":{\"@id\":\"https:\/\/www.montalegre.org\/es\/2010\/12\/la-coral-canigo-nos-obsequio-con-una-veintena-de-villancicos\/#primaryimage\"},\"thumbnailUrl\":\"http:\/\/www.montalegre.org\/wp-content\/uploads\/2010\/12\/Sagrada-Familia-de-MA1-300x225.jpg\",\"datePublished\":\"2010-12-23T07:19:05+00:00\",\"author\":{\"@id\":\"https:\/\/www.montalegre.org\/es\/#\/schema\/person\/fa12d4cf3a3f1735a9176b4fafd6a633\"},\"breadcrumb\":{\"@id\":\"https:\/\/www.montalegre.org\/es\/2010\/12\/la-coral-canigo-nos-obsequio-con-una-veintena-de-villancicos\/#breadcrumb\"},\"inLanguage\":\"es\",\"potentialAction\":[{\"@type\":\"ReadAction\",\"target\":[\"https:\/\/www.montalegre.org\/es\/2010\/12\/la-coral-canigo-nos-obsequio-con-una-veintena-de-villancicos\/\"]}]},{\"@type\":\"ImageObject\",\"inLanguage\":\"es\",\"@id\":\"https:\/\/www.montalegre.org\/es\/2010\/12\/la-coral-canigo-nos-obsequio-con-una-veintena-de-villancicos\/#primaryimage\",\"url\":\"http:\/\/www.montalegre.org\/wp-content\/uploads\/2010\/12\/Sagrada-Familia-de-MA1-300x225.jpg\",\"contentUrl\":\"http:\/\/www.montalegre.org\/wp-content\/uploads\/2010\/12\/Sagrada-Familia-de-MA1-300x225.jpg\"},{\"@type\":\"BreadcrumbList\",\"@id\":\"https:\/\/www.montalegre.org\/es\/2010\/12\/la-coral-canigo-nos-obsequio-con-una-veintena-de-villancicos\/#breadcrumb\",\"itemListElement\":[{\"@type\":\"ListItem\",\"position\":1,\"name\":\"Portada\",\"item\":\"https:\/\/www.montalegre.org\/es\/\"},{\"@type\":\"ListItem\",\"position\":2,\"name\":\"La Coral Canig\u00f3 nos obsequi\u00f3 con una veintena de villancicos\"}]},{\"@type\":\"WebSite\",\"@id\":\"https:\/\/www.montalegre.org\/es\/#website\",\"url\":\"https:\/\/www.montalegre.org\/es\/\",\"name\":\"Montalegre\",\"description\":\"\",\"potentialAction\":[{\"@type\":\"SearchAction\",\"target\":{\"@type\":\"EntryPoint\",\"urlTemplate\":\"https:\/\/www.montalegre.org\/es\/?s={search_term_string}\"},\"query-input\":{\"@type\":\"PropertyValueSpecification\",\"valueRequired\":true,\"valueName\":\"search_term_string\"}}],\"inLanguage\":\"es\"},{\"@type\":\"Person\",\"@id\":\"https:\/\/www.montalegre.org\/es\/#\/schema\/person\/fa12d4cf3a3f1735a9176b4fafd6a633\",\"name\":\"montalegre\",\"image\":{\"@type\":\"ImageObject\",\"inLanguage\":\"es\",\"@id\":\"https:\/\/www.montalegre.org\/es\/#\/schema\/person\/image\/\",\"url\":\"https:\/\/secure.gravatar.com\/avatar\/fe6d886cf5081e723c666dceda1f12d4f39070fa2ed4e79695edc3ca355c9b5a?s=96&d=mm&r=g\",\"contentUrl\":\"https:\/\/secure.gravatar.com\/avatar\/fe6d886cf5081e723c666dceda1f12d4f39070fa2ed4e79695edc3ca355c9b5a?s=96&d=mm&r=g\",\"caption\":\"montalegre\"},\"url\":\"https:\/\/www.montalegre.org\/es\/author\/montalegre\/\"}]}<\/script>\n<!-- \/ Yoast SEO plugin. -->","yoast_head_json":{"title":"La Coral Canig\u00f3 nos obsequi\u00f3 con una veintena de villancicos - Montalegre","robots":{"index":"index","follow":"follow","max-snippet":"max-snippet:-1","max-image-preview":"max-image-preview:large","max-video-preview":"max-video-preview:-1"},"canonical":"https:\/\/www.montalegre.org\/es\/2010\/12\/la-coral-canigo-nos-obsequio-con-una-veintena-de-villancicos\/","og_locale":"es_ES","og_type":"article","og_title":"La Coral Canig\u00f3 nos obsequi\u00f3 con una veintena de villancicos - Montalegre","og_description":"\u00a0 En el XII concierto ofrecido en la iglesia, un a\u00f1o m\u00e1s la Coral Canig\u00f3 nos hizo sentir, y en algunos casos emocionar, una Navidad llena de m\u00fasica. En la noche del 18 de diciembre tres cuartas partes de la nave central se llen\u00f3 de entusiastas del canto coral y de familias, y todos aprovecharon [&hellip;]","og_url":"https:\/\/www.montalegre.org\/es\/2010\/12\/la-coral-canigo-nos-obsequio-con-una-veintena-de-villancicos\/","og_site_name":"Montalegre","article_published_time":"2010-12-23T07:19:05+00:00","og_image":[{"url":"http:\/\/www.montalegre.org\/wp-content\/uploads\/2010\/12\/Sagrada-Familia-de-MA1-300x225.jpg","type":"","width":"","height":""}],"author":"montalegre","twitter_card":"summary_large_image","twitter_misc":{"Escrito por":"montalegre","Tiempo de lectura":"2 minutos"},"schema":{"@context":"https:\/\/schema.org","@graph":[{"@type":"Article","@id":"https:\/\/www.montalegre.org\/es\/2010\/12\/la-coral-canigo-nos-obsequio-con-una-veintena-de-villancicos\/#article","isPartOf":{"@id":"https:\/\/www.montalegre.org\/es\/2010\/12\/la-coral-canigo-nos-obsequio-con-una-veintena-de-villancicos\/"},"author":{"name":"montalegre","@id":"https:\/\/www.montalegre.org\/es\/#\/schema\/person\/fa12d4cf3a3f1735a9176b4fafd6a633"},"headline":"La Coral Canig\u00f3 nos obsequi\u00f3 con una veintena de villancicos","datePublished":"2010-12-23T07:19:05+00:00","mainEntityOfPage":{"@id":"https:\/\/www.montalegre.org\/es\/2010\/12\/la-coral-canigo-nos-obsequio-con-una-veintena-de-villancicos\/"},"wordCount":437,"commentCount":0,"image":{"@id":"https:\/\/www.montalegre.org\/es\/2010\/12\/la-coral-canigo-nos-obsequio-con-una-veintena-de-villancicos\/#primaryimage"},"thumbnailUrl":"http:\/\/www.montalegre.org\/wp-content\/uploads\/2010\/12\/Sagrada-Familia-de-MA1-300x225.jpg","articleSection":["Noticias de Montalegre"],"inLanguage":"es","potentialAction":[{"@type":"CommentAction","name":"Comment","target":["https:\/\/www.montalegre.org\/es\/2010\/12\/la-coral-canigo-nos-obsequio-con-una-veintena-de-villancicos\/#respond"]}]},{"@type":"WebPage","@id":"https:\/\/www.montalegre.org\/es\/2010\/12\/la-coral-canigo-nos-obsequio-con-una-veintena-de-villancicos\/","url":"https:\/\/www.montalegre.org\/es\/2010\/12\/la-coral-canigo-nos-obsequio-con-una-veintena-de-villancicos\/","name":"La Coral Canig\u00f3 nos obsequi\u00f3 con una veintena de villancicos - Montalegre","isPartOf":{"@id":"https:\/\/www.montalegre.org\/es\/#website"},"primaryImageOfPage":{"@id":"https:\/\/www.montalegre.org\/es\/2010\/12\/la-coral-canigo-nos-obsequio-con-una-veintena-de-villancicos\/#primaryimage"},"image":{"@id":"https:\/\/www.montalegre.org\/es\/2010\/12\/la-coral-canigo-nos-obsequio-con-una-veintena-de-villancicos\/#primaryimage"},"thumbnailUrl":"http:\/\/www.montalegre.org\/wp-content\/uploads\/2010\/12\/Sagrada-Familia-de-MA1-300x225.jpg","datePublished":"2010-12-23T07:19:05+00:00","author":{"@id":"https:\/\/www.montalegre.org\/es\/#\/schema\/person\/fa12d4cf3a3f1735a9176b4fafd6a633"},"breadcrumb":{"@id":"https:\/\/www.montalegre.org\/es\/2010\/12\/la-coral-canigo-nos-obsequio-con-una-veintena-de-villancicos\/#breadcrumb"},"inLanguage":"es","potentialAction":[{"@type":"ReadAction","target":["https:\/\/www.montalegre.org\/es\/2010\/12\/la-coral-canigo-nos-obsequio-con-una-veintena-de-villancicos\/"]}]},{"@type":"ImageObject","inLanguage":"es","@id":"https:\/\/www.montalegre.org\/es\/2010\/12\/la-coral-canigo-nos-obsequio-con-una-veintena-de-villancicos\/#primaryimage","url":"http:\/\/www.montalegre.org\/wp-content\/uploads\/2010\/12\/Sagrada-Familia-de-MA1-300x225.jpg","contentUrl":"http:\/\/www.montalegre.org\/wp-content\/uploads\/2010\/12\/Sagrada-Familia-de-MA1-300x225.jpg"},{"@type":"BreadcrumbList","@id":"https:\/\/www.montalegre.org\/es\/2010\/12\/la-coral-canigo-nos-obsequio-con-una-veintena-de-villancicos\/#breadcrumb","itemListElement":[{"@type":"ListItem","position":1,"name":"Portada","item":"https:\/\/www.montalegre.org\/es\/"},{"@type":"ListItem","position":2,"name":"La Coral Canig\u00f3 nos obsequi\u00f3 con una veintena de villancicos"}]},{"@type":"WebSite","@id":"https:\/\/www.montalegre.org\/es\/#website","url":"https:\/\/www.montalegre.org\/es\/","name":"Montalegre","description":"","potentialAction":[{"@type":"SearchAction","target":{"@type":"EntryPoint","urlTemplate":"https:\/\/www.montalegre.org\/es\/?s={search_term_string}"},"query-input":{"@type":"PropertyValueSpecification","valueRequired":true,"valueName":"search_term_string"}}],"inLanguage":"es"},{"@type":"Person","@id":"https:\/\/www.montalegre.org\/es\/#\/schema\/person\/fa12d4cf3a3f1735a9176b4fafd6a633","name":"montalegre","image":{"@type":"ImageObject","inLanguage":"es","@id":"https:\/\/www.montalegre.org\/es\/#\/schema\/person\/image\/","url":"https:\/\/secure.gravatar.com\/avatar\/fe6d886cf5081e723c666dceda1f12d4f39070fa2ed4e79695edc3ca355c9b5a?s=96&d=mm&r=g","contentUrl":"https:\/\/secure.gravatar.com\/avatar\/fe6d886cf5081e723c666dceda1f12d4f39070fa2ed4e79695edc3ca355c9b5a?s=96&d=mm&r=g","caption":"montalegre"},"url":"https:\/\/www.montalegre.org\/es\/author\/montalegre\/"}]}},"_links":{"self":[{"href":"https:\/\/www.montalegre.org\/es\/wp-json\/wp\/v2\/posts\/2681","targetHints":{"allow":["GET"]}}],"collection":[{"href":"https:\/\/www.montalegre.org\/es\/wp-json\/wp\/v2\/posts"}],"about":[{"href":"https:\/\/www.montalegre.org\/es\/wp-json\/wp\/v2\/types\/post"}],"author":[{"embeddable":true,"href":"https:\/\/www.montalegre.org\/es\/wp-json\/wp\/v2\/users\/4"}],"replies":[{"embeddable":true,"href":"https:\/\/www.montalegre.org\/es\/wp-json\/wp\/v2\/comments?post=2681"}],"version-history":[{"count":3,"href":"https:\/\/www.montalegre.org\/es\/wp-json\/wp\/v2\/posts\/2681\/revisions"}],"predecessor-version":[{"id":2684,"href":"https:\/\/www.montalegre.org\/es\/wp-json\/wp\/v2\/posts\/2681\/revisions\/2684"}],"wp:attachment":[{"href":"https:\/\/www.montalegre.org\/es\/wp-json\/wp\/v2\/media?parent=2681"}],"wp:term":[{"taxonomy":"category","embeddable":true,"href":"https:\/\/www.montalegre.org\/es\/wp-json\/wp\/v2\/categories?post=2681"},{"taxonomy":"post_tag","embeddable":true,"href":"https:\/\/www.montalegre.org\/es\/wp-json\/wp\/v2\/tags?post=2681"}],"curies":[{"name":"wp","href":"https:\/\/api.w.org\/{rel}","templated":true}]}}