{"id":2651,"date":"2011-01-01T01:00:15","date_gmt":"2011-01-01T01:00:15","guid":{"rendered":"http:\/\/www.montalegre.org\/?p=2651"},"modified":"2011-01-09T15:37:13","modified_gmt":"2011-01-09T15:37:13","slug":"final-y-principio-de-ano","status":"publish","type":"post","link":"https:\/\/www.montalegre.org\/es\/2011\/01\/final-y-principio-de-ano\/","title":{"rendered":"Final y principio de a\u00f1o"},"content":{"rendered":"<p><a rel=\"attachment wp-att-2772\" href=\"http:\/\/www.montalegre.org\/2011\/01\/final-i-comencament-dany\/ano-nuevo\/\"><img loading=\"lazy\" decoding=\"async\" class=\"alignright size-medium wp-image-2772\" title=\"a\u00f1o-nuevo\" src=\"http:\/\/www.montalegre.org\/wp-content\/uploads\/2011\/01\/ano-nuevo-300x220.jpg\" alt=\"\" width=\"174\" height=\"153\" \/><\/a>Mirado desde una perspectiva cristiana, cerrar un a\u00f1o es poner el punto final a un per\u00edodo del tiempo de vida que Dios nos ha concedido. Y por la importancia que tiene el aprovechar bien este don de Dios, acabar el a\u00f1o nos ha de mover a mirar atr\u00e1s y a hacer un cierto balance.<\/p>\n<p>A lo largo del a\u00f1o 2010 todos hemos recibido muchos dones de Dios, muchas gracias, muchos bienes, a veces conocidos y muchas otras veces desconocidos. Por esto es costumbre cristiana terminar el a\u00f1o rezando un <em><strong>Te Deum<\/strong><\/em>, un canto de acci\u00f3n de gracias al Se\u00f1or.<\/p>\n<p>Junto a tantos bienes recibidos tambi\u00e9n descubriremos, evidentemente, errores y miserias personales, fruto del ego\u00edsmo que anida en nuestro coraz\u00f3n. Seguramente hemos pedido ya perd\u00f3n al Se\u00f1or de todas estas cosas, pero es bueno renovar ese arrepentimiento. Reconocer errores, pedir perd\u00f3n, nos hace m\u00e1s humildes, nos hace comprender que necesitamos m\u00e1s ayuda por parte de Dios, nos hace abrirnos m\u00e1s a su gracia: nos dispone a empezar de la mejor manera el nuevo a\u00f1o que comienza.<\/p>\n<p>Empezar un a\u00f1o abre delante de nosotros un nuevo espacio de tiempo, nuevas gracias de Dios, nuevas oportunidades para crecer en el amor a Dios y en el amor a los hermanos.<\/p>\n<p>La experiencia de los a\u00f1os vividos nos dice que habr\u00e1, sin duda, dificultades y problemas, habr\u00e1 d\u00edas mejores y d\u00edas peores, d\u00edas de sol y gran luminosidad y d\u00edas de sombras y oscuridad\u2026 Quiz\u00e1 en alg\u00fan momento sintamos incluso la incapacidad para seguir adelante en nuestro camino cristiano.<\/p>\n<p><a rel=\"attachment wp-att-2779\" href=\"http:\/\/www.montalegre.org\/2011\/01\/final-i-comencament-dany\/merce\/\"><img loading=\"lazy\" decoding=\"async\" class=\"alignleft size-full wp-image-2779\" title=\"Merc\u00e8\" src=\"http:\/\/www.montalegre.org\/wp-content\/uploads\/2011\/01\/Merc\u00e8.jpg\" alt=\"\" width=\"112\" height=\"164\" \/><\/a>Consciente de las dificultades por las que sus hijos tenemos que atravesar, la Iglesia nos propone empezar el a\u00f1o con la Fiesta de Santa Mar\u00eda Madre de Dios. Es como una invitaci\u00f3n a poner ese nuevo tiempo que Dios quiere concedernos bajo la protecci\u00f3n y el amparo de Mar\u00eda. Esta celebraci\u00f3n quiere recordarnos que si nos asimos bien fuerte a la mano de la Virgen, ella nos ayudar\u00e1 y, pase lo que pase, saldremos adelante. Nos anima San Josemar\u00eda:<\/p>\n<p><em>\u00a1Madre! -Ll\u00e1mala fuerte, fuerte. -Te escucha, te ve en peligro quiz\u00e1, y te brinda, tu Madre Santa Mar\u00eda, con la gracia de su Hijo, el consuelo de su regazo, la ternura de sus caricias: y te encontrar\u00e1s reconfortado para la nueva lucha. (Camino 516)<\/em><\/p>\n<p>Mn. Francesc Perarnau<\/p>\n","protected":false},"excerpt":{"rendered":"<p>Mirado desde una perspectiva cristiana, cerrar un a\u00f1o es poner el punto final a un per\u00edodo del tiempo de vida que Dios nos ha concedido. Y por la importancia que tiene el aprovechar bien este don de Dios, acabar el a\u00f1o nos ha de mover a mirar atr\u00e1s y a hacer un cierto balance. A [&hellip;]<\/p>\n","protected":false},"author":4,"featured_media":0,"comment_status":"open","ping_status":"open","sticky":false,"template":"","format":"standard","meta":{"footnotes":""},"categories":[52],"tags":[],"class_list":["post-2651","post","type-post","status-publish","format-standard","hentry","category-editorial"],"yoast_head":"<!-- This site is optimized with the Yoast SEO plugin v27.1.1 - https:\/\/yoast.com\/product\/yoast-seo-wordpress\/ -->\n<title>Final y principio de a\u00f1o - Montalegre<\/title>\n<meta name=\"robots\" content=\"index, follow, max-snippet:-1, max-image-preview:large, max-video-preview:-1\" \/>\n<link rel=\"canonical\" href=\"https:\/\/www.montalegre.org\/es\/2011\/01\/final-y-principio-de-ano\/\" \/>\n<meta property=\"og:locale\" content=\"es_ES\" \/>\n<meta property=\"og:type\" content=\"article\" \/>\n<meta property=\"og:title\" content=\"Final y principio de a\u00f1o - Montalegre\" \/>\n<meta property=\"og:description\" content=\"Mirado desde una perspectiva cristiana, cerrar un a\u00f1o es poner el punto final a un per\u00edodo del tiempo de vida que Dios nos ha concedido. Y por la importancia que tiene el aprovechar bien este don de Dios, acabar el a\u00f1o nos ha de mover a mirar atr\u00e1s y a hacer un cierto balance. A [&hellip;]\" \/>\n<meta property=\"og:url\" content=\"https:\/\/www.montalegre.org\/es\/2011\/01\/final-y-principio-de-ano\/\" \/>\n<meta property=\"og:site_name\" content=\"Montalegre\" \/>\n<meta property=\"article:published_time\" content=\"2011-01-01T01:00:15+00:00\" \/>\n<meta property=\"article:modified_time\" content=\"2011-01-09T15:37:13+00:00\" \/>\n<meta property=\"og:image\" content=\"http:\/\/www.montalegre.org\/wp-content\/uploads\/2011\/01\/ano-nuevo-300x220.jpg\" \/>\n<meta name=\"author\" content=\"montalegre\" \/>\n<meta name=\"twitter:card\" content=\"summary_large_image\" \/>\n<meta name=\"twitter:label1\" content=\"Escrito por\" \/>\n\t<meta name=\"twitter:data1\" content=\"montalegre\" \/>\n\t<meta name=\"twitter:label2\" content=\"Tiempo de lectura\" \/>\n\t<meta name=\"twitter:data2\" content=\"2 minutos\" \/>\n<script type=\"application\/ld+json\" class=\"yoast-schema-graph\">{\"@context\":\"https:\/\/schema.org\",\"@graph\":[{\"@type\":\"Article\",\"@id\":\"https:\/\/www.montalegre.org\/es\/2011\/01\/final-y-principio-de-ano\/#article\",\"isPartOf\":{\"@id\":\"https:\/\/www.montalegre.org\/es\/2011\/01\/final-y-principio-de-ano\/\"},\"author\":{\"name\":\"montalegre\",\"@id\":\"https:\/\/www.montalegre.org\/es\/#\/schema\/person\/fa12d4cf3a3f1735a9176b4fafd6a633\"},\"headline\":\"Final y principio de a\u00f1o\",\"datePublished\":\"2011-01-01T01:00:15+00:00\",\"dateModified\":\"2011-01-09T15:37:13+00:00\",\"mainEntityOfPage\":{\"@id\":\"https:\/\/www.montalegre.org\/es\/2011\/01\/final-y-principio-de-ano\/\"},\"wordCount\":420,\"commentCount\":0,\"image\":{\"@id\":\"https:\/\/www.montalegre.org\/es\/2011\/01\/final-y-principio-de-ano\/#primaryimage\"},\"thumbnailUrl\":\"http:\/\/www.montalegre.org\/wp-content\/uploads\/2011\/01\/ano-nuevo-300x220.jpg\",\"articleSection\":[\"Editorial\"],\"inLanguage\":\"es\",\"potentialAction\":[{\"@type\":\"CommentAction\",\"name\":\"Comment\",\"target\":[\"https:\/\/www.montalegre.org\/es\/2011\/01\/final-y-principio-de-ano\/#respond\"]}]},{\"@type\":\"WebPage\",\"@id\":\"https:\/\/www.montalegre.org\/es\/2011\/01\/final-y-principio-de-ano\/\",\"url\":\"https:\/\/www.montalegre.org\/es\/2011\/01\/final-y-principio-de-ano\/\",\"name\":\"Final y principio de a\u00f1o - Montalegre\",\"isPartOf\":{\"@id\":\"https:\/\/www.montalegre.org\/es\/#website\"},\"primaryImageOfPage\":{\"@id\":\"https:\/\/www.montalegre.org\/es\/2011\/01\/final-y-principio-de-ano\/#primaryimage\"},\"image\":{\"@id\":\"https:\/\/www.montalegre.org\/es\/2011\/01\/final-y-principio-de-ano\/#primaryimage\"},\"thumbnailUrl\":\"http:\/\/www.montalegre.org\/wp-content\/uploads\/2011\/01\/ano-nuevo-300x220.jpg\",\"datePublished\":\"2011-01-01T01:00:15+00:00\",\"dateModified\":\"2011-01-09T15:37:13+00:00\",\"author\":{\"@id\":\"https:\/\/www.montalegre.org\/es\/#\/schema\/person\/fa12d4cf3a3f1735a9176b4fafd6a633\"},\"breadcrumb\":{\"@id\":\"https:\/\/www.montalegre.org\/es\/2011\/01\/final-y-principio-de-ano\/#breadcrumb\"},\"inLanguage\":\"es\",\"potentialAction\":[{\"@type\":\"ReadAction\",\"target\":[\"https:\/\/www.montalegre.org\/es\/2011\/01\/final-y-principio-de-ano\/\"]}]},{\"@type\":\"ImageObject\",\"inLanguage\":\"es\",\"@id\":\"https:\/\/www.montalegre.org\/es\/2011\/01\/final-y-principio-de-ano\/#primaryimage\",\"url\":\"http:\/\/www.montalegre.org\/wp-content\/uploads\/2011\/01\/ano-nuevo-300x220.jpg\",\"contentUrl\":\"http:\/\/www.montalegre.org\/wp-content\/uploads\/2011\/01\/ano-nuevo-300x220.jpg\"},{\"@type\":\"BreadcrumbList\",\"@id\":\"https:\/\/www.montalegre.org\/es\/2011\/01\/final-y-principio-de-ano\/#breadcrumb\",\"itemListElement\":[{\"@type\":\"ListItem\",\"position\":1,\"name\":\"Portada\",\"item\":\"https:\/\/www.montalegre.org\/es\/\"},{\"@type\":\"ListItem\",\"position\":2,\"name\":\"Final y principio de a\u00f1o\"}]},{\"@type\":\"WebSite\",\"@id\":\"https:\/\/www.montalegre.org\/es\/#website\",\"url\":\"https:\/\/www.montalegre.org\/es\/\",\"name\":\"Montalegre\",\"description\":\"\",\"potentialAction\":[{\"@type\":\"SearchAction\",\"target\":{\"@type\":\"EntryPoint\",\"urlTemplate\":\"https:\/\/www.montalegre.org\/es\/?s={search_term_string}\"},\"query-input\":{\"@type\":\"PropertyValueSpecification\",\"valueRequired\":true,\"valueName\":\"search_term_string\"}}],\"inLanguage\":\"es\"},{\"@type\":\"Person\",\"@id\":\"https:\/\/www.montalegre.org\/es\/#\/schema\/person\/fa12d4cf3a3f1735a9176b4fafd6a633\",\"name\":\"montalegre\",\"image\":{\"@type\":\"ImageObject\",\"inLanguage\":\"es\",\"@id\":\"https:\/\/www.montalegre.org\/es\/#\/schema\/person\/image\/\",\"url\":\"https:\/\/secure.gravatar.com\/avatar\/fe6d886cf5081e723c666dceda1f12d4f39070fa2ed4e79695edc3ca355c9b5a?s=96&d=mm&r=g\",\"contentUrl\":\"https:\/\/secure.gravatar.com\/avatar\/fe6d886cf5081e723c666dceda1f12d4f39070fa2ed4e79695edc3ca355c9b5a?s=96&d=mm&r=g\",\"caption\":\"montalegre\"},\"url\":\"https:\/\/www.montalegre.org\/es\/author\/montalegre\/\"}]}<\/script>\n<!-- \/ Yoast SEO plugin. -->","yoast_head_json":{"title":"Final y principio de a\u00f1o - Montalegre","robots":{"index":"index","follow":"follow","max-snippet":"max-snippet:-1","max-image-preview":"max-image-preview:large","max-video-preview":"max-video-preview:-1"},"canonical":"https:\/\/www.montalegre.org\/es\/2011\/01\/final-y-principio-de-ano\/","og_locale":"es_ES","og_type":"article","og_title":"Final y principio de a\u00f1o - Montalegre","og_description":"Mirado desde una perspectiva cristiana, cerrar un a\u00f1o es poner el punto final a un per\u00edodo del tiempo de vida que Dios nos ha concedido. Y por la importancia que tiene el aprovechar bien este don de Dios, acabar el a\u00f1o nos ha de mover a mirar atr\u00e1s y a hacer un cierto balance. A [&hellip;]","og_url":"https:\/\/www.montalegre.org\/es\/2011\/01\/final-y-principio-de-ano\/","og_site_name":"Montalegre","article_published_time":"2011-01-01T01:00:15+00:00","article_modified_time":"2011-01-09T15:37:13+00:00","og_image":[{"url":"http:\/\/www.montalegre.org\/wp-content\/uploads\/2011\/01\/ano-nuevo-300x220.jpg","type":"","width":"","height":""}],"author":"montalegre","twitter_card":"summary_large_image","twitter_misc":{"Escrito por":"montalegre","Tiempo de lectura":"2 minutos"},"schema":{"@context":"https:\/\/schema.org","@graph":[{"@type":"Article","@id":"https:\/\/www.montalegre.org\/es\/2011\/01\/final-y-principio-de-ano\/#article","isPartOf":{"@id":"https:\/\/www.montalegre.org\/es\/2011\/01\/final-y-principio-de-ano\/"},"author":{"name":"montalegre","@id":"https:\/\/www.montalegre.org\/es\/#\/schema\/person\/fa12d4cf3a3f1735a9176b4fafd6a633"},"headline":"Final y principio de a\u00f1o","datePublished":"2011-01-01T01:00:15+00:00","dateModified":"2011-01-09T15:37:13+00:00","mainEntityOfPage":{"@id":"https:\/\/www.montalegre.org\/es\/2011\/01\/final-y-principio-de-ano\/"},"wordCount":420,"commentCount":0,"image":{"@id":"https:\/\/www.montalegre.org\/es\/2011\/01\/final-y-principio-de-ano\/#primaryimage"},"thumbnailUrl":"http:\/\/www.montalegre.org\/wp-content\/uploads\/2011\/01\/ano-nuevo-300x220.jpg","articleSection":["Editorial"],"inLanguage":"es","potentialAction":[{"@type":"CommentAction","name":"Comment","target":["https:\/\/www.montalegre.org\/es\/2011\/01\/final-y-principio-de-ano\/#respond"]}]},{"@type":"WebPage","@id":"https:\/\/www.montalegre.org\/es\/2011\/01\/final-y-principio-de-ano\/","url":"https:\/\/www.montalegre.org\/es\/2011\/01\/final-y-principio-de-ano\/","name":"Final y principio de a\u00f1o - Montalegre","isPartOf":{"@id":"https:\/\/www.montalegre.org\/es\/#website"},"primaryImageOfPage":{"@id":"https:\/\/www.montalegre.org\/es\/2011\/01\/final-y-principio-de-ano\/#primaryimage"},"image":{"@id":"https:\/\/www.montalegre.org\/es\/2011\/01\/final-y-principio-de-ano\/#primaryimage"},"thumbnailUrl":"http:\/\/www.montalegre.org\/wp-content\/uploads\/2011\/01\/ano-nuevo-300x220.jpg","datePublished":"2011-01-01T01:00:15+00:00","dateModified":"2011-01-09T15:37:13+00:00","author":{"@id":"https:\/\/www.montalegre.org\/es\/#\/schema\/person\/fa12d4cf3a3f1735a9176b4fafd6a633"},"breadcrumb":{"@id":"https:\/\/www.montalegre.org\/es\/2011\/01\/final-y-principio-de-ano\/#breadcrumb"},"inLanguage":"es","potentialAction":[{"@type":"ReadAction","target":["https:\/\/www.montalegre.org\/es\/2011\/01\/final-y-principio-de-ano\/"]}]},{"@type":"ImageObject","inLanguage":"es","@id":"https:\/\/www.montalegre.org\/es\/2011\/01\/final-y-principio-de-ano\/#primaryimage","url":"http:\/\/www.montalegre.org\/wp-content\/uploads\/2011\/01\/ano-nuevo-300x220.jpg","contentUrl":"http:\/\/www.montalegre.org\/wp-content\/uploads\/2011\/01\/ano-nuevo-300x220.jpg"},{"@type":"BreadcrumbList","@id":"https:\/\/www.montalegre.org\/es\/2011\/01\/final-y-principio-de-ano\/#breadcrumb","itemListElement":[{"@type":"ListItem","position":1,"name":"Portada","item":"https:\/\/www.montalegre.org\/es\/"},{"@type":"ListItem","position":2,"name":"Final y principio de a\u00f1o"}]},{"@type":"WebSite","@id":"https:\/\/www.montalegre.org\/es\/#website","url":"https:\/\/www.montalegre.org\/es\/","name":"Montalegre","description":"","potentialAction":[{"@type":"SearchAction","target":{"@type":"EntryPoint","urlTemplate":"https:\/\/www.montalegre.org\/es\/?s={search_term_string}"},"query-input":{"@type":"PropertyValueSpecification","valueRequired":true,"valueName":"search_term_string"}}],"inLanguage":"es"},{"@type":"Person","@id":"https:\/\/www.montalegre.org\/es\/#\/schema\/person\/fa12d4cf3a3f1735a9176b4fafd6a633","name":"montalegre","image":{"@type":"ImageObject","inLanguage":"es","@id":"https:\/\/www.montalegre.org\/es\/#\/schema\/person\/image\/","url":"https:\/\/secure.gravatar.com\/avatar\/fe6d886cf5081e723c666dceda1f12d4f39070fa2ed4e79695edc3ca355c9b5a?s=96&d=mm&r=g","contentUrl":"https:\/\/secure.gravatar.com\/avatar\/fe6d886cf5081e723c666dceda1f12d4f39070fa2ed4e79695edc3ca355c9b5a?s=96&d=mm&r=g","caption":"montalegre"},"url":"https:\/\/www.montalegre.org\/es\/author\/montalegre\/"}]}},"_links":{"self":[{"href":"https:\/\/www.montalegre.org\/es\/wp-json\/wp\/v2\/posts\/2651","targetHints":{"allow":["GET"]}}],"collection":[{"href":"https:\/\/www.montalegre.org\/es\/wp-json\/wp\/v2\/posts"}],"about":[{"href":"https:\/\/www.montalegre.org\/es\/wp-json\/wp\/v2\/types\/post"}],"author":[{"embeddable":true,"href":"https:\/\/www.montalegre.org\/es\/wp-json\/wp\/v2\/users\/4"}],"replies":[{"embeddable":true,"href":"https:\/\/www.montalegre.org\/es\/wp-json\/wp\/v2\/comments?post=2651"}],"version-history":[{"count":12,"href":"https:\/\/www.montalegre.org\/es\/wp-json\/wp\/v2\/posts\/2651\/revisions"}],"predecessor-version":[{"id":2716,"href":"https:\/\/www.montalegre.org\/es\/wp-json\/wp\/v2\/posts\/2651\/revisions\/2716"}],"wp:attachment":[{"href":"https:\/\/www.montalegre.org\/es\/wp-json\/wp\/v2\/media?parent=2651"}],"wp:term":[{"taxonomy":"category","embeddable":true,"href":"https:\/\/www.montalegre.org\/es\/wp-json\/wp\/v2\/categories?post=2651"},{"taxonomy":"post_tag","embeddable":true,"href":"https:\/\/www.montalegre.org\/es\/wp-json\/wp\/v2\/tags?post=2651"}],"curies":[{"name":"wp","href":"https:\/\/api.w.org\/{rel}","templated":true}]}}