{"id":2641,"date":"2010-12-19T16:13:16","date_gmt":"2010-12-19T16:13:16","guid":{"rendered":"http:\/\/www.montalegre.org\/?p=2641"},"modified":"2010-12-19T16:13:16","modified_gmt":"2010-12-19T16:13:16","slug":"la-raiz-cristiana-es-la-base-de-la-accion-humanitaria-en-el-mundo","status":"publish","type":"post","link":"https:\/\/www.montalegre.org\/es\/2010\/12\/la-raiz-cristiana-es-la-base-de-la-accion-humanitaria-en-el-mundo\/","title":{"rendered":"La ra\u00edz cristiana es la base de la acci\u00f3n humanitaria en el mundo"},"content":{"rendered":"<div class=\"mceTemp\">\n<div id=\"attachment_2638\" style=\"width: 160px\" class=\"wp-caption alignleft\"><a rel=\"attachment wp-att-2638\" href=\"http:\/\/www.montalegre.org\/2010\/12\/l%e2%80%99arrel-cristiana-es-la-base-de-l%e2%80%99accio-humanitaria-en-el-mon\/sala-polivalent-i-pessebre\/\"><img loading=\"lazy\" decoding=\"async\" aria-describedby=\"caption-attachment-2638\" class=\"size-thumbnail wp-image-2638\" title=\"sala polivalent i pessebre\" src=\"http:\/\/www.montalegre.org\/wp-content\/uploads\/2010\/12\/sala-polivalent-i-pessebre-150x150.jpg\" alt=\"\" width=\"150\" height=\"150\" \/><\/a><p id=\"caption-attachment-2638\" class=\"wp-caption-text\">sala polivalent de l&#39;esgl\u00e9sia <\/p><\/div>\n<p>El d\u00eda 17 de diciembre se\u00a0 celebr\u00f3 en la iglesia el <strong><em>D\u00eda del Voluntario de la Acci\u00f3n Social de Montalegre.<\/em><\/strong> Una cincuentena de voluntarios y voluntarias se reunieron en la misa de las 13 h. El Rector que la \u00a0celebr\u00f3 destac\u00f3 que la acci\u00f3n humanitaria que desarrollan <em>hace Iglesia<\/em>, ya que el edificio intelectual de los derechos y deberes humanos ha crecido en pa\u00edses de substrato cristiano. Y en aquellos donde todav\u00eda\u00a0 no se ha producido la evangelizaci\u00f3n es muy dif\u00edcil la implantaci\u00f3n de estos derechos y deberes a pesar de los Compromisos y Acuerdos que se hayan firmado. Y en aquellos otros donde la ra\u00edz cristiana se ha arrancado, como si se tratara de un \u00e1rbol, al suprimir la fuente de su vida, va muriendo poco a poco, cre\u00e1ndose situaciones tan contradictorias como que al mismo tiempo se luche por salvar la vida de un reci\u00e9n nacido prematuro y se practique el aborto.\u00a0 La labor humanitaria que desarrollan muchas instituciones y organizaciones es muy buena, les mueven motivos humanos de pena y l\u00e1stima, en definitiva de misericordia, pero como dec\u00eda la Beata Teresa de Calcuta <strong><em>lo que hago tampoco lo har\u00eda por todo el oro del mundo sino por algo\u00a0 m\u00e1s grande \u201cTodo lo hacemos por Jes\u00fas\u201d.\u00a0<\/em><\/strong><strong><em>\u00a0<\/em><\/strong><\/div>\n<p>A continuaci\u00f3n, en la sala polivalente de la iglesia se degust\u00f3 un <em>lunch<\/em> muy apetitoso, presidido por un gran pesebre, ocasi\u00f3n estupenda para desearnos todos \u00a0una Feliz Navidad!\u00a0<\/p>\n<p>Isabel Hern\u00e1ndez Esteban<\/p>\n","protected":false},"excerpt":{"rendered":"<p>El d\u00eda 17 de diciembre se\u00a0 celebr\u00f3 en la iglesia el D\u00eda del Voluntario de la Acci\u00f3n Social de Montalegre. Una cincuentena de voluntarios y voluntarias se reunieron en la misa de las 13 h. El Rector que la \u00a0celebr\u00f3 destac\u00f3 que la acci\u00f3n humanitaria que desarrollan hace Iglesia, ya que el edificio intelectual de [&hellip;]<\/p>\n","protected":false},"author":4,"featured_media":0,"comment_status":"open","ping_status":"open","sticky":false,"template":"","format":"standard","meta":{"footnotes":""},"categories":[1],"tags":[],"class_list":["post-2641","post","type-post","status-publish","format-standard","hentry","category-noticias-de-montalegre"],"yoast_head":"<!-- This site is optimized with the Yoast SEO plugin v27.1.1 - https:\/\/yoast.com\/product\/yoast-seo-wordpress\/ -->\n<title>La ra\u00edz cristiana es la base de la acci\u00f3n humanitaria en el mundo - Montalegre<\/title>\n<meta name=\"robots\" content=\"index, follow, max-snippet:-1, max-image-preview:large, max-video-preview:-1\" \/>\n<link rel=\"canonical\" href=\"https:\/\/www.montalegre.org\/es\/2010\/12\/la-raiz-cristiana-es-la-base-de-la-accion-humanitaria-en-el-mundo\/\" \/>\n<meta property=\"og:locale\" content=\"es_ES\" \/>\n<meta property=\"og:type\" content=\"article\" \/>\n<meta property=\"og:title\" content=\"La ra\u00edz cristiana es la base de la acci\u00f3n humanitaria en el mundo - Montalegre\" \/>\n<meta property=\"og:description\" content=\"El d\u00eda 17 de diciembre se\u00a0 celebr\u00f3 en la iglesia el D\u00eda del Voluntario de la Acci\u00f3n Social de Montalegre. Una cincuentena de voluntarios y voluntarias se reunieron en la misa de las 13 h. El Rector que la \u00a0celebr\u00f3 destac\u00f3 que la acci\u00f3n humanitaria que desarrollan hace Iglesia, ya que el edificio intelectual de [&hellip;]\" \/>\n<meta property=\"og:url\" content=\"https:\/\/www.montalegre.org\/es\/2010\/12\/la-raiz-cristiana-es-la-base-de-la-accion-humanitaria-en-el-mundo\/\" \/>\n<meta property=\"og:site_name\" content=\"Montalegre\" \/>\n<meta property=\"article:published_time\" content=\"2010-12-19T16:13:16+00:00\" \/>\n<meta property=\"og:image\" content=\"http:\/\/www.montalegre.org\/wp-content\/uploads\/2010\/12\/sala-polivalent-i-pessebre-150x150.jpg\" \/>\n<meta name=\"author\" content=\"montalegre\" \/>\n<meta name=\"twitter:card\" content=\"summary_large_image\" \/>\n<meta name=\"twitter:label1\" content=\"Escrito por\" \/>\n\t<meta name=\"twitter:data1\" content=\"montalegre\" \/>\n\t<meta name=\"twitter:label2\" content=\"Tiempo de lectura\" \/>\n\t<meta name=\"twitter:data2\" content=\"1 minuto\" \/>\n<script type=\"application\/ld+json\" class=\"yoast-schema-graph\">{\"@context\":\"https:\/\/schema.org\",\"@graph\":[{\"@type\":\"Article\",\"@id\":\"https:\/\/www.montalegre.org\/es\/2010\/12\/la-raiz-cristiana-es-la-base-de-la-accion-humanitaria-en-el-mundo\/#article\",\"isPartOf\":{\"@id\":\"https:\/\/www.montalegre.org\/es\/2010\/12\/la-raiz-cristiana-es-la-base-de-la-accion-humanitaria-en-el-mundo\/\"},\"author\":{\"name\":\"montalegre\",\"@id\":\"https:\/\/www.montalegre.org\/es\/#\/schema\/person\/fa12d4cf3a3f1735a9176b4fafd6a633\"},\"headline\":\"La ra\u00edz cristiana es la base de la acci\u00f3n humanitaria en el mundo\",\"datePublished\":\"2010-12-19T16:13:16+00:00\",\"mainEntityOfPage\":{\"@id\":\"https:\/\/www.montalegre.org\/es\/2010\/12\/la-raiz-cristiana-es-la-base-de-la-accion-humanitaria-en-el-mundo\/\"},\"wordCount\":286,\"commentCount\":0,\"image\":{\"@id\":\"https:\/\/www.montalegre.org\/es\/2010\/12\/la-raiz-cristiana-es-la-base-de-la-accion-humanitaria-en-el-mundo\/#primaryimage\"},\"thumbnailUrl\":\"http:\/\/www.montalegre.org\/wp-content\/uploads\/2010\/12\/sala-polivalent-i-pessebre-150x150.jpg\",\"articleSection\":[\"Noticias de Montalegre\"],\"inLanguage\":\"es\",\"potentialAction\":[{\"@type\":\"CommentAction\",\"name\":\"Comment\",\"target\":[\"https:\/\/www.montalegre.org\/es\/2010\/12\/la-raiz-cristiana-es-la-base-de-la-accion-humanitaria-en-el-mundo\/#respond\"]}]},{\"@type\":\"WebPage\",\"@id\":\"https:\/\/www.montalegre.org\/es\/2010\/12\/la-raiz-cristiana-es-la-base-de-la-accion-humanitaria-en-el-mundo\/\",\"url\":\"https:\/\/www.montalegre.org\/es\/2010\/12\/la-raiz-cristiana-es-la-base-de-la-accion-humanitaria-en-el-mundo\/\",\"name\":\"La ra\u00edz cristiana es la base de la acci\u00f3n humanitaria en el mundo - Montalegre\",\"isPartOf\":{\"@id\":\"https:\/\/www.montalegre.org\/es\/#website\"},\"primaryImageOfPage\":{\"@id\":\"https:\/\/www.montalegre.org\/es\/2010\/12\/la-raiz-cristiana-es-la-base-de-la-accion-humanitaria-en-el-mundo\/#primaryimage\"},\"image\":{\"@id\":\"https:\/\/www.montalegre.org\/es\/2010\/12\/la-raiz-cristiana-es-la-base-de-la-accion-humanitaria-en-el-mundo\/#primaryimage\"},\"thumbnailUrl\":\"http:\/\/www.montalegre.org\/wp-content\/uploads\/2010\/12\/sala-polivalent-i-pessebre-150x150.jpg\",\"datePublished\":\"2010-12-19T16:13:16+00:00\",\"author\":{\"@id\":\"https:\/\/www.montalegre.org\/es\/#\/schema\/person\/fa12d4cf3a3f1735a9176b4fafd6a633\"},\"breadcrumb\":{\"@id\":\"https:\/\/www.montalegre.org\/es\/2010\/12\/la-raiz-cristiana-es-la-base-de-la-accion-humanitaria-en-el-mundo\/#breadcrumb\"},\"inLanguage\":\"es\",\"potentialAction\":[{\"@type\":\"ReadAction\",\"target\":[\"https:\/\/www.montalegre.org\/es\/2010\/12\/la-raiz-cristiana-es-la-base-de-la-accion-humanitaria-en-el-mundo\/\"]}]},{\"@type\":\"ImageObject\",\"inLanguage\":\"es\",\"@id\":\"https:\/\/www.montalegre.org\/es\/2010\/12\/la-raiz-cristiana-es-la-base-de-la-accion-humanitaria-en-el-mundo\/#primaryimage\",\"url\":\"http:\/\/www.montalegre.org\/wp-content\/uploads\/2010\/12\/sala-polivalent-i-pessebre-150x150.jpg\",\"contentUrl\":\"http:\/\/www.montalegre.org\/wp-content\/uploads\/2010\/12\/sala-polivalent-i-pessebre-150x150.jpg\"},{\"@type\":\"BreadcrumbList\",\"@id\":\"https:\/\/www.montalegre.org\/es\/2010\/12\/la-raiz-cristiana-es-la-base-de-la-accion-humanitaria-en-el-mundo\/#breadcrumb\",\"itemListElement\":[{\"@type\":\"ListItem\",\"position\":1,\"name\":\"Portada\",\"item\":\"https:\/\/www.montalegre.org\/es\/\"},{\"@type\":\"ListItem\",\"position\":2,\"name\":\"La ra\u00edz cristiana es la base de la acci\u00f3n humanitaria en el mundo\"}]},{\"@type\":\"WebSite\",\"@id\":\"https:\/\/www.montalegre.org\/es\/#website\",\"url\":\"https:\/\/www.montalegre.org\/es\/\",\"name\":\"Montalegre\",\"description\":\"\",\"potentialAction\":[{\"@type\":\"SearchAction\",\"target\":{\"@type\":\"EntryPoint\",\"urlTemplate\":\"https:\/\/www.montalegre.org\/es\/?s={search_term_string}\"},\"query-input\":{\"@type\":\"PropertyValueSpecification\",\"valueRequired\":true,\"valueName\":\"search_term_string\"}}],\"inLanguage\":\"es\"},{\"@type\":\"Person\",\"@id\":\"https:\/\/www.montalegre.org\/es\/#\/schema\/person\/fa12d4cf3a3f1735a9176b4fafd6a633\",\"name\":\"montalegre\",\"image\":{\"@type\":\"ImageObject\",\"inLanguage\":\"es\",\"@id\":\"https:\/\/www.montalegre.org\/es\/#\/schema\/person\/image\/\",\"url\":\"https:\/\/secure.gravatar.com\/avatar\/fe6d886cf5081e723c666dceda1f12d4f39070fa2ed4e79695edc3ca355c9b5a?s=96&d=mm&r=g\",\"contentUrl\":\"https:\/\/secure.gravatar.com\/avatar\/fe6d886cf5081e723c666dceda1f12d4f39070fa2ed4e79695edc3ca355c9b5a?s=96&d=mm&r=g\",\"caption\":\"montalegre\"},\"url\":\"https:\/\/www.montalegre.org\/es\/author\/montalegre\/\"}]}<\/script>\n<!-- \/ Yoast SEO plugin. -->","yoast_head_json":{"title":"La ra\u00edz cristiana es la base de la acci\u00f3n humanitaria en el mundo - Montalegre","robots":{"index":"index","follow":"follow","max-snippet":"max-snippet:-1","max-image-preview":"max-image-preview:large","max-video-preview":"max-video-preview:-1"},"canonical":"https:\/\/www.montalegre.org\/es\/2010\/12\/la-raiz-cristiana-es-la-base-de-la-accion-humanitaria-en-el-mundo\/","og_locale":"es_ES","og_type":"article","og_title":"La ra\u00edz cristiana es la base de la acci\u00f3n humanitaria en el mundo - Montalegre","og_description":"El d\u00eda 17 de diciembre se\u00a0 celebr\u00f3 en la iglesia el D\u00eda del Voluntario de la Acci\u00f3n Social de Montalegre. Una cincuentena de voluntarios y voluntarias se reunieron en la misa de las 13 h. El Rector que la \u00a0celebr\u00f3 destac\u00f3 que la acci\u00f3n humanitaria que desarrollan hace Iglesia, ya que el edificio intelectual de [&hellip;]","og_url":"https:\/\/www.montalegre.org\/es\/2010\/12\/la-raiz-cristiana-es-la-base-de-la-accion-humanitaria-en-el-mundo\/","og_site_name":"Montalegre","article_published_time":"2010-12-19T16:13:16+00:00","og_image":[{"url":"http:\/\/www.montalegre.org\/wp-content\/uploads\/2010\/12\/sala-polivalent-i-pessebre-150x150.jpg","type":"","width":"","height":""}],"author":"montalegre","twitter_card":"summary_large_image","twitter_misc":{"Escrito por":"montalegre","Tiempo de lectura":"1 minuto"},"schema":{"@context":"https:\/\/schema.org","@graph":[{"@type":"Article","@id":"https:\/\/www.montalegre.org\/es\/2010\/12\/la-raiz-cristiana-es-la-base-de-la-accion-humanitaria-en-el-mundo\/#article","isPartOf":{"@id":"https:\/\/www.montalegre.org\/es\/2010\/12\/la-raiz-cristiana-es-la-base-de-la-accion-humanitaria-en-el-mundo\/"},"author":{"name":"montalegre","@id":"https:\/\/www.montalegre.org\/es\/#\/schema\/person\/fa12d4cf3a3f1735a9176b4fafd6a633"},"headline":"La ra\u00edz cristiana es la base de la acci\u00f3n humanitaria en el mundo","datePublished":"2010-12-19T16:13:16+00:00","mainEntityOfPage":{"@id":"https:\/\/www.montalegre.org\/es\/2010\/12\/la-raiz-cristiana-es-la-base-de-la-accion-humanitaria-en-el-mundo\/"},"wordCount":286,"commentCount":0,"image":{"@id":"https:\/\/www.montalegre.org\/es\/2010\/12\/la-raiz-cristiana-es-la-base-de-la-accion-humanitaria-en-el-mundo\/#primaryimage"},"thumbnailUrl":"http:\/\/www.montalegre.org\/wp-content\/uploads\/2010\/12\/sala-polivalent-i-pessebre-150x150.jpg","articleSection":["Noticias de Montalegre"],"inLanguage":"es","potentialAction":[{"@type":"CommentAction","name":"Comment","target":["https:\/\/www.montalegre.org\/es\/2010\/12\/la-raiz-cristiana-es-la-base-de-la-accion-humanitaria-en-el-mundo\/#respond"]}]},{"@type":"WebPage","@id":"https:\/\/www.montalegre.org\/es\/2010\/12\/la-raiz-cristiana-es-la-base-de-la-accion-humanitaria-en-el-mundo\/","url":"https:\/\/www.montalegre.org\/es\/2010\/12\/la-raiz-cristiana-es-la-base-de-la-accion-humanitaria-en-el-mundo\/","name":"La ra\u00edz cristiana es la base de la acci\u00f3n humanitaria en el mundo - Montalegre","isPartOf":{"@id":"https:\/\/www.montalegre.org\/es\/#website"},"primaryImageOfPage":{"@id":"https:\/\/www.montalegre.org\/es\/2010\/12\/la-raiz-cristiana-es-la-base-de-la-accion-humanitaria-en-el-mundo\/#primaryimage"},"image":{"@id":"https:\/\/www.montalegre.org\/es\/2010\/12\/la-raiz-cristiana-es-la-base-de-la-accion-humanitaria-en-el-mundo\/#primaryimage"},"thumbnailUrl":"http:\/\/www.montalegre.org\/wp-content\/uploads\/2010\/12\/sala-polivalent-i-pessebre-150x150.jpg","datePublished":"2010-12-19T16:13:16+00:00","author":{"@id":"https:\/\/www.montalegre.org\/es\/#\/schema\/person\/fa12d4cf3a3f1735a9176b4fafd6a633"},"breadcrumb":{"@id":"https:\/\/www.montalegre.org\/es\/2010\/12\/la-raiz-cristiana-es-la-base-de-la-accion-humanitaria-en-el-mundo\/#breadcrumb"},"inLanguage":"es","potentialAction":[{"@type":"ReadAction","target":["https:\/\/www.montalegre.org\/es\/2010\/12\/la-raiz-cristiana-es-la-base-de-la-accion-humanitaria-en-el-mundo\/"]}]},{"@type":"ImageObject","inLanguage":"es","@id":"https:\/\/www.montalegre.org\/es\/2010\/12\/la-raiz-cristiana-es-la-base-de-la-accion-humanitaria-en-el-mundo\/#primaryimage","url":"http:\/\/www.montalegre.org\/wp-content\/uploads\/2010\/12\/sala-polivalent-i-pessebre-150x150.jpg","contentUrl":"http:\/\/www.montalegre.org\/wp-content\/uploads\/2010\/12\/sala-polivalent-i-pessebre-150x150.jpg"},{"@type":"BreadcrumbList","@id":"https:\/\/www.montalegre.org\/es\/2010\/12\/la-raiz-cristiana-es-la-base-de-la-accion-humanitaria-en-el-mundo\/#breadcrumb","itemListElement":[{"@type":"ListItem","position":1,"name":"Portada","item":"https:\/\/www.montalegre.org\/es\/"},{"@type":"ListItem","position":2,"name":"La ra\u00edz cristiana es la base de la acci\u00f3n humanitaria en el mundo"}]},{"@type":"WebSite","@id":"https:\/\/www.montalegre.org\/es\/#website","url":"https:\/\/www.montalegre.org\/es\/","name":"Montalegre","description":"","potentialAction":[{"@type":"SearchAction","target":{"@type":"EntryPoint","urlTemplate":"https:\/\/www.montalegre.org\/es\/?s={search_term_string}"},"query-input":{"@type":"PropertyValueSpecification","valueRequired":true,"valueName":"search_term_string"}}],"inLanguage":"es"},{"@type":"Person","@id":"https:\/\/www.montalegre.org\/es\/#\/schema\/person\/fa12d4cf3a3f1735a9176b4fafd6a633","name":"montalegre","image":{"@type":"ImageObject","inLanguage":"es","@id":"https:\/\/www.montalegre.org\/es\/#\/schema\/person\/image\/","url":"https:\/\/secure.gravatar.com\/avatar\/fe6d886cf5081e723c666dceda1f12d4f39070fa2ed4e79695edc3ca355c9b5a?s=96&d=mm&r=g","contentUrl":"https:\/\/secure.gravatar.com\/avatar\/fe6d886cf5081e723c666dceda1f12d4f39070fa2ed4e79695edc3ca355c9b5a?s=96&d=mm&r=g","caption":"montalegre"},"url":"https:\/\/www.montalegre.org\/es\/author\/montalegre\/"}]}},"_links":{"self":[{"href":"https:\/\/www.montalegre.org\/es\/wp-json\/wp\/v2\/posts\/2641","targetHints":{"allow":["GET"]}}],"collection":[{"href":"https:\/\/www.montalegre.org\/es\/wp-json\/wp\/v2\/posts"}],"about":[{"href":"https:\/\/www.montalegre.org\/es\/wp-json\/wp\/v2\/types\/post"}],"author":[{"embeddable":true,"href":"https:\/\/www.montalegre.org\/es\/wp-json\/wp\/v2\/users\/4"}],"replies":[{"embeddable":true,"href":"https:\/\/www.montalegre.org\/es\/wp-json\/wp\/v2\/comments?post=2641"}],"version-history":[{"count":3,"href":"https:\/\/www.montalegre.org\/es\/wp-json\/wp\/v2\/posts\/2641\/revisions"}],"predecessor-version":[{"id":2644,"href":"https:\/\/www.montalegre.org\/es\/wp-json\/wp\/v2\/posts\/2641\/revisions\/2644"}],"wp:attachment":[{"href":"https:\/\/www.montalegre.org\/es\/wp-json\/wp\/v2\/media?parent=2641"}],"wp:term":[{"taxonomy":"category","embeddable":true,"href":"https:\/\/www.montalegre.org\/es\/wp-json\/wp\/v2\/categories?post=2641"},{"taxonomy":"post_tag","embeddable":true,"href":"https:\/\/www.montalegre.org\/es\/wp-json\/wp\/v2\/tags?post=2641"}],"curies":[{"name":"wp","href":"https:\/\/api.w.org\/{rel}","templated":true}]}}