{"id":2607,"date":"2010-12-12T20:00:03","date_gmt":"2010-12-12T20:00:03","guid":{"rendered":"http:\/\/www.montalegre.org\/?p=2607"},"modified":"2010-12-15T11:08:29","modified_gmt":"2010-12-15T11:08:29","slug":"en-la-misa-por-el-sufragio-del-alma-del-siervo-de-dios-jose-maria-hernandez-garnica","status":"publish","type":"post","link":"https:\/\/www.montalegre.org\/es\/2010\/12\/en-la-misa-por-el-sufragio-del-alma-del-siervo-de-dios-jose-maria-hernandez-garnica\/","title":{"rendered":"En la misa por el sufragio del alma del Siervo de Dios, Jos\u00e9 Maria Hern\u00e1ndez Garnica"},"content":{"rendered":"<div class=\"mceTemp\">\n<div id=\"attachment_2610\" style=\"width: 310px\" class=\"wp-caption alignright\"><a rel=\"attachment wp-att-2610\" href=\"http:\/\/www.montalegre.org\/2010\/12\/en-la-missa-pel-sufragi-de-l%e2%80%99anima-del-servent-de-deu-jose-maria-hernandez-garnica\/vestibul-ma-jmhg\/\"><img loading=\"lazy\" decoding=\"async\" aria-describedby=\"caption-attachment-2610\" class=\"size-medium wp-image-2610\" title=\"Vestibul MA JMHG\" src=\"http:\/\/www.montalegre.org\/wp-content\/uploads\/2010\/12\/Vestibul-MA-JMHG-300x225.jpg\" alt=\"\" width=\"300\" height=\"225\" \/><\/a><p id=\"caption-attachment-2610\" class=\"wp-caption-text\">vest\u00edbulo de la iglesia a la salida de la celebraci\u00f3n<\/p><\/div>\n<p>Fue evidente el incremento de la devoci\u00f3n privada a este Siervo de Dios debido a la presencia de un notable n\u00famero de fieles en la santa misa que se celebr\u00f3 en la Esgl\u00e8sia de Santa Maria de Montalegre el pasado 9 de diciembre a las 19 h. Su rector en la homil\u00eda explic\u00f3 los motivos por los que por tercer a\u00f1o consecutivo, y con intenci\u00f3n de continuidad, se ofrec\u00eda la misa en sufragio del alma de Jos\u00e9 Maria Hern\u00e1ndez Garnica: <em>Estamos plenamente convencidos de que es un santo y queremos sea un personaje m\u00e1s conocido, y por el bien de la Iglesia que est\u00e9 en los altares, porque los santos son nuestros referentes, nuestros modelos de vida.<\/em><em>\u00a0<\/em><\/p>\n<div class=\"mceTemp\">En la<em> Exhortaci\u00f3n Apost\u00f3lica Verbum<\/em><em> Domini* <\/em>SS Benedicto XVI le dedica un apartado a la santidad. Va refiriendo diversos santos de altar, los cuales a lo largo de sus vidas han fundado congregaciones o instituciones inspiradas en la Sagrada Escritura, desde San Antonio Abad, a San Juan Bosco, San Juan Maria Vianey, San P\u00edo de Pietreclina, entre otros, as\u00ed como San Josemaria Escriv\u00e1 y\u00a0su predicaci\u00f3n a la llamada universal de la santidad, <em>referencia que nos alegr\u00f3 a muchos de nosotros,<\/em> dijo Mn. Perarnau, y citando textualmente al Santo Padre a\u00f1adi\u00f3: <em>\u201cCada santo es como un rayo de luz que sale de la Palabra de Dios\u201d.<\/em>\u00a0<\/div>\n<p>A continuaci\u00f3n explic\u00f3 el deseo latente <span style=\"font-size: x-small;\">de que los restos mortales de Jos\u00e9 Maria Hern\u00e1ndez Garnica, que ahora reposan en el cementerio de Montjuic, puedan ser trasladados, si la autoridad eclesi\u00e1stica lo considera oportuno, a nuestra Iglesia de Montalegre y as\u00ed hacer m\u00e1s f\u00e1cil que todos los que le tienen devoci\u00f3n privada pueda acudir a rezar. <\/span>Esto es una ilusi\u00f3n que va creciendo, pero a\u00f1adi\u00f3, <em>\u201cDepende de nosotros, nosotros somos los protagonistas de esta posibilidad\u201d<\/em>. Es necesario que destaque esta devoci\u00f3n, que se note de verdad, que recemos nosotros primero para poder transmitirlo despu\u00e9s a otras personas, que acudamos a su intercesi\u00f3n, y que lo hagamos asiduamente. A continuaci\u00f3n ser\u00e1 necesario escribirlo con nuestros datos personales, ya que el hecho de escribirlo es muy importante, tiene mucha fuerza. Explic\u00f3 que existe un equipo de seguimiento de la devoci\u00f3n que es quien ha impulsado todas las actividades que \u00faltimamente se han realizado: la misa anual, el encuentro con el postulador de la causa del santo y la presentaci\u00f3n de su libro, las publicaciones, la recogida de datos, el blog en la web, las estampas. Destac\u00f3 especialmente que <em>las estampas salen a centenares<\/em>, cosa que es un buen s\u00edntoma del crecimiento de la devoci\u00f3n.\u00a0<\/p>\n<p>Finalmente, Mn. Francesc Perarnau insisti\u00f3 en que no nos quedemos como meros espectadores de todo esto, que nos hemos de implicar y conseguir testimonios de la santidad de este Siervo de Dios, y <em>\u201cas\u00ed Jos\u00e9 Maria Hern\u00e1ndez Garnica se implicar\u00e1 tambi\u00e9n desde el cielo&#8230;<\/em> Y <em>si rezamos, si hacemos rezar y lo difundimos mucho probablemente lo\u00a0 tendremos aqu\u00ed\u201d.<\/em><em>\u00a0<\/em><\/p>\n<p>\u00a0\u00a0\u00a0\u00a0\u00a0\u00a0\u00a0\u00a0\u00a0\u00a0\u00a0\u00a0\u00a0\u00a0\u00a0\u00a0\u00a0\u00a0\u00a0\u00a0\u00a0\u00a0\u00a0<a rel=\"attachment wp-att-2616\" href=\"http:\/\/www.montalegre.org\/2010\/12\/en-la-missa-pel-sufragi-de-l%e2%80%99anima-del-servent-de-deu-jose-maria-hernandez-garnica\/djmh\/\"><img loading=\"lazy\" decoding=\"async\" class=\"alignleft size-full wp-image-2616\" title=\"djmh\" src=\"http:\/\/www.montalegre.org\/wp-content\/uploads\/2010\/12\/djmh.jpg\" alt=\"\" width=\"200\" height=\"209\" \/><\/a>\u00a0\u00a0\u00a0\u00a0\u00a0\u00a0\u00a0\u00a0\u00a0\u00a0\u00a0\u00a0\u00a0\u00a0\u00a0\u00a0\u00a0\u00a0\u00a0\u00a0\u00a0\u00a0\u00a0\u00a0\u00a0\u00a0\u00a0\u00a0\u00a0\u00a0\u00a0\u00a0\u00a0\u00a0\u00a0\u00a0\u00a0\u00a0\u00a0\u00a0\u00a0\u00a0\u00a0\u00a0\u00a0<\/p>\n<p>Dirigi\u00f3 los cantos y su interpretaci\u00f3n al \u00f3rgano el Sr. Pep Masabeu. Antes de la celebraci\u00f3n como a la salida, miembros\u00a0 de la Comisi\u00f3n impulsora de la devoci\u00f3n privada pudieron recoger los datos de personas que <em>empezaban a implicarse<\/em>, tambi\u00e9n a vender el libro \u201cAbriendo Horizontes\u201d y el DVD, a distribuir los \u00faltimos boletines informativos y a facilitar los datos de la Comisi\u00f3n para contactar con ellos.\u00a0<\/p>\n<p>El Siervo de Dios traspas\u00f3 en Barcelona el 7 de diciembre de 1972 y est\u00e1 enterrado en el Cementerio de Montjuic de la ciudad.\u00a0<\/p>\n<p>* <em>Exhortaci\u00f3n Apost\u00f3lica Postsinodal Verbum Domini de SS Benedicto XVI, sobre la Palabra de Dios en la vida y en la misi\u00f3n de la Iglesia, de 30 de septiembre de 2010. Apartado 48 (Los santos y la interpretaci\u00f3n de la Escritura).<\/em>\u00a0<\/p>\n<p>Isabel Hern\u00e1ndez Esteban<\/p>\n<p><em>\u00a0<\/em><\/p>\n<\/div>\n","protected":false},"excerpt":{"rendered":"<p>Fue evidente el incremento de la devoci\u00f3n privada a este Siervo de Dios debido a la presencia de un notable n\u00famero de fieles en la santa misa que se celebr\u00f3 en la Esgl\u00e8sia de Santa Maria de Montalegre el pasado 9 de diciembre a las 19 h. Su rector en la homil\u00eda explic\u00f3 los motivos [&hellip;]<\/p>\n","protected":false},"author":4,"featured_media":0,"comment_status":"open","ping_status":"open","sticky":false,"template":"","format":"standard","meta":{"footnotes":""},"categories":[1],"tags":[],"class_list":["post-2607","post","type-post","status-publish","format-standard","hentry","category-noticias-de-montalegre"],"yoast_head":"<!-- This site is optimized with the Yoast SEO plugin v27.1.1 - https:\/\/yoast.com\/product\/yoast-seo-wordpress\/ -->\n<title>En la misa por el sufragio del alma del Siervo de Dios, Jos\u00e9 Maria Hern\u00e1ndez Garnica  - Montalegre<\/title>\n<meta name=\"robots\" content=\"index, follow, max-snippet:-1, max-image-preview:large, max-video-preview:-1\" \/>\n<link rel=\"canonical\" href=\"https:\/\/www.montalegre.org\/es\/2010\/12\/en-la-misa-por-el-sufragio-del-alma-del-siervo-de-dios-jose-maria-hernandez-garnica\/\" \/>\n<meta property=\"og:locale\" content=\"es_ES\" \/>\n<meta property=\"og:type\" content=\"article\" \/>\n<meta property=\"og:title\" content=\"En la misa por el sufragio del alma del Siervo de Dios, Jos\u00e9 Maria Hern\u00e1ndez Garnica  - Montalegre\" \/>\n<meta property=\"og:description\" content=\"Fue evidente el incremento de la devoci\u00f3n privada a este Siervo de Dios debido a la presencia de un notable n\u00famero de fieles en la santa misa que se celebr\u00f3 en la Esgl\u00e8sia de Santa Maria de Montalegre el pasado 9 de diciembre a las 19 h. Su rector en la homil\u00eda explic\u00f3 los motivos [&hellip;]\" \/>\n<meta property=\"og:url\" content=\"https:\/\/www.montalegre.org\/es\/2010\/12\/en-la-misa-por-el-sufragio-del-alma-del-siervo-de-dios-jose-maria-hernandez-garnica\/\" \/>\n<meta property=\"og:site_name\" content=\"Montalegre\" \/>\n<meta property=\"article:published_time\" content=\"2010-12-12T20:00:03+00:00\" \/>\n<meta property=\"article:modified_time\" content=\"2010-12-15T11:08:29+00:00\" \/>\n<meta property=\"og:image\" content=\"http:\/\/www.montalegre.org\/wp-content\/uploads\/2010\/12\/Vestibul-MA-JMHG-300x225.jpg\" \/>\n<meta name=\"author\" content=\"montalegre\" \/>\n<meta name=\"twitter:card\" content=\"summary_large_image\" \/>\n<meta name=\"twitter:label1\" content=\"Escrito por\" \/>\n\t<meta name=\"twitter:data1\" content=\"montalegre\" \/>\n\t<meta name=\"twitter:label2\" content=\"Tiempo de lectura\" \/>\n\t<meta name=\"twitter:data2\" content=\"3 minutos\" \/>\n<script type=\"application\/ld+json\" class=\"yoast-schema-graph\">{\"@context\":\"https:\/\/schema.org\",\"@graph\":[{\"@type\":\"Article\",\"@id\":\"https:\/\/www.montalegre.org\/es\/2010\/12\/en-la-misa-por-el-sufragio-del-alma-del-siervo-de-dios-jose-maria-hernandez-garnica\/#article\",\"isPartOf\":{\"@id\":\"https:\/\/www.montalegre.org\/es\/2010\/12\/en-la-misa-por-el-sufragio-del-alma-del-siervo-de-dios-jose-maria-hernandez-garnica\/\"},\"author\":{\"name\":\"montalegre\",\"@id\":\"https:\/\/www.montalegre.org\/es\/#\/schema\/person\/fa12d4cf3a3f1735a9176b4fafd6a633\"},\"headline\":\"En la misa por el sufragio del alma del Siervo de Dios, Jos\u00e9 Maria Hern\u00e1ndez Garnica\",\"datePublished\":\"2010-12-12T20:00:03+00:00\",\"dateModified\":\"2010-12-15T11:08:29+00:00\",\"mainEntityOfPage\":{\"@id\":\"https:\/\/www.montalegre.org\/es\/2010\/12\/en-la-misa-por-el-sufragio-del-alma-del-siervo-de-dios-jose-maria-hernandez-garnica\/\"},\"wordCount\":690,\"commentCount\":0,\"image\":{\"@id\":\"https:\/\/www.montalegre.org\/es\/2010\/12\/en-la-misa-por-el-sufragio-del-alma-del-siervo-de-dios-jose-maria-hernandez-garnica\/#primaryimage\"},\"thumbnailUrl\":\"http:\/\/www.montalegre.org\/wp-content\/uploads\/2010\/12\/Vestibul-MA-JMHG-300x225.jpg\",\"articleSection\":[\"Noticias de Montalegre\"],\"inLanguage\":\"es\",\"potentialAction\":[{\"@type\":\"CommentAction\",\"name\":\"Comment\",\"target\":[\"https:\/\/www.montalegre.org\/es\/2010\/12\/en-la-misa-por-el-sufragio-del-alma-del-siervo-de-dios-jose-maria-hernandez-garnica\/#respond\"]}]},{\"@type\":\"WebPage\",\"@id\":\"https:\/\/www.montalegre.org\/es\/2010\/12\/en-la-misa-por-el-sufragio-del-alma-del-siervo-de-dios-jose-maria-hernandez-garnica\/\",\"url\":\"https:\/\/www.montalegre.org\/es\/2010\/12\/en-la-misa-por-el-sufragio-del-alma-del-siervo-de-dios-jose-maria-hernandez-garnica\/\",\"name\":\"En la misa por el sufragio del alma del Siervo de Dios, Jos\u00e9 Maria Hern\u00e1ndez Garnica - Montalegre\",\"isPartOf\":{\"@id\":\"https:\/\/www.montalegre.org\/es\/#website\"},\"primaryImageOfPage\":{\"@id\":\"https:\/\/www.montalegre.org\/es\/2010\/12\/en-la-misa-por-el-sufragio-del-alma-del-siervo-de-dios-jose-maria-hernandez-garnica\/#primaryimage\"},\"image\":{\"@id\":\"https:\/\/www.montalegre.org\/es\/2010\/12\/en-la-misa-por-el-sufragio-del-alma-del-siervo-de-dios-jose-maria-hernandez-garnica\/#primaryimage\"},\"thumbnailUrl\":\"http:\/\/www.montalegre.org\/wp-content\/uploads\/2010\/12\/Vestibul-MA-JMHG-300x225.jpg\",\"datePublished\":\"2010-12-12T20:00:03+00:00\",\"dateModified\":\"2010-12-15T11:08:29+00:00\",\"author\":{\"@id\":\"https:\/\/www.montalegre.org\/es\/#\/schema\/person\/fa12d4cf3a3f1735a9176b4fafd6a633\"},\"breadcrumb\":{\"@id\":\"https:\/\/www.montalegre.org\/es\/2010\/12\/en-la-misa-por-el-sufragio-del-alma-del-siervo-de-dios-jose-maria-hernandez-garnica\/#breadcrumb\"},\"inLanguage\":\"es\",\"potentialAction\":[{\"@type\":\"ReadAction\",\"target\":[\"https:\/\/www.montalegre.org\/es\/2010\/12\/en-la-misa-por-el-sufragio-del-alma-del-siervo-de-dios-jose-maria-hernandez-garnica\/\"]}]},{\"@type\":\"ImageObject\",\"inLanguage\":\"es\",\"@id\":\"https:\/\/www.montalegre.org\/es\/2010\/12\/en-la-misa-por-el-sufragio-del-alma-del-siervo-de-dios-jose-maria-hernandez-garnica\/#primaryimage\",\"url\":\"http:\/\/www.montalegre.org\/wp-content\/uploads\/2010\/12\/Vestibul-MA-JMHG-300x225.jpg\",\"contentUrl\":\"http:\/\/www.montalegre.org\/wp-content\/uploads\/2010\/12\/Vestibul-MA-JMHG-300x225.jpg\"},{\"@type\":\"BreadcrumbList\",\"@id\":\"https:\/\/www.montalegre.org\/es\/2010\/12\/en-la-misa-por-el-sufragio-del-alma-del-siervo-de-dios-jose-maria-hernandez-garnica\/#breadcrumb\",\"itemListElement\":[{\"@type\":\"ListItem\",\"position\":1,\"name\":\"Portada\",\"item\":\"https:\/\/www.montalegre.org\/es\/\"},{\"@type\":\"ListItem\",\"position\":2,\"name\":\"En la misa por el sufragio del alma del Siervo de Dios, Jos\u00e9 Maria Hern\u00e1ndez Garnica\"}]},{\"@type\":\"WebSite\",\"@id\":\"https:\/\/www.montalegre.org\/es\/#website\",\"url\":\"https:\/\/www.montalegre.org\/es\/\",\"name\":\"Montalegre\",\"description\":\"\",\"potentialAction\":[{\"@type\":\"SearchAction\",\"target\":{\"@type\":\"EntryPoint\",\"urlTemplate\":\"https:\/\/www.montalegre.org\/es\/?s={search_term_string}\"},\"query-input\":{\"@type\":\"PropertyValueSpecification\",\"valueRequired\":true,\"valueName\":\"search_term_string\"}}],\"inLanguage\":\"es\"},{\"@type\":\"Person\",\"@id\":\"https:\/\/www.montalegre.org\/es\/#\/schema\/person\/fa12d4cf3a3f1735a9176b4fafd6a633\",\"name\":\"montalegre\",\"image\":{\"@type\":\"ImageObject\",\"inLanguage\":\"es\",\"@id\":\"https:\/\/www.montalegre.org\/es\/#\/schema\/person\/image\/\",\"url\":\"https:\/\/secure.gravatar.com\/avatar\/fe6d886cf5081e723c666dceda1f12d4f39070fa2ed4e79695edc3ca355c9b5a?s=96&d=mm&r=g\",\"contentUrl\":\"https:\/\/secure.gravatar.com\/avatar\/fe6d886cf5081e723c666dceda1f12d4f39070fa2ed4e79695edc3ca355c9b5a?s=96&d=mm&r=g\",\"caption\":\"montalegre\"},\"url\":\"https:\/\/www.montalegre.org\/es\/author\/montalegre\/\"}]}<\/script>\n<!-- \/ Yoast SEO plugin. -->","yoast_head_json":{"title":"En la misa por el sufragio del alma del Siervo de Dios, Jos\u00e9 Maria Hern\u00e1ndez Garnica  - Montalegre","robots":{"index":"index","follow":"follow","max-snippet":"max-snippet:-1","max-image-preview":"max-image-preview:large","max-video-preview":"max-video-preview:-1"},"canonical":"https:\/\/www.montalegre.org\/es\/2010\/12\/en-la-misa-por-el-sufragio-del-alma-del-siervo-de-dios-jose-maria-hernandez-garnica\/","og_locale":"es_ES","og_type":"article","og_title":"En la misa por el sufragio del alma del Siervo de Dios, Jos\u00e9 Maria Hern\u00e1ndez Garnica  - Montalegre","og_description":"Fue evidente el incremento de la devoci\u00f3n privada a este Siervo de Dios debido a la presencia de un notable n\u00famero de fieles en la santa misa que se celebr\u00f3 en la Esgl\u00e8sia de Santa Maria de Montalegre el pasado 9 de diciembre a las 19 h. Su rector en la homil\u00eda explic\u00f3 los motivos [&hellip;]","og_url":"https:\/\/www.montalegre.org\/es\/2010\/12\/en-la-misa-por-el-sufragio-del-alma-del-siervo-de-dios-jose-maria-hernandez-garnica\/","og_site_name":"Montalegre","article_published_time":"2010-12-12T20:00:03+00:00","article_modified_time":"2010-12-15T11:08:29+00:00","og_image":[{"url":"http:\/\/www.montalegre.org\/wp-content\/uploads\/2010\/12\/Vestibul-MA-JMHG-300x225.jpg","type":"","width":"","height":""}],"author":"montalegre","twitter_card":"summary_large_image","twitter_misc":{"Escrito por":"montalegre","Tiempo de lectura":"3 minutos"},"schema":{"@context":"https:\/\/schema.org","@graph":[{"@type":"Article","@id":"https:\/\/www.montalegre.org\/es\/2010\/12\/en-la-misa-por-el-sufragio-del-alma-del-siervo-de-dios-jose-maria-hernandez-garnica\/#article","isPartOf":{"@id":"https:\/\/www.montalegre.org\/es\/2010\/12\/en-la-misa-por-el-sufragio-del-alma-del-siervo-de-dios-jose-maria-hernandez-garnica\/"},"author":{"name":"montalegre","@id":"https:\/\/www.montalegre.org\/es\/#\/schema\/person\/fa12d4cf3a3f1735a9176b4fafd6a633"},"headline":"En la misa por el sufragio del alma del Siervo de Dios, Jos\u00e9 Maria Hern\u00e1ndez Garnica","datePublished":"2010-12-12T20:00:03+00:00","dateModified":"2010-12-15T11:08:29+00:00","mainEntityOfPage":{"@id":"https:\/\/www.montalegre.org\/es\/2010\/12\/en-la-misa-por-el-sufragio-del-alma-del-siervo-de-dios-jose-maria-hernandez-garnica\/"},"wordCount":690,"commentCount":0,"image":{"@id":"https:\/\/www.montalegre.org\/es\/2010\/12\/en-la-misa-por-el-sufragio-del-alma-del-siervo-de-dios-jose-maria-hernandez-garnica\/#primaryimage"},"thumbnailUrl":"http:\/\/www.montalegre.org\/wp-content\/uploads\/2010\/12\/Vestibul-MA-JMHG-300x225.jpg","articleSection":["Noticias de Montalegre"],"inLanguage":"es","potentialAction":[{"@type":"CommentAction","name":"Comment","target":["https:\/\/www.montalegre.org\/es\/2010\/12\/en-la-misa-por-el-sufragio-del-alma-del-siervo-de-dios-jose-maria-hernandez-garnica\/#respond"]}]},{"@type":"WebPage","@id":"https:\/\/www.montalegre.org\/es\/2010\/12\/en-la-misa-por-el-sufragio-del-alma-del-siervo-de-dios-jose-maria-hernandez-garnica\/","url":"https:\/\/www.montalegre.org\/es\/2010\/12\/en-la-misa-por-el-sufragio-del-alma-del-siervo-de-dios-jose-maria-hernandez-garnica\/","name":"En la misa por el sufragio del alma del Siervo de Dios, Jos\u00e9 Maria Hern\u00e1ndez Garnica - Montalegre","isPartOf":{"@id":"https:\/\/www.montalegre.org\/es\/#website"},"primaryImageOfPage":{"@id":"https:\/\/www.montalegre.org\/es\/2010\/12\/en-la-misa-por-el-sufragio-del-alma-del-siervo-de-dios-jose-maria-hernandez-garnica\/#primaryimage"},"image":{"@id":"https:\/\/www.montalegre.org\/es\/2010\/12\/en-la-misa-por-el-sufragio-del-alma-del-siervo-de-dios-jose-maria-hernandez-garnica\/#primaryimage"},"thumbnailUrl":"http:\/\/www.montalegre.org\/wp-content\/uploads\/2010\/12\/Vestibul-MA-JMHG-300x225.jpg","datePublished":"2010-12-12T20:00:03+00:00","dateModified":"2010-12-15T11:08:29+00:00","author":{"@id":"https:\/\/www.montalegre.org\/es\/#\/schema\/person\/fa12d4cf3a3f1735a9176b4fafd6a633"},"breadcrumb":{"@id":"https:\/\/www.montalegre.org\/es\/2010\/12\/en-la-misa-por-el-sufragio-del-alma-del-siervo-de-dios-jose-maria-hernandez-garnica\/#breadcrumb"},"inLanguage":"es","potentialAction":[{"@type":"ReadAction","target":["https:\/\/www.montalegre.org\/es\/2010\/12\/en-la-misa-por-el-sufragio-del-alma-del-siervo-de-dios-jose-maria-hernandez-garnica\/"]}]},{"@type":"ImageObject","inLanguage":"es","@id":"https:\/\/www.montalegre.org\/es\/2010\/12\/en-la-misa-por-el-sufragio-del-alma-del-siervo-de-dios-jose-maria-hernandez-garnica\/#primaryimage","url":"http:\/\/www.montalegre.org\/wp-content\/uploads\/2010\/12\/Vestibul-MA-JMHG-300x225.jpg","contentUrl":"http:\/\/www.montalegre.org\/wp-content\/uploads\/2010\/12\/Vestibul-MA-JMHG-300x225.jpg"},{"@type":"BreadcrumbList","@id":"https:\/\/www.montalegre.org\/es\/2010\/12\/en-la-misa-por-el-sufragio-del-alma-del-siervo-de-dios-jose-maria-hernandez-garnica\/#breadcrumb","itemListElement":[{"@type":"ListItem","position":1,"name":"Portada","item":"https:\/\/www.montalegre.org\/es\/"},{"@type":"ListItem","position":2,"name":"En la misa por el sufragio del alma del Siervo de Dios, Jos\u00e9 Maria Hern\u00e1ndez Garnica"}]},{"@type":"WebSite","@id":"https:\/\/www.montalegre.org\/es\/#website","url":"https:\/\/www.montalegre.org\/es\/","name":"Montalegre","description":"","potentialAction":[{"@type":"SearchAction","target":{"@type":"EntryPoint","urlTemplate":"https:\/\/www.montalegre.org\/es\/?s={search_term_string}"},"query-input":{"@type":"PropertyValueSpecification","valueRequired":true,"valueName":"search_term_string"}}],"inLanguage":"es"},{"@type":"Person","@id":"https:\/\/www.montalegre.org\/es\/#\/schema\/person\/fa12d4cf3a3f1735a9176b4fafd6a633","name":"montalegre","image":{"@type":"ImageObject","inLanguage":"es","@id":"https:\/\/www.montalegre.org\/es\/#\/schema\/person\/image\/","url":"https:\/\/secure.gravatar.com\/avatar\/fe6d886cf5081e723c666dceda1f12d4f39070fa2ed4e79695edc3ca355c9b5a?s=96&d=mm&r=g","contentUrl":"https:\/\/secure.gravatar.com\/avatar\/fe6d886cf5081e723c666dceda1f12d4f39070fa2ed4e79695edc3ca355c9b5a?s=96&d=mm&r=g","caption":"montalegre"},"url":"https:\/\/www.montalegre.org\/es\/author\/montalegre\/"}]}},"_links":{"self":[{"href":"https:\/\/www.montalegre.org\/es\/wp-json\/wp\/v2\/posts\/2607","targetHints":{"allow":["GET"]}}],"collection":[{"href":"https:\/\/www.montalegre.org\/es\/wp-json\/wp\/v2\/posts"}],"about":[{"href":"https:\/\/www.montalegre.org\/es\/wp-json\/wp\/v2\/types\/post"}],"author":[{"embeddable":true,"href":"https:\/\/www.montalegre.org\/es\/wp-json\/wp\/v2\/users\/4"}],"replies":[{"embeddable":true,"href":"https:\/\/www.montalegre.org\/es\/wp-json\/wp\/v2\/comments?post=2607"}],"version-history":[{"count":16,"href":"https:\/\/www.montalegre.org\/es\/wp-json\/wp\/v2\/posts\/2607\/revisions"}],"predecessor-version":[{"id":2634,"href":"https:\/\/www.montalegre.org\/es\/wp-json\/wp\/v2\/posts\/2607\/revisions\/2634"}],"wp:attachment":[{"href":"https:\/\/www.montalegre.org\/es\/wp-json\/wp\/v2\/media?parent=2607"}],"wp:term":[{"taxonomy":"category","embeddable":true,"href":"https:\/\/www.montalegre.org\/es\/wp-json\/wp\/v2\/categories?post=2607"},{"taxonomy":"post_tag","embeddable":true,"href":"https:\/\/www.montalegre.org\/es\/wp-json\/wp\/v2\/tags?post=2607"}],"curies":[{"name":"wp","href":"https:\/\/api.w.org\/{rel}","templated":true}]}}