{"id":2562,"date":"2010-11-30T10:49:06","date_gmt":"2010-11-30T10:49:06","guid":{"rendered":"http:\/\/www.montalegre.org\/?p=2562"},"modified":"2011-01-09T15:21:14","modified_gmt":"2011-01-09T15:21:14","slug":"tiempo-de-adviento","status":"publish","type":"post","link":"https:\/\/www.montalegre.org\/es\/2010\/11\/tiempo-de-adviento\/","title":{"rendered":"Tiempo de Adviento"},"content":{"rendered":"<p><a rel=\"attachment wp-att-2587\" href=\"http:\/\/www.montalegre.org\/2010\/11\/temps-dadvent\/navidad\/\"><img loading=\"lazy\" decoding=\"async\" class=\"alignright\" title=\"Navidad\" src=\"http:\/\/www.montalegre.org\/wp-content\/uploads\/2010\/11\/Navidad-300x285.jpg\" alt=\"\" width=\"300\" height=\"285\" \/><\/a>Despu\u00e9s de la solemnidad de Jesucristo Rey del Universo, que se celebra el \u00faltimo domingo del tiempo ordinario, entramos en la Iglesia en un tiempo de preparaci\u00f3n: se acerca ya la gran fiesta de la Navidad.<br \/>\nEn muchas ciudades de tradici\u00f3n cristiana como la nuestra (Barcelona), han empezado ya a verse en las calles los distintos elementos decorativos tan propios de este tiempo. Muchas luces, estrellas y \u00e1rboles, aqu\u00ed y all\u00ed alg\u00fan pesebre y, dentro de no mucho tiempo, tambi\u00e9n los villancicos que, junto al clima m\u00e1s fr\u00edo, casi sin darnos cuenta nos introducir\u00e1n en el ambiente tan familiar y entra\u00f1able de la Navidad.<br \/>\nHay lo que podemos llamar la &#8220;Navidad cultural&#8221;, que mantiene las tradiciones, algunas muy antiguas, y que implican todos los aspectos de nuestra realidad, la festiva, la gastron\u00f3mica, la religiosa\u2026<br \/>\nEs muy importante que todas estas cosas no nos descentren, no nos hagan olvidar la realidad m\u00e1s profunda, la que da sentido a todo lo dem\u00e1s, la que est\u00e1 en el origen de todo: recordamos el Nacimiento de Jes\u00fas, el acontecimiento m\u00e1s asombroso que ha tenido lugar en la historia del mundo. Dios mismo que se ha hecho hombre para realizar la Redenci\u00f3n de la humanidad.<br \/>\nA lo largo de las semanas del tiempo del Adviento la Iglesia nos va ayudando a disponernos adecuadamente, va fomentando en nosotros el deseo de la llegada del Redentor, va suscitando le necesidad de purificarnos bien, de disponernos interiormente para que de nuevo, en nuestras vidas, acojamos dignamente al Dios que viene.<br \/>\nAcudamos a Mar\u00eda, la Madre, que vivi\u00f3 con tanta intensidad, emoci\u00f3n y alegr\u00eda el primer Adviento, para que nos ayude a revivir en nosotros aquellos mismos sentimientos en la nueva venida del Se\u00f1or.<\/p>\n<p>Mn Francesc Perarnau<\/p>\n","protected":false},"excerpt":{"rendered":"<p>Despu\u00e9s de la solemnidad de Jesucristo Rey del Universo, que se celebra el \u00faltimo domingo del tiempo ordinario, entramos en la Iglesia en un tiempo de preparaci\u00f3n: se acerca ya la gran fiesta de la Navidad. En muchas ciudades de tradici\u00f3n cristiana como la nuestra (Barcelona), han empezado ya a verse en las calles los [&hellip;]<\/p>\n","protected":false},"author":4,"featured_media":0,"comment_status":"open","ping_status":"open","sticky":false,"template":"","format":"standard","meta":{"footnotes":""},"categories":[52],"tags":[],"class_list":["post-2562","post","type-post","status-publish","format-standard","hentry","category-editorial"],"yoast_head":"<!-- This site is optimized with the Yoast SEO plugin v27.1.1 - https:\/\/yoast.com\/product\/yoast-seo-wordpress\/ -->\n<title>Tiempo de Adviento - Montalegre<\/title>\n<meta name=\"robots\" content=\"index, follow, max-snippet:-1, max-image-preview:large, max-video-preview:-1\" \/>\n<link rel=\"canonical\" href=\"https:\/\/www.montalegre.org\/es\/2010\/11\/tiempo-de-adviento\/\" \/>\n<meta property=\"og:locale\" content=\"es_ES\" \/>\n<meta property=\"og:type\" content=\"article\" \/>\n<meta property=\"og:title\" content=\"Tiempo de Adviento - Montalegre\" \/>\n<meta property=\"og:description\" content=\"Despu\u00e9s de la solemnidad de Jesucristo Rey del Universo, que se celebra el \u00faltimo domingo del tiempo ordinario, entramos en la Iglesia en un tiempo de preparaci\u00f3n: se acerca ya la gran fiesta de la Navidad. En muchas ciudades de tradici\u00f3n cristiana como la nuestra (Barcelona), han empezado ya a verse en las calles los [&hellip;]\" \/>\n<meta property=\"og:url\" content=\"https:\/\/www.montalegre.org\/es\/2010\/11\/tiempo-de-adviento\/\" \/>\n<meta property=\"og:site_name\" content=\"Montalegre\" \/>\n<meta property=\"article:published_time\" content=\"2010-11-30T10:49:06+00:00\" \/>\n<meta property=\"article:modified_time\" content=\"2011-01-09T15:21:14+00:00\" \/>\n<meta property=\"og:image\" content=\"http:\/\/www.montalegre.org\/wp-content\/uploads\/2010\/11\/Navidad-300x285.jpg\" \/>\n<meta name=\"author\" content=\"montalegre\" \/>\n<meta name=\"twitter:card\" content=\"summary_large_image\" \/>\n<meta name=\"twitter:label1\" content=\"Escrito por\" \/>\n\t<meta name=\"twitter:data1\" content=\"montalegre\" \/>\n\t<meta name=\"twitter:label2\" content=\"Tiempo de lectura\" \/>\n\t<meta name=\"twitter:data2\" content=\"2 minutos\" \/>\n<script type=\"application\/ld+json\" class=\"yoast-schema-graph\">{\"@context\":\"https:\/\/schema.org\",\"@graph\":[{\"@type\":\"Article\",\"@id\":\"https:\/\/www.montalegre.org\/es\/2010\/11\/tiempo-de-adviento\/#article\",\"isPartOf\":{\"@id\":\"https:\/\/www.montalegre.org\/es\/2010\/11\/tiempo-de-adviento\/\"},\"author\":{\"name\":\"montalegre\",\"@id\":\"https:\/\/www.montalegre.org\/es\/#\/schema\/person\/fa12d4cf3a3f1735a9176b4fafd6a633\"},\"headline\":\"Tiempo de Adviento\",\"datePublished\":\"2010-11-30T10:49:06+00:00\",\"dateModified\":\"2011-01-09T15:21:14+00:00\",\"mainEntityOfPage\":{\"@id\":\"https:\/\/www.montalegre.org\/es\/2010\/11\/tiempo-de-adviento\/\"},\"wordCount\":310,\"commentCount\":0,\"image\":{\"@id\":\"https:\/\/www.montalegre.org\/es\/2010\/11\/tiempo-de-adviento\/#primaryimage\"},\"thumbnailUrl\":\"http:\/\/www.montalegre.org\/wp-content\/uploads\/2010\/11\/Navidad-300x285.jpg\",\"articleSection\":[\"Editorial\"],\"inLanguage\":\"es\",\"potentialAction\":[{\"@type\":\"CommentAction\",\"name\":\"Comment\",\"target\":[\"https:\/\/www.montalegre.org\/es\/2010\/11\/tiempo-de-adviento\/#respond\"]}]},{\"@type\":\"WebPage\",\"@id\":\"https:\/\/www.montalegre.org\/es\/2010\/11\/tiempo-de-adviento\/\",\"url\":\"https:\/\/www.montalegre.org\/es\/2010\/11\/tiempo-de-adviento\/\",\"name\":\"Tiempo de Adviento - Montalegre\",\"isPartOf\":{\"@id\":\"https:\/\/www.montalegre.org\/es\/#website\"},\"primaryImageOfPage\":{\"@id\":\"https:\/\/www.montalegre.org\/es\/2010\/11\/tiempo-de-adviento\/#primaryimage\"},\"image\":{\"@id\":\"https:\/\/www.montalegre.org\/es\/2010\/11\/tiempo-de-adviento\/#primaryimage\"},\"thumbnailUrl\":\"http:\/\/www.montalegre.org\/wp-content\/uploads\/2010\/11\/Navidad-300x285.jpg\",\"datePublished\":\"2010-11-30T10:49:06+00:00\",\"dateModified\":\"2011-01-09T15:21:14+00:00\",\"author\":{\"@id\":\"https:\/\/www.montalegre.org\/es\/#\/schema\/person\/fa12d4cf3a3f1735a9176b4fafd6a633\"},\"breadcrumb\":{\"@id\":\"https:\/\/www.montalegre.org\/es\/2010\/11\/tiempo-de-adviento\/#breadcrumb\"},\"inLanguage\":\"es\",\"potentialAction\":[{\"@type\":\"ReadAction\",\"target\":[\"https:\/\/www.montalegre.org\/es\/2010\/11\/tiempo-de-adviento\/\"]}]},{\"@type\":\"ImageObject\",\"inLanguage\":\"es\",\"@id\":\"https:\/\/www.montalegre.org\/es\/2010\/11\/tiempo-de-adviento\/#primaryimage\",\"url\":\"http:\/\/www.montalegre.org\/wp-content\/uploads\/2010\/11\/Navidad-300x285.jpg\",\"contentUrl\":\"http:\/\/www.montalegre.org\/wp-content\/uploads\/2010\/11\/Navidad-300x285.jpg\"},{\"@type\":\"BreadcrumbList\",\"@id\":\"https:\/\/www.montalegre.org\/es\/2010\/11\/tiempo-de-adviento\/#breadcrumb\",\"itemListElement\":[{\"@type\":\"ListItem\",\"position\":1,\"name\":\"Portada\",\"item\":\"https:\/\/www.montalegre.org\/es\/\"},{\"@type\":\"ListItem\",\"position\":2,\"name\":\"Tiempo de Adviento\"}]},{\"@type\":\"WebSite\",\"@id\":\"https:\/\/www.montalegre.org\/es\/#website\",\"url\":\"https:\/\/www.montalegre.org\/es\/\",\"name\":\"Montalegre\",\"description\":\"\",\"potentialAction\":[{\"@type\":\"SearchAction\",\"target\":{\"@type\":\"EntryPoint\",\"urlTemplate\":\"https:\/\/www.montalegre.org\/es\/?s={search_term_string}\"},\"query-input\":{\"@type\":\"PropertyValueSpecification\",\"valueRequired\":true,\"valueName\":\"search_term_string\"}}],\"inLanguage\":\"es\"},{\"@type\":\"Person\",\"@id\":\"https:\/\/www.montalegre.org\/es\/#\/schema\/person\/fa12d4cf3a3f1735a9176b4fafd6a633\",\"name\":\"montalegre\",\"image\":{\"@type\":\"ImageObject\",\"inLanguage\":\"es\",\"@id\":\"https:\/\/www.montalegre.org\/es\/#\/schema\/person\/image\/\",\"url\":\"https:\/\/secure.gravatar.com\/avatar\/fe6d886cf5081e723c666dceda1f12d4f39070fa2ed4e79695edc3ca355c9b5a?s=96&d=mm&r=g\",\"contentUrl\":\"https:\/\/secure.gravatar.com\/avatar\/fe6d886cf5081e723c666dceda1f12d4f39070fa2ed4e79695edc3ca355c9b5a?s=96&d=mm&r=g\",\"caption\":\"montalegre\"},\"url\":\"https:\/\/www.montalegre.org\/es\/author\/montalegre\/\"}]}<\/script>\n<!-- \/ Yoast SEO plugin. -->","yoast_head_json":{"title":"Tiempo de Adviento - Montalegre","robots":{"index":"index","follow":"follow","max-snippet":"max-snippet:-1","max-image-preview":"max-image-preview:large","max-video-preview":"max-video-preview:-1"},"canonical":"https:\/\/www.montalegre.org\/es\/2010\/11\/tiempo-de-adviento\/","og_locale":"es_ES","og_type":"article","og_title":"Tiempo de Adviento - Montalegre","og_description":"Despu\u00e9s de la solemnidad de Jesucristo Rey del Universo, que se celebra el \u00faltimo domingo del tiempo ordinario, entramos en la Iglesia en un tiempo de preparaci\u00f3n: se acerca ya la gran fiesta de la Navidad. En muchas ciudades de tradici\u00f3n cristiana como la nuestra (Barcelona), han empezado ya a verse en las calles los [&hellip;]","og_url":"https:\/\/www.montalegre.org\/es\/2010\/11\/tiempo-de-adviento\/","og_site_name":"Montalegre","article_published_time":"2010-11-30T10:49:06+00:00","article_modified_time":"2011-01-09T15:21:14+00:00","og_image":[{"url":"http:\/\/www.montalegre.org\/wp-content\/uploads\/2010\/11\/Navidad-300x285.jpg","type":"","width":"","height":""}],"author":"montalegre","twitter_card":"summary_large_image","twitter_misc":{"Escrito por":"montalegre","Tiempo de lectura":"2 minutos"},"schema":{"@context":"https:\/\/schema.org","@graph":[{"@type":"Article","@id":"https:\/\/www.montalegre.org\/es\/2010\/11\/tiempo-de-adviento\/#article","isPartOf":{"@id":"https:\/\/www.montalegre.org\/es\/2010\/11\/tiempo-de-adviento\/"},"author":{"name":"montalegre","@id":"https:\/\/www.montalegre.org\/es\/#\/schema\/person\/fa12d4cf3a3f1735a9176b4fafd6a633"},"headline":"Tiempo de Adviento","datePublished":"2010-11-30T10:49:06+00:00","dateModified":"2011-01-09T15:21:14+00:00","mainEntityOfPage":{"@id":"https:\/\/www.montalegre.org\/es\/2010\/11\/tiempo-de-adviento\/"},"wordCount":310,"commentCount":0,"image":{"@id":"https:\/\/www.montalegre.org\/es\/2010\/11\/tiempo-de-adviento\/#primaryimage"},"thumbnailUrl":"http:\/\/www.montalegre.org\/wp-content\/uploads\/2010\/11\/Navidad-300x285.jpg","articleSection":["Editorial"],"inLanguage":"es","potentialAction":[{"@type":"CommentAction","name":"Comment","target":["https:\/\/www.montalegre.org\/es\/2010\/11\/tiempo-de-adviento\/#respond"]}]},{"@type":"WebPage","@id":"https:\/\/www.montalegre.org\/es\/2010\/11\/tiempo-de-adviento\/","url":"https:\/\/www.montalegre.org\/es\/2010\/11\/tiempo-de-adviento\/","name":"Tiempo de Adviento - Montalegre","isPartOf":{"@id":"https:\/\/www.montalegre.org\/es\/#website"},"primaryImageOfPage":{"@id":"https:\/\/www.montalegre.org\/es\/2010\/11\/tiempo-de-adviento\/#primaryimage"},"image":{"@id":"https:\/\/www.montalegre.org\/es\/2010\/11\/tiempo-de-adviento\/#primaryimage"},"thumbnailUrl":"http:\/\/www.montalegre.org\/wp-content\/uploads\/2010\/11\/Navidad-300x285.jpg","datePublished":"2010-11-30T10:49:06+00:00","dateModified":"2011-01-09T15:21:14+00:00","author":{"@id":"https:\/\/www.montalegre.org\/es\/#\/schema\/person\/fa12d4cf3a3f1735a9176b4fafd6a633"},"breadcrumb":{"@id":"https:\/\/www.montalegre.org\/es\/2010\/11\/tiempo-de-adviento\/#breadcrumb"},"inLanguage":"es","potentialAction":[{"@type":"ReadAction","target":["https:\/\/www.montalegre.org\/es\/2010\/11\/tiempo-de-adviento\/"]}]},{"@type":"ImageObject","inLanguage":"es","@id":"https:\/\/www.montalegre.org\/es\/2010\/11\/tiempo-de-adviento\/#primaryimage","url":"http:\/\/www.montalegre.org\/wp-content\/uploads\/2010\/11\/Navidad-300x285.jpg","contentUrl":"http:\/\/www.montalegre.org\/wp-content\/uploads\/2010\/11\/Navidad-300x285.jpg"},{"@type":"BreadcrumbList","@id":"https:\/\/www.montalegre.org\/es\/2010\/11\/tiempo-de-adviento\/#breadcrumb","itemListElement":[{"@type":"ListItem","position":1,"name":"Portada","item":"https:\/\/www.montalegre.org\/es\/"},{"@type":"ListItem","position":2,"name":"Tiempo de Adviento"}]},{"@type":"WebSite","@id":"https:\/\/www.montalegre.org\/es\/#website","url":"https:\/\/www.montalegre.org\/es\/","name":"Montalegre","description":"","potentialAction":[{"@type":"SearchAction","target":{"@type":"EntryPoint","urlTemplate":"https:\/\/www.montalegre.org\/es\/?s={search_term_string}"},"query-input":{"@type":"PropertyValueSpecification","valueRequired":true,"valueName":"search_term_string"}}],"inLanguage":"es"},{"@type":"Person","@id":"https:\/\/www.montalegre.org\/es\/#\/schema\/person\/fa12d4cf3a3f1735a9176b4fafd6a633","name":"montalegre","image":{"@type":"ImageObject","inLanguage":"es","@id":"https:\/\/www.montalegre.org\/es\/#\/schema\/person\/image\/","url":"https:\/\/secure.gravatar.com\/avatar\/fe6d886cf5081e723c666dceda1f12d4f39070fa2ed4e79695edc3ca355c9b5a?s=96&d=mm&r=g","contentUrl":"https:\/\/secure.gravatar.com\/avatar\/fe6d886cf5081e723c666dceda1f12d4f39070fa2ed4e79695edc3ca355c9b5a?s=96&d=mm&r=g","caption":"montalegre"},"url":"https:\/\/www.montalegre.org\/es\/author\/montalegre\/"}]}},"_links":{"self":[{"href":"https:\/\/www.montalegre.org\/es\/wp-json\/wp\/v2\/posts\/2562","targetHints":{"allow":["GET"]}}],"collection":[{"href":"https:\/\/www.montalegre.org\/es\/wp-json\/wp\/v2\/posts"}],"about":[{"href":"https:\/\/www.montalegre.org\/es\/wp-json\/wp\/v2\/types\/post"}],"author":[{"embeddable":true,"href":"https:\/\/www.montalegre.org\/es\/wp-json\/wp\/v2\/users\/4"}],"replies":[{"embeddable":true,"href":"https:\/\/www.montalegre.org\/es\/wp-json\/wp\/v2\/comments?post=2562"}],"version-history":[{"count":9,"href":"https:\/\/www.montalegre.org\/es\/wp-json\/wp\/v2\/posts\/2562\/revisions"}],"predecessor-version":[{"id":2770,"href":"https:\/\/www.montalegre.org\/es\/wp-json\/wp\/v2\/posts\/2562\/revisions\/2770"}],"wp:attachment":[{"href":"https:\/\/www.montalegre.org\/es\/wp-json\/wp\/v2\/media?parent=2562"}],"wp:term":[{"taxonomy":"category","embeddable":true,"href":"https:\/\/www.montalegre.org\/es\/wp-json\/wp\/v2\/categories?post=2562"},{"taxonomy":"post_tag","embeddable":true,"href":"https:\/\/www.montalegre.org\/es\/wp-json\/wp\/v2\/tags?post=2562"}],"curies":[{"name":"wp","href":"https:\/\/api.w.org\/{rel}","templated":true}]}}