{"id":2512,"date":"2010-11-22T22:13:59","date_gmt":"2010-11-22T22:13:59","guid":{"rendered":"http:\/\/www.montalegre.org\/?p=2512"},"modified":"2010-11-24T10:26:51","modified_gmt":"2010-11-24T10:26:51","slug":"en-la-fiesta-de-la-virgen-de-la-medalla-milagrosa-oracion-por-la-vida-naciente","status":"publish","type":"post","link":"https:\/\/www.montalegre.org\/es\/2010\/11\/en-la-fiesta-de-la-virgen-de-la-medalla-milagrosa-oracion-por-la-vida-naciente\/","title":{"rendered":"Triduo en honor de la Virgen de la Medalla Milagrosa"},"content":{"rendered":"<div id=\"attachment_2515\" style=\"width: 310px\" class=\"wp-caption alignright\"><a rel=\"attachment wp-att-2515\" href=\"http:\/\/www.montalegre.org\/2010\/11\/en-la-festa-de-la-mare-de-deu-de-la-miraculosa-oracio-per-la-vida-naixent\/capella-miraculosa\/\"><img loading=\"lazy\" decoding=\"async\" aria-describedby=\"caption-attachment-2515\" class=\"size-medium wp-image-2515\" title=\"Capella de la Miraculosa de Paris,  foto cedida per G. Romance\" src=\"http:\/\/www.montalegre.org\/wp-content\/uploads\/2010\/11\/capella-miraculosa-300x225.jpg\" alt=\"\" width=\"300\" height=\"225\" \/><\/a><p id=\"caption-attachment-2515\" class=\"wp-caption-text\">Rue du Bac, Par\u00eds <\/p><\/div>\n<p>La iglesia de Santa Mar\u00eda de Montalegre tiene devoci\u00f3n a esta Virgen desde los inicios del siglo XX y lo fue cuando las hijas de la Caridad de Sant Vicente de Pa\u00fal estrenaron la capilla en su honor, la cual hoy en d\u00eda se conserva b\u00e1sicamente igual, pero con las mejoras y reparaciones que han sido necesarias a lo largo del tiempo. En Montalegre se ha venido celebrando y recordando as\u00ed los or\u00edgenes cristianos de Europa desde hace muchos a\u00f1os, y en esta ocasi\u00f3n tambi\u00e9n se celebrar\u00e1 <em>el triduo<\/em> despu\u00e9s de la Misa de las 18 horas, los d\u00edas\u00a0 25, 26 y 27 (jueves,\u00a0 viernes y s\u00e1bado) de noviembre.\u00a0<\/p>\n<p>Esta advocaci\u00f3n se inici\u00f3 cuando el 18 de julio de 1830 la Virgen Sant\u00edsima se apareci\u00f3 a una novicia, Santa Catalina Labour\u00e9, en la v\u00edspera de la celebraci\u00f3n de San Vicente de Pa\u00fal, y all\u00ed sentada en un sill\u00f3n la Virgen Sant\u00edsima le habl\u00f3 dici\u00e9ndole que se creara la cofrad\u00eda de les Hijas de Mar\u00eda. Posteriormente el 27 de noviembre fue cuando le dijo que hiciera hacer una medalla (en las caracter\u00edsticas que ya conocemos) y que todo el que la lleve con fe recibir\u00eda gracias abundantes. La capilla de las apariciones est\u00e1 en Par\u00eds, calle Rue du<a rel=\"attachment wp-att-2517\" href=\"http:\/\/www.montalegre.org\/2010\/11\/en-la-festa-de-la-mare-de-deu-de-la-miraculosa-oracio-per-la-vida-naixent\/medalla-de-la-miraculosa\/\"><img loading=\"lazy\" decoding=\"async\" class=\"alignleft size-full wp-image-2517\" title=\"medalla de la miraculosa\" src=\"http:\/\/www.montalegre.org\/wp-content\/uploads\/2010\/11\/medalla-de-la-miraculosa.jpg\" alt=\"\" width=\"170\" height=\"134\" \/><\/a> Bac 140, un\u00a0 lugar de peregrinaje, incluido dentro de las rutas marianas m\u00e1s conocidas.<\/p>\n<p>\u00a0La distribuci\u00f3n de estas medallas es constante en todo el mundo. Suele ser costumbre en todas las capillas donde hay devoci\u00f3n dejar cestitas con medallas y estampas <em>que van desapareciendo y<\/em> van a parar a otras manos donde se inician nuevas devociones y saludos a la Virgen.\u00a0<\/p>\n<p>\u00a0Isabel Hern\u00e1ndez Esteban<\/p>\n","protected":false},"excerpt":{"rendered":"<p>Como todos los a\u00f1os, se celebrar\u00e1 en la capilla de la Milagrosa de Montalegre el triduo en honor de la Virgen en esta advocaci\u00f3n. <\/p>\n","protected":false},"author":4,"featured_media":0,"comment_status":"open","ping_status":"open","sticky":false,"template":"","format":"standard","meta":{"footnotes":""},"categories":[1],"tags":[],"class_list":["post-2512","post","type-post","status-publish","format-standard","hentry","category-noticias-de-montalegre"],"yoast_head":"<!-- This site is optimized with the Yoast SEO plugin v27.1.1 - https:\/\/yoast.com\/product\/yoast-seo-wordpress\/ -->\n<title>Triduo en honor de la Virgen de la Medalla Milagrosa - Montalegre<\/title>\n<meta name=\"robots\" content=\"index, follow, max-snippet:-1, max-image-preview:large, max-video-preview:-1\" \/>\n<link rel=\"canonical\" href=\"https:\/\/www.montalegre.org\/es\/2010\/11\/en-la-fiesta-de-la-virgen-de-la-medalla-milagrosa-oracion-por-la-vida-naciente\/\" \/>\n<meta property=\"og:locale\" content=\"es_ES\" \/>\n<meta property=\"og:type\" content=\"article\" \/>\n<meta property=\"og:title\" content=\"Triduo en honor de la Virgen de la Medalla Milagrosa - Montalegre\" \/>\n<meta property=\"og:description\" content=\"Como todos los a\u00f1os, se celebrar\u00e1 en la capilla de la Milagrosa de Montalegre el triduo en honor de la Virgen en esta advocaci\u00f3n.\" \/>\n<meta property=\"og:url\" content=\"https:\/\/www.montalegre.org\/es\/2010\/11\/en-la-fiesta-de-la-virgen-de-la-medalla-milagrosa-oracion-por-la-vida-naciente\/\" \/>\n<meta property=\"og:site_name\" content=\"Montalegre\" \/>\n<meta property=\"article:published_time\" content=\"2010-11-22T22:13:59+00:00\" \/>\n<meta property=\"article:modified_time\" content=\"2010-11-24T10:26:51+00:00\" \/>\n<meta property=\"og:image\" content=\"http:\/\/www.montalegre.org\/wp-content\/uploads\/2010\/11\/capella-miraculosa-300x225.jpg\" \/>\n<meta name=\"author\" content=\"montalegre\" \/>\n<meta name=\"twitter:card\" content=\"summary_large_image\" \/>\n<meta name=\"twitter:label1\" content=\"Escrito por\" \/>\n\t<meta name=\"twitter:data1\" content=\"montalegre\" \/>\n\t<meta name=\"twitter:label2\" content=\"Tiempo de lectura\" \/>\n\t<meta name=\"twitter:data2\" content=\"2 minutos\" \/>\n<script type=\"application\/ld+json\" class=\"yoast-schema-graph\">{\"@context\":\"https:\/\/schema.org\",\"@graph\":[{\"@type\":\"Article\",\"@id\":\"https:\/\/www.montalegre.org\/es\/2010\/11\/en-la-fiesta-de-la-virgen-de-la-medalla-milagrosa-oracion-por-la-vida-naciente\/#article\",\"isPartOf\":{\"@id\":\"https:\/\/www.montalegre.org\/es\/2010\/11\/en-la-fiesta-de-la-virgen-de-la-medalla-milagrosa-oracion-por-la-vida-naciente\/\"},\"author\":{\"name\":\"montalegre\",\"@id\":\"https:\/\/www.montalegre.org\/es\/#\/schema\/person\/fa12d4cf3a3f1735a9176b4fafd6a633\"},\"headline\":\"Triduo en honor de la Virgen de la Medalla Milagrosa\",\"datePublished\":\"2010-11-22T22:13:59+00:00\",\"dateModified\":\"2010-11-24T10:26:51+00:00\",\"mainEntityOfPage\":{\"@id\":\"https:\/\/www.montalegre.org\/es\/2010\/11\/en-la-fiesta-de-la-virgen-de-la-medalla-milagrosa-oracion-por-la-vida-naciente\/\"},\"wordCount\":315,\"commentCount\":1,\"image\":{\"@id\":\"https:\/\/www.montalegre.org\/es\/2010\/11\/en-la-fiesta-de-la-virgen-de-la-medalla-milagrosa-oracion-por-la-vida-naciente\/#primaryimage\"},\"thumbnailUrl\":\"http:\/\/www.montalegre.org\/wp-content\/uploads\/2010\/11\/capella-miraculosa-300x225.jpg\",\"articleSection\":[\"Noticias de Montalegre\"],\"inLanguage\":\"es\",\"potentialAction\":[{\"@type\":\"CommentAction\",\"name\":\"Comment\",\"target\":[\"https:\/\/www.montalegre.org\/es\/2010\/11\/en-la-fiesta-de-la-virgen-de-la-medalla-milagrosa-oracion-por-la-vida-naciente\/#respond\"]}]},{\"@type\":\"WebPage\",\"@id\":\"https:\/\/www.montalegre.org\/es\/2010\/11\/en-la-fiesta-de-la-virgen-de-la-medalla-milagrosa-oracion-por-la-vida-naciente\/\",\"url\":\"https:\/\/www.montalegre.org\/es\/2010\/11\/en-la-fiesta-de-la-virgen-de-la-medalla-milagrosa-oracion-por-la-vida-naciente\/\",\"name\":\"Triduo en honor de la Virgen de la Medalla Milagrosa - Montalegre\",\"isPartOf\":{\"@id\":\"https:\/\/www.montalegre.org\/es\/#website\"},\"primaryImageOfPage\":{\"@id\":\"https:\/\/www.montalegre.org\/es\/2010\/11\/en-la-fiesta-de-la-virgen-de-la-medalla-milagrosa-oracion-por-la-vida-naciente\/#primaryimage\"},\"image\":{\"@id\":\"https:\/\/www.montalegre.org\/es\/2010\/11\/en-la-fiesta-de-la-virgen-de-la-medalla-milagrosa-oracion-por-la-vida-naciente\/#primaryimage\"},\"thumbnailUrl\":\"http:\/\/www.montalegre.org\/wp-content\/uploads\/2010\/11\/capella-miraculosa-300x225.jpg\",\"datePublished\":\"2010-11-22T22:13:59+00:00\",\"dateModified\":\"2010-11-24T10:26:51+00:00\",\"author\":{\"@id\":\"https:\/\/www.montalegre.org\/es\/#\/schema\/person\/fa12d4cf3a3f1735a9176b4fafd6a633\"},\"breadcrumb\":{\"@id\":\"https:\/\/www.montalegre.org\/es\/2010\/11\/en-la-fiesta-de-la-virgen-de-la-medalla-milagrosa-oracion-por-la-vida-naciente\/#breadcrumb\"},\"inLanguage\":\"es\",\"potentialAction\":[{\"@type\":\"ReadAction\",\"target\":[\"https:\/\/www.montalegre.org\/es\/2010\/11\/en-la-fiesta-de-la-virgen-de-la-medalla-milagrosa-oracion-por-la-vida-naciente\/\"]}]},{\"@type\":\"ImageObject\",\"inLanguage\":\"es\",\"@id\":\"https:\/\/www.montalegre.org\/es\/2010\/11\/en-la-fiesta-de-la-virgen-de-la-medalla-milagrosa-oracion-por-la-vida-naciente\/#primaryimage\",\"url\":\"http:\/\/www.montalegre.org\/wp-content\/uploads\/2010\/11\/capella-miraculosa-300x225.jpg\",\"contentUrl\":\"http:\/\/www.montalegre.org\/wp-content\/uploads\/2010\/11\/capella-miraculosa-300x225.jpg\"},{\"@type\":\"BreadcrumbList\",\"@id\":\"https:\/\/www.montalegre.org\/es\/2010\/11\/en-la-fiesta-de-la-virgen-de-la-medalla-milagrosa-oracion-por-la-vida-naciente\/#breadcrumb\",\"itemListElement\":[{\"@type\":\"ListItem\",\"position\":1,\"name\":\"Portada\",\"item\":\"https:\/\/www.montalegre.org\/es\/\"},{\"@type\":\"ListItem\",\"position\":2,\"name\":\"Triduo en honor de la Virgen de la Medalla Milagrosa\"}]},{\"@type\":\"WebSite\",\"@id\":\"https:\/\/www.montalegre.org\/es\/#website\",\"url\":\"https:\/\/www.montalegre.org\/es\/\",\"name\":\"Montalegre\",\"description\":\"\",\"potentialAction\":[{\"@type\":\"SearchAction\",\"target\":{\"@type\":\"EntryPoint\",\"urlTemplate\":\"https:\/\/www.montalegre.org\/es\/?s={search_term_string}\"},\"query-input\":{\"@type\":\"PropertyValueSpecification\",\"valueRequired\":true,\"valueName\":\"search_term_string\"}}],\"inLanguage\":\"es\"},{\"@type\":\"Person\",\"@id\":\"https:\/\/www.montalegre.org\/es\/#\/schema\/person\/fa12d4cf3a3f1735a9176b4fafd6a633\",\"name\":\"montalegre\",\"image\":{\"@type\":\"ImageObject\",\"inLanguage\":\"es\",\"@id\":\"https:\/\/www.montalegre.org\/es\/#\/schema\/person\/image\/\",\"url\":\"https:\/\/secure.gravatar.com\/avatar\/fe6d886cf5081e723c666dceda1f12d4f39070fa2ed4e79695edc3ca355c9b5a?s=96&d=mm&r=g\",\"contentUrl\":\"https:\/\/secure.gravatar.com\/avatar\/fe6d886cf5081e723c666dceda1f12d4f39070fa2ed4e79695edc3ca355c9b5a?s=96&d=mm&r=g\",\"caption\":\"montalegre\"},\"url\":\"https:\/\/www.montalegre.org\/es\/author\/montalegre\/\"}]}<\/script>\n<!-- \/ Yoast SEO plugin. -->","yoast_head_json":{"title":"Triduo en honor de la Virgen de la Medalla Milagrosa - Montalegre","robots":{"index":"index","follow":"follow","max-snippet":"max-snippet:-1","max-image-preview":"max-image-preview:large","max-video-preview":"max-video-preview:-1"},"canonical":"https:\/\/www.montalegre.org\/es\/2010\/11\/en-la-fiesta-de-la-virgen-de-la-medalla-milagrosa-oracion-por-la-vida-naciente\/","og_locale":"es_ES","og_type":"article","og_title":"Triduo en honor de la Virgen de la Medalla Milagrosa - Montalegre","og_description":"Como todos los a\u00f1os, se celebrar\u00e1 en la capilla de la Milagrosa de Montalegre el triduo en honor de la Virgen en esta advocaci\u00f3n.","og_url":"https:\/\/www.montalegre.org\/es\/2010\/11\/en-la-fiesta-de-la-virgen-de-la-medalla-milagrosa-oracion-por-la-vida-naciente\/","og_site_name":"Montalegre","article_published_time":"2010-11-22T22:13:59+00:00","article_modified_time":"2010-11-24T10:26:51+00:00","og_image":[{"url":"http:\/\/www.montalegre.org\/wp-content\/uploads\/2010\/11\/capella-miraculosa-300x225.jpg","type":"","width":"","height":""}],"author":"montalegre","twitter_card":"summary_large_image","twitter_misc":{"Escrito por":"montalegre","Tiempo de lectura":"2 minutos"},"schema":{"@context":"https:\/\/schema.org","@graph":[{"@type":"Article","@id":"https:\/\/www.montalegre.org\/es\/2010\/11\/en-la-fiesta-de-la-virgen-de-la-medalla-milagrosa-oracion-por-la-vida-naciente\/#article","isPartOf":{"@id":"https:\/\/www.montalegre.org\/es\/2010\/11\/en-la-fiesta-de-la-virgen-de-la-medalla-milagrosa-oracion-por-la-vida-naciente\/"},"author":{"name":"montalegre","@id":"https:\/\/www.montalegre.org\/es\/#\/schema\/person\/fa12d4cf3a3f1735a9176b4fafd6a633"},"headline":"Triduo en honor de la Virgen de la Medalla Milagrosa","datePublished":"2010-11-22T22:13:59+00:00","dateModified":"2010-11-24T10:26:51+00:00","mainEntityOfPage":{"@id":"https:\/\/www.montalegre.org\/es\/2010\/11\/en-la-fiesta-de-la-virgen-de-la-medalla-milagrosa-oracion-por-la-vida-naciente\/"},"wordCount":315,"commentCount":1,"image":{"@id":"https:\/\/www.montalegre.org\/es\/2010\/11\/en-la-fiesta-de-la-virgen-de-la-medalla-milagrosa-oracion-por-la-vida-naciente\/#primaryimage"},"thumbnailUrl":"http:\/\/www.montalegre.org\/wp-content\/uploads\/2010\/11\/capella-miraculosa-300x225.jpg","articleSection":["Noticias de Montalegre"],"inLanguage":"es","potentialAction":[{"@type":"CommentAction","name":"Comment","target":["https:\/\/www.montalegre.org\/es\/2010\/11\/en-la-fiesta-de-la-virgen-de-la-medalla-milagrosa-oracion-por-la-vida-naciente\/#respond"]}]},{"@type":"WebPage","@id":"https:\/\/www.montalegre.org\/es\/2010\/11\/en-la-fiesta-de-la-virgen-de-la-medalla-milagrosa-oracion-por-la-vida-naciente\/","url":"https:\/\/www.montalegre.org\/es\/2010\/11\/en-la-fiesta-de-la-virgen-de-la-medalla-milagrosa-oracion-por-la-vida-naciente\/","name":"Triduo en honor de la Virgen de la Medalla Milagrosa - Montalegre","isPartOf":{"@id":"https:\/\/www.montalegre.org\/es\/#website"},"primaryImageOfPage":{"@id":"https:\/\/www.montalegre.org\/es\/2010\/11\/en-la-fiesta-de-la-virgen-de-la-medalla-milagrosa-oracion-por-la-vida-naciente\/#primaryimage"},"image":{"@id":"https:\/\/www.montalegre.org\/es\/2010\/11\/en-la-fiesta-de-la-virgen-de-la-medalla-milagrosa-oracion-por-la-vida-naciente\/#primaryimage"},"thumbnailUrl":"http:\/\/www.montalegre.org\/wp-content\/uploads\/2010\/11\/capella-miraculosa-300x225.jpg","datePublished":"2010-11-22T22:13:59+00:00","dateModified":"2010-11-24T10:26:51+00:00","author":{"@id":"https:\/\/www.montalegre.org\/es\/#\/schema\/person\/fa12d4cf3a3f1735a9176b4fafd6a633"},"breadcrumb":{"@id":"https:\/\/www.montalegre.org\/es\/2010\/11\/en-la-fiesta-de-la-virgen-de-la-medalla-milagrosa-oracion-por-la-vida-naciente\/#breadcrumb"},"inLanguage":"es","potentialAction":[{"@type":"ReadAction","target":["https:\/\/www.montalegre.org\/es\/2010\/11\/en-la-fiesta-de-la-virgen-de-la-medalla-milagrosa-oracion-por-la-vida-naciente\/"]}]},{"@type":"ImageObject","inLanguage":"es","@id":"https:\/\/www.montalegre.org\/es\/2010\/11\/en-la-fiesta-de-la-virgen-de-la-medalla-milagrosa-oracion-por-la-vida-naciente\/#primaryimage","url":"http:\/\/www.montalegre.org\/wp-content\/uploads\/2010\/11\/capella-miraculosa-300x225.jpg","contentUrl":"http:\/\/www.montalegre.org\/wp-content\/uploads\/2010\/11\/capella-miraculosa-300x225.jpg"},{"@type":"BreadcrumbList","@id":"https:\/\/www.montalegre.org\/es\/2010\/11\/en-la-fiesta-de-la-virgen-de-la-medalla-milagrosa-oracion-por-la-vida-naciente\/#breadcrumb","itemListElement":[{"@type":"ListItem","position":1,"name":"Portada","item":"https:\/\/www.montalegre.org\/es\/"},{"@type":"ListItem","position":2,"name":"Triduo en honor de la Virgen de la Medalla Milagrosa"}]},{"@type":"WebSite","@id":"https:\/\/www.montalegre.org\/es\/#website","url":"https:\/\/www.montalegre.org\/es\/","name":"Montalegre","description":"","potentialAction":[{"@type":"SearchAction","target":{"@type":"EntryPoint","urlTemplate":"https:\/\/www.montalegre.org\/es\/?s={search_term_string}"},"query-input":{"@type":"PropertyValueSpecification","valueRequired":true,"valueName":"search_term_string"}}],"inLanguage":"es"},{"@type":"Person","@id":"https:\/\/www.montalegre.org\/es\/#\/schema\/person\/fa12d4cf3a3f1735a9176b4fafd6a633","name":"montalegre","image":{"@type":"ImageObject","inLanguage":"es","@id":"https:\/\/www.montalegre.org\/es\/#\/schema\/person\/image\/","url":"https:\/\/secure.gravatar.com\/avatar\/fe6d886cf5081e723c666dceda1f12d4f39070fa2ed4e79695edc3ca355c9b5a?s=96&d=mm&r=g","contentUrl":"https:\/\/secure.gravatar.com\/avatar\/fe6d886cf5081e723c666dceda1f12d4f39070fa2ed4e79695edc3ca355c9b5a?s=96&d=mm&r=g","caption":"montalegre"},"url":"https:\/\/www.montalegre.org\/es\/author\/montalegre\/"}]}},"_links":{"self":[{"href":"https:\/\/www.montalegre.org\/es\/wp-json\/wp\/v2\/posts\/2512","targetHints":{"allow":["GET"]}}],"collection":[{"href":"https:\/\/www.montalegre.org\/es\/wp-json\/wp\/v2\/posts"}],"about":[{"href":"https:\/\/www.montalegre.org\/es\/wp-json\/wp\/v2\/types\/post"}],"author":[{"embeddable":true,"href":"https:\/\/www.montalegre.org\/es\/wp-json\/wp\/v2\/users\/4"}],"replies":[{"embeddable":true,"href":"https:\/\/www.montalegre.org\/es\/wp-json\/wp\/v2\/comments?post=2512"}],"version-history":[{"count":12,"href":"https:\/\/www.montalegre.org\/es\/wp-json\/wp\/v2\/posts\/2512\/revisions"}],"predecessor-version":[{"id":2514,"href":"https:\/\/www.montalegre.org\/es\/wp-json\/wp\/v2\/posts\/2512\/revisions\/2514"}],"wp:attachment":[{"href":"https:\/\/www.montalegre.org\/es\/wp-json\/wp\/v2\/media?parent=2512"}],"wp:term":[{"taxonomy":"category","embeddable":true,"href":"https:\/\/www.montalegre.org\/es\/wp-json\/wp\/v2\/categories?post=2512"},{"taxonomy":"post_tag","embeddable":true,"href":"https:\/\/www.montalegre.org\/es\/wp-json\/wp\/v2\/tags?post=2512"}],"curies":[{"name":"wp","href":"https:\/\/api.w.org\/{rel}","templated":true}]}}