{"id":2373,"date":"2010-10-31T17:04:24","date_gmt":"2010-10-31T17:04:24","guid":{"rendered":"http:\/\/www.montalegre.org\/?p=2373"},"modified":"2010-11-01T21:21:47","modified_gmt":"2010-11-01T21:21:47","slug":"novedades-ampliacion-del-itinerario-del-papamovil-por-barcelona","status":"publish","type":"post","link":"https:\/\/www.montalegre.org\/es\/2010\/10\/novedades-ampliacion-del-itinerario-del-papamovil-por-barcelona\/","title":{"rendered":"NOVEDADES!!! Ampliaci\u00f3n del itinerario del papam\u00f3vil por Barcelona"},"content":{"rendered":"<p><a rel=\"attachment wp-att-2385\" href=\"http:\/\/www.montalegre.org\/2010\/10\/novetats-ampliacio-de-l%e2%80%99itinerari-del-papamobil-per-barcelona\/benet-xvi-glasgow\/\"><img loading=\"lazy\" decoding=\"async\" class=\"alignright size-medium wp-image-2385\" title=\"Benet XVI Glasgow\" src=\"http:\/\/www.montalegre.org\/wp-content\/uploads\/2010\/10\/Benet-XVI-Glasgow-300x168.jpg\" alt=\"\" width=\"300\" height=\"168\" \/><\/a>El recorrido que el Santo Padre har\u00e1 a lo largo de la ciudad de Barcelona, el d\u00eda 7 de noviembre, en el conocido papam\u00f3vil, que ya hace unos d\u00edas que lleg\u00f3 a Barcelona en avi\u00f3n, se ha ampliado en lo que se refiere al regreso al Arzobispado despu\u00e9s de la celebraci\u00f3n de la Dedicaci\u00f3n de la Sagrada Familia y el \u00c1ngelus.<\/p>\n<p>\u00a0Recordemos que a la ida saldr\u00e1 a las 9 horas del Arzobispado, subir\u00e1 por la Via Laietana, seguir\u00e1 por Pau Claris hasta la calle de La Diputaci\u00f3, despu\u00e9s todo recto hasta la calle Marina donde girar\u00e1 a la izquierda, pasando por delante de la fachada del Nacimiento de la Sagrada Familia, rodeando el templo por \u00a0la calle Proven\u00e7a, despu\u00e9s bajar\u00e1 por la calle Sardenya pasando por delante de la fachada de la Pasi\u00f3n, girar\u00e1 por la izquierda para ir por la calle Mallorca, para entrar por el nuevo acceso del templo, de la fachada de la Gloria, a las 9.30 h de la ma\u00f1ana.\u00a0<\/p>\n<p>La novedad est\u00e1 en que se ha establecido el regreso \u00a0por las mismas calles que a la ida. Una vez acabados los actos a las 12.45 h. saldr\u00e1 por la calle Mallorca, por la fachada de la Gloria, seguir\u00e1 por Sardenya hacia arriba, por la fachada de la Pasi\u00f3n, girar\u00e1 a la derecha por Proven\u00e7a, bajar\u00e1 y pasar\u00e1 de nuevo por la fachada del Nacimiento, seguir\u00e1 hacia abajo,\u00a0 por la calle Marina hasta la calle de La Diputaci\u00f3, girar\u00e1 a la izquierda por Pau Claris en sentido mar, seguir\u00e1 por Via Laietana, girar\u00e1 en la Catedral y a las 13 h. ya ser\u00e1 en el Arzobispado donde almorzar\u00e1 con los obispos y sacerdotes invitados, y el s\u00e9quito papal.\u00a0<\/p>\n<p><strong>Servicios Informativos Montalegre<\/strong><\/p>\n<p><a rel=\"attachment wp-att-2375\" href=\"http:\/\/www.montalegre.org\/2010\/10\/novetats-ampliacio-de-l%e2%80%99itinerari-del-papamobil-per-barcelona\/papamobil\/\"><img loading=\"lazy\" decoding=\"async\" class=\"aligncenter size-full wp-image-2375\" title=\"papamobil\" src=\"http:\/\/www.montalegre.org\/wp-content\/uploads\/2010\/10\/papamobil.gif\" alt=\"\" width=\"530\" height=\"771\" \/><\/a><\/p>\n<p><strong>\u00a0<\/strong><\/p>\n","protected":false},"excerpt":{"rendered":"<p>El recorrido que el Santo Padre har\u00e1 a lo largo de la ciudad de Barcelona, el d\u00eda 7 de noviembre, en el conocido papam\u00f3vil, que ya hace unos d\u00edas que lleg\u00f3 a Barcelona en avi\u00f3n, se ha ampliado en lo que se refiere al regreso al Arzobispado despu\u00e9s de la celebraci\u00f3n de la Dedicaci\u00f3n de [&hellip;]<\/p>\n","protected":false},"author":4,"featured_media":0,"comment_status":"open","ping_status":"open","sticky":false,"template":"","format":"standard","meta":{"footnotes":""},"categories":[1],"tags":[],"class_list":["post-2373","post","type-post","status-publish","format-standard","hentry","category-noticias-de-montalegre"],"yoast_head":"<!-- This site is optimized with the Yoast SEO plugin v27.1.1 - https:\/\/yoast.com\/product\/yoast-seo-wordpress\/ -->\n<title>NOVEDADES!!! Ampliaci\u00f3n del itinerario del papam\u00f3vil por Barcelona - Montalegre<\/title>\n<meta name=\"robots\" content=\"index, follow, max-snippet:-1, max-image-preview:large, max-video-preview:-1\" \/>\n<link rel=\"canonical\" href=\"https:\/\/www.montalegre.org\/es\/2010\/10\/novedades-ampliacion-del-itinerario-del-papamovil-por-barcelona\/\" \/>\n<meta property=\"og:locale\" content=\"es_ES\" \/>\n<meta property=\"og:type\" content=\"article\" \/>\n<meta property=\"og:title\" content=\"NOVEDADES!!! Ampliaci\u00f3n del itinerario del papam\u00f3vil por Barcelona - Montalegre\" \/>\n<meta property=\"og:description\" content=\"El recorrido que el Santo Padre har\u00e1 a lo largo de la ciudad de Barcelona, el d\u00eda 7 de noviembre, en el conocido papam\u00f3vil, que ya hace unos d\u00edas que lleg\u00f3 a Barcelona en avi\u00f3n, se ha ampliado en lo que se refiere al regreso al Arzobispado despu\u00e9s de la celebraci\u00f3n de la Dedicaci\u00f3n de [&hellip;]\" \/>\n<meta property=\"og:url\" content=\"https:\/\/www.montalegre.org\/es\/2010\/10\/novedades-ampliacion-del-itinerario-del-papamovil-por-barcelona\/\" \/>\n<meta property=\"og:site_name\" content=\"Montalegre\" \/>\n<meta property=\"article:published_time\" content=\"2010-10-31T17:04:24+00:00\" \/>\n<meta property=\"article:modified_time\" content=\"2010-11-01T21:21:47+00:00\" \/>\n<meta property=\"og:image\" content=\"http:\/\/www.montalegre.org\/wp-content\/uploads\/2010\/10\/Benet-XVI-Glasgow-300x168.jpg\" \/>\n<meta name=\"author\" content=\"montalegre\" \/>\n<meta name=\"twitter:card\" content=\"summary_large_image\" \/>\n<meta name=\"twitter:label1\" content=\"Escrito por\" \/>\n\t<meta name=\"twitter:data1\" content=\"montalegre\" \/>\n\t<meta name=\"twitter:label2\" content=\"Tiempo de lectura\" \/>\n\t<meta name=\"twitter:data2\" content=\"1 minuto\" \/>\n<script type=\"application\/ld+json\" class=\"yoast-schema-graph\">{\"@context\":\"https:\/\/schema.org\",\"@graph\":[{\"@type\":\"Article\",\"@id\":\"https:\/\/www.montalegre.org\/es\/2010\/10\/novedades-ampliacion-del-itinerario-del-papamovil-por-barcelona\/#article\",\"isPartOf\":{\"@id\":\"https:\/\/www.montalegre.org\/es\/2010\/10\/novedades-ampliacion-del-itinerario-del-papamovil-por-barcelona\/\"},\"author\":{\"name\":\"montalegre\",\"@id\":\"https:\/\/www.montalegre.org\/es\/#\/schema\/person\/fa12d4cf3a3f1735a9176b4fafd6a633\"},\"headline\":\"NOVEDADES!!! Ampliaci\u00f3n del itinerario del papam\u00f3vil por Barcelona\",\"datePublished\":\"2010-10-31T17:04:24+00:00\",\"dateModified\":\"2010-11-01T21:21:47+00:00\",\"mainEntityOfPage\":{\"@id\":\"https:\/\/www.montalegre.org\/es\/2010\/10\/novedades-ampliacion-del-itinerario-del-papamovil-por-barcelona\/\"},\"wordCount\":306,\"commentCount\":0,\"image\":{\"@id\":\"https:\/\/www.montalegre.org\/es\/2010\/10\/novedades-ampliacion-del-itinerario-del-papamovil-por-barcelona\/#primaryimage\"},\"thumbnailUrl\":\"http:\/\/www.montalegre.org\/wp-content\/uploads\/2010\/10\/Benet-XVI-Glasgow-300x168.jpg\",\"articleSection\":[\"Noticias de Montalegre\"],\"inLanguage\":\"es\",\"potentialAction\":[{\"@type\":\"CommentAction\",\"name\":\"Comment\",\"target\":[\"https:\/\/www.montalegre.org\/es\/2010\/10\/novedades-ampliacion-del-itinerario-del-papamovil-por-barcelona\/#respond\"]}]},{\"@type\":\"WebPage\",\"@id\":\"https:\/\/www.montalegre.org\/es\/2010\/10\/novedades-ampliacion-del-itinerario-del-papamovil-por-barcelona\/\",\"url\":\"https:\/\/www.montalegre.org\/es\/2010\/10\/novedades-ampliacion-del-itinerario-del-papamovil-por-barcelona\/\",\"name\":\"NOVEDADES!!! Ampliaci\u00f3n del itinerario del papam\u00f3vil por Barcelona - Montalegre\",\"isPartOf\":{\"@id\":\"https:\/\/www.montalegre.org\/es\/#website\"},\"primaryImageOfPage\":{\"@id\":\"https:\/\/www.montalegre.org\/es\/2010\/10\/novedades-ampliacion-del-itinerario-del-papamovil-por-barcelona\/#primaryimage\"},\"image\":{\"@id\":\"https:\/\/www.montalegre.org\/es\/2010\/10\/novedades-ampliacion-del-itinerario-del-papamovil-por-barcelona\/#primaryimage\"},\"thumbnailUrl\":\"http:\/\/www.montalegre.org\/wp-content\/uploads\/2010\/10\/Benet-XVI-Glasgow-300x168.jpg\",\"datePublished\":\"2010-10-31T17:04:24+00:00\",\"dateModified\":\"2010-11-01T21:21:47+00:00\",\"author\":{\"@id\":\"https:\/\/www.montalegre.org\/es\/#\/schema\/person\/fa12d4cf3a3f1735a9176b4fafd6a633\"},\"breadcrumb\":{\"@id\":\"https:\/\/www.montalegre.org\/es\/2010\/10\/novedades-ampliacion-del-itinerario-del-papamovil-por-barcelona\/#breadcrumb\"},\"inLanguage\":\"es\",\"potentialAction\":[{\"@type\":\"ReadAction\",\"target\":[\"https:\/\/www.montalegre.org\/es\/2010\/10\/novedades-ampliacion-del-itinerario-del-papamovil-por-barcelona\/\"]}]},{\"@type\":\"ImageObject\",\"inLanguage\":\"es\",\"@id\":\"https:\/\/www.montalegre.org\/es\/2010\/10\/novedades-ampliacion-del-itinerario-del-papamovil-por-barcelona\/#primaryimage\",\"url\":\"http:\/\/www.montalegre.org\/wp-content\/uploads\/2010\/10\/Benet-XVI-Glasgow-300x168.jpg\",\"contentUrl\":\"http:\/\/www.montalegre.org\/wp-content\/uploads\/2010\/10\/Benet-XVI-Glasgow-300x168.jpg\"},{\"@type\":\"BreadcrumbList\",\"@id\":\"https:\/\/www.montalegre.org\/es\/2010\/10\/novedades-ampliacion-del-itinerario-del-papamovil-por-barcelona\/#breadcrumb\",\"itemListElement\":[{\"@type\":\"ListItem\",\"position\":1,\"name\":\"Portada\",\"item\":\"https:\/\/www.montalegre.org\/es\/\"},{\"@type\":\"ListItem\",\"position\":2,\"name\":\"NOVEDADES!!! Ampliaci\u00f3n del itinerario del papam\u00f3vil por Barcelona\"}]},{\"@type\":\"WebSite\",\"@id\":\"https:\/\/www.montalegre.org\/es\/#website\",\"url\":\"https:\/\/www.montalegre.org\/es\/\",\"name\":\"Montalegre\",\"description\":\"\",\"potentialAction\":[{\"@type\":\"SearchAction\",\"target\":{\"@type\":\"EntryPoint\",\"urlTemplate\":\"https:\/\/www.montalegre.org\/es\/?s={search_term_string}\"},\"query-input\":{\"@type\":\"PropertyValueSpecification\",\"valueRequired\":true,\"valueName\":\"search_term_string\"}}],\"inLanguage\":\"es\"},{\"@type\":\"Person\",\"@id\":\"https:\/\/www.montalegre.org\/es\/#\/schema\/person\/fa12d4cf3a3f1735a9176b4fafd6a633\",\"name\":\"montalegre\",\"image\":{\"@type\":\"ImageObject\",\"inLanguage\":\"es\",\"@id\":\"https:\/\/www.montalegre.org\/es\/#\/schema\/person\/image\/\",\"url\":\"https:\/\/secure.gravatar.com\/avatar\/fe6d886cf5081e723c666dceda1f12d4f39070fa2ed4e79695edc3ca355c9b5a?s=96&d=mm&r=g\",\"contentUrl\":\"https:\/\/secure.gravatar.com\/avatar\/fe6d886cf5081e723c666dceda1f12d4f39070fa2ed4e79695edc3ca355c9b5a?s=96&d=mm&r=g\",\"caption\":\"montalegre\"},\"url\":\"https:\/\/www.montalegre.org\/es\/author\/montalegre\/\"}]}<\/script>\n<!-- \/ Yoast SEO plugin. -->","yoast_head_json":{"title":"NOVEDADES!!! Ampliaci\u00f3n del itinerario del papam\u00f3vil por Barcelona - Montalegre","robots":{"index":"index","follow":"follow","max-snippet":"max-snippet:-1","max-image-preview":"max-image-preview:large","max-video-preview":"max-video-preview:-1"},"canonical":"https:\/\/www.montalegre.org\/es\/2010\/10\/novedades-ampliacion-del-itinerario-del-papamovil-por-barcelona\/","og_locale":"es_ES","og_type":"article","og_title":"NOVEDADES!!! Ampliaci\u00f3n del itinerario del papam\u00f3vil por Barcelona - Montalegre","og_description":"El recorrido que el Santo Padre har\u00e1 a lo largo de la ciudad de Barcelona, el d\u00eda 7 de noviembre, en el conocido papam\u00f3vil, que ya hace unos d\u00edas que lleg\u00f3 a Barcelona en avi\u00f3n, se ha ampliado en lo que se refiere al regreso al Arzobispado despu\u00e9s de la celebraci\u00f3n de la Dedicaci\u00f3n de [&hellip;]","og_url":"https:\/\/www.montalegre.org\/es\/2010\/10\/novedades-ampliacion-del-itinerario-del-papamovil-por-barcelona\/","og_site_name":"Montalegre","article_published_time":"2010-10-31T17:04:24+00:00","article_modified_time":"2010-11-01T21:21:47+00:00","og_image":[{"url":"http:\/\/www.montalegre.org\/wp-content\/uploads\/2010\/10\/Benet-XVI-Glasgow-300x168.jpg","type":"","width":"","height":""}],"author":"montalegre","twitter_card":"summary_large_image","twitter_misc":{"Escrito por":"montalegre","Tiempo de lectura":"1 minuto"},"schema":{"@context":"https:\/\/schema.org","@graph":[{"@type":"Article","@id":"https:\/\/www.montalegre.org\/es\/2010\/10\/novedades-ampliacion-del-itinerario-del-papamovil-por-barcelona\/#article","isPartOf":{"@id":"https:\/\/www.montalegre.org\/es\/2010\/10\/novedades-ampliacion-del-itinerario-del-papamovil-por-barcelona\/"},"author":{"name":"montalegre","@id":"https:\/\/www.montalegre.org\/es\/#\/schema\/person\/fa12d4cf3a3f1735a9176b4fafd6a633"},"headline":"NOVEDADES!!! Ampliaci\u00f3n del itinerario del papam\u00f3vil por Barcelona","datePublished":"2010-10-31T17:04:24+00:00","dateModified":"2010-11-01T21:21:47+00:00","mainEntityOfPage":{"@id":"https:\/\/www.montalegre.org\/es\/2010\/10\/novedades-ampliacion-del-itinerario-del-papamovil-por-barcelona\/"},"wordCount":306,"commentCount":0,"image":{"@id":"https:\/\/www.montalegre.org\/es\/2010\/10\/novedades-ampliacion-del-itinerario-del-papamovil-por-barcelona\/#primaryimage"},"thumbnailUrl":"http:\/\/www.montalegre.org\/wp-content\/uploads\/2010\/10\/Benet-XVI-Glasgow-300x168.jpg","articleSection":["Noticias de Montalegre"],"inLanguage":"es","potentialAction":[{"@type":"CommentAction","name":"Comment","target":["https:\/\/www.montalegre.org\/es\/2010\/10\/novedades-ampliacion-del-itinerario-del-papamovil-por-barcelona\/#respond"]}]},{"@type":"WebPage","@id":"https:\/\/www.montalegre.org\/es\/2010\/10\/novedades-ampliacion-del-itinerario-del-papamovil-por-barcelona\/","url":"https:\/\/www.montalegre.org\/es\/2010\/10\/novedades-ampliacion-del-itinerario-del-papamovil-por-barcelona\/","name":"NOVEDADES!!! Ampliaci\u00f3n del itinerario del papam\u00f3vil por Barcelona - Montalegre","isPartOf":{"@id":"https:\/\/www.montalegre.org\/es\/#website"},"primaryImageOfPage":{"@id":"https:\/\/www.montalegre.org\/es\/2010\/10\/novedades-ampliacion-del-itinerario-del-papamovil-por-barcelona\/#primaryimage"},"image":{"@id":"https:\/\/www.montalegre.org\/es\/2010\/10\/novedades-ampliacion-del-itinerario-del-papamovil-por-barcelona\/#primaryimage"},"thumbnailUrl":"http:\/\/www.montalegre.org\/wp-content\/uploads\/2010\/10\/Benet-XVI-Glasgow-300x168.jpg","datePublished":"2010-10-31T17:04:24+00:00","dateModified":"2010-11-01T21:21:47+00:00","author":{"@id":"https:\/\/www.montalegre.org\/es\/#\/schema\/person\/fa12d4cf3a3f1735a9176b4fafd6a633"},"breadcrumb":{"@id":"https:\/\/www.montalegre.org\/es\/2010\/10\/novedades-ampliacion-del-itinerario-del-papamovil-por-barcelona\/#breadcrumb"},"inLanguage":"es","potentialAction":[{"@type":"ReadAction","target":["https:\/\/www.montalegre.org\/es\/2010\/10\/novedades-ampliacion-del-itinerario-del-papamovil-por-barcelona\/"]}]},{"@type":"ImageObject","inLanguage":"es","@id":"https:\/\/www.montalegre.org\/es\/2010\/10\/novedades-ampliacion-del-itinerario-del-papamovil-por-barcelona\/#primaryimage","url":"http:\/\/www.montalegre.org\/wp-content\/uploads\/2010\/10\/Benet-XVI-Glasgow-300x168.jpg","contentUrl":"http:\/\/www.montalegre.org\/wp-content\/uploads\/2010\/10\/Benet-XVI-Glasgow-300x168.jpg"},{"@type":"BreadcrumbList","@id":"https:\/\/www.montalegre.org\/es\/2010\/10\/novedades-ampliacion-del-itinerario-del-papamovil-por-barcelona\/#breadcrumb","itemListElement":[{"@type":"ListItem","position":1,"name":"Portada","item":"https:\/\/www.montalegre.org\/es\/"},{"@type":"ListItem","position":2,"name":"NOVEDADES!!! Ampliaci\u00f3n del itinerario del papam\u00f3vil por Barcelona"}]},{"@type":"WebSite","@id":"https:\/\/www.montalegre.org\/es\/#website","url":"https:\/\/www.montalegre.org\/es\/","name":"Montalegre","description":"","potentialAction":[{"@type":"SearchAction","target":{"@type":"EntryPoint","urlTemplate":"https:\/\/www.montalegre.org\/es\/?s={search_term_string}"},"query-input":{"@type":"PropertyValueSpecification","valueRequired":true,"valueName":"search_term_string"}}],"inLanguage":"es"},{"@type":"Person","@id":"https:\/\/www.montalegre.org\/es\/#\/schema\/person\/fa12d4cf3a3f1735a9176b4fafd6a633","name":"montalegre","image":{"@type":"ImageObject","inLanguage":"es","@id":"https:\/\/www.montalegre.org\/es\/#\/schema\/person\/image\/","url":"https:\/\/secure.gravatar.com\/avatar\/fe6d886cf5081e723c666dceda1f12d4f39070fa2ed4e79695edc3ca355c9b5a?s=96&d=mm&r=g","contentUrl":"https:\/\/secure.gravatar.com\/avatar\/fe6d886cf5081e723c666dceda1f12d4f39070fa2ed4e79695edc3ca355c9b5a?s=96&d=mm&r=g","caption":"montalegre"},"url":"https:\/\/www.montalegre.org\/es\/author\/montalegre\/"}]}},"_links":{"self":[{"href":"https:\/\/www.montalegre.org\/es\/wp-json\/wp\/v2\/posts\/2373","targetHints":{"allow":["GET"]}}],"collection":[{"href":"https:\/\/www.montalegre.org\/es\/wp-json\/wp\/v2\/posts"}],"about":[{"href":"https:\/\/www.montalegre.org\/es\/wp-json\/wp\/v2\/types\/post"}],"author":[{"embeddable":true,"href":"https:\/\/www.montalegre.org\/es\/wp-json\/wp\/v2\/users\/4"}],"replies":[{"embeddable":true,"href":"https:\/\/www.montalegre.org\/es\/wp-json\/wp\/v2\/comments?post=2373"}],"version-history":[{"count":6,"href":"https:\/\/www.montalegre.org\/es\/wp-json\/wp\/v2\/posts\/2373\/revisions"}],"predecessor-version":[{"id":2378,"href":"https:\/\/www.montalegre.org\/es\/wp-json\/wp\/v2\/posts\/2373\/revisions\/2378"}],"wp:attachment":[{"href":"https:\/\/www.montalegre.org\/es\/wp-json\/wp\/v2\/media?parent=2373"}],"wp:term":[{"taxonomy":"category","embeddable":true,"href":"https:\/\/www.montalegre.org\/es\/wp-json\/wp\/v2\/categories?post=2373"},{"taxonomy":"post_tag","embeddable":true,"href":"https:\/\/www.montalegre.org\/es\/wp-json\/wp\/v2\/tags?post=2373"}],"curies":[{"name":"wp","href":"https:\/\/api.w.org\/{rel}","templated":true}]}}