{"id":2306,"date":"2010-11-01T11:33:11","date_gmt":"2010-11-01T11:33:11","guid":{"rendered":"http:\/\/www.montalegre.org\/?p=2306"},"modified":"2010-11-30T10:52:26","modified_gmt":"2010-11-30T10:52:26","slug":"noviembre-el-papa-en-barcelona","status":"publish","type":"post","link":"https:\/\/www.montalegre.org\/es\/2010\/11\/noviembre-el-papa-en-barcelona\/","title":{"rendered":"Noviembre: El Papa en Barcelona"},"content":{"rendered":"<p><strong><a rel=\"attachment wp-att-2390\" href=\"http:\/\/www.montalegre.org\/2010\/11\/novembre-el-papa-a-barcelona\/facana-de-la-gloria\/\"><img loading=\"lazy\" decoding=\"async\" class=\"alignleft size-medium wp-image-2390\" title=\"fa\u00e7ana de la gl\u00f2ria\" src=\"http:\/\/www.montalegre.org\/wp-content\/uploads\/2010\/11\/fa\u00e7ana-de-la-gl\u00f2ria-225x300.jpg\" alt=\"\" width=\"225\" height=\"300\" \/><\/a>Noviembre: El Papa en Barcelona<\/strong><\/p>\n<p>El mes de noviembre del a\u00f1o 2010 quedar\u00e1, sin duda, se\u00f1alado como un momento importante para la historia de la ciudad y de Catalu\u00f1a debido a la visita que los d\u00edas 6 y 7 nos har\u00e1 el Papa Benedicto XVI.<\/p>\n<p>La Sagrada Familia, la obra mas emblem\u00e1tica del genial arquitecto Antonio Gaud\u00ed, y probablemente la mas famosa obra religiosa que en estos momentos se est\u00e1 realizando en el mundo, y que es visitada anualmente por millones de personas, ser\u00e1 dedicada por la m\u00e1xima autoridad en la Iglesia.<\/p>\n<p>Somos muchos miles los habitantes de Barcelona y en general de Catalu\u00f1a que estamos muy orgullosos de la Sagrada Familia y, por supuesto de que sea el Papa el que haya tenido el detalle de venir personalmente a dedicarla. No tengo ninguna duda de que Benedicto XVI ser\u00e1 recibido con todo el afecto por los ciudadanos de Barcelona. Pero es muy importante que a la manifestaci\u00f3n exterior del sentimiento, que sin duda se dar\u00e1, la acompa\u00f1e una actitud interior de atenci\u00f3n a la palabra y de oraci\u00f3n por la persona e intenciones de quien es el sucesor de Pedro al frente de la Iglesia.<\/p>\n<p><strong>Noviembre: Oraci\u00f3n por los difuntos<\/strong><\/p>\n<p>Por otra parte recordamos que el mes de noviembre es, tradicionalmente el mes de los difuntos. Se nos recuerda en este mes una de las verdades de nuestra fe: la existencia de un periodo de purificaci\u00f3n despu\u00e9s de la muerte, que llamamos el Purgatorio. Con los sufragios que ofrecemos por las almas de los difuntos podemos ayudarles en este proceso de purificaci\u00f3n. La oraci\u00f3n por los difuntos es una manifestaci\u00f3n evidente de la caridad cristiana.<\/p>\n<p>No podemos olvidar tampoco que las almas del purgatorio son grandes intercesoras. Nos dice San Josemar\u00eda:<\/p>\n<p><em>Las \u00e1nimas benditas del purgatorio. -Por caridad, por justicia, y por un ego\u00edsmo disculpable -\u00a1pueden tanto delante de Dios!- tenlas muy en cuenta en tus sacrificios y en tu oraci\u00f3n.<\/em><\/p>\n<p><em>Ojal\u00e1, cuando las nombres, puedas decir: &#8220;Mis buenas amigas las almas del purgatorio&#8230;&#8221; (Camino 571)<\/em><\/p>\n<p><em>\u00a0<\/em><\/p>\n<p>Mn Francesc<\/p>\n","protected":false},"excerpt":{"rendered":"<p>Noviembre: El Papa en Barcelona El mes de noviembre del a\u00f1o 2010 quedar\u00e1, sin duda, se\u00f1alado como un momento importante para la historia de la ciudad y de Catalu\u00f1a debido a la visita que los d\u00edas 6 y 7 nos har\u00e1 el Papa Benedicto XVI. La Sagrada Familia, la obra mas emblem\u00e1tica del genial arquitecto [&hellip;]<\/p>\n","protected":false},"author":4,"featured_media":0,"comment_status":"open","ping_status":"open","sticky":false,"template":"","format":"standard","meta":{"footnotes":""},"categories":[52],"tags":[],"class_list":["post-2306","post","type-post","status-publish","format-standard","hentry","category-editorial"],"yoast_head":"<!-- This site is optimized with the Yoast SEO plugin v27.1.1 - https:\/\/yoast.com\/product\/yoast-seo-wordpress\/ -->\n<title>Noviembre: El Papa en Barcelona - Montalegre<\/title>\n<meta name=\"robots\" content=\"index, follow, max-snippet:-1, max-image-preview:large, max-video-preview:-1\" \/>\n<link rel=\"canonical\" href=\"https:\/\/www.montalegre.org\/es\/2010\/11\/noviembre-el-papa-en-barcelona\/\" \/>\n<meta property=\"og:locale\" content=\"es_ES\" \/>\n<meta property=\"og:type\" content=\"article\" \/>\n<meta property=\"og:title\" content=\"Noviembre: El Papa en Barcelona - Montalegre\" \/>\n<meta property=\"og:description\" content=\"Noviembre: El Papa en Barcelona El mes de noviembre del a\u00f1o 2010 quedar\u00e1, sin duda, se\u00f1alado como un momento importante para la historia de la ciudad y de Catalu\u00f1a debido a la visita que los d\u00edas 6 y 7 nos har\u00e1 el Papa Benedicto XVI. La Sagrada Familia, la obra mas emblem\u00e1tica del genial arquitecto [&hellip;]\" \/>\n<meta property=\"og:url\" content=\"https:\/\/www.montalegre.org\/es\/2010\/11\/noviembre-el-papa-en-barcelona\/\" \/>\n<meta property=\"og:site_name\" content=\"Montalegre\" \/>\n<meta property=\"article:published_time\" content=\"2010-11-01T11:33:11+00:00\" \/>\n<meta property=\"article:modified_time\" content=\"2010-11-30T10:52:26+00:00\" \/>\n<meta property=\"og:image\" content=\"http:\/\/www.montalegre.org\/wp-content\/uploads\/2010\/11\/fa\u00e7ana-de-la-gl\u00f2ria-225x300.jpg\" \/>\n<meta name=\"author\" content=\"montalegre\" \/>\n<meta name=\"twitter:card\" content=\"summary_large_image\" \/>\n<meta name=\"twitter:label1\" content=\"Escrito por\" \/>\n\t<meta name=\"twitter:data1\" content=\"montalegre\" \/>\n\t<meta name=\"twitter:label2\" content=\"Tiempo de lectura\" \/>\n\t<meta name=\"twitter:data2\" content=\"2 minutos\" \/>\n<script type=\"application\/ld+json\" class=\"yoast-schema-graph\">{\"@context\":\"https:\/\/schema.org\",\"@graph\":[{\"@type\":\"Article\",\"@id\":\"https:\/\/www.montalegre.org\/es\/2010\/11\/noviembre-el-papa-en-barcelona\/#article\",\"isPartOf\":{\"@id\":\"https:\/\/www.montalegre.org\/es\/2010\/11\/noviembre-el-papa-en-barcelona\/\"},\"author\":{\"name\":\"montalegre\",\"@id\":\"https:\/\/www.montalegre.org\/es\/#\/schema\/person\/fa12d4cf3a3f1735a9176b4fafd6a633\"},\"headline\":\"Noviembre: El Papa en Barcelona\",\"datePublished\":\"2010-11-01T11:33:11+00:00\",\"dateModified\":\"2010-11-30T10:52:26+00:00\",\"mainEntityOfPage\":{\"@id\":\"https:\/\/www.montalegre.org\/es\/2010\/11\/noviembre-el-papa-en-barcelona\/\"},\"wordCount\":362,\"commentCount\":0,\"articleSection\":[\"Editorial\"],\"inLanguage\":\"es\",\"potentialAction\":[{\"@type\":\"CommentAction\",\"name\":\"Comment\",\"target\":[\"https:\/\/www.montalegre.org\/es\/2010\/11\/noviembre-el-papa-en-barcelona\/#respond\"]}]},{\"@type\":\"WebPage\",\"@id\":\"https:\/\/www.montalegre.org\/es\/2010\/11\/noviembre-el-papa-en-barcelona\/\",\"url\":\"https:\/\/www.montalegre.org\/es\/2010\/11\/noviembre-el-papa-en-barcelona\/\",\"name\":\"Noviembre: El Papa en Barcelona - Montalegre\",\"isPartOf\":{\"@id\":\"https:\/\/www.montalegre.org\/es\/#website\"},\"datePublished\":\"2010-11-01T11:33:11+00:00\",\"dateModified\":\"2010-11-30T10:52:26+00:00\",\"author\":{\"@id\":\"https:\/\/www.montalegre.org\/es\/#\/schema\/person\/fa12d4cf3a3f1735a9176b4fafd6a633\"},\"breadcrumb\":{\"@id\":\"https:\/\/www.montalegre.org\/es\/2010\/11\/noviembre-el-papa-en-barcelona\/#breadcrumb\"},\"inLanguage\":\"es\",\"potentialAction\":[{\"@type\":\"ReadAction\",\"target\":[\"https:\/\/www.montalegre.org\/es\/2010\/11\/noviembre-el-papa-en-barcelona\/\"]}]},{\"@type\":\"BreadcrumbList\",\"@id\":\"https:\/\/www.montalegre.org\/es\/2010\/11\/noviembre-el-papa-en-barcelona\/#breadcrumb\",\"itemListElement\":[{\"@type\":\"ListItem\",\"position\":1,\"name\":\"Portada\",\"item\":\"https:\/\/www.montalegre.org\/es\/\"},{\"@type\":\"ListItem\",\"position\":2,\"name\":\"Noviembre: El Papa en Barcelona\"}]},{\"@type\":\"WebSite\",\"@id\":\"https:\/\/www.montalegre.org\/es\/#website\",\"url\":\"https:\/\/www.montalegre.org\/es\/\",\"name\":\"Montalegre\",\"description\":\"\",\"potentialAction\":[{\"@type\":\"SearchAction\",\"target\":{\"@type\":\"EntryPoint\",\"urlTemplate\":\"https:\/\/www.montalegre.org\/es\/?s={search_term_string}\"},\"query-input\":{\"@type\":\"PropertyValueSpecification\",\"valueRequired\":true,\"valueName\":\"search_term_string\"}}],\"inLanguage\":\"es\"},{\"@type\":\"Person\",\"@id\":\"https:\/\/www.montalegre.org\/es\/#\/schema\/person\/fa12d4cf3a3f1735a9176b4fafd6a633\",\"name\":\"montalegre\",\"image\":{\"@type\":\"ImageObject\",\"inLanguage\":\"es\",\"@id\":\"https:\/\/www.montalegre.org\/es\/#\/schema\/person\/image\/\",\"url\":\"https:\/\/secure.gravatar.com\/avatar\/fe6d886cf5081e723c666dceda1f12d4f39070fa2ed4e79695edc3ca355c9b5a?s=96&d=mm&r=g\",\"contentUrl\":\"https:\/\/secure.gravatar.com\/avatar\/fe6d886cf5081e723c666dceda1f12d4f39070fa2ed4e79695edc3ca355c9b5a?s=96&d=mm&r=g\",\"caption\":\"montalegre\"},\"url\":\"https:\/\/www.montalegre.org\/es\/author\/montalegre\/\"}]}<\/script>\n<!-- \/ Yoast SEO plugin. -->","yoast_head_json":{"title":"Noviembre: El Papa en Barcelona - Montalegre","robots":{"index":"index","follow":"follow","max-snippet":"max-snippet:-1","max-image-preview":"max-image-preview:large","max-video-preview":"max-video-preview:-1"},"canonical":"https:\/\/www.montalegre.org\/es\/2010\/11\/noviembre-el-papa-en-barcelona\/","og_locale":"es_ES","og_type":"article","og_title":"Noviembre: El Papa en Barcelona - Montalegre","og_description":"Noviembre: El Papa en Barcelona El mes de noviembre del a\u00f1o 2010 quedar\u00e1, sin duda, se\u00f1alado como un momento importante para la historia de la ciudad y de Catalu\u00f1a debido a la visita que los d\u00edas 6 y 7 nos har\u00e1 el Papa Benedicto XVI. La Sagrada Familia, la obra mas emblem\u00e1tica del genial arquitecto [&hellip;]","og_url":"https:\/\/www.montalegre.org\/es\/2010\/11\/noviembre-el-papa-en-barcelona\/","og_site_name":"Montalegre","article_published_time":"2010-11-01T11:33:11+00:00","article_modified_time":"2010-11-30T10:52:26+00:00","og_image":[{"url":"http:\/\/www.montalegre.org\/wp-content\/uploads\/2010\/11\/fa\u00e7ana-de-la-gl\u00f2ria-225x300.jpg","type":"","width":"","height":""}],"author":"montalegre","twitter_card":"summary_large_image","twitter_misc":{"Escrito por":"montalegre","Tiempo de lectura":"2 minutos"},"schema":{"@context":"https:\/\/schema.org","@graph":[{"@type":"Article","@id":"https:\/\/www.montalegre.org\/es\/2010\/11\/noviembre-el-papa-en-barcelona\/#article","isPartOf":{"@id":"https:\/\/www.montalegre.org\/es\/2010\/11\/noviembre-el-papa-en-barcelona\/"},"author":{"name":"montalegre","@id":"https:\/\/www.montalegre.org\/es\/#\/schema\/person\/fa12d4cf3a3f1735a9176b4fafd6a633"},"headline":"Noviembre: El Papa en Barcelona","datePublished":"2010-11-01T11:33:11+00:00","dateModified":"2010-11-30T10:52:26+00:00","mainEntityOfPage":{"@id":"https:\/\/www.montalegre.org\/es\/2010\/11\/noviembre-el-papa-en-barcelona\/"},"wordCount":362,"commentCount":0,"articleSection":["Editorial"],"inLanguage":"es","potentialAction":[{"@type":"CommentAction","name":"Comment","target":["https:\/\/www.montalegre.org\/es\/2010\/11\/noviembre-el-papa-en-barcelona\/#respond"]}]},{"@type":"WebPage","@id":"https:\/\/www.montalegre.org\/es\/2010\/11\/noviembre-el-papa-en-barcelona\/","url":"https:\/\/www.montalegre.org\/es\/2010\/11\/noviembre-el-papa-en-barcelona\/","name":"Noviembre: El Papa en Barcelona - Montalegre","isPartOf":{"@id":"https:\/\/www.montalegre.org\/es\/#website"},"datePublished":"2010-11-01T11:33:11+00:00","dateModified":"2010-11-30T10:52:26+00:00","author":{"@id":"https:\/\/www.montalegre.org\/es\/#\/schema\/person\/fa12d4cf3a3f1735a9176b4fafd6a633"},"breadcrumb":{"@id":"https:\/\/www.montalegre.org\/es\/2010\/11\/noviembre-el-papa-en-barcelona\/#breadcrumb"},"inLanguage":"es","potentialAction":[{"@type":"ReadAction","target":["https:\/\/www.montalegre.org\/es\/2010\/11\/noviembre-el-papa-en-barcelona\/"]}]},{"@type":"BreadcrumbList","@id":"https:\/\/www.montalegre.org\/es\/2010\/11\/noviembre-el-papa-en-barcelona\/#breadcrumb","itemListElement":[{"@type":"ListItem","position":1,"name":"Portada","item":"https:\/\/www.montalegre.org\/es\/"},{"@type":"ListItem","position":2,"name":"Noviembre: El Papa en Barcelona"}]},{"@type":"WebSite","@id":"https:\/\/www.montalegre.org\/es\/#website","url":"https:\/\/www.montalegre.org\/es\/","name":"Montalegre","description":"","potentialAction":[{"@type":"SearchAction","target":{"@type":"EntryPoint","urlTemplate":"https:\/\/www.montalegre.org\/es\/?s={search_term_string}"},"query-input":{"@type":"PropertyValueSpecification","valueRequired":true,"valueName":"search_term_string"}}],"inLanguage":"es"},{"@type":"Person","@id":"https:\/\/www.montalegre.org\/es\/#\/schema\/person\/fa12d4cf3a3f1735a9176b4fafd6a633","name":"montalegre","image":{"@type":"ImageObject","inLanguage":"es","@id":"https:\/\/www.montalegre.org\/es\/#\/schema\/person\/image\/","url":"https:\/\/secure.gravatar.com\/avatar\/fe6d886cf5081e723c666dceda1f12d4f39070fa2ed4e79695edc3ca355c9b5a?s=96&d=mm&r=g","contentUrl":"https:\/\/secure.gravatar.com\/avatar\/fe6d886cf5081e723c666dceda1f12d4f39070fa2ed4e79695edc3ca355c9b5a?s=96&d=mm&r=g","caption":"montalegre"},"url":"https:\/\/www.montalegre.org\/es\/author\/montalegre\/"}]}},"_links":{"self":[{"href":"https:\/\/www.montalegre.org\/es\/wp-json\/wp\/v2\/posts\/2306","targetHints":{"allow":["GET"]}}],"collection":[{"href":"https:\/\/www.montalegre.org\/es\/wp-json\/wp\/v2\/posts"}],"about":[{"href":"https:\/\/www.montalegre.org\/es\/wp-json\/wp\/v2\/types\/post"}],"author":[{"embeddable":true,"href":"https:\/\/www.montalegre.org\/es\/wp-json\/wp\/v2\/users\/4"}],"replies":[{"embeddable":true,"href":"https:\/\/www.montalegre.org\/es\/wp-json\/wp\/v2\/comments?post=2306"}],"version-history":[{"count":6,"href":"https:\/\/www.montalegre.org\/es\/wp-json\/wp\/v2\/posts\/2306\/revisions"}],"predecessor-version":[{"id":2569,"href":"https:\/\/www.montalegre.org\/es\/wp-json\/wp\/v2\/posts\/2306\/revisions\/2569"}],"wp:attachment":[{"href":"https:\/\/www.montalegre.org\/es\/wp-json\/wp\/v2\/media?parent=2306"}],"wp:term":[{"taxonomy":"category","embeddable":true,"href":"https:\/\/www.montalegre.org\/es\/wp-json\/wp\/v2\/categories?post=2306"},{"taxonomy":"post_tag","embeddable":true,"href":"https:\/\/www.montalegre.org\/es\/wp-json\/wp\/v2\/tags?post=2306"}],"curies":[{"name":"wp","href":"https:\/\/api.w.org\/{rel}","templated":true}]}}