{"id":2274,"date":"2010-10-25T09:15:32","date_gmt":"2010-10-25T09:15:32","guid":{"rendered":"http:\/\/www.montalegre.org\/?p=2274"},"modified":"2010-10-25T09:18:12","modified_gmt":"2010-10-25T09:18:12","slug":"2274","status":"publish","type":"post","link":"https:\/\/www.montalegre.org\/es\/2010\/10\/2274\/","title":{"rendered":"Lo mejor del viaje del Papa al Reino Unido"},"content":{"rendered":"<p>Ofrecemos el n\u00facleo central de cada uno de los discursos de Benedicto XVI en su hist\u00f3rico viaje al Reino Unido, durante los d\u00edas 16 al 19<img loading=\"lazy\" decoding=\"async\" class=\"alignright\" src=\"http:\/\/www.temesdavui.org\/img\/contenido\/articulos_online\/actualidad\/Varios\/B16-uk7.jpg\" alt=\"\" width=\"286\" height=\"316\" \/> de septiembre de 2010, y enlaces a los textos completos.<\/p>\n<p>(En formato pdb para iSilo ofrecemos un archivo recopilatorio de todo el material: Ir al enlace &#8211; <a href=\"http:\/\/www.4shared.com\/file\/CRrWMCRd\/BXVI__Inglaterra_IX_2010_.html\">Temes d\u00b4avui<\/a>.)<\/p>\n<p><strong>Encuentro con los periodistas en el avi\u00f3n<\/strong><\/p>\n<div>Una Iglesia que busca sobre todo ser atractiva, estar\u00eda ya en un camino equivocado. Porque la Iglesia no trabaja para s\u00ed, para aumentar los propios n\u00fameros, el propio poder. La Iglesia est\u00e1 al servicio de Otro, sirve no para s\u00ed misma, para ser un cuerpo fuerte, sino para hacer accesible el anuncio de Jesucristo, las grandes verdades, las grandes fuerzas de amor y de reconciliaci\u00f3n que han aparecido en esta figura y que vienen siempre de la presencia de Jesucristo. (&#8230;) En este sentido, me parece tambi\u00e9n que anglicanos y cat\u00f3licos tienen el mismo deber, la misma direcci\u00f3n que tomar. Si anglicanos y cat\u00f3licos ven que no sirven para s\u00ed mismos, sino que son instrumentos para Cristo, &#8220;amigo del Esposo&#8221; como dice san Juan, si ambos siguen la prioridad de Cristo y no de s\u00ed mismos, entonces van juntos. Porque entonces la prioridad de Cristo los une y no son ya competidores, cada uno buscando el mayor n\u00famero, sino que est\u00e1n juntos en el compromiso por la verdad de Cristo que entra en este mundo, y de este modo se encuentran tambi\u00e9n rec\u00edprocamente en un verdadero y fecundo ecumenismo.<\/div>\n<div>Texto completo: <a href=\"http:\/\/www.temesdavui.org\/es\/documentos\/entrevista_a_benedicto_xvi_en_el_vuelo_al_reino_unido\">Temes d\u00b4avui<\/a><\/div>\n<div>\u00a0<\/div>\n<div><strong>Audiencia con la Reina del Reino Unido<\/strong><\/div>\n<div>Podemos recordar c\u00f3mo Gran Breta\u00f1a y sus dirigentes se enfrentaron a la tiran\u00eda nazi que deseaba erradicar a Dios de la sociedad y negaba nuestra com\u00fan humanidad a muchos, especialmente a los jud\u00edos, a quienes no consideraban dignos de vivir. Recuerdo tambi\u00e9n la actitud del r\u00e9gimen hacia los pastores cristianos o los religiosos que proclamaron la verdad en el amor, se opusieron a los nazis y pagaron con sus vidas esta oposici\u00f3n. Al reflexionar sobre las ense\u00f1anzas aleccionadoras del extremismo ateo del siglo XX, jam\u00e1s olvidemos c\u00f3mo la exclusi\u00f3n de Dios, la religi\u00f3n y la virtud de la vida p\u00fablica conduce finalmente a una visi\u00f3n sesgada del hombre y de la sociedad y por lo tanto a una visi\u00f3n &#8220;restringida de la persona y su destino&#8221; (Caritas in veritate, 29).<\/div>\n<div>Texto completo: <a href=\"http:\/\/www.vatican.va\/holy_father\/benedict_xvi\/speeches\/2010\/september\/documents\/hf_ben-xvi_spe_20100916_incontro-autorita_sp.html\">vatican.va <\/a><\/div>\n<div>\u00a0<\/div>\n<div><strong>Santa Misa en Bellahouston Park<\/strong><\/div>\n<div>La evangelizaci\u00f3n de la cultura es de especial importancia en nuestro tiempo, cuando la &#8220;dictadura del relativismo&#8221; amenaza con oscurecer la verdad inmutable sobre la naturaleza del hombre, sobre su destino y su bien \u00faltimo. Hoy en d\u00eda, algunos buscan excluir de la esfera p\u00fablica las creencias religiosas, relegarlas a lo privado, objetando que son una amenaza para la igualdad y la libertad. Sin embargo, la religi\u00f3n es en realidad garant\u00eda de aut\u00e9ntica libertad y respeto, que nos mueve a ver a cada persona como un hermano o hermana. Por este motivo, os invito particularmente a vosotros, fieles laicos, en virtud de vuestra vocaci\u00f3n y misi\u00f3n bautismal, a ser no s\u00f3lo ejemplo de fe en p\u00fablico, sino tambi\u00e9n a plantear en el foro p\u00fablico los argumentos promovidos por la sabidur\u00eda y la visi\u00f3n de la fe. La sociedad actual necesita voces claras que propongan nuestro derecho a vivir, no en una selva de libertades autodestructivas y arbitrarias, sino en una sociedad que trabaje por el verdadero bienestar de sus ciudadanos y les ofrezca gu\u00eda y protecci\u00f3n en su debilidad y fragilidad. No teng\u00e1is miedo de ofrecer este servicio a vuestros hermanos y hermanas, y al futuro de vuestra amada naci\u00f3n.<\/div>\n<div>Hay muchas tentaciones que deb\u00e9is afrontar cada d\u00eda \u2014droga, dinero, sexo, pornograf\u00eda, alcohol\u2014 y que el mundo os dice que os dar\u00e1n felicidad, cuando, en verdad, estas cosas son destructivas y crean divisi\u00f3n. S\u00f3lo una cosa permanece: el amor personal de Jes\u00fas por cada uno de vosotros. Buscadlo, conocedlo y amadlo, y \u00e9l os liberar\u00e1 de la esclavitud de la existencia deslumbrante, pero superficial, que propone frecuentemente la sociedad actual.<\/div>\n<div>Texto completo: <a href=\"http:\/\/www.vatican.va\/holy_father\/benedict_xvi\/homilies\/2010\/documents\/hf_ben-xvi_hom_20100916_glasgow_sp.html\">vatican.va<\/a><\/div>\n<div>\u00a0<\/div>\n<div><strong>Encuentro con j\u00f3venes en un colegio universitario<\/strong><\/div>\n<div>Espero que, entre quienes me escuch\u00e1is hoy, est\u00e9 alguno de los futuros santos del siglo XXI. Lo que Dios desea m\u00e1s de cada uno de vosotros es que se\u00e1is santos. \u00c9l os ama mucho m\u00e1s de lo que jam\u00e1s podr\u00edais imaginar y quiere lo mejor para vosotros. Y, sin duda, lo mejor para vosotros es que crezc\u00e1is en santidad.<\/div>\n<div>Quiz\u00e1s alguno de vosotros nunca antes pens\u00f3 esto. Quiz\u00e1s, alguno opina que la santidad no es para \u00e9l. Dejad que me explique. Cuando somos j\u00f3venes, solemos pensar en personas a las que respetamos, admiramos y como las que nos gustar\u00eda ser. Puede que sea alguien que encontramos en nuestra vida diaria y a quien tenemos una gran estima. O puede que sea alguien famoso. Vivimos en una cultura de la fama, y a menudo se alienta a los j\u00f3venes a modelarse seg\u00fan las figuras del mundo del deporte o del entretenimiento. Os pregunto: \u00bfCu\u00e1les son las cualidades que veis en otros y que m\u00e1s os gustar\u00edan para vosotros? \u00bfQu\u00e9 tipo de persona os gustar\u00eda ser de verdad?<\/div>\n<div>Cuando os invito a ser santos, os pido que no os conform\u00e9is con ser de segunda fila. Os pido que no persig\u00e1is una meta limitada y que ignor\u00e9is las dem\u00e1s. Tener dinero posibilita ser generoso y hacer el bien en el mundo, pero, por s\u00ed mismo, no es suficiente para haceros felices. Estar altamente cualificado en determinada actividad o profesi\u00f3n es bueno, pero esto no os llenar\u00e1 de satisfacci\u00f3n a menos que aspiremos a algo m\u00e1s grande a\u00fan. Llegar a la fama, no nos hace felices. La felicidad es algo que todos quieren, pero una de las mayores tragedias de este mundo es que much\u00edsima gente jam\u00e1s la encuentra, porque la busca en los lugares equivocados. La clave para esto es muy sencilla: la verdadera felicidad se encuentra en Dios. Necesitamos tener el valor de poner nuestras esperanzas m\u00e1s profundas solamente en Dios, no en el dinero, la carrera, el \u00e9xito mundano o en nuestras relaciones personales, sino en Dios. S\u00f3lo \u00e9l puede satisfacer las necesidades m\u00e1s profundas de nuestro coraz\u00f3n.<\/div>\n<div>Texto completo: <a href=\"http:\/\/www.vatican.va\/holy_father\/benedict_xvi\/speeches\/2010\/september\/documents\/hf_ben-xvi_spe_20100917_mondo-educ_sp.html\">vatican.va<\/a><\/div>\n<div>\u00a0<\/div>\n<div><strong>Encuentro interreligioso<\/strong><\/div>\n<div>En el plano espiritual, todos nosotros, por caminos diferentes, estamos personalmente comprometidos en un recorrido que da una respuesta al interrogante m\u00e1s importante: el relativo al sentido \u00faltimo de nuestra existencia humana. El anhelo por lo sagrado es la b\u00fasqueda de la cosa necesaria y la \u00fanica que puede satisfacer las aspiraciones del coraz\u00f3n humano. En el siglo quinto, San Agust\u00edn describi\u00f3 esta b\u00fasqueda con las siguientes palabras: \u00abNos hiciste Se\u00f1or para ti, y nuestro coraz\u00f3n est\u00e1 inquieto hasta que descanse en ti\u00bb (Confesiones, libro I, 1). Cuando nos embarcamos en esta aventura, nos damos cuenta cada vez m\u00e1s de que la iniciativa no depende de nosotros, sino del Se\u00f1or: no se trata tanto de que le buscamos a \u00c9l, sino que es \u00c9l quien nos busca a nosotros; m\u00e1s a\u00fan es quien ha puesto en nuestros corazones ese anhelo de \u00c9l.<\/div>\n<div>Texto completo: <a href=\"http:\/\/www.vatican.va\/holy_father\/benedict_xvi\/speeches\/2010\/september\/documents\/hf_ben-xvi_spe_20100917_altre-religioni_sp.html\">vatican.va<\/a><\/div>\n<div>\u00a0<\/div>\n<div><strong>Visita fraterna al arzobispo Anglicano<\/strong><\/div>\n<div>En la figura de John Henry Newman, que ser\u00e1 beatificado el domingo, celebramos a un pastor, cuya visi\u00f3n eclesial creci\u00f3 con su formaci\u00f3n anglicana y madur\u00f3 durante sus muchos a\u00f1os como ministro ordenado en la Iglesia de Inglaterra. \u00c9l nos ense\u00f1a las virtudes que exige el ecumenismo: por un lado, segu\u00eda su conciencia, aun con gran sacrificio personal; y por otro, el calor de su constante amistad con sus antiguos compa\u00f1eros le condujo a investigar con ellos, con un esp\u00edritu verdaderamente conciliador, las cuestiones sobre las que difer\u00edan, impulsado por un profundo anhelo de unidad en la fe.<\/div>\n<div>Texto completo: <a href=\"http:\/\/www.vatican.va\/holy_father\/benedict_xvi\/speeches\/2010\/september\/documents\/hf_ben-xvi_spe_20100917_arciv-canterbury_sp.html\">vatican.va<\/a><\/div>\n<div>\u00a0<\/div>\n<div><strong><img loading=\"lazy\" decoding=\"async\" src=\"http:\/\/www.temesdavui.org\/img\/contenido\/articulos_online\/actualidad\/Varios\/B16-uk8.jpg\" alt=\"\" width=\"429\" height=\"331\" \/>Encuentro con sociedad civil y mundos acad\u00e9mico y cultural<\/strong><\/div>\n<div>\u00bfD\u00f3nde se encuentra la fundamentaci\u00f3n \u00e9tica de las deliberaciones pol\u00edticas? La tradici\u00f3n cat\u00f3lica mantiene que las normas objetivas para una acci\u00f3n justa de gobierno son accesibles a la raz\u00f3n, prescindiendo del contenido de la revelaci\u00f3n. En este sentido, el papel de la religi\u00f3n en el debate pol\u00edtico no es tanto proporcionar dichas normas, como si no pudieran conocerlas los no creyentes. Menos a\u00fan proponer soluciones pol\u00edticas concretas, algo que est\u00e1 totalmente fuera de la competencia de la religi\u00f3n. Su papel consiste m\u00e1s bien en ayudar a purificar e iluminar la aplicaci\u00f3n de la raz\u00f3n al descubrimiento de principios morales objetivos. Este papel &#8220;corrector&#8221; de la religi\u00f3n respecto a la raz\u00f3n no siempre ha sido bienvenido, en parte debido a expresiones deformadas de la religi\u00f3n, tales como el sectarismo y el fundamentalismo, que pueden ser percibidas como generadoras de serios problemas sociales.<\/div>\n<div>En otras palabras, la religi\u00f3n no es un problema que los legisladores deban solucionar, sino una contribuci\u00f3n vital al debate nacional. Desde este punto de vista, no puedo menos que manifestar mi preocupaci\u00f3n por la creciente marginaci\u00f3n de la religi\u00f3n, especialmente del cristianismo, en algunas partes, incluso en naciones que otorgan un gran \u00e9nfasis a la tolerancia. Hay algunos que desean que la voz de la religi\u00f3n se silencie, o al menos que se relegue a la esfera meramente privada. Hay quienes esgrimen que la celebraci\u00f3n p\u00fablica de fiestas como la Navidad deber\u00edan suprimirse seg\u00fan la discutible convicci\u00f3n de que \u00e9sta ofende a los miembros de otras religiones o de ninguna. Y hay otros que sostienen \u2014parad\u00f3jicamente con la intenci\u00f3n de suprimir la discriminaci\u00f3n\u2014 que a los cristianos que desempe\u00f1an un papel p\u00fablico se les deber\u00eda pedir a veces que actuaran contra su conciencia. \u00c9stos son signos preocupantes de un fracaso en el aprecio no s\u00f3lo de los derechos de los creyentes a la libertad de conciencia y a la libertad religiosa, sino tambi\u00e9n del leg\u00edtimo papel de la religi\u00f3n en la vida p\u00fablica. Quisiera invitar a todos ustedes, por tanto, en sus respectivos campos de influencia, a buscar medios de promoci\u00f3n y fomento del di\u00e1logo entre fe y raz\u00f3n en todos los \u00e1mbitos de la vida nacional.<\/div>\n<div>Donde hay vidas humanas de por medio, el tiempo es siempre limitado: el mundo ha sido tambi\u00e9n testigo de los ingentes recursos que los gobiernos pueden emplear en el rescate de instituciones financieras consideradas \u201cdemasiado grandes para que fracasen\u201d. Desde luego, el desarrollo humano integral de los pueblos del mundo no es menos importante. He aqu\u00ed una empresa digna de la atenci\u00f3n mundial, que es en verdad \u201cdemasiado grande para que fracase\u201d.<\/div>\n<div>Texto completo: <a href=\"http:\/\/www.vatican.va\/holy_father\/benedict_xvi\/speeches\/2010\/september\/documents\/hf_ben-xvi_spe_20100917_societa-civile_sp.html\">vatican.va<\/a><\/div>\n<div>\u00a0<\/div>\n<div><strong>Celebraci\u00f3n ecum\u00e9nica en la abadia de Westminster<\/strong><\/div>\n<div>En una sociedad cada vez m\u00e1s indiferente o incluso hostil al mensaje cristiano, todos estamos obligados a dar una explicaci\u00f3n convincente de la alegr\u00eda y la esperanza que hay en nosotros (cf. 1 P 3,15), y a presentar al Se\u00f1or Resucitado como respuesta a los interrogantes m\u00e1s profundos y las aspiraciones espirituales de los hombres y las mujeres de nuestro tiempo.<\/div>\n<div>Texto completo: <a href=\"http:\/\/www.vatican.va\/holy_father\/benedict_xvi\/speeches\/2010\/september\/documents\/hf_ben-xvi_spe_20100917_celebrazione-ecumenica_sp.html\">vatican.va<\/a><\/div>\n<div>\u00a0<\/div>\n<div><strong>Misa en la catedral en Westminster<\/strong><\/div>\n<div>Cu\u00e1nto necesitamos, en la Iglesia y en la sociedad, testigos de la belleza de la santidad, testigos del esplendor de la verdad, testigos de la alegr\u00eda y libertad que nace de una relaci\u00f3n viva con Cristo. Uno de los mayores desaf\u00edos a los que nos enfrentamos hoy es c\u00f3mo hablar de manera convincente de la sabidur\u00eda y del poder liberador de la Palabra de Dios a un mundo que, con demasiada frecuencia, considera el Evangelio como una constricci\u00f3n de la libertad humana, en lugar de la verdad que libera nuestra mente e ilumina nuestros esfuerzos para vivir correcta y sabiamente, como individuos y como miembros de la sociedad.<\/div>\n<div>Oremos, pues, para que los cat\u00f3licos de esta tierra sean cada vez m\u00e1s conscientes de su dignidad como pueblo sacerdotal, llamados a consagrar el mundo a Dios a trav\u00e9s de la vida de fe y de santidad. Y que este aumento de celo apost\u00f3lico se vea acompa\u00f1ado de una oraci\u00f3n m\u00e1s intensa por las vocaciones al orden sacerdotal, porque cuanto m\u00e1s crece el apostolado seglar, con mayor urgencia se percibe la necesidad de sacerdotes; y cuanto m\u00e1s profundizan los laicos en la propia vocaci\u00f3n, m\u00e1s se subraya lo que es propio del sacerdote.<\/div>\n<div>Texto completo: <a href=\"http:\/\/www.vatican.va\/holy_father\/benedict_xvi\/homilies\/2010\/documents\/hf_ben-xvi_hom_20100918_westminster_sp.html\">vatican.va<\/a><\/div>\n<div>\u00a0<\/div>\n<div><strong>Visita a una casa de ancianos<\/strong><\/div>\n<div>Estoy entre vosotros no s\u00f3lo como un padre, sino tambi\u00e9n como un hermano que conoce bien las alegr\u00edas y fatigas que llegan con la edad. Nuestros largos a\u00f1os de vida nos ofrecen la oportunidad de apreciar, tanto la belleza del mayor don que Dios nos ha dado, el don de la vida, como la fragilidad del esp\u00edritu humano. A quienes tenemos muchos a\u00f1os se nos ha dado la maravillosa oportunidad de profundizar en nuestro conocimiento del misterio de Cristo, que se humill\u00f3 para compartir nuestra humanidad.<\/div>\n<div>Texto completo: <a href=\"http:\/\/www.vatican.va\/holy_father\/benedict_xvi\/speeches\/2010\/september\/documents\/hf_ben-xvi_spe_20100918_st-peter-residence_sp.html\">vatican.va<\/a><\/div>\n<div>\u00a0<\/div>\n<div><strong>Vigilia de oraci\u00f3n previa a la beatificaci\u00f3n de Newman<\/strong><\/div>\n<div>La vida de Newman nos ense\u00f1a tambi\u00e9n que la pasi\u00f3n por la verdad, la honestidad intelectual y la aut\u00e9ntica conversi\u00f3n son costosas. No podemos guardar para nosotros mismos la verdad que nos hace libres; hay que dar testimonio de ella, que pide ser escuchada, y al final su poder de convicci\u00f3n proviene de s\u00ed misma y no de la elocuencia humana o de los argumentos que la expongan. No lejos de aqu\u00ed, en Tyburn, un gran n\u00famero de hermanos y hermanas nuestros murieron por la fe. Su testimonio de fidelidad hasta el final fue m\u00e1s poderoso que las palabras inspiradas que muchos de ellos pronunciaron antes de entregar todo al Se\u00f1or. En nuestro tiempo, el precio que hay que pagar por la fidelidad al Evangelio ya no es ser ahorcado, descoyuntado y descuartizado, pero a menudo implica ser excluido, ridiculizado o parodiado. Y, sin embargo, la Iglesia no puede sustraerse a la misi\u00f3n de anunciar a Cristo y su Evangelio como verdad salvadora, fuente de nuestra felicidad definitiva como individuos y fundamento de una sociedad justa y humana.<\/div>\n<div>Texto completo: <a href=\"http:\/\/www.vatican.va\/holy_father\/benedict_xvi\/speeches\/2010\/september\/documents\/hf_ben-xvi_spe_20100918_veglia-card-newman_sp.html\">vatican.va<\/a><\/div>\n<div>\u00a0<\/div>\n<div><strong><img loading=\"lazy\" decoding=\"async\" class=\"alignleft\" src=\"http:\/\/www.temesdavui.org\/img\/contenido\/articulos_online\/actualidad\/Varios\/B16-Newman7.jpg\" alt=\"\" width=\"293\" height=\"207\" \/>Beatificaci\u00f3n del cardenal Newman<\/strong><\/div>\n<div>El lema del Cardenal Newman, <em>cor ad cor loquitur<\/em>, &#8220;el coraz\u00f3n habla al coraz\u00f3n&#8221;, nos da la perspectiva de su comprensi\u00f3n de la vida cristiana como una llamada a la santidad, experimentada como el deseo profundo del coraz\u00f3n humano de entrar en comuni\u00f3n \u00edntima con el Coraz\u00f3n de Dios. Nos recuerda que la fidelidad a la oraci\u00f3n nos va transformando gradualmente a semejanza de Dios. Como escribi\u00f3 en uno de sus muchos hermosos sermones, \u00abel h\u00e1bito de oraci\u00f3n, la pr\u00e1ctica de buscar a Dios y el mundo invisible en cada momento, en cada lugar, en cada emergencia os digo que la oraci\u00f3n tiene lo que se puede llamar un efecto natural en el alma, espiritualiz\u00e1ndola y elev\u00e1ndola. Un hombre ya no es lo que era antes; gradualmente&#8230; se ve imbuido de una serie de ideas nuevas, y se ve impregnado de principios diferentes\u00bb (Sermones Parroquiales y Comunes, IV, 230-231).<\/div>\n<div>Texto completo: <a href=\"http:\/\/www.vatican.va\/holy_father\/benedict_xvi\/homilies\/2010\/documents\/hf_ben-xvi_hom_20100919_beatif-newman_sp.html\">vatican.va<\/a><\/div>\n<div>\u00a0<\/div>\n<div><strong>Encuentro con los obispos<\/strong><\/div>\n<div>Vuestra creciente toma de conciencia del alcance del abuso de menores en la sociedad, sus efectos devastadores, y la necesidad de proporcionar un correcto apoyo a las v\u00edctimas deber\u00eda servir de incentivo para compartir las lecciones que hab\u00e9is aprendido con la comunidad en general. En efecto, \u00bfqu\u00e9 mejor manera podr\u00eda haber de reparar estos pecados que acercarse, con un esp\u00edritu humilde de compasi\u00f3n, a los ni\u00f1os que siguen sufriendo abusos en otros lugares? Nuestro deber de cuidar a los j\u00f3venes no exige menos. Al reflexionar sobre la fragilidad humana que estos tr\u00e1gicos sucesos tan crudamente han puesto de manifiesto, hemos de recordar que, si queremos ser Pastores cristianos eficaces, debemos llevar una vida con la mayor integridad, humildad y santidad.<\/div>\n<div>Texto completo: <a href=\"http:\/\/www.vatican.va\/holy_father\/benedict_xvi\/speeches\/2010\/september\/documents\/hf_ben-xvi_spe_20100919_vescovi-inghilterra_sp.html\">vatican.va<\/a><\/div>\n<div>\u00a0<\/div>\n<div><strong>Ceremonia de despedida<\/strong><\/div>\n<div>Naturalmente, mi visita ha estado dirigida de un modo especial a los cat\u00f3licos del Reino Unido. Aprecio much\u00edsimo el tiempo que he pasado con los Obispos, sacerdotes, religiosos y laicos, y con los profesores, alumnos y personas mayores. Ha sido especialmente conmovedor celebrar con ellos, aqu\u00ed en Birmingham, la beatificaci\u00f3n de un gran hijo de Inglaterra, el Cardenal John Henry Newman. Estoy convencido de que, con su vasto legado de escritos acad\u00e9micos y espirituales, tiene todav\u00eda mucho que ense\u00f1arnos sobre la vida y el testimonio cristiano en medio de los desaf\u00edos del mundo actual, desaf\u00edos que \u00e9l previ\u00f3 con sorprendente claridad.<\/div>\n<div>Texto completo: <a href=\"http:\/\/www.vatican.va\/holy_father\/benedict_xvi\/speeches\/2010\/september\/documents\/hf_ben-xvi_spe_20100919_farewell_s\">vatican.va<\/a><\/div>\n","protected":false},"excerpt":{"rendered":"<p>Ofrecemos el n\u00facleo central de cada uno de los discursos de Benedicto XVI en su hist\u00f3rico viaje al Reino Unido, durante los d\u00edas 16 al 19 de septiembre de 2010, y enlaces a los textos completos. (En formato pdb para iSilo ofrecemos un archivo recopilatorio de todo el material: Ir al enlace &#8211; Temes d\u00b4avui.) [&hellip;]<\/p>\n","protected":false},"author":4,"featured_media":0,"comment_status":"open","ping_status":"open","sticky":false,"template":"","format":"standard","meta":{"footnotes":""},"categories":[31],"tags":[],"class_list":["post-2274","post","type-post","status-publish","format-standard","hentry","category-actualidad"],"yoast_head":"<!-- This site is optimized with the Yoast SEO plugin v27.1.1 - https:\/\/yoast.com\/product\/yoast-seo-wordpress\/ -->\n<title>Lo mejor del viaje del Papa al Reino Unido - Montalegre<\/title>\n<meta name=\"robots\" content=\"index, follow, max-snippet:-1, max-image-preview:large, max-video-preview:-1\" \/>\n<link rel=\"canonical\" href=\"https:\/\/www.montalegre.org\/es\/2010\/10\/2274\/\" \/>\n<meta property=\"og:locale\" content=\"es_ES\" \/>\n<meta property=\"og:type\" content=\"article\" \/>\n<meta property=\"og:title\" content=\"Lo mejor del viaje del Papa al Reino Unido - Montalegre\" \/>\n<meta property=\"og:description\" content=\"Ofrecemos el n\u00facleo central de cada uno de los discursos de Benedicto XVI en su hist\u00f3rico viaje al Reino Unido, durante los d\u00edas 16 al 19 de septiembre de 2010, y enlaces a los textos completos. (En formato pdb para iSilo ofrecemos un archivo recopilatorio de todo el material: Ir al enlace &#8211; Temes d\u00b4avui.) [&hellip;]\" \/>\n<meta property=\"og:url\" content=\"https:\/\/www.montalegre.org\/es\/2010\/10\/2274\/\" \/>\n<meta property=\"og:site_name\" content=\"Montalegre\" \/>\n<meta property=\"article:published_time\" content=\"2010-10-25T09:15:32+00:00\" \/>\n<meta property=\"article:modified_time\" content=\"2010-10-25T09:18:12+00:00\" \/>\n<meta property=\"og:image\" content=\"http:\/\/www.temesdavui.org\/img\/contenido\/articulos_online\/actualidad\/Varios\/B16-uk7.jpg\" \/>\n<meta name=\"author\" content=\"montalegre\" \/>\n<meta name=\"twitter:card\" content=\"summary_large_image\" \/>\n<meta name=\"twitter:label1\" content=\"Escrito por\" \/>\n\t<meta name=\"twitter:data1\" content=\"montalegre\" \/>\n\t<meta name=\"twitter:label2\" content=\"Tiempo de lectura\" \/>\n\t<meta name=\"twitter:data2\" content=\"15 minutos\" \/>\n<script type=\"application\/ld+json\" class=\"yoast-schema-graph\">{\"@context\":\"https:\/\/schema.org\",\"@graph\":[{\"@type\":\"Article\",\"@id\":\"https:\/\/www.montalegre.org\/es\/2010\/10\/2274\/#article\",\"isPartOf\":{\"@id\":\"https:\/\/www.montalegre.org\/es\/2010\/10\/2274\/\"},\"author\":{\"name\":\"montalegre\",\"@id\":\"https:\/\/www.montalegre.org\/es\/#\/schema\/person\/fa12d4cf3a3f1735a9176b4fafd6a633\"},\"headline\":\"Lo mejor del viaje del Papa al Reino Unido\",\"datePublished\":\"2010-10-25T09:15:32+00:00\",\"dateModified\":\"2010-10-25T09:18:12+00:00\",\"mainEntityOfPage\":{\"@id\":\"https:\/\/www.montalegre.org\/es\/2010\/10\/2274\/\"},\"wordCount\":2926,\"commentCount\":0,\"image\":{\"@id\":\"https:\/\/www.montalegre.org\/es\/2010\/10\/2274\/#primaryimage\"},\"thumbnailUrl\":\"http:\/\/www.temesdavui.org\/img\/contenido\/articulos_online\/actualidad\/Varios\/B16-uk7.jpg\",\"articleSection\":[\"Actualidad\"],\"inLanguage\":\"es\",\"potentialAction\":[{\"@type\":\"CommentAction\",\"name\":\"Comment\",\"target\":[\"https:\/\/www.montalegre.org\/es\/2010\/10\/2274\/#respond\"]}]},{\"@type\":\"WebPage\",\"@id\":\"https:\/\/www.montalegre.org\/es\/2010\/10\/2274\/\",\"url\":\"https:\/\/www.montalegre.org\/es\/2010\/10\/2274\/\",\"name\":\"Lo mejor del viaje del Papa al Reino Unido - Montalegre\",\"isPartOf\":{\"@id\":\"https:\/\/www.montalegre.org\/es\/#website\"},\"primaryImageOfPage\":{\"@id\":\"https:\/\/www.montalegre.org\/es\/2010\/10\/2274\/#primaryimage\"},\"image\":{\"@id\":\"https:\/\/www.montalegre.org\/es\/2010\/10\/2274\/#primaryimage\"},\"thumbnailUrl\":\"http:\/\/www.temesdavui.org\/img\/contenido\/articulos_online\/actualidad\/Varios\/B16-uk7.jpg\",\"datePublished\":\"2010-10-25T09:15:32+00:00\",\"dateModified\":\"2010-10-25T09:18:12+00:00\",\"author\":{\"@id\":\"https:\/\/www.montalegre.org\/es\/#\/schema\/person\/fa12d4cf3a3f1735a9176b4fafd6a633\"},\"breadcrumb\":{\"@id\":\"https:\/\/www.montalegre.org\/es\/2010\/10\/2274\/#breadcrumb\"},\"inLanguage\":\"es\",\"potentialAction\":[{\"@type\":\"ReadAction\",\"target\":[\"https:\/\/www.montalegre.org\/es\/2010\/10\/2274\/\"]}]},{\"@type\":\"ImageObject\",\"inLanguage\":\"es\",\"@id\":\"https:\/\/www.montalegre.org\/es\/2010\/10\/2274\/#primaryimage\",\"url\":\"http:\/\/www.temesdavui.org\/img\/contenido\/articulos_online\/actualidad\/Varios\/B16-uk7.jpg\",\"contentUrl\":\"http:\/\/www.temesdavui.org\/img\/contenido\/articulos_online\/actualidad\/Varios\/B16-uk7.jpg\"},{\"@type\":\"BreadcrumbList\",\"@id\":\"https:\/\/www.montalegre.org\/es\/2010\/10\/2274\/#breadcrumb\",\"itemListElement\":[{\"@type\":\"ListItem\",\"position\":1,\"name\":\"Portada\",\"item\":\"https:\/\/www.montalegre.org\/es\/\"},{\"@type\":\"ListItem\",\"position\":2,\"name\":\"Lo mejor del viaje del Papa al Reino Unido\"}]},{\"@type\":\"WebSite\",\"@id\":\"https:\/\/www.montalegre.org\/es\/#website\",\"url\":\"https:\/\/www.montalegre.org\/es\/\",\"name\":\"Montalegre\",\"description\":\"\",\"potentialAction\":[{\"@type\":\"SearchAction\",\"target\":{\"@type\":\"EntryPoint\",\"urlTemplate\":\"https:\/\/www.montalegre.org\/es\/?s={search_term_string}\"},\"query-input\":{\"@type\":\"PropertyValueSpecification\",\"valueRequired\":true,\"valueName\":\"search_term_string\"}}],\"inLanguage\":\"es\"},{\"@type\":\"Person\",\"@id\":\"https:\/\/www.montalegre.org\/es\/#\/schema\/person\/fa12d4cf3a3f1735a9176b4fafd6a633\",\"name\":\"montalegre\",\"image\":{\"@type\":\"ImageObject\",\"inLanguage\":\"es\",\"@id\":\"https:\/\/www.montalegre.org\/es\/#\/schema\/person\/image\/\",\"url\":\"https:\/\/secure.gravatar.com\/avatar\/fe6d886cf5081e723c666dceda1f12d4f39070fa2ed4e79695edc3ca355c9b5a?s=96&d=mm&r=g\",\"contentUrl\":\"https:\/\/secure.gravatar.com\/avatar\/fe6d886cf5081e723c666dceda1f12d4f39070fa2ed4e79695edc3ca355c9b5a?s=96&d=mm&r=g\",\"caption\":\"montalegre\"},\"url\":\"https:\/\/www.montalegre.org\/es\/author\/montalegre\/\"}]}<\/script>\n<!-- \/ Yoast SEO plugin. -->","yoast_head_json":{"title":"Lo mejor del viaje del Papa al Reino Unido - Montalegre","robots":{"index":"index","follow":"follow","max-snippet":"max-snippet:-1","max-image-preview":"max-image-preview:large","max-video-preview":"max-video-preview:-1"},"canonical":"https:\/\/www.montalegre.org\/es\/2010\/10\/2274\/","og_locale":"es_ES","og_type":"article","og_title":"Lo mejor del viaje del Papa al Reino Unido - Montalegre","og_description":"Ofrecemos el n\u00facleo central de cada uno de los discursos de Benedicto XVI en su hist\u00f3rico viaje al Reino Unido, durante los d\u00edas 16 al 19 de septiembre de 2010, y enlaces a los textos completos. (En formato pdb para iSilo ofrecemos un archivo recopilatorio de todo el material: Ir al enlace &#8211; Temes d\u00b4avui.) [&hellip;]","og_url":"https:\/\/www.montalegre.org\/es\/2010\/10\/2274\/","og_site_name":"Montalegre","article_published_time":"2010-10-25T09:15:32+00:00","article_modified_time":"2010-10-25T09:18:12+00:00","og_image":[{"url":"http:\/\/www.temesdavui.org\/img\/contenido\/articulos_online\/actualidad\/Varios\/B16-uk7.jpg","type":"","width":"","height":""}],"author":"montalegre","twitter_card":"summary_large_image","twitter_misc":{"Escrito por":"montalegre","Tiempo de lectura":"15 minutos"},"schema":{"@context":"https:\/\/schema.org","@graph":[{"@type":"Article","@id":"https:\/\/www.montalegre.org\/es\/2010\/10\/2274\/#article","isPartOf":{"@id":"https:\/\/www.montalegre.org\/es\/2010\/10\/2274\/"},"author":{"name":"montalegre","@id":"https:\/\/www.montalegre.org\/es\/#\/schema\/person\/fa12d4cf3a3f1735a9176b4fafd6a633"},"headline":"Lo mejor del viaje del Papa al Reino Unido","datePublished":"2010-10-25T09:15:32+00:00","dateModified":"2010-10-25T09:18:12+00:00","mainEntityOfPage":{"@id":"https:\/\/www.montalegre.org\/es\/2010\/10\/2274\/"},"wordCount":2926,"commentCount":0,"image":{"@id":"https:\/\/www.montalegre.org\/es\/2010\/10\/2274\/#primaryimage"},"thumbnailUrl":"http:\/\/www.temesdavui.org\/img\/contenido\/articulos_online\/actualidad\/Varios\/B16-uk7.jpg","articleSection":["Actualidad"],"inLanguage":"es","potentialAction":[{"@type":"CommentAction","name":"Comment","target":["https:\/\/www.montalegre.org\/es\/2010\/10\/2274\/#respond"]}]},{"@type":"WebPage","@id":"https:\/\/www.montalegre.org\/es\/2010\/10\/2274\/","url":"https:\/\/www.montalegre.org\/es\/2010\/10\/2274\/","name":"Lo mejor del viaje del Papa al Reino Unido - Montalegre","isPartOf":{"@id":"https:\/\/www.montalegre.org\/es\/#website"},"primaryImageOfPage":{"@id":"https:\/\/www.montalegre.org\/es\/2010\/10\/2274\/#primaryimage"},"image":{"@id":"https:\/\/www.montalegre.org\/es\/2010\/10\/2274\/#primaryimage"},"thumbnailUrl":"http:\/\/www.temesdavui.org\/img\/contenido\/articulos_online\/actualidad\/Varios\/B16-uk7.jpg","datePublished":"2010-10-25T09:15:32+00:00","dateModified":"2010-10-25T09:18:12+00:00","author":{"@id":"https:\/\/www.montalegre.org\/es\/#\/schema\/person\/fa12d4cf3a3f1735a9176b4fafd6a633"},"breadcrumb":{"@id":"https:\/\/www.montalegre.org\/es\/2010\/10\/2274\/#breadcrumb"},"inLanguage":"es","potentialAction":[{"@type":"ReadAction","target":["https:\/\/www.montalegre.org\/es\/2010\/10\/2274\/"]}]},{"@type":"ImageObject","inLanguage":"es","@id":"https:\/\/www.montalegre.org\/es\/2010\/10\/2274\/#primaryimage","url":"http:\/\/www.temesdavui.org\/img\/contenido\/articulos_online\/actualidad\/Varios\/B16-uk7.jpg","contentUrl":"http:\/\/www.temesdavui.org\/img\/contenido\/articulos_online\/actualidad\/Varios\/B16-uk7.jpg"},{"@type":"BreadcrumbList","@id":"https:\/\/www.montalegre.org\/es\/2010\/10\/2274\/#breadcrumb","itemListElement":[{"@type":"ListItem","position":1,"name":"Portada","item":"https:\/\/www.montalegre.org\/es\/"},{"@type":"ListItem","position":2,"name":"Lo mejor del viaje del Papa al Reino Unido"}]},{"@type":"WebSite","@id":"https:\/\/www.montalegre.org\/es\/#website","url":"https:\/\/www.montalegre.org\/es\/","name":"Montalegre","description":"","potentialAction":[{"@type":"SearchAction","target":{"@type":"EntryPoint","urlTemplate":"https:\/\/www.montalegre.org\/es\/?s={search_term_string}"},"query-input":{"@type":"PropertyValueSpecification","valueRequired":true,"valueName":"search_term_string"}}],"inLanguage":"es"},{"@type":"Person","@id":"https:\/\/www.montalegre.org\/es\/#\/schema\/person\/fa12d4cf3a3f1735a9176b4fafd6a633","name":"montalegre","image":{"@type":"ImageObject","inLanguage":"es","@id":"https:\/\/www.montalegre.org\/es\/#\/schema\/person\/image\/","url":"https:\/\/secure.gravatar.com\/avatar\/fe6d886cf5081e723c666dceda1f12d4f39070fa2ed4e79695edc3ca355c9b5a?s=96&d=mm&r=g","contentUrl":"https:\/\/secure.gravatar.com\/avatar\/fe6d886cf5081e723c666dceda1f12d4f39070fa2ed4e79695edc3ca355c9b5a?s=96&d=mm&r=g","caption":"montalegre"},"url":"https:\/\/www.montalegre.org\/es\/author\/montalegre\/"}]}},"_links":{"self":[{"href":"https:\/\/www.montalegre.org\/es\/wp-json\/wp\/v2\/posts\/2274","targetHints":{"allow":["GET"]}}],"collection":[{"href":"https:\/\/www.montalegre.org\/es\/wp-json\/wp\/v2\/posts"}],"about":[{"href":"https:\/\/www.montalegre.org\/es\/wp-json\/wp\/v2\/types\/post"}],"author":[{"embeddable":true,"href":"https:\/\/www.montalegre.org\/es\/wp-json\/wp\/v2\/users\/4"}],"replies":[{"embeddable":true,"href":"https:\/\/www.montalegre.org\/es\/wp-json\/wp\/v2\/comments?post=2274"}],"version-history":[{"count":4,"href":"https:\/\/www.montalegre.org\/es\/wp-json\/wp\/v2\/posts\/2274\/revisions"}],"predecessor-version":[{"id":2278,"href":"https:\/\/www.montalegre.org\/es\/wp-json\/wp\/v2\/posts\/2274\/revisions\/2278"}],"wp:attachment":[{"href":"https:\/\/www.montalegre.org\/es\/wp-json\/wp\/v2\/media?parent=2274"}],"wp:term":[{"taxonomy":"category","embeddable":true,"href":"https:\/\/www.montalegre.org\/es\/wp-json\/wp\/v2\/categories?post=2274"},{"taxonomy":"post_tag","embeddable":true,"href":"https:\/\/www.montalegre.org\/es\/wp-json\/wp\/v2\/tags?post=2274"}],"curies":[{"name":"wp","href":"https:\/\/api.w.org\/{rel}","templated":true}]}}