{"id":2181,"date":"2010-10-19T07:36:19","date_gmt":"2010-10-19T07:36:19","guid":{"rendered":"http:\/\/www.montalegre.org\/?p=2181"},"modified":"2010-10-19T10:22:37","modified_gmt":"2010-10-19T10:22:37","slug":"%c2%bfuna-visita-incomoda","status":"publish","type":"post","link":"https:\/\/www.montalegre.org\/es\/2010\/10\/%c2%bfuna-visita-incomoda\/","title":{"rendered":"\u00bfUna visita inc\u00f3moda?"},"content":{"rendered":"<p><strong>Benedicto XVI llega a Barcelona el 6 de noviembre<\/strong><\/p>\n<p><em>El Papa actual es uno de los referentes m\u00e1s s\u00f3lidos de este mundo globalizado<\/em><\/p>\n<p><a rel=\"attachment wp-att-2182\" href=\"http:\/\/www.montalegre.org\/es\/2010\/10\/%c2%bfuna-visita-incomoda\/el-periodico-b16\/\"><img loading=\"lazy\" decoding=\"async\" class=\"alignright size-full wp-image-2182\" title=\"el periodico b16\" src=\"http:\/\/www.montalegre.org\/wp-content\/uploads\/2010\/10\/el-periodico-b16.jpg\" alt=\"\" width=\"150\" height=\"300\" \/><\/a>Art\u00edculo publicado en ElPeriodico el 18-10-2010<\/p>\n<p>El 6 de noviembre llega a Barcelona Benedicto XVI y cada d\u00eda van apareciendo en los medios m\u00e1s noticias acerca de aspectos tan diversos como si ser\u00e1 recibido por Zapatero, cu\u00e1l ser\u00e1 el recorrido hasta la Sagrada Fam\u00edlia o cu\u00e1nto costar\u00e1 el evento. No faltan tampoco quienes, con excusa de uno u otro aspecto de la visita, manifiestan su indiferencia o aun su oposici\u00f3n desde una perspectiva laicista.<\/p>\n<p>Es l\u00f3gico que quienes tienen al Papa por gu\u00eda espiritual de su fe valoren con entusiasmo que venga por primera vez a Catalunya. L\u00f3gico es, tambi\u00e9n, que desde el respeto animen a acompa\u00f1ar al Pont\u00edfice en el recorrido en lugar de quedarse c\u00f3modamente en casa. Menos sentido tiene que bajo el argumento de no ser creyente se menosprecie a una persona como la que nos visita.<\/p>\n<p>Tengo la esperanza de que nuestra sociedad -donde conviven creyentes y no creyentes- responder\u00e1 a la visita del Papa mayoritariamente como corresponde a una ciudadan\u00eda madura, lejos de aquel manique\u00edsmo que, cuando surge (antip\u00e1tico e irracional) tanto emborrona nuestra historia. La raz\u00f3n es sencilla: el Papa no interesar\u00e1 solo a creyentes, sino a muchas otras personas. Mi previsi\u00f3n, pues, se basa sobretodo en la confianza hacia el personaje, cuya gran altura intelectual y moral queda muchas veces sepultada por el ruido medi\u00e1tico.<\/p>\n<p>Los m\u00e9ritos de Ratzinger-Benedicto XVI son, en muchos campos, muy notables. Como universitario podr\u00eda destacar sus siete doctorados honoris causa o su brillante carrera de profesor en Alemania. Pero su trabajo al frente de la Congregaci\u00f3n para la Doctrina de la Fe y, ahora, al frente de toda la Iglesia Cat\u00f3lica, tambi\u00e9n merecen un reconocimiento.<\/p>\n<p>A pesar de llegar a la sede de Pedro con una imagen de inquisidor antip\u00e1tico y terco -h\u00e1bilmente alimentada por sus adversarios- los hechos posteriores contradicen una vez y otra ese odioso retrato.<\/p>\n<p>Ha demostrado en cada una de las dificultades y contrariedades que se le han presentado (y han sido bastantes, por qu\u00e9 negarlo) que tiene una mente ordenada, mantiene una coherencia admirable y no reh\u00faye los envites. Las entrevistas que hicieron hace unos a\u00f1os al entonces cardenal Ratzinger y que dieron lugar a los libros <em>La sal de la tierra<\/em> y <em>Dios y el mundo<\/em>, o el debate con J\u00fcrgen Habermas, son ejemplos de ello. Muestra agudeza y precisi\u00f3n ante preguntas indiscretas o inc\u00f3modas; manifiesta humildad para reconocer errores; creatividad para explicar con un lenguaje fresco verdades tradicionales; y tambi\u00e9n erudici\u00f3n para analizar interdisciplinariamente cualquier tema.<\/p>\n<p>Quiz\u00e1 por esta gran capacidad intelectual Benedicto XVI sea una persona que se maneja bien en mares revueltos. En el \u00e1mbito del ecumenismo pocos han dado pasos tan audaces como \u00e9l en relaci\u00f3n con el anglicanismo. En mi opini\u00f3n, esto ha sido posible porque siempre ha mantenido una aut\u00e9ntica tolerancia, aquella que se basa en tratar de entender al otro desde unas firmes convicciones, sin esconderlas, desde la transparencia y la lealtad. Con Ratzinger uno podr\u00e1 estar o no de acuerdo; pero s\u00ed sabr\u00e1 qu\u00e9 piensa en cada cuesti\u00f3n, y en qu\u00e9 puntos puede coincidir. No disimula por miedo a incomodar, pero al mismo tiempo su honestidad intelectual le lleva a saber ver y reconocer en las posturas contrarias los m\u00e9ritos que le corresponden. Fue \u00e9l quien, en el viaje a Portugal, anim\u00f3 a \u00abencontrar una s\u00edntesis y un di\u00e1logo profundo y de vanguardia\u00bb entre secularismo y fe.<\/p>\n<p>El reciente viaje a Gran Breta\u00f1a ha sido otro ejemplo de c\u00f3mo afrontar con valent\u00eda -y \u00e9xito- una situaci\u00f3n compleja, tras la intensa campa\u00f1a de descr\u00e9dito que precedi\u00f3 la visita. Lo mismo cabe decir del ponzo\u00f1oso tema de la pederastia. Es dif\u00edcil encontrar paralelismo con cualquier otra instituci\u00f3n p\u00fablica o privada que ante tama\u00f1o desprop\u00f3sito haya sido capaz de hacerle frente con tanto arrojo. Su compromiso con los m\u00e1s d\u00e9biles ha demostrado ser (tambi\u00e9n en este tema) una constante de su trayectoria. En un d\u00eda ya lejano del 2008 afirm\u00f3: \u00abLas v\u00edctimas deben recibir compasi\u00f3n y asistencia, y los responsables de estos males deben ser llevados ante la justicia\u00bb. Aqu\u00ed, como en muchos otros aspectos, el peso de la imagen estereotipada ha impedido valorar los hechos en su justa proporci\u00f3n.<\/p>\n<p><a rel=\"attachment wp-att-2183\" href=\"http:\/\/www.montalegre.org\/es\/2010\/10\/%c2%bfuna-visita-incomoda\/josep-argemi-catedratico-de-pediatria\/\"><\/a>La visita de Benedicto XVI puede resultar inc\u00f3moda para algunos. Nunca llueve al gusto de todos, y el marco democr\u00e1tico en el que nos movemos permite que cada cual opine y manifieste lo que le plazca. De todos modos, ser\u00eda lamentable que el prejuicio impidiera dar una oportunidad al primer Papa alem\u00e1n en medio milenio; y ello no solo por su relevancia internacional, sino porque es probablemente uno de los referentes m\u00e1s s\u00f3lidos en este mundo globalizado, donde el reino de la raz\u00f3n ha dado paso al de la emoci\u00f3n, y donde los valores parecen haberse derretido para adaptarse a las conveniencias de cada uno, bajo el fragor de un relativismo acr\u00edtico y profundamente ego\u00edsta.<\/p>\n<p><strong>Josep Argem\u00ed<\/strong> <em>Catedr\u00e1tico de Pediatr\u00eda<\/em><\/p>\n","protected":false},"excerpt":{"rendered":"<p>Benedicto XVI llega a Barcelona el 6 de noviembre.<br \/>\nEl Papa actual es uno de los referentes m\u00e1s s\u00f3lidos de este mundo globalizado<\/p>\n","protected":false},"author":4,"featured_media":0,"comment_status":"open","ping_status":"open","sticky":false,"template":"","format":"standard","meta":{"footnotes":""},"categories":[31],"tags":[],"class_list":["post-2181","post","type-post","status-publish","format-standard","hentry","category-actualidad"],"yoast_head":"<!-- This site is optimized with the Yoast SEO plugin v27.1.1 - https:\/\/yoast.com\/product\/yoast-seo-wordpress\/ -->\n<title>\u00bfUna visita inc\u00f3moda? - Montalegre<\/title>\n<meta name=\"robots\" content=\"index, follow, max-snippet:-1, max-image-preview:large, max-video-preview:-1\" \/>\n<link rel=\"canonical\" href=\"https:\/\/www.montalegre.org\/es\/2010\/10\/%c2%bfuna-visita-incomoda\/\" \/>\n<meta property=\"og:locale\" content=\"es_ES\" \/>\n<meta property=\"og:type\" content=\"article\" \/>\n<meta property=\"og:title\" content=\"\u00bfUna visita inc\u00f3moda? - Montalegre\" \/>\n<meta property=\"og:description\" content=\"Benedicto XVI llega a Barcelona el 6 de noviembre. El Papa actual es uno de los referentes m\u00e1s s\u00f3lidos de este mundo globalizado\" \/>\n<meta property=\"og:url\" content=\"https:\/\/www.montalegre.org\/es\/2010\/10\/%c2%bfuna-visita-incomoda\/\" \/>\n<meta property=\"og:site_name\" content=\"Montalegre\" \/>\n<meta property=\"article:published_time\" content=\"2010-10-19T07:36:19+00:00\" \/>\n<meta property=\"article:modified_time\" content=\"2010-10-19T10:22:37+00:00\" \/>\n<meta property=\"og:image\" content=\"http:\/\/www.montalegre.org\/wp-content\/uploads\/2010\/10\/el-periodico-b16.jpg\" \/>\n<meta name=\"author\" content=\"montalegre\" \/>\n<meta name=\"twitter:card\" content=\"summary_large_image\" \/>\n<meta name=\"twitter:label1\" content=\"Escrito por\" \/>\n\t<meta name=\"twitter:data1\" content=\"montalegre\" \/>\n\t<meta name=\"twitter:label2\" content=\"Tiempo de lectura\" \/>\n\t<meta name=\"twitter:data2\" content=\"5 minutos\" \/>\n<script type=\"application\/ld+json\" class=\"yoast-schema-graph\">{\"@context\":\"https:\/\/schema.org\",\"@graph\":[{\"@type\":\"Article\",\"@id\":\"https:\/\/www.montalegre.org\/es\/2010\/10\/%c2%bfuna-visita-incomoda\/#article\",\"isPartOf\":{\"@id\":\"https:\/\/www.montalegre.org\/es\/2010\/10\/%c2%bfuna-visita-incomoda\/\"},\"author\":{\"name\":\"montalegre\",\"@id\":\"https:\/\/www.montalegre.org\/es\/#\/schema\/person\/fa12d4cf3a3f1735a9176b4fafd6a633\"},\"headline\":\"\u00bfUna visita inc\u00f3moda?\",\"datePublished\":\"2010-10-19T07:36:19+00:00\",\"dateModified\":\"2010-10-19T10:22:37+00:00\",\"mainEntityOfPage\":{\"@id\":\"https:\/\/www.montalegre.org\/es\/2010\/10\/%c2%bfuna-visita-incomoda\/\"},\"wordCount\":912,\"commentCount\":0,\"image\":{\"@id\":\"https:\/\/www.montalegre.org\/es\/2010\/10\/%c2%bfuna-visita-incomoda\/#primaryimage\"},\"thumbnailUrl\":\"http:\/\/www.montalegre.org\/wp-content\/uploads\/2010\/10\/el-periodico-b16.jpg\",\"articleSection\":[\"Actualidad\"],\"inLanguage\":\"es\",\"potentialAction\":[{\"@type\":\"CommentAction\",\"name\":\"Comment\",\"target\":[\"https:\/\/www.montalegre.org\/es\/2010\/10\/%c2%bfuna-visita-incomoda\/#respond\"]}]},{\"@type\":\"WebPage\",\"@id\":\"https:\/\/www.montalegre.org\/es\/2010\/10\/%c2%bfuna-visita-incomoda\/\",\"url\":\"https:\/\/www.montalegre.org\/es\/2010\/10\/%c2%bfuna-visita-incomoda\/\",\"name\":\"\u00bfUna visita inc\u00f3moda? - Montalegre\",\"isPartOf\":{\"@id\":\"https:\/\/www.montalegre.org\/es\/#website\"},\"primaryImageOfPage\":{\"@id\":\"https:\/\/www.montalegre.org\/es\/2010\/10\/%c2%bfuna-visita-incomoda\/#primaryimage\"},\"image\":{\"@id\":\"https:\/\/www.montalegre.org\/es\/2010\/10\/%c2%bfuna-visita-incomoda\/#primaryimage\"},\"thumbnailUrl\":\"http:\/\/www.montalegre.org\/wp-content\/uploads\/2010\/10\/el-periodico-b16.jpg\",\"datePublished\":\"2010-10-19T07:36:19+00:00\",\"dateModified\":\"2010-10-19T10:22:37+00:00\",\"author\":{\"@id\":\"https:\/\/www.montalegre.org\/es\/#\/schema\/person\/fa12d4cf3a3f1735a9176b4fafd6a633\"},\"breadcrumb\":{\"@id\":\"https:\/\/www.montalegre.org\/es\/2010\/10\/%c2%bfuna-visita-incomoda\/#breadcrumb\"},\"inLanguage\":\"es\",\"potentialAction\":[{\"@type\":\"ReadAction\",\"target\":[\"https:\/\/www.montalegre.org\/es\/2010\/10\/%c2%bfuna-visita-incomoda\/\"]}]},{\"@type\":\"ImageObject\",\"inLanguage\":\"es\",\"@id\":\"https:\/\/www.montalegre.org\/es\/2010\/10\/%c2%bfuna-visita-incomoda\/#primaryimage\",\"url\":\"http:\/\/www.montalegre.org\/wp-content\/uploads\/2010\/10\/el-periodico-b16.jpg\",\"contentUrl\":\"http:\/\/www.montalegre.org\/wp-content\/uploads\/2010\/10\/el-periodico-b16.jpg\"},{\"@type\":\"BreadcrumbList\",\"@id\":\"https:\/\/www.montalegre.org\/es\/2010\/10\/%c2%bfuna-visita-incomoda\/#breadcrumb\",\"itemListElement\":[{\"@type\":\"ListItem\",\"position\":1,\"name\":\"Portada\",\"item\":\"https:\/\/www.montalegre.org\/es\/\"},{\"@type\":\"ListItem\",\"position\":2,\"name\":\"\u00bfUna visita inc\u00f3moda?\"}]},{\"@type\":\"WebSite\",\"@id\":\"https:\/\/www.montalegre.org\/es\/#website\",\"url\":\"https:\/\/www.montalegre.org\/es\/\",\"name\":\"Montalegre\",\"description\":\"\",\"potentialAction\":[{\"@type\":\"SearchAction\",\"target\":{\"@type\":\"EntryPoint\",\"urlTemplate\":\"https:\/\/www.montalegre.org\/es\/?s={search_term_string}\"},\"query-input\":{\"@type\":\"PropertyValueSpecification\",\"valueRequired\":true,\"valueName\":\"search_term_string\"}}],\"inLanguage\":\"es\"},{\"@type\":\"Person\",\"@id\":\"https:\/\/www.montalegre.org\/es\/#\/schema\/person\/fa12d4cf3a3f1735a9176b4fafd6a633\",\"name\":\"montalegre\",\"image\":{\"@type\":\"ImageObject\",\"inLanguage\":\"es\",\"@id\":\"https:\/\/www.montalegre.org\/es\/#\/schema\/person\/image\/\",\"url\":\"https:\/\/secure.gravatar.com\/avatar\/fe6d886cf5081e723c666dceda1f12d4f39070fa2ed4e79695edc3ca355c9b5a?s=96&d=mm&r=g\",\"contentUrl\":\"https:\/\/secure.gravatar.com\/avatar\/fe6d886cf5081e723c666dceda1f12d4f39070fa2ed4e79695edc3ca355c9b5a?s=96&d=mm&r=g\",\"caption\":\"montalegre\"},\"url\":\"https:\/\/www.montalegre.org\/es\/author\/montalegre\/\"}]}<\/script>\n<!-- \/ Yoast SEO plugin. -->","yoast_head_json":{"title":"\u00bfUna visita inc\u00f3moda? - Montalegre","robots":{"index":"index","follow":"follow","max-snippet":"max-snippet:-1","max-image-preview":"max-image-preview:large","max-video-preview":"max-video-preview:-1"},"canonical":"https:\/\/www.montalegre.org\/es\/2010\/10\/%c2%bfuna-visita-incomoda\/","og_locale":"es_ES","og_type":"article","og_title":"\u00bfUna visita inc\u00f3moda? - Montalegre","og_description":"Benedicto XVI llega a Barcelona el 6 de noviembre. El Papa actual es uno de los referentes m\u00e1s s\u00f3lidos de este mundo globalizado","og_url":"https:\/\/www.montalegre.org\/es\/2010\/10\/%c2%bfuna-visita-incomoda\/","og_site_name":"Montalegre","article_published_time":"2010-10-19T07:36:19+00:00","article_modified_time":"2010-10-19T10:22:37+00:00","og_image":[{"url":"http:\/\/www.montalegre.org\/wp-content\/uploads\/2010\/10\/el-periodico-b16.jpg","type":"","width":"","height":""}],"author":"montalegre","twitter_card":"summary_large_image","twitter_misc":{"Escrito por":"montalegre","Tiempo de lectura":"5 minutos"},"schema":{"@context":"https:\/\/schema.org","@graph":[{"@type":"Article","@id":"https:\/\/www.montalegre.org\/es\/2010\/10\/%c2%bfuna-visita-incomoda\/#article","isPartOf":{"@id":"https:\/\/www.montalegre.org\/es\/2010\/10\/%c2%bfuna-visita-incomoda\/"},"author":{"name":"montalegre","@id":"https:\/\/www.montalegre.org\/es\/#\/schema\/person\/fa12d4cf3a3f1735a9176b4fafd6a633"},"headline":"\u00bfUna visita inc\u00f3moda?","datePublished":"2010-10-19T07:36:19+00:00","dateModified":"2010-10-19T10:22:37+00:00","mainEntityOfPage":{"@id":"https:\/\/www.montalegre.org\/es\/2010\/10\/%c2%bfuna-visita-incomoda\/"},"wordCount":912,"commentCount":0,"image":{"@id":"https:\/\/www.montalegre.org\/es\/2010\/10\/%c2%bfuna-visita-incomoda\/#primaryimage"},"thumbnailUrl":"http:\/\/www.montalegre.org\/wp-content\/uploads\/2010\/10\/el-periodico-b16.jpg","articleSection":["Actualidad"],"inLanguage":"es","potentialAction":[{"@type":"CommentAction","name":"Comment","target":["https:\/\/www.montalegre.org\/es\/2010\/10\/%c2%bfuna-visita-incomoda\/#respond"]}]},{"@type":"WebPage","@id":"https:\/\/www.montalegre.org\/es\/2010\/10\/%c2%bfuna-visita-incomoda\/","url":"https:\/\/www.montalegre.org\/es\/2010\/10\/%c2%bfuna-visita-incomoda\/","name":"\u00bfUna visita inc\u00f3moda? - Montalegre","isPartOf":{"@id":"https:\/\/www.montalegre.org\/es\/#website"},"primaryImageOfPage":{"@id":"https:\/\/www.montalegre.org\/es\/2010\/10\/%c2%bfuna-visita-incomoda\/#primaryimage"},"image":{"@id":"https:\/\/www.montalegre.org\/es\/2010\/10\/%c2%bfuna-visita-incomoda\/#primaryimage"},"thumbnailUrl":"http:\/\/www.montalegre.org\/wp-content\/uploads\/2010\/10\/el-periodico-b16.jpg","datePublished":"2010-10-19T07:36:19+00:00","dateModified":"2010-10-19T10:22:37+00:00","author":{"@id":"https:\/\/www.montalegre.org\/es\/#\/schema\/person\/fa12d4cf3a3f1735a9176b4fafd6a633"},"breadcrumb":{"@id":"https:\/\/www.montalegre.org\/es\/2010\/10\/%c2%bfuna-visita-incomoda\/#breadcrumb"},"inLanguage":"es","potentialAction":[{"@type":"ReadAction","target":["https:\/\/www.montalegre.org\/es\/2010\/10\/%c2%bfuna-visita-incomoda\/"]}]},{"@type":"ImageObject","inLanguage":"es","@id":"https:\/\/www.montalegre.org\/es\/2010\/10\/%c2%bfuna-visita-incomoda\/#primaryimage","url":"http:\/\/www.montalegre.org\/wp-content\/uploads\/2010\/10\/el-periodico-b16.jpg","contentUrl":"http:\/\/www.montalegre.org\/wp-content\/uploads\/2010\/10\/el-periodico-b16.jpg"},{"@type":"BreadcrumbList","@id":"https:\/\/www.montalegre.org\/es\/2010\/10\/%c2%bfuna-visita-incomoda\/#breadcrumb","itemListElement":[{"@type":"ListItem","position":1,"name":"Portada","item":"https:\/\/www.montalegre.org\/es\/"},{"@type":"ListItem","position":2,"name":"\u00bfUna visita inc\u00f3moda?"}]},{"@type":"WebSite","@id":"https:\/\/www.montalegre.org\/es\/#website","url":"https:\/\/www.montalegre.org\/es\/","name":"Montalegre","description":"","potentialAction":[{"@type":"SearchAction","target":{"@type":"EntryPoint","urlTemplate":"https:\/\/www.montalegre.org\/es\/?s={search_term_string}"},"query-input":{"@type":"PropertyValueSpecification","valueRequired":true,"valueName":"search_term_string"}}],"inLanguage":"es"},{"@type":"Person","@id":"https:\/\/www.montalegre.org\/es\/#\/schema\/person\/fa12d4cf3a3f1735a9176b4fafd6a633","name":"montalegre","image":{"@type":"ImageObject","inLanguage":"es","@id":"https:\/\/www.montalegre.org\/es\/#\/schema\/person\/image\/","url":"https:\/\/secure.gravatar.com\/avatar\/fe6d886cf5081e723c666dceda1f12d4f39070fa2ed4e79695edc3ca355c9b5a?s=96&d=mm&r=g","contentUrl":"https:\/\/secure.gravatar.com\/avatar\/fe6d886cf5081e723c666dceda1f12d4f39070fa2ed4e79695edc3ca355c9b5a?s=96&d=mm&r=g","caption":"montalegre"},"url":"https:\/\/www.montalegre.org\/es\/author\/montalegre\/"}]}},"_links":{"self":[{"href":"https:\/\/www.montalegre.org\/es\/wp-json\/wp\/v2\/posts\/2181","targetHints":{"allow":["GET"]}}],"collection":[{"href":"https:\/\/www.montalegre.org\/es\/wp-json\/wp\/v2\/posts"}],"about":[{"href":"https:\/\/www.montalegre.org\/es\/wp-json\/wp\/v2\/types\/post"}],"author":[{"embeddable":true,"href":"https:\/\/www.montalegre.org\/es\/wp-json\/wp\/v2\/users\/4"}],"replies":[{"embeddable":true,"href":"https:\/\/www.montalegre.org\/es\/wp-json\/wp\/v2\/comments?post=2181"}],"version-history":[{"count":11,"href":"https:\/\/www.montalegre.org\/es\/wp-json\/wp\/v2\/posts\/2181\/revisions"}],"predecessor-version":[{"id":2186,"href":"https:\/\/www.montalegre.org\/es\/wp-json\/wp\/v2\/posts\/2181\/revisions\/2186"}],"wp:attachment":[{"href":"https:\/\/www.montalegre.org\/es\/wp-json\/wp\/v2\/media?parent=2181"}],"wp:term":[{"taxonomy":"category","embeddable":true,"href":"https:\/\/www.montalegre.org\/es\/wp-json\/wp\/v2\/categories?post=2181"},{"taxonomy":"post_tag","embeddable":true,"href":"https:\/\/www.montalegre.org\/es\/wp-json\/wp\/v2\/tags?post=2181"}],"curies":[{"name":"wp","href":"https:\/\/api.w.org\/{rel}","templated":true}]}}