{"id":19755,"date":"2026-09-05T15:56:27","date_gmt":"2026-09-05T15:56:27","guid":{"rendered":"https:\/\/www.montalegre.org\/?p=19755"},"modified":"2026-09-05T15:56:27","modified_gmt":"2026-09-05T15:56:27","slug":"entre-los-enfermos-de-madrid","status":"publish","type":"post","link":"https:\/\/www.montalegre.org\/es\/2026\/09\/entre-los-enfermos-de-madrid\/","title":{"rendered":"Entre los enfermos de Madrid"},"content":{"rendered":"<p>Como vimos el mes pasado, san Josemar\u00eda se traslad\u00f3 a Madrid para seguir con los estudios civiles de Derecho y realizar el doctorado. All\u00ed, fue nombrado capell\u00e1n de la iglesia del Patronato de Enfermos, sede central de la Damas Apost\u00f3licas del Sagrado Coraz\u00f3n de Jes\u00fas, una congregaci\u00f3n religiosa que se dedica a obras sociales. De esta manera, inici\u00f3 una intensa actividad pastoral entre los m\u00e1s necesitados, atendiendo a los pobres y enfermos de los barrios m\u00e1s desfavorecidos de la capital.<\/p>\n<p>Desde el Patronato de enfermos se dirig\u00edan escuelas, comedores sociales, centros sanitarios, capillas y catequesis. San Josemar\u00eda, con la generosidad y energ\u00eda propias de su car\u00e1cter, se entreg\u00f3 con intensidad a la atenci\u00f3n sacerdotal de estas labores. Impart\u00eda catequesis a los ni\u00f1os y adultos, confesaba sin parar a pobres y enfermos y visitaba a aquellos enfermos que no pod\u00edan asistir f\u00edsicamente a la sede del Patronato, iba a sus casas o a los hospitales, recorriendo a pie los grandes trayectos. Entre todas sus \u201cidas y venidas\u201d, san Josemar\u00eda continuaba pidiendo a Dios que le mostrara aquello que quer\u00eda de \u00e9l.<\/p>\n<p>Los enfermos y pobres que atend\u00eda sacerdotalmente lo esperaban con ansias ya que les transmit\u00eda una gran paz y les ayudaba a vivir sus circunstancias con gran visi\u00f3n y esperanza sobrenaturales. Al verlo se alegraban y deseaban hablar con \u00e9l y escuchar sus consejos. Un ejemplo de ello es este relato personal: \u00abRecuerdo que una vez se estaba muriendo un chico joven, de veinte o veinti\u00fan a\u00f1os, en un aut\u00e9ntico cuchitril miserable. Le administr\u00e9 los sacramentos, y cuando acab\u00e9, el chico no quer\u00eda que me marchara. Me qued\u00e9 a su lado hasta que muri\u00f3, y se me escap\u00f3 decirle, y \u00e9l lo entendi\u00f3: \u201c\u00a1te tengo envidia!\u201d Envidiaba su dolor, su desamparo, y la alegr\u00eda que Dios le daba\u00bb.<\/p>\n<p>San Josemar\u00eda siempre record\u00f3 esos a\u00f1os transcurridos entre los m\u00e1s necesitados de las barriadas pobres de Madrid. Tanto es as\u00ed que sol\u00eda decir que \u201cel Opus Dei naci\u00f3 entre los pobres de los barrios y hospitales de Madrid\u201d.<\/p>\n<p>Mn. Xavier Argelich<\/p>\n","protected":false},"excerpt":{"rendered":"<p>Como vimos el mes pasado, san Josemar\u00eda se traslad\u00f3 a Madrid para seguir con los estudios civiles de Derecho y realizar el doctorado. All\u00ed, fue nombrado capell\u00e1n de la iglesia del Patronato de Enfermos, sede central de la Damas Apost\u00f3licas del Sagrado Coraz\u00f3n de Jes\u00fas, una congregaci\u00f3n religiosa que se dedica a obras sociales. De [&hellip;]<\/p>\n","protected":false},"author":4,"featured_media":0,"comment_status":"open","ping_status":"closed","sticky":false,"template":"","format":"standard","meta":{"footnotes":""},"categories":[52],"tags":[],"class_list":["post-19755","post","type-post","status-publish","format-standard","hentry","category-editorial"],"yoast_head":"<!-- This site is optimized with the Yoast SEO plugin v28.3 - https:\/\/yoast.com\/product\/yoast-seo-wordpress\/ -->\n<title>Entre los enfermos de Madrid - Montalegre<\/title>\n<meta name=\"robots\" content=\"index, follow, max-snippet:-1, max-image-preview:large, max-video-preview:-1\" \/>\n<link rel=\"canonical\" href=\"https:\/\/www.montalegre.org\/es\/2026\/09\/entre-los-enfermos-de-madrid\/\" \/>\n<meta property=\"og:locale\" content=\"es_ES\" \/>\n<meta property=\"og:type\" content=\"article\" \/>\n<meta property=\"og:title\" content=\"Entre los enfermos de Madrid - Montalegre\" \/>\n<meta property=\"og:description\" content=\"Como vimos el mes pasado, san Josemar\u00eda se traslad\u00f3 a Madrid para seguir con los estudios civiles de Derecho y realizar el doctorado. All\u00ed, fue nombrado capell\u00e1n de la iglesia del Patronato de Enfermos, sede central de la Damas Apost\u00f3licas del Sagrado Coraz\u00f3n de Jes\u00fas, una congregaci\u00f3n religiosa que se dedica a obras sociales. De [&hellip;]\" \/>\n<meta property=\"og:url\" content=\"https:\/\/www.montalegre.org\/es\/2026\/09\/entre-los-enfermos-de-madrid\/\" \/>\n<meta property=\"og:site_name\" content=\"Montalegre\" \/>\n<meta property=\"article:published_time\" content=\"2026-09-05T15:56:27+00:00\" \/>\n<meta name=\"author\" content=\"montalegre\" \/>\n<meta name=\"twitter:card\" content=\"summary_large_image\" \/>\n<meta name=\"twitter:label1\" content=\"Escrito por\" \/>\n\t<meta name=\"twitter:data1\" content=\"montalegre\" \/>\n\t<meta name=\"twitter:label2\" content=\"Tiempo de lectura\" \/>\n\t<meta name=\"twitter:data2\" content=\"2 minutos\" \/>\n<script type=\"application\/ld+json\" class=\"yoast-schema-graph\">{\"@context\":\"https:\\\/\\\/schema.org\",\"@graph\":[{\"@type\":\"Article\",\"@id\":\"https:\\\/\\\/www.montalegre.org\\\/es\\\/2026\\\/09\\\/entre-los-enfermos-de-madrid\\\/#article\",\"isPartOf\":{\"@id\":\"https:\\\/\\\/www.montalegre.org\\\/es\\\/2026\\\/09\\\/entre-los-enfermos-de-madrid\\\/\"},\"author\":{\"name\":\"montalegre\",\"@id\":\"https:\\\/\\\/www.montalegre.org\\\/es\\\/#\\\/schema\\\/person\\\/ed838f4bf95bdb05ba3cf9395df045a6\"},\"headline\":\"Entre los enfermos de Madrid\",\"datePublished\":\"2026-09-05T15:56:27+00:00\",\"mainEntityOfPage\":{\"@id\":\"https:\\\/\\\/www.montalegre.org\\\/es\\\/2026\\\/09\\\/entre-los-enfermos-de-madrid\\\/\"},\"wordCount\":375,\"commentCount\":0,\"articleSection\":[\"Editorial\"],\"inLanguage\":\"es\",\"potentialAction\":[{\"@type\":\"CommentAction\",\"name\":\"Comment\",\"target\":[\"https:\\\/\\\/www.montalegre.org\\\/es\\\/2026\\\/09\\\/entre-los-enfermos-de-madrid\\\/#respond\"]}]},{\"@type\":\"WebPage\",\"@id\":\"https:\\\/\\\/www.montalegre.org\\\/es\\\/2026\\\/09\\\/entre-los-enfermos-de-madrid\\\/\",\"url\":\"https:\\\/\\\/www.montalegre.org\\\/es\\\/2026\\\/09\\\/entre-los-enfermos-de-madrid\\\/\",\"name\":\"Entre los enfermos de Madrid - Montalegre\",\"isPartOf\":{\"@id\":\"https:\\\/\\\/www.montalegre.org\\\/es\\\/#website\"},\"datePublished\":\"2026-09-05T15:56:27+00:00\",\"author\":{\"@id\":\"https:\\\/\\\/www.montalegre.org\\\/es\\\/#\\\/schema\\\/person\\\/ed838f4bf95bdb05ba3cf9395df045a6\"},\"breadcrumb\":{\"@id\":\"https:\\\/\\\/www.montalegre.org\\\/es\\\/2026\\\/09\\\/entre-los-enfermos-de-madrid\\\/#breadcrumb\"},\"inLanguage\":\"es\",\"potentialAction\":[{\"@type\":\"ReadAction\",\"target\":[\"https:\\\/\\\/www.montalegre.org\\\/es\\\/2026\\\/09\\\/entre-los-enfermos-de-madrid\\\/\"]}]},{\"@type\":\"BreadcrumbList\",\"@id\":\"https:\\\/\\\/www.montalegre.org\\\/es\\\/2026\\\/09\\\/entre-los-enfermos-de-madrid\\\/#breadcrumb\",\"itemListElement\":[{\"@type\":\"ListItem\",\"position\":1,\"name\":\"Portada\",\"item\":\"https:\\\/\\\/www.montalegre.org\\\/es\\\/\"},{\"@type\":\"ListItem\",\"position\":2,\"name\":\"Entre los enfermos de Madrid\"}]},{\"@type\":\"WebSite\",\"@id\":\"https:\\\/\\\/www.montalegre.org\\\/es\\\/#website\",\"url\":\"https:\\\/\\\/www.montalegre.org\\\/es\\\/\",\"name\":\"Montalegre\",\"description\":\"\",\"potentialAction\":[{\"@type\":\"SearchAction\",\"target\":{\"@type\":\"EntryPoint\",\"urlTemplate\":\"https:\\\/\\\/www.montalegre.org\\\/es\\\/?s={search_term_string}\"},\"query-input\":{\"@type\":\"PropertyValueSpecification\",\"valueRequired\":true,\"valueName\":\"search_term_string\"}}],\"inLanguage\":\"es\"},{\"@type\":\"Person\",\"@id\":\"https:\\\/\\\/www.montalegre.org\\\/es\\\/#\\\/schema\\\/person\\\/ed838f4bf95bdb05ba3cf9395df045a6\",\"name\":\"montalegre\",\"image\":{\"@type\":\"ImageObject\",\"inLanguage\":\"es\",\"@id\":\"https:\\\/\\\/secure.gravatar.com\\\/avatar\\\/fe6d886cf5081e723c666dceda1f12d4f39070fa2ed4e79695edc3ca355c9b5a?s=96&d=mm&r=g\",\"url\":\"https:\\\/\\\/secure.gravatar.com\\\/avatar\\\/fe6d886cf5081e723c666dceda1f12d4f39070fa2ed4e79695edc3ca355c9b5a?s=96&d=mm&r=g\",\"contentUrl\":\"https:\\\/\\\/secure.gravatar.com\\\/avatar\\\/fe6d886cf5081e723c666dceda1f12d4f39070fa2ed4e79695edc3ca355c9b5a?s=96&d=mm&r=g\",\"caption\":\"montalegre\"},\"url\":\"https:\\\/\\\/www.montalegre.org\\\/es\\\/author\\\/montalegre\\\/\"}]}<\/script>\n<!-- \/ Yoast SEO plugin. -->","yoast_head_json":{"title":"Entre los enfermos de Madrid - Montalegre","robots":{"index":"index","follow":"follow","max-snippet":"max-snippet:-1","max-image-preview":"max-image-preview:large","max-video-preview":"max-video-preview:-1"},"canonical":"https:\/\/www.montalegre.org\/es\/2026\/09\/entre-los-enfermos-de-madrid\/","og_locale":"es_ES","og_type":"article","og_title":"Entre los enfermos de Madrid - Montalegre","og_description":"Como vimos el mes pasado, san Josemar\u00eda se traslad\u00f3 a Madrid para seguir con los estudios civiles de Derecho y realizar el doctorado. All\u00ed, fue nombrado capell\u00e1n de la iglesia del Patronato de Enfermos, sede central de la Damas Apost\u00f3licas del Sagrado Coraz\u00f3n de Jes\u00fas, una congregaci\u00f3n religiosa que se dedica a obras sociales. De [&hellip;]","og_url":"https:\/\/www.montalegre.org\/es\/2026\/09\/entre-los-enfermos-de-madrid\/","og_site_name":"Montalegre","article_published_time":"2026-09-05T15:56:27+00:00","author":"montalegre","twitter_card":"summary_large_image","twitter_misc":{"Escrito por":"montalegre","Tiempo de lectura":"2 minutos"},"schema":{"@context":"https:\/\/schema.org","@graph":[{"@type":"Article","@id":"https:\/\/www.montalegre.org\/es\/2026\/09\/entre-los-enfermos-de-madrid\/#article","isPartOf":{"@id":"https:\/\/www.montalegre.org\/es\/2026\/09\/entre-los-enfermos-de-madrid\/"},"author":{"name":"montalegre","@id":"https:\/\/www.montalegre.org\/es\/#\/schema\/person\/ed838f4bf95bdb05ba3cf9395df045a6"},"headline":"Entre los enfermos de Madrid","datePublished":"2026-09-05T15:56:27+00:00","mainEntityOfPage":{"@id":"https:\/\/www.montalegre.org\/es\/2026\/09\/entre-los-enfermos-de-madrid\/"},"wordCount":375,"commentCount":0,"articleSection":["Editorial"],"inLanguage":"es","potentialAction":[{"@type":"CommentAction","name":"Comment","target":["https:\/\/www.montalegre.org\/es\/2026\/09\/entre-los-enfermos-de-madrid\/#respond"]}]},{"@type":"WebPage","@id":"https:\/\/www.montalegre.org\/es\/2026\/09\/entre-los-enfermos-de-madrid\/","url":"https:\/\/www.montalegre.org\/es\/2026\/09\/entre-los-enfermos-de-madrid\/","name":"Entre los enfermos de Madrid - Montalegre","isPartOf":{"@id":"https:\/\/www.montalegre.org\/es\/#website"},"datePublished":"2026-09-05T15:56:27+00:00","author":{"@id":"https:\/\/www.montalegre.org\/es\/#\/schema\/person\/ed838f4bf95bdb05ba3cf9395df045a6"},"breadcrumb":{"@id":"https:\/\/www.montalegre.org\/es\/2026\/09\/entre-los-enfermos-de-madrid\/#breadcrumb"},"inLanguage":"es","potentialAction":[{"@type":"ReadAction","target":["https:\/\/www.montalegre.org\/es\/2026\/09\/entre-los-enfermos-de-madrid\/"]}]},{"@type":"BreadcrumbList","@id":"https:\/\/www.montalegre.org\/es\/2026\/09\/entre-los-enfermos-de-madrid\/#breadcrumb","itemListElement":[{"@type":"ListItem","position":1,"name":"Portada","item":"https:\/\/www.montalegre.org\/es\/"},{"@type":"ListItem","position":2,"name":"Entre los enfermos de Madrid"}]},{"@type":"WebSite","@id":"https:\/\/www.montalegre.org\/es\/#website","url":"https:\/\/www.montalegre.org\/es\/","name":"Montalegre","description":"","potentialAction":[{"@type":"SearchAction","target":{"@type":"EntryPoint","urlTemplate":"https:\/\/www.montalegre.org\/es\/?s={search_term_string}"},"query-input":{"@type":"PropertyValueSpecification","valueRequired":true,"valueName":"search_term_string"}}],"inLanguage":"es"},{"@type":"Person","@id":"https:\/\/www.montalegre.org\/es\/#\/schema\/person\/ed838f4bf95bdb05ba3cf9395df045a6","name":"montalegre","image":{"@type":"ImageObject","inLanguage":"es","@id":"https:\/\/secure.gravatar.com\/avatar\/fe6d886cf5081e723c666dceda1f12d4f39070fa2ed4e79695edc3ca355c9b5a?s=96&d=mm&r=g","url":"https:\/\/secure.gravatar.com\/avatar\/fe6d886cf5081e723c666dceda1f12d4f39070fa2ed4e79695edc3ca355c9b5a?s=96&d=mm&r=g","contentUrl":"https:\/\/secure.gravatar.com\/avatar\/fe6d886cf5081e723c666dceda1f12d4f39070fa2ed4e79695edc3ca355c9b5a?s=96&d=mm&r=g","caption":"montalegre"},"url":"https:\/\/www.montalegre.org\/es\/author\/montalegre\/"}]}},"_links":{"self":[{"href":"https:\/\/www.montalegre.org\/es\/wp-json\/wp\/v2\/posts\/19755","targetHints":{"allow":["GET"]}}],"collection":[{"href":"https:\/\/www.montalegre.org\/es\/wp-json\/wp\/v2\/posts"}],"about":[{"href":"https:\/\/www.montalegre.org\/es\/wp-json\/wp\/v2\/types\/post"}],"author":[{"embeddable":true,"href":"https:\/\/www.montalegre.org\/es\/wp-json\/wp\/v2\/users\/4"}],"replies":[{"embeddable":true,"href":"https:\/\/www.montalegre.org\/es\/wp-json\/wp\/v2\/comments?post=19755"}],"version-history":[{"count":1,"href":"https:\/\/www.montalegre.org\/es\/wp-json\/wp\/v2\/posts\/19755\/revisions"}],"predecessor-version":[{"id":19756,"href":"https:\/\/www.montalegre.org\/es\/wp-json\/wp\/v2\/posts\/19755\/revisions\/19756"}],"wp:attachment":[{"href":"https:\/\/www.montalegre.org\/es\/wp-json\/wp\/v2\/media?parent=19755"}],"wp:term":[{"taxonomy":"category","embeddable":true,"href":"https:\/\/www.montalegre.org\/es\/wp-json\/wp\/v2\/categories?post=19755"},{"taxonomy":"post_tag","embeddable":true,"href":"https:\/\/www.montalegre.org\/es\/wp-json\/wp\/v2\/tags?post=19755"}],"curies":[{"name":"wp","href":"https:\/\/api.w.org\/{rel}","templated":true}]}}