{"id":19238,"date":"2026-01-09T19:05:23","date_gmt":"2026-01-09T19:05:23","guid":{"rendered":"https:\/\/www.montalegre.org\/?p=19238"},"modified":"2026-01-09T19:05:23","modified_gmt":"2026-01-09T19:05:23","slug":"en-una-familia-cristiana","status":"publish","type":"post","link":"https:\/\/www.montalegre.org\/es\/2026\/01\/en-una-familia-cristiana\/","title":{"rendered":"En una familia cristiana"},"content":{"rendered":"<p>El inicio de un nuevo a\u00f1o nos impulsa siempre a fomentar renovados deseos de mejorar como personas y como cristianos. La Iglesia cada a\u00f1o nos invita a poner nuestra mirada y confianza en Santa Mar\u00eda, Madre de Dios. Es una invitaci\u00f3n a poner bajo su amor maternal esos buenos deseos y a reconocer que sin su ayuda nos ser\u00e1 dif\u00edcil llevarlos a t\u00e9rmino.<\/p>\n<p>Junto a Santa Mar\u00eda encontramos a Jes\u00fas y a san Jos\u00e9, la Sagrada Familia de Nazaret. Jes\u00fas ha querido nacer en una familia y as\u00ed santificar la familia humana y recordarnos que el amor humano es reflejo del amor de Dios. Al empezar un nuevo a\u00f1o procuremos vivificar el agradecimiento a Dios por el amor de nuestros padres y fomentemos todo aquello que hace posible que las familias sean ese aut\u00e9ntico reflejo del amor divino.<\/p>\n<p>San Josemar\u00eda naci\u00f3 el 9 de enero de 1902 y siempre agradeci\u00f3 a Dios y a sus padres el haber nacido en el seno de una familia cristiana. Record\u00e9moslo con sus propias palabras: \u201cDios Nuestro Se\u00f1or fue preparando las cosas para que mi vida fuese normal y corriente, sin nada llamativo. Me hizo nacer en un hogar cristiano, como suelen ser los de mi pa\u00eds, de padres ejemplares que practicaban y viv\u00edan su fe\u201d.<\/p>\n<p>Las fiestas que acabamos de celebrar y nuestro deseo de ir preparando el centenario de la Fundaci\u00f3n del Opus Dei, nos ayudan a considerar la importancia de la formaci\u00f3n cristiana desde la tierna edad en el seno de la familia. La piedad, las virtudes, los buenos modales, la diligencia en el trabajo y la importancia del estudio y la cultura se aprenden en la familia principalmente. As\u00ed lo vivi\u00f3 san Josemar\u00eda desde bien peque\u00f1o. De esta manera el Se\u00f1or lo fue preparando para que su respuesta a su voluntad fuera eficaz.<\/p>\n<p>Entre todas las cosas que aprendi\u00f3 este santo en el hogar cristiano de sus padres quisiera destacar una: La tierna y firme devoci\u00f3n a la Virgen Mar\u00eda y su agradecimiento especial por su curaci\u00f3n cuando ten\u00eda dos a\u00f1os.<\/p>\n<p>Mn. Xavier Argelich<\/p>\n","protected":false},"excerpt":{"rendered":"<p>El inicio de un nuevo a\u00f1o nos impulsa siempre a fomentar renovados deseos de mejorar como personas y como cristianos. La Iglesia cada a\u00f1o nos invita a poner nuestra mirada y confianza en Santa Mar\u00eda, Madre de Dios. Es una invitaci\u00f3n a poner bajo su amor maternal esos buenos deseos y a reconocer que sin [&hellip;]<\/p>\n","protected":false},"author":4,"featured_media":0,"comment_status":"open","ping_status":"open","sticky":false,"template":"","format":"standard","meta":{"footnotes":""},"categories":[52],"tags":[],"class_list":["post-19238","post","type-post","status-publish","format-standard","hentry","category-editorial"],"yoast_head":"<!-- This site is optimized with the Yoast SEO plugin v27.1.1 - https:\/\/yoast.com\/product\/yoast-seo-wordpress\/ -->\n<title>En una familia cristiana - Montalegre<\/title>\n<meta name=\"robots\" content=\"index, follow, max-snippet:-1, max-image-preview:large, max-video-preview:-1\" \/>\n<link rel=\"canonical\" href=\"https:\/\/www.montalegre.org\/es\/2026\/01\/en-una-familia-cristiana\/\" \/>\n<meta property=\"og:locale\" content=\"es_ES\" \/>\n<meta property=\"og:type\" content=\"article\" \/>\n<meta property=\"og:title\" content=\"En una familia cristiana - Montalegre\" \/>\n<meta property=\"og:description\" content=\"El inicio de un nuevo a\u00f1o nos impulsa siempre a fomentar renovados deseos de mejorar como personas y como cristianos. La Iglesia cada a\u00f1o nos invita a poner nuestra mirada y confianza en Santa Mar\u00eda, Madre de Dios. Es una invitaci\u00f3n a poner bajo su amor maternal esos buenos deseos y a reconocer que sin [&hellip;]\" \/>\n<meta property=\"og:url\" content=\"https:\/\/www.montalegre.org\/es\/2026\/01\/en-una-familia-cristiana\/\" \/>\n<meta property=\"og:site_name\" content=\"Montalegre\" \/>\n<meta property=\"article:published_time\" content=\"2026-01-09T19:05:23+00:00\" \/>\n<meta name=\"author\" content=\"montalegre\" \/>\n<meta name=\"twitter:card\" content=\"summary_large_image\" \/>\n<meta name=\"twitter:label1\" content=\"Escrito por\" \/>\n\t<meta name=\"twitter:data1\" content=\"montalegre\" \/>\n\t<meta name=\"twitter:label2\" content=\"Tiempo de lectura\" \/>\n\t<meta name=\"twitter:data2\" content=\"2 minutos\" \/>\n<script type=\"application\/ld+json\" class=\"yoast-schema-graph\">{\"@context\":\"https:\/\/schema.org\",\"@graph\":[{\"@type\":\"Article\",\"@id\":\"https:\/\/www.montalegre.org\/es\/2026\/01\/en-una-familia-cristiana\/#article\",\"isPartOf\":{\"@id\":\"https:\/\/www.montalegre.org\/es\/2026\/01\/en-una-familia-cristiana\/\"},\"author\":{\"name\":\"montalegre\",\"@id\":\"https:\/\/www.montalegre.org\/es\/#\/schema\/person\/fa12d4cf3a3f1735a9176b4fafd6a633\"},\"headline\":\"En una familia cristiana\",\"datePublished\":\"2026-01-09T19:05:23+00:00\",\"mainEntityOfPage\":{\"@id\":\"https:\/\/www.montalegre.org\/es\/2026\/01\/en-una-familia-cristiana\/\"},\"wordCount\":372,\"commentCount\":0,\"articleSection\":[\"Editorial\"],\"inLanguage\":\"es\",\"potentialAction\":[{\"@type\":\"CommentAction\",\"name\":\"Comment\",\"target\":[\"https:\/\/www.montalegre.org\/es\/2026\/01\/en-una-familia-cristiana\/#respond\"]}]},{\"@type\":\"WebPage\",\"@id\":\"https:\/\/www.montalegre.org\/es\/2026\/01\/en-una-familia-cristiana\/\",\"url\":\"https:\/\/www.montalegre.org\/es\/2026\/01\/en-una-familia-cristiana\/\",\"name\":\"En una familia cristiana - Montalegre\",\"isPartOf\":{\"@id\":\"https:\/\/www.montalegre.org\/es\/#website\"},\"datePublished\":\"2026-01-09T19:05:23+00:00\",\"author\":{\"@id\":\"https:\/\/www.montalegre.org\/es\/#\/schema\/person\/fa12d4cf3a3f1735a9176b4fafd6a633\"},\"breadcrumb\":{\"@id\":\"https:\/\/www.montalegre.org\/es\/2026\/01\/en-una-familia-cristiana\/#breadcrumb\"},\"inLanguage\":\"es\",\"potentialAction\":[{\"@type\":\"ReadAction\",\"target\":[\"https:\/\/www.montalegre.org\/es\/2026\/01\/en-una-familia-cristiana\/\"]}]},{\"@type\":\"BreadcrumbList\",\"@id\":\"https:\/\/www.montalegre.org\/es\/2026\/01\/en-una-familia-cristiana\/#breadcrumb\",\"itemListElement\":[{\"@type\":\"ListItem\",\"position\":1,\"name\":\"Portada\",\"item\":\"https:\/\/www.montalegre.org\/es\/\"},{\"@type\":\"ListItem\",\"position\":2,\"name\":\"En una familia cristiana\"}]},{\"@type\":\"WebSite\",\"@id\":\"https:\/\/www.montalegre.org\/es\/#website\",\"url\":\"https:\/\/www.montalegre.org\/es\/\",\"name\":\"Montalegre\",\"description\":\"\",\"potentialAction\":[{\"@type\":\"SearchAction\",\"target\":{\"@type\":\"EntryPoint\",\"urlTemplate\":\"https:\/\/www.montalegre.org\/es\/?s={search_term_string}\"},\"query-input\":{\"@type\":\"PropertyValueSpecification\",\"valueRequired\":true,\"valueName\":\"search_term_string\"}}],\"inLanguage\":\"es\"},{\"@type\":\"Person\",\"@id\":\"https:\/\/www.montalegre.org\/es\/#\/schema\/person\/fa12d4cf3a3f1735a9176b4fafd6a633\",\"name\":\"montalegre\",\"image\":{\"@type\":\"ImageObject\",\"inLanguage\":\"es\",\"@id\":\"https:\/\/www.montalegre.org\/es\/#\/schema\/person\/image\/\",\"url\":\"https:\/\/secure.gravatar.com\/avatar\/fe6d886cf5081e723c666dceda1f12d4f39070fa2ed4e79695edc3ca355c9b5a?s=96&d=mm&r=g\",\"contentUrl\":\"https:\/\/secure.gravatar.com\/avatar\/fe6d886cf5081e723c666dceda1f12d4f39070fa2ed4e79695edc3ca355c9b5a?s=96&d=mm&r=g\",\"caption\":\"montalegre\"},\"url\":\"https:\/\/www.montalegre.org\/es\/author\/montalegre\/\"}]}<\/script>\n<!-- \/ Yoast SEO plugin. -->","yoast_head_json":{"title":"En una familia cristiana - Montalegre","robots":{"index":"index","follow":"follow","max-snippet":"max-snippet:-1","max-image-preview":"max-image-preview:large","max-video-preview":"max-video-preview:-1"},"canonical":"https:\/\/www.montalegre.org\/es\/2026\/01\/en-una-familia-cristiana\/","og_locale":"es_ES","og_type":"article","og_title":"En una familia cristiana - Montalegre","og_description":"El inicio de un nuevo a\u00f1o nos impulsa siempre a fomentar renovados deseos de mejorar como personas y como cristianos. La Iglesia cada a\u00f1o nos invita a poner nuestra mirada y confianza en Santa Mar\u00eda, Madre de Dios. Es una invitaci\u00f3n a poner bajo su amor maternal esos buenos deseos y a reconocer que sin [&hellip;]","og_url":"https:\/\/www.montalegre.org\/es\/2026\/01\/en-una-familia-cristiana\/","og_site_name":"Montalegre","article_published_time":"2026-01-09T19:05:23+00:00","author":"montalegre","twitter_card":"summary_large_image","twitter_misc":{"Escrito por":"montalegre","Tiempo de lectura":"2 minutos"},"schema":{"@context":"https:\/\/schema.org","@graph":[{"@type":"Article","@id":"https:\/\/www.montalegre.org\/es\/2026\/01\/en-una-familia-cristiana\/#article","isPartOf":{"@id":"https:\/\/www.montalegre.org\/es\/2026\/01\/en-una-familia-cristiana\/"},"author":{"name":"montalegre","@id":"https:\/\/www.montalegre.org\/es\/#\/schema\/person\/fa12d4cf3a3f1735a9176b4fafd6a633"},"headline":"En una familia cristiana","datePublished":"2026-01-09T19:05:23+00:00","mainEntityOfPage":{"@id":"https:\/\/www.montalegre.org\/es\/2026\/01\/en-una-familia-cristiana\/"},"wordCount":372,"commentCount":0,"articleSection":["Editorial"],"inLanguage":"es","potentialAction":[{"@type":"CommentAction","name":"Comment","target":["https:\/\/www.montalegre.org\/es\/2026\/01\/en-una-familia-cristiana\/#respond"]}]},{"@type":"WebPage","@id":"https:\/\/www.montalegre.org\/es\/2026\/01\/en-una-familia-cristiana\/","url":"https:\/\/www.montalegre.org\/es\/2026\/01\/en-una-familia-cristiana\/","name":"En una familia cristiana - Montalegre","isPartOf":{"@id":"https:\/\/www.montalegre.org\/es\/#website"},"datePublished":"2026-01-09T19:05:23+00:00","author":{"@id":"https:\/\/www.montalegre.org\/es\/#\/schema\/person\/fa12d4cf3a3f1735a9176b4fafd6a633"},"breadcrumb":{"@id":"https:\/\/www.montalegre.org\/es\/2026\/01\/en-una-familia-cristiana\/#breadcrumb"},"inLanguage":"es","potentialAction":[{"@type":"ReadAction","target":["https:\/\/www.montalegre.org\/es\/2026\/01\/en-una-familia-cristiana\/"]}]},{"@type":"BreadcrumbList","@id":"https:\/\/www.montalegre.org\/es\/2026\/01\/en-una-familia-cristiana\/#breadcrumb","itemListElement":[{"@type":"ListItem","position":1,"name":"Portada","item":"https:\/\/www.montalegre.org\/es\/"},{"@type":"ListItem","position":2,"name":"En una familia cristiana"}]},{"@type":"WebSite","@id":"https:\/\/www.montalegre.org\/es\/#website","url":"https:\/\/www.montalegre.org\/es\/","name":"Montalegre","description":"","potentialAction":[{"@type":"SearchAction","target":{"@type":"EntryPoint","urlTemplate":"https:\/\/www.montalegre.org\/es\/?s={search_term_string}"},"query-input":{"@type":"PropertyValueSpecification","valueRequired":true,"valueName":"search_term_string"}}],"inLanguage":"es"},{"@type":"Person","@id":"https:\/\/www.montalegre.org\/es\/#\/schema\/person\/fa12d4cf3a3f1735a9176b4fafd6a633","name":"montalegre","image":{"@type":"ImageObject","inLanguage":"es","@id":"https:\/\/www.montalegre.org\/es\/#\/schema\/person\/image\/","url":"https:\/\/secure.gravatar.com\/avatar\/fe6d886cf5081e723c666dceda1f12d4f39070fa2ed4e79695edc3ca355c9b5a?s=96&d=mm&r=g","contentUrl":"https:\/\/secure.gravatar.com\/avatar\/fe6d886cf5081e723c666dceda1f12d4f39070fa2ed4e79695edc3ca355c9b5a?s=96&d=mm&r=g","caption":"montalegre"},"url":"https:\/\/www.montalegre.org\/es\/author\/montalegre\/"}]}},"_links":{"self":[{"href":"https:\/\/www.montalegre.org\/es\/wp-json\/wp\/v2\/posts\/19238","targetHints":{"allow":["GET"]}}],"collection":[{"href":"https:\/\/www.montalegre.org\/es\/wp-json\/wp\/v2\/posts"}],"about":[{"href":"https:\/\/www.montalegre.org\/es\/wp-json\/wp\/v2\/types\/post"}],"author":[{"embeddable":true,"href":"https:\/\/www.montalegre.org\/es\/wp-json\/wp\/v2\/users\/4"}],"replies":[{"embeddable":true,"href":"https:\/\/www.montalegre.org\/es\/wp-json\/wp\/v2\/comments?post=19238"}],"version-history":[{"count":1,"href":"https:\/\/www.montalegre.org\/es\/wp-json\/wp\/v2\/posts\/19238\/revisions"}],"predecessor-version":[{"id":19239,"href":"https:\/\/www.montalegre.org\/es\/wp-json\/wp\/v2\/posts\/19238\/revisions\/19239"}],"wp:attachment":[{"href":"https:\/\/www.montalegre.org\/es\/wp-json\/wp\/v2\/media?parent=19238"}],"wp:term":[{"taxonomy":"category","embeddable":true,"href":"https:\/\/www.montalegre.org\/es\/wp-json\/wp\/v2\/categories?post=19238"},{"taxonomy":"post_tag","embeddable":true,"href":"https:\/\/www.montalegre.org\/es\/wp-json\/wp\/v2\/tags?post=19238"}],"curies":[{"name":"wp","href":"https:\/\/api.w.org\/{rel}","templated":true}]}}