{"id":19111,"date":"2025-11-18T16:54:05","date_gmt":"2025-11-18T16:54:05","guid":{"rendered":"https:\/\/www.montalegre.org\/?p=19111"},"modified":"2025-11-18T16:54:05","modified_gmt":"2025-11-18T16:54:05","slug":"la-nueva-pila-movil-para-los-bautizos-en-montalegre","status":"publish","type":"post","link":"https:\/\/www.montalegre.org\/es\/2025\/11\/la-nueva-pila-movil-para-los-bautizos-en-montalegre\/","title":{"rendered":"La nueva pila m\u00f3vil para los bautizos en Montalegre"},"content":{"rendered":"<p>En la fecha de 9 de noviembre y que en 2025 ha coincidido en domingo, la Iglesia Cat\u00f3lica celebra la dedicaci\u00f3n de la Bas\u00edlica de San Juan de Letr\u00e1n de Roma. Esta fiesta <em>se refiere a su dedicaci\u00f3n y consagraci\u00f3n como la Catedral del Papa, y por lo tanto, la Madre y Cabeza de todas las Iglesias del mundo<\/em>. Aprovechando la fiesta, en la Iglesia de Santa Mar\u00eda de Montalegre una vez acabada la misa de las 12h, el rector procedi\u00f3 a la bendici\u00f3n simple de una pila bautismal m\u00f3vil.<a href=\"https:\/\/www.montalegre.org\/wp-content\/uploads\/2025\/11\/pila-abierta-scaled.jpg\"><img loading=\"lazy\" decoding=\"async\" class=\"alignleft  wp-image-19107\" src=\"https:\/\/www.montalegre.org\/wp-content\/uploads\/2025\/11\/pila-abierta-480x480.jpg\" alt=\"\" width=\"340\" height=\"340\" srcset=\"https:\/\/www.montalegre.org\/wp-content\/uploads\/2025\/11\/pila-abierta-480x480.jpg 480w, https:\/\/www.montalegre.org\/wp-content\/uploads\/2025\/11\/pila-abierta-1024x1024.jpg 1024w, https:\/\/www.montalegre.org\/wp-content\/uploads\/2025\/11\/pila-abierta-150x150.jpg 150w, https:\/\/www.montalegre.org\/wp-content\/uploads\/2025\/11\/pila-abierta-1536x1536.jpg 1536w, https:\/\/www.montalegre.org\/wp-content\/uploads\/2025\/11\/pila-abierta-2048x2048.jpg 2048w\" sizes=\"auto, (max-width: 340px) 100vw, 340px\" \/><\/a><\/p>\n<p>Ocurri\u00f3 que la que se utilizaba de cer\u00e1mica blanca y azul para bautizar a las personas que as\u00ed lo deseaban recientemente se rompi\u00f3 en a\u00f1icos. La nueva es met\u00e1lica, de lat\u00f3n plateado, provista de tapa y solo hac\u00eda tres d\u00edas que hab\u00eda llegado a Montalegre.<\/p>\n<p>Es pertinente se\u00f1alar que Montalegre no es una parroquia, es una iglesia adscrita a la cercana Parroquia de Betl\u00e9m, en cuyos registros se inscriben los bautizos, las confirmaciones y los enlaces matrimoniales que oportunamente se autorizan por lo que los fieles que han recibido dichos sacramentos para obtener un certificado han de dirigirse a la referida parroquia.<\/p>\n<p>Por otro lado, entrando a la izquierda de la iglesia por la nave central, desde la puerta principal que da al Pati Manning, podemos observar una pila de piedra y alta. No es una pila bautismal. Es una pila para el agua bendita que se ubica en aquel lugar desde los inicios de este templo (1902) pero no se utiliza, ya que la puerta lateral por la calle Valldonzella es la puerta m\u00e1s habitual de entrada y en su peque\u00f1o atrio es donde est\u00e1 colocada la pila de cer\u00e1mica para e<a href=\"https:\/\/www.montalegre.org\/wp-content\/uploads\/2025\/11\/bendicion-2-scaled.jpg\"><img loading=\"lazy\" decoding=\"async\" class=\"alignright  wp-image-19109\" src=\"https:\/\/www.montalegre.org\/wp-content\/uploads\/2025\/11\/bendicion-2-480x480.jpg\" alt=\"\" width=\"397\" height=\"397\" srcset=\"https:\/\/www.montalegre.org\/wp-content\/uploads\/2025\/11\/bendicion-2-480x480.jpg 480w, https:\/\/www.montalegre.org\/wp-content\/uploads\/2025\/11\/bendicion-2-1024x1024.jpg 1024w, https:\/\/www.montalegre.org\/wp-content\/uploads\/2025\/11\/bendicion-2-150x150.jpg 150w, https:\/\/www.montalegre.org\/wp-content\/uploads\/2025\/11\/bendicion-2-1536x1536.jpg 1536w, https:\/\/www.montalegre.org\/wp-content\/uploads\/2025\/11\/bendicion-2-2048x2048.jpg 2048w\" sizes=\"auto, (max-width: 397px) 100vw, 397px\" \/><\/a>l agua bendita de la iglesia.<\/p>\n<p>Como nota hist\u00f3rica, cuando este entorno era la Casa de la Caridad en Barcelona aqu\u00ed fueron bautizados muchos hu\u00e9rfanos, ni\u00f1os y ni\u00f1as, provenientes de muchos lugares que llegaban a esta Casa.<\/p>\n<p>Al final del acto, el rector dio expresivas gratitudes a los fieles por los donativos recibidos para poder adquirir la nueva pila bautismal y seguir bautizando.<\/p>\n<p>&nbsp;<\/p>\n<p>Isabel Hern\u00e1ndez Esteban<\/p>\n<p>fotos Isabelita<\/p>\n","protected":false},"excerpt":{"rendered":"<p>En la fecha de 9 de noviembre y que en 2025 ha coincidido en domingo, la Iglesia Cat\u00f3lica celebra la dedicaci\u00f3n de la Bas\u00edlica de San Juan de Letr\u00e1n de Roma. Esta fiesta se refiere a su dedicaci\u00f3n y consagraci\u00f3n como la Catedral del Papa, y por lo tanto, la Madre y Cabeza de todas [&hellip;]<\/p>\n","protected":false},"author":4,"featured_media":19105,"comment_status":"open","ping_status":"open","sticky":false,"template":"","format":"standard","meta":{"footnotes":""},"categories":[31],"tags":[],"class_list":["post-19111","post","type-post","status-publish","format-standard","has-post-thumbnail","hentry","category-actualidad"],"yoast_head":"<!-- This site is optimized with the Yoast SEO plugin v27.1.1 - https:\/\/yoast.com\/product\/yoast-seo-wordpress\/ -->\n<title>La nueva pila m\u00f3vil para los bautizos en Montalegre - Montalegre<\/title>\n<meta name=\"robots\" content=\"index, follow, max-snippet:-1, max-image-preview:large, max-video-preview:-1\" \/>\n<link rel=\"canonical\" href=\"https:\/\/www.montalegre.org\/es\/2025\/11\/la-nueva-pila-movil-para-los-bautizos-en-montalegre\/\" \/>\n<meta property=\"og:locale\" content=\"es_ES\" \/>\n<meta property=\"og:type\" content=\"article\" \/>\n<meta property=\"og:title\" content=\"La nueva pila m\u00f3vil para los bautizos en Montalegre - Montalegre\" \/>\n<meta property=\"og:description\" content=\"En la fecha de 9 de noviembre y que en 2025 ha coincidido en domingo, la Iglesia Cat\u00f3lica celebra la dedicaci\u00f3n de la Bas\u00edlica de San Juan de Letr\u00e1n de Roma. Esta fiesta se refiere a su dedicaci\u00f3n y consagraci\u00f3n como la Catedral del Papa, y por lo tanto, la Madre y Cabeza de todas [&hellip;]\" \/>\n<meta property=\"og:url\" content=\"https:\/\/www.montalegre.org\/es\/2025\/11\/la-nueva-pila-movil-para-los-bautizos-en-montalegre\/\" \/>\n<meta property=\"og:site_name\" content=\"Montalegre\" \/>\n<meta property=\"article:published_time\" content=\"2025-11-18T16:54:05+00:00\" \/>\n<meta property=\"og:image\" content=\"https:\/\/www.montalegre.org\/wp-content\/uploads\/2025\/11\/bendicion-1-scaled.jpg\" \/>\n\t<meta property=\"og:image:width\" content=\"2560\" \/>\n\t<meta property=\"og:image:height\" content=\"2560\" \/>\n\t<meta property=\"og:image:type\" content=\"image\/jpeg\" \/>\n<meta name=\"author\" content=\"montalegre\" \/>\n<meta name=\"twitter:card\" content=\"summary_large_image\" \/>\n<meta name=\"twitter:label1\" content=\"Escrito por\" \/>\n\t<meta name=\"twitter:data1\" content=\"montalegre\" \/>\n\t<meta name=\"twitter:label2\" content=\"Tiempo de lectura\" \/>\n\t<meta name=\"twitter:data2\" content=\"3 minutos\" \/>\n<script type=\"application\/ld+json\" class=\"yoast-schema-graph\">{\"@context\":\"https:\/\/schema.org\",\"@graph\":[{\"@type\":\"Article\",\"@id\":\"https:\/\/www.montalegre.org\/es\/2025\/11\/la-nueva-pila-movil-para-los-bautizos-en-montalegre\/#article\",\"isPartOf\":{\"@id\":\"https:\/\/www.montalegre.org\/es\/2025\/11\/la-nueva-pila-movil-para-los-bautizos-en-montalegre\/\"},\"author\":{\"name\":\"montalegre\",\"@id\":\"https:\/\/www.montalegre.org\/es\/#\/schema\/person\/fa12d4cf3a3f1735a9176b4fafd6a633\"},\"headline\":\"La nueva pila m\u00f3vil para los bautizos en Montalegre\",\"datePublished\":\"2025-11-18T16:54:05+00:00\",\"mainEntityOfPage\":{\"@id\":\"https:\/\/www.montalegre.org\/es\/2025\/11\/la-nueva-pila-movil-para-los-bautizos-en-montalegre\/\"},\"wordCount\":385,\"commentCount\":0,\"image\":{\"@id\":\"https:\/\/www.montalegre.org\/es\/2025\/11\/la-nueva-pila-movil-para-los-bautizos-en-montalegre\/#primaryimage\"},\"thumbnailUrl\":\"https:\/\/www.montalegre.org\/wp-content\/uploads\/2025\/11\/bendicion-1-scaled.jpg\",\"articleSection\":[\"Actualidad\"],\"inLanguage\":\"es\",\"potentialAction\":[{\"@type\":\"CommentAction\",\"name\":\"Comment\",\"target\":[\"https:\/\/www.montalegre.org\/es\/2025\/11\/la-nueva-pila-movil-para-los-bautizos-en-montalegre\/#respond\"]}]},{\"@type\":\"WebPage\",\"@id\":\"https:\/\/www.montalegre.org\/es\/2025\/11\/la-nueva-pila-movil-para-los-bautizos-en-montalegre\/\",\"url\":\"https:\/\/www.montalegre.org\/es\/2025\/11\/la-nueva-pila-movil-para-los-bautizos-en-montalegre\/\",\"name\":\"La nueva pila m\u00f3vil para los bautizos en Montalegre - Montalegre\",\"isPartOf\":{\"@id\":\"https:\/\/www.montalegre.org\/es\/#website\"},\"primaryImageOfPage\":{\"@id\":\"https:\/\/www.montalegre.org\/es\/2025\/11\/la-nueva-pila-movil-para-los-bautizos-en-montalegre\/#primaryimage\"},\"image\":{\"@id\":\"https:\/\/www.montalegre.org\/es\/2025\/11\/la-nueva-pila-movil-para-los-bautizos-en-montalegre\/#primaryimage\"},\"thumbnailUrl\":\"https:\/\/www.montalegre.org\/wp-content\/uploads\/2025\/11\/bendicion-1-scaled.jpg\",\"datePublished\":\"2025-11-18T16:54:05+00:00\",\"author\":{\"@id\":\"https:\/\/www.montalegre.org\/es\/#\/schema\/person\/fa12d4cf3a3f1735a9176b4fafd6a633\"},\"breadcrumb\":{\"@id\":\"https:\/\/www.montalegre.org\/es\/2025\/11\/la-nueva-pila-movil-para-los-bautizos-en-montalegre\/#breadcrumb\"},\"inLanguage\":\"es\",\"potentialAction\":[{\"@type\":\"ReadAction\",\"target\":[\"https:\/\/www.montalegre.org\/es\/2025\/11\/la-nueva-pila-movil-para-los-bautizos-en-montalegre\/\"]}]},{\"@type\":\"ImageObject\",\"inLanguage\":\"es\",\"@id\":\"https:\/\/www.montalegre.org\/es\/2025\/11\/la-nueva-pila-movil-para-los-bautizos-en-montalegre\/#primaryimage\",\"url\":\"https:\/\/www.montalegre.org\/wp-content\/uploads\/2025\/11\/bendicion-1-scaled.jpg\",\"contentUrl\":\"https:\/\/www.montalegre.org\/wp-content\/uploads\/2025\/11\/bendicion-1-scaled.jpg\",\"width\":2560,\"height\":2560},{\"@type\":\"BreadcrumbList\",\"@id\":\"https:\/\/www.montalegre.org\/es\/2025\/11\/la-nueva-pila-movil-para-los-bautizos-en-montalegre\/#breadcrumb\",\"itemListElement\":[{\"@type\":\"ListItem\",\"position\":1,\"name\":\"Portada\",\"item\":\"https:\/\/www.montalegre.org\/es\/\"},{\"@type\":\"ListItem\",\"position\":2,\"name\":\"La nueva pila m\u00f3vil para los bautizos en Montalegre\"}]},{\"@type\":\"WebSite\",\"@id\":\"https:\/\/www.montalegre.org\/es\/#website\",\"url\":\"https:\/\/www.montalegre.org\/es\/\",\"name\":\"Montalegre\",\"description\":\"\",\"potentialAction\":[{\"@type\":\"SearchAction\",\"target\":{\"@type\":\"EntryPoint\",\"urlTemplate\":\"https:\/\/www.montalegre.org\/es\/?s={search_term_string}\"},\"query-input\":{\"@type\":\"PropertyValueSpecification\",\"valueRequired\":true,\"valueName\":\"search_term_string\"}}],\"inLanguage\":\"es\"},{\"@type\":\"Person\",\"@id\":\"https:\/\/www.montalegre.org\/es\/#\/schema\/person\/fa12d4cf3a3f1735a9176b4fafd6a633\",\"name\":\"montalegre\",\"image\":{\"@type\":\"ImageObject\",\"inLanguage\":\"es\",\"@id\":\"https:\/\/www.montalegre.org\/es\/#\/schema\/person\/image\/\",\"url\":\"https:\/\/secure.gravatar.com\/avatar\/fe6d886cf5081e723c666dceda1f12d4f39070fa2ed4e79695edc3ca355c9b5a?s=96&d=mm&r=g\",\"contentUrl\":\"https:\/\/secure.gravatar.com\/avatar\/fe6d886cf5081e723c666dceda1f12d4f39070fa2ed4e79695edc3ca355c9b5a?s=96&d=mm&r=g\",\"caption\":\"montalegre\"},\"url\":\"https:\/\/www.montalegre.org\/es\/author\/montalegre\/\"}]}<\/script>\n<!-- \/ Yoast SEO plugin. -->","yoast_head_json":{"title":"La nueva pila m\u00f3vil para los bautizos en Montalegre - Montalegre","robots":{"index":"index","follow":"follow","max-snippet":"max-snippet:-1","max-image-preview":"max-image-preview:large","max-video-preview":"max-video-preview:-1"},"canonical":"https:\/\/www.montalegre.org\/es\/2025\/11\/la-nueva-pila-movil-para-los-bautizos-en-montalegre\/","og_locale":"es_ES","og_type":"article","og_title":"La nueva pila m\u00f3vil para los bautizos en Montalegre - Montalegre","og_description":"En la fecha de 9 de noviembre y que en 2025 ha coincidido en domingo, la Iglesia Cat\u00f3lica celebra la dedicaci\u00f3n de la Bas\u00edlica de San Juan de Letr\u00e1n de Roma. Esta fiesta se refiere a su dedicaci\u00f3n y consagraci\u00f3n como la Catedral del Papa, y por lo tanto, la Madre y Cabeza de todas [&hellip;]","og_url":"https:\/\/www.montalegre.org\/es\/2025\/11\/la-nueva-pila-movil-para-los-bautizos-en-montalegre\/","og_site_name":"Montalegre","article_published_time":"2025-11-18T16:54:05+00:00","og_image":[{"width":2560,"height":2560,"url":"https:\/\/www.montalegre.org\/wp-content\/uploads\/2025\/11\/bendicion-1-scaled.jpg","type":"image\/jpeg"}],"author":"montalegre","twitter_card":"summary_large_image","twitter_misc":{"Escrito por":"montalegre","Tiempo de lectura":"3 minutos"},"schema":{"@context":"https:\/\/schema.org","@graph":[{"@type":"Article","@id":"https:\/\/www.montalegre.org\/es\/2025\/11\/la-nueva-pila-movil-para-los-bautizos-en-montalegre\/#article","isPartOf":{"@id":"https:\/\/www.montalegre.org\/es\/2025\/11\/la-nueva-pila-movil-para-los-bautizos-en-montalegre\/"},"author":{"name":"montalegre","@id":"https:\/\/www.montalegre.org\/es\/#\/schema\/person\/fa12d4cf3a3f1735a9176b4fafd6a633"},"headline":"La nueva pila m\u00f3vil para los bautizos en Montalegre","datePublished":"2025-11-18T16:54:05+00:00","mainEntityOfPage":{"@id":"https:\/\/www.montalegre.org\/es\/2025\/11\/la-nueva-pila-movil-para-los-bautizos-en-montalegre\/"},"wordCount":385,"commentCount":0,"image":{"@id":"https:\/\/www.montalegre.org\/es\/2025\/11\/la-nueva-pila-movil-para-los-bautizos-en-montalegre\/#primaryimage"},"thumbnailUrl":"https:\/\/www.montalegre.org\/wp-content\/uploads\/2025\/11\/bendicion-1-scaled.jpg","articleSection":["Actualidad"],"inLanguage":"es","potentialAction":[{"@type":"CommentAction","name":"Comment","target":["https:\/\/www.montalegre.org\/es\/2025\/11\/la-nueva-pila-movil-para-los-bautizos-en-montalegre\/#respond"]}]},{"@type":"WebPage","@id":"https:\/\/www.montalegre.org\/es\/2025\/11\/la-nueva-pila-movil-para-los-bautizos-en-montalegre\/","url":"https:\/\/www.montalegre.org\/es\/2025\/11\/la-nueva-pila-movil-para-los-bautizos-en-montalegre\/","name":"La nueva pila m\u00f3vil para los bautizos en Montalegre - Montalegre","isPartOf":{"@id":"https:\/\/www.montalegre.org\/es\/#website"},"primaryImageOfPage":{"@id":"https:\/\/www.montalegre.org\/es\/2025\/11\/la-nueva-pila-movil-para-los-bautizos-en-montalegre\/#primaryimage"},"image":{"@id":"https:\/\/www.montalegre.org\/es\/2025\/11\/la-nueva-pila-movil-para-los-bautizos-en-montalegre\/#primaryimage"},"thumbnailUrl":"https:\/\/www.montalegre.org\/wp-content\/uploads\/2025\/11\/bendicion-1-scaled.jpg","datePublished":"2025-11-18T16:54:05+00:00","author":{"@id":"https:\/\/www.montalegre.org\/es\/#\/schema\/person\/fa12d4cf3a3f1735a9176b4fafd6a633"},"breadcrumb":{"@id":"https:\/\/www.montalegre.org\/es\/2025\/11\/la-nueva-pila-movil-para-los-bautizos-en-montalegre\/#breadcrumb"},"inLanguage":"es","potentialAction":[{"@type":"ReadAction","target":["https:\/\/www.montalegre.org\/es\/2025\/11\/la-nueva-pila-movil-para-los-bautizos-en-montalegre\/"]}]},{"@type":"ImageObject","inLanguage":"es","@id":"https:\/\/www.montalegre.org\/es\/2025\/11\/la-nueva-pila-movil-para-los-bautizos-en-montalegre\/#primaryimage","url":"https:\/\/www.montalegre.org\/wp-content\/uploads\/2025\/11\/bendicion-1-scaled.jpg","contentUrl":"https:\/\/www.montalegre.org\/wp-content\/uploads\/2025\/11\/bendicion-1-scaled.jpg","width":2560,"height":2560},{"@type":"BreadcrumbList","@id":"https:\/\/www.montalegre.org\/es\/2025\/11\/la-nueva-pila-movil-para-los-bautizos-en-montalegre\/#breadcrumb","itemListElement":[{"@type":"ListItem","position":1,"name":"Portada","item":"https:\/\/www.montalegre.org\/es\/"},{"@type":"ListItem","position":2,"name":"La nueva pila m\u00f3vil para los bautizos en Montalegre"}]},{"@type":"WebSite","@id":"https:\/\/www.montalegre.org\/es\/#website","url":"https:\/\/www.montalegre.org\/es\/","name":"Montalegre","description":"","potentialAction":[{"@type":"SearchAction","target":{"@type":"EntryPoint","urlTemplate":"https:\/\/www.montalegre.org\/es\/?s={search_term_string}"},"query-input":{"@type":"PropertyValueSpecification","valueRequired":true,"valueName":"search_term_string"}}],"inLanguage":"es"},{"@type":"Person","@id":"https:\/\/www.montalegre.org\/es\/#\/schema\/person\/fa12d4cf3a3f1735a9176b4fafd6a633","name":"montalegre","image":{"@type":"ImageObject","inLanguage":"es","@id":"https:\/\/www.montalegre.org\/es\/#\/schema\/person\/image\/","url":"https:\/\/secure.gravatar.com\/avatar\/fe6d886cf5081e723c666dceda1f12d4f39070fa2ed4e79695edc3ca355c9b5a?s=96&d=mm&r=g","contentUrl":"https:\/\/secure.gravatar.com\/avatar\/fe6d886cf5081e723c666dceda1f12d4f39070fa2ed4e79695edc3ca355c9b5a?s=96&d=mm&r=g","caption":"montalegre"},"url":"https:\/\/www.montalegre.org\/es\/author\/montalegre\/"}]}},"_links":{"self":[{"href":"https:\/\/www.montalegre.org\/es\/wp-json\/wp\/v2\/posts\/19111","targetHints":{"allow":["GET"]}}],"collection":[{"href":"https:\/\/www.montalegre.org\/es\/wp-json\/wp\/v2\/posts"}],"about":[{"href":"https:\/\/www.montalegre.org\/es\/wp-json\/wp\/v2\/types\/post"}],"author":[{"embeddable":true,"href":"https:\/\/www.montalegre.org\/es\/wp-json\/wp\/v2\/users\/4"}],"replies":[{"embeddable":true,"href":"https:\/\/www.montalegre.org\/es\/wp-json\/wp\/v2\/comments?post=19111"}],"version-history":[{"count":1,"href":"https:\/\/www.montalegre.org\/es\/wp-json\/wp\/v2\/posts\/19111\/revisions"}],"predecessor-version":[{"id":19112,"href":"https:\/\/www.montalegre.org\/es\/wp-json\/wp\/v2\/posts\/19111\/revisions\/19112"}],"wp:featuredmedia":[{"embeddable":true,"href":"https:\/\/www.montalegre.org\/es\/wp-json\/wp\/v2\/media\/19105"}],"wp:attachment":[{"href":"https:\/\/www.montalegre.org\/es\/wp-json\/wp\/v2\/media?parent=19111"}],"wp:term":[{"taxonomy":"category","embeddable":true,"href":"https:\/\/www.montalegre.org\/es\/wp-json\/wp\/v2\/categories?post=19111"},{"taxonomy":"post_tag","embeddable":true,"href":"https:\/\/www.montalegre.org\/es\/wp-json\/wp\/v2\/tags?post=19111"}],"curies":[{"name":"wp","href":"https:\/\/api.w.org\/{rel}","templated":true}]}}