{"id":18922,"date":"2025-08-31T17:10:36","date_gmt":"2025-08-31T17:10:36","guid":{"rendered":"https:\/\/www.montalegre.org\/?p=18922"},"modified":"2025-08-31T17:10:36","modified_gmt":"2025-08-31T17:10:36","slug":"ilumina-con-la-luminaria-de-tu-fe","status":"publish","type":"post","link":"https:\/\/www.montalegre.org\/es\/2025\/08\/ilumina-con-la-luminaria-de-tu-fe\/","title":{"rendered":"Ilumina con la luminaria de tu fe"},"content":{"rendered":"<p>&nbsp;<\/p>\n<p>Al iniciar un nuevo curso, en el marco del a\u00f1o santo que estamos recorriendo, nos puede ayudar recordar el ideal que San Josemar\u00eda planteaba a los cristianos al inicio de su ministerio sacerdotal y que qued\u00f3 recogido en el primer punto de su libro Camino: \u201cQue tu vida no sea una vida est\u00e9ril. -S\u00e9 \u00fatil. -Deja poso. -Ilumina, con la luminaria de tu fe y amor\u201d.<\/p>\n<p>Como peregrinos de esperanza, esta consideraci\u00f3n espiritual sugerente nos anima a afrontar nuestras vidas con optimismo y llenos de esperanza sobrenatural. Dios cuenta con cada uno de nosotros para llevarlo ah\u00ed donde estamos, siendo luz para los dem\u00e1s. Para ello, es preciso que nuestra actitud sea positiva y alegre, con iniciativa y ganas de hacer bien lo que tenemos que hacer, con decisi\u00f3n y valent\u00eda, con deseos de ser \u00fatil para Dios y los dem\u00e1s. De esta manera iluminaremos con la luminaria de nuestra fe y amor, dejaremos poso ah\u00ed donde estemos.<\/p>\n<p>Que importante es, en los momentos actuales, que veamos la realidad con fe y esperanza, con visi\u00f3n sobrenatural, para evitar caer en el derrotismo, la cr\u00edtica y el des\u00e1nimo. Todo lo contrario, el cristiano es luz, calor, empuje y pasi\u00f3n, es decir, movimiento. No podemos quedarnos quietos e indiferentes ante los retos que nos presenta el mundo actual.<\/p>\n<p>Emprendamos el nuevo curso con la decisi\u00f3n firme de trabajar mucho y bien por el reino de Dios. Empecemos por cuidar nuestra vida espiritual, familiar y profesional. De esta manera iluminaremos todo con la luz de nuestra fe y \u201cencenderemos todos los caminos de la tierra con el fuego de Cristo que llevamos en el coraz\u00f3n\u201d, tal como contin\u00faa anim\u00e1ndonos San Josemar\u00eda al final del mismo punto de Camino. Con la ayuda de los sacramentos, de la oraci\u00f3n y de los dem\u00e1s el Se\u00f1or, junto a su Madre, la Virgen Mar\u00eda, har\u00e1 que nuestra vida sea \u00fatil y santa.<\/p>\n<p>Mn. Xavier Argelich<\/p>\n","protected":false},"excerpt":{"rendered":"<p>&nbsp; Al iniciar un nuevo curso, en el marco del a\u00f1o santo que estamos recorriendo, nos puede ayudar recordar el ideal que San Josemar\u00eda planteaba a los cristianos al inicio de su ministerio sacerdotal y que qued\u00f3 recogido en el primer punto de su libro Camino: \u201cQue tu vida no sea una vida est\u00e9ril. -S\u00e9 [&hellip;]<\/p>\n","protected":false},"author":4,"featured_media":0,"comment_status":"open","ping_status":"open","sticky":false,"template":"","format":"standard","meta":{"footnotes":""},"categories":[52],"tags":[],"class_list":["post-18922","post","type-post","status-publish","format-standard","hentry","category-editorial"],"yoast_head":"<!-- This site is optimized with the Yoast SEO plugin v27.1.1 - https:\/\/yoast.com\/product\/yoast-seo-wordpress\/ -->\n<title>Ilumina con la luminaria de tu fe - Montalegre<\/title>\n<meta name=\"robots\" content=\"index, follow, max-snippet:-1, max-image-preview:large, max-video-preview:-1\" \/>\n<link rel=\"canonical\" href=\"https:\/\/www.montalegre.org\/es\/2025\/08\/ilumina-con-la-luminaria-de-tu-fe\/\" \/>\n<meta property=\"og:locale\" content=\"es_ES\" \/>\n<meta property=\"og:type\" content=\"article\" \/>\n<meta property=\"og:title\" content=\"Ilumina con la luminaria de tu fe - Montalegre\" \/>\n<meta property=\"og:description\" content=\"&nbsp; Al iniciar un nuevo curso, en el marco del a\u00f1o santo que estamos recorriendo, nos puede ayudar recordar el ideal que San Josemar\u00eda planteaba a los cristianos al inicio de su ministerio sacerdotal y que qued\u00f3 recogido en el primer punto de su libro Camino: \u201cQue tu vida no sea una vida est\u00e9ril. -S\u00e9 [&hellip;]\" \/>\n<meta property=\"og:url\" content=\"https:\/\/www.montalegre.org\/es\/2025\/08\/ilumina-con-la-luminaria-de-tu-fe\/\" \/>\n<meta property=\"og:site_name\" content=\"Montalegre\" \/>\n<meta property=\"article:published_time\" content=\"2025-08-31T17:10:36+00:00\" \/>\n<meta name=\"author\" content=\"montalegre\" \/>\n<meta name=\"twitter:card\" content=\"summary_large_image\" \/>\n<meta name=\"twitter:label1\" content=\"Escrito por\" \/>\n\t<meta name=\"twitter:data1\" content=\"montalegre\" \/>\n\t<meta name=\"twitter:label2\" content=\"Tiempo de lectura\" \/>\n\t<meta name=\"twitter:data2\" content=\"2 minutos\" \/>\n<script type=\"application\/ld+json\" class=\"yoast-schema-graph\">{\"@context\":\"https:\/\/schema.org\",\"@graph\":[{\"@type\":\"Article\",\"@id\":\"https:\/\/www.montalegre.org\/es\/2025\/08\/ilumina-con-la-luminaria-de-tu-fe\/#article\",\"isPartOf\":{\"@id\":\"https:\/\/www.montalegre.org\/es\/2025\/08\/ilumina-con-la-luminaria-de-tu-fe\/\"},\"author\":{\"name\":\"montalegre\",\"@id\":\"https:\/\/www.montalegre.org\/es\/#\/schema\/person\/fa12d4cf3a3f1735a9176b4fafd6a633\"},\"headline\":\"Ilumina con la luminaria de tu fe\",\"datePublished\":\"2025-08-31T17:10:36+00:00\",\"mainEntityOfPage\":{\"@id\":\"https:\/\/www.montalegre.org\/es\/2025\/08\/ilumina-con-la-luminaria-de-tu-fe\/\"},\"wordCount\":347,\"commentCount\":0,\"articleSection\":[\"Editorial\"],\"inLanguage\":\"es\",\"potentialAction\":[{\"@type\":\"CommentAction\",\"name\":\"Comment\",\"target\":[\"https:\/\/www.montalegre.org\/es\/2025\/08\/ilumina-con-la-luminaria-de-tu-fe\/#respond\"]}]},{\"@type\":\"WebPage\",\"@id\":\"https:\/\/www.montalegre.org\/es\/2025\/08\/ilumina-con-la-luminaria-de-tu-fe\/\",\"url\":\"https:\/\/www.montalegre.org\/es\/2025\/08\/ilumina-con-la-luminaria-de-tu-fe\/\",\"name\":\"Ilumina con la luminaria de tu fe - Montalegre\",\"isPartOf\":{\"@id\":\"https:\/\/www.montalegre.org\/es\/#website\"},\"datePublished\":\"2025-08-31T17:10:36+00:00\",\"author\":{\"@id\":\"https:\/\/www.montalegre.org\/es\/#\/schema\/person\/fa12d4cf3a3f1735a9176b4fafd6a633\"},\"breadcrumb\":{\"@id\":\"https:\/\/www.montalegre.org\/es\/2025\/08\/ilumina-con-la-luminaria-de-tu-fe\/#breadcrumb\"},\"inLanguage\":\"es\",\"potentialAction\":[{\"@type\":\"ReadAction\",\"target\":[\"https:\/\/www.montalegre.org\/es\/2025\/08\/ilumina-con-la-luminaria-de-tu-fe\/\"]}]},{\"@type\":\"BreadcrumbList\",\"@id\":\"https:\/\/www.montalegre.org\/es\/2025\/08\/ilumina-con-la-luminaria-de-tu-fe\/#breadcrumb\",\"itemListElement\":[{\"@type\":\"ListItem\",\"position\":1,\"name\":\"Portada\",\"item\":\"https:\/\/www.montalegre.org\/es\/\"},{\"@type\":\"ListItem\",\"position\":2,\"name\":\"Ilumina con la luminaria de tu fe\"}]},{\"@type\":\"WebSite\",\"@id\":\"https:\/\/www.montalegre.org\/es\/#website\",\"url\":\"https:\/\/www.montalegre.org\/es\/\",\"name\":\"Montalegre\",\"description\":\"\",\"potentialAction\":[{\"@type\":\"SearchAction\",\"target\":{\"@type\":\"EntryPoint\",\"urlTemplate\":\"https:\/\/www.montalegre.org\/es\/?s={search_term_string}\"},\"query-input\":{\"@type\":\"PropertyValueSpecification\",\"valueRequired\":true,\"valueName\":\"search_term_string\"}}],\"inLanguage\":\"es\"},{\"@type\":\"Person\",\"@id\":\"https:\/\/www.montalegre.org\/es\/#\/schema\/person\/fa12d4cf3a3f1735a9176b4fafd6a633\",\"name\":\"montalegre\",\"image\":{\"@type\":\"ImageObject\",\"inLanguage\":\"es\",\"@id\":\"https:\/\/www.montalegre.org\/es\/#\/schema\/person\/image\/\",\"url\":\"https:\/\/secure.gravatar.com\/avatar\/fe6d886cf5081e723c666dceda1f12d4f39070fa2ed4e79695edc3ca355c9b5a?s=96&d=mm&r=g\",\"contentUrl\":\"https:\/\/secure.gravatar.com\/avatar\/fe6d886cf5081e723c666dceda1f12d4f39070fa2ed4e79695edc3ca355c9b5a?s=96&d=mm&r=g\",\"caption\":\"montalegre\"},\"url\":\"https:\/\/www.montalegre.org\/es\/author\/montalegre\/\"}]}<\/script>\n<!-- \/ Yoast SEO plugin. -->","yoast_head_json":{"title":"Ilumina con la luminaria de tu fe - Montalegre","robots":{"index":"index","follow":"follow","max-snippet":"max-snippet:-1","max-image-preview":"max-image-preview:large","max-video-preview":"max-video-preview:-1"},"canonical":"https:\/\/www.montalegre.org\/es\/2025\/08\/ilumina-con-la-luminaria-de-tu-fe\/","og_locale":"es_ES","og_type":"article","og_title":"Ilumina con la luminaria de tu fe - Montalegre","og_description":"&nbsp; Al iniciar un nuevo curso, en el marco del a\u00f1o santo que estamos recorriendo, nos puede ayudar recordar el ideal que San Josemar\u00eda planteaba a los cristianos al inicio de su ministerio sacerdotal y que qued\u00f3 recogido en el primer punto de su libro Camino: \u201cQue tu vida no sea una vida est\u00e9ril. -S\u00e9 [&hellip;]","og_url":"https:\/\/www.montalegre.org\/es\/2025\/08\/ilumina-con-la-luminaria-de-tu-fe\/","og_site_name":"Montalegre","article_published_time":"2025-08-31T17:10:36+00:00","author":"montalegre","twitter_card":"summary_large_image","twitter_misc":{"Escrito por":"montalegre","Tiempo de lectura":"2 minutos"},"schema":{"@context":"https:\/\/schema.org","@graph":[{"@type":"Article","@id":"https:\/\/www.montalegre.org\/es\/2025\/08\/ilumina-con-la-luminaria-de-tu-fe\/#article","isPartOf":{"@id":"https:\/\/www.montalegre.org\/es\/2025\/08\/ilumina-con-la-luminaria-de-tu-fe\/"},"author":{"name":"montalegre","@id":"https:\/\/www.montalegre.org\/es\/#\/schema\/person\/fa12d4cf3a3f1735a9176b4fafd6a633"},"headline":"Ilumina con la luminaria de tu fe","datePublished":"2025-08-31T17:10:36+00:00","mainEntityOfPage":{"@id":"https:\/\/www.montalegre.org\/es\/2025\/08\/ilumina-con-la-luminaria-de-tu-fe\/"},"wordCount":347,"commentCount":0,"articleSection":["Editorial"],"inLanguage":"es","potentialAction":[{"@type":"CommentAction","name":"Comment","target":["https:\/\/www.montalegre.org\/es\/2025\/08\/ilumina-con-la-luminaria-de-tu-fe\/#respond"]}]},{"@type":"WebPage","@id":"https:\/\/www.montalegre.org\/es\/2025\/08\/ilumina-con-la-luminaria-de-tu-fe\/","url":"https:\/\/www.montalegre.org\/es\/2025\/08\/ilumina-con-la-luminaria-de-tu-fe\/","name":"Ilumina con la luminaria de tu fe - Montalegre","isPartOf":{"@id":"https:\/\/www.montalegre.org\/es\/#website"},"datePublished":"2025-08-31T17:10:36+00:00","author":{"@id":"https:\/\/www.montalegre.org\/es\/#\/schema\/person\/fa12d4cf3a3f1735a9176b4fafd6a633"},"breadcrumb":{"@id":"https:\/\/www.montalegre.org\/es\/2025\/08\/ilumina-con-la-luminaria-de-tu-fe\/#breadcrumb"},"inLanguage":"es","potentialAction":[{"@type":"ReadAction","target":["https:\/\/www.montalegre.org\/es\/2025\/08\/ilumina-con-la-luminaria-de-tu-fe\/"]}]},{"@type":"BreadcrumbList","@id":"https:\/\/www.montalegre.org\/es\/2025\/08\/ilumina-con-la-luminaria-de-tu-fe\/#breadcrumb","itemListElement":[{"@type":"ListItem","position":1,"name":"Portada","item":"https:\/\/www.montalegre.org\/es\/"},{"@type":"ListItem","position":2,"name":"Ilumina con la luminaria de tu fe"}]},{"@type":"WebSite","@id":"https:\/\/www.montalegre.org\/es\/#website","url":"https:\/\/www.montalegre.org\/es\/","name":"Montalegre","description":"","potentialAction":[{"@type":"SearchAction","target":{"@type":"EntryPoint","urlTemplate":"https:\/\/www.montalegre.org\/es\/?s={search_term_string}"},"query-input":{"@type":"PropertyValueSpecification","valueRequired":true,"valueName":"search_term_string"}}],"inLanguage":"es"},{"@type":"Person","@id":"https:\/\/www.montalegre.org\/es\/#\/schema\/person\/fa12d4cf3a3f1735a9176b4fafd6a633","name":"montalegre","image":{"@type":"ImageObject","inLanguage":"es","@id":"https:\/\/www.montalegre.org\/es\/#\/schema\/person\/image\/","url":"https:\/\/secure.gravatar.com\/avatar\/fe6d886cf5081e723c666dceda1f12d4f39070fa2ed4e79695edc3ca355c9b5a?s=96&d=mm&r=g","contentUrl":"https:\/\/secure.gravatar.com\/avatar\/fe6d886cf5081e723c666dceda1f12d4f39070fa2ed4e79695edc3ca355c9b5a?s=96&d=mm&r=g","caption":"montalegre"},"url":"https:\/\/www.montalegre.org\/es\/author\/montalegre\/"}]}},"_links":{"self":[{"href":"https:\/\/www.montalegre.org\/es\/wp-json\/wp\/v2\/posts\/18922","targetHints":{"allow":["GET"]}}],"collection":[{"href":"https:\/\/www.montalegre.org\/es\/wp-json\/wp\/v2\/posts"}],"about":[{"href":"https:\/\/www.montalegre.org\/es\/wp-json\/wp\/v2\/types\/post"}],"author":[{"embeddable":true,"href":"https:\/\/www.montalegre.org\/es\/wp-json\/wp\/v2\/users\/4"}],"replies":[{"embeddable":true,"href":"https:\/\/www.montalegre.org\/es\/wp-json\/wp\/v2\/comments?post=18922"}],"version-history":[{"count":1,"href":"https:\/\/www.montalegre.org\/es\/wp-json\/wp\/v2\/posts\/18922\/revisions"}],"predecessor-version":[{"id":18923,"href":"https:\/\/www.montalegre.org\/es\/wp-json\/wp\/v2\/posts\/18922\/revisions\/18923"}],"wp:attachment":[{"href":"https:\/\/www.montalegre.org\/es\/wp-json\/wp\/v2\/media?parent=18922"}],"wp:term":[{"taxonomy":"category","embeddable":true,"href":"https:\/\/www.montalegre.org\/es\/wp-json\/wp\/v2\/categories?post=18922"},{"taxonomy":"post_tag","embeddable":true,"href":"https:\/\/www.montalegre.org\/es\/wp-json\/wp\/v2\/tags?post=18922"}],"curies":[{"name":"wp","href":"https:\/\/api.w.org\/{rel}","templated":true}]}}