{"id":18777,"date":"2025-05-25T16:49:43","date_gmt":"2025-05-25T16:49:43","guid":{"rendered":"https:\/\/www.montalegre.org\/?p=18777"},"modified":"2025-05-25T16:49:43","modified_gmt":"2025-05-25T16:49:43","slug":"nos-vamos-a-polonia-siguiendo-los-pasos-de-san-juan-pablo-ii-del-20-al-26-de-agosto-de-2025","status":"publish","type":"post","link":"https:\/\/www.montalegre.org\/es\/2025\/05\/nos-vamos-a-polonia-siguiendo-los-pasos-de-san-juan-pablo-ii-del-20-al-26-de-agosto-de-2025\/","title":{"rendered":"Nos vamos a Polonia siguiendo los pasos de san Juan Pablo II del 20 al 26 de agosto de 2025"},"content":{"rendered":"<p>La Iglesia de Santa Mar\u00eda de Montalegre junto a la agencia de viajes RT CULTURAL organizamos una peregrinaci\u00f3n para el pr\u00f3ximo verano. Se trata del mismo recorrido que planteamos en el verano del a\u00f1o 2020 que por las razones conocidas de la pandemia del covid19 tuvo que suspenderse.<\/p>\n<p>As\u00ed que ahora lanzamos de nuevo esta propuesta tan interesante como conmovedora. Como tal peregrinaci\u00f3n est\u00e1 prevista la celebraci\u00f3n de la Eucarist\u00eda en diferentes iglesias de la ruta a trav\u00e9s del gran pa\u00eds que es Polonia y en los lugares de culto que sean templo jubilar el sacerdote que nos acompa\u00f1ar\u00e1 celebrar\u00e1 el rito jubilar. Rezaremos tambi\u00e9n el santo rosario diariamente. Adem\u00e1s, recorreremos lugares emblem\u00e1ticos y tur\u00edsticos de dicho pa\u00eds.<a href=\"https:\/\/www.montalegre.org\/wp-content\/uploads\/2025\/05\/Juan-Pablo-II-en-Jasna-Gora-204x300-1.jpg\"><img loading=\"lazy\" decoding=\"async\" class=\"alignright size-full wp-image-18773\" src=\"https:\/\/www.montalegre.org\/wp-content\/uploads\/2025\/05\/Juan-Pablo-II-en-Jasna-Gora-204x300-1.jpg\" alt=\"\" width=\"204\" height=\"300\" \/><\/a><\/p>\n<p>&nbsp;<\/p>\n<p><strong>BREVE RESUMEN DEL PLAN DE VIAJE<\/strong><\/p>\n<p>Del mi\u00e9rcoles 20 de agosto al martes 27 de agosto de 2025, con gu\u00eda de parla hispana durante toda la estancia en Polonia y autocar privado.<\/p>\n<p><em>Primer d\u00eda de viaje<\/em>: Saldremos de Barcelona en vuelo regular en direcci\u00f3n Varsovia. All\u00ed haremos transbordo tomando otro vuelo con destino Cracovia. A continuaci\u00f3n, traslado en autocar hasta el hotel donde cenaremos y nos alojaremos.<\/p>\n<p><em>Segundo d\u00eda de viaje<\/em>: Visitaremos Cracovia, ciudad en la cual san Juan Pablo II vivi\u00f3 cuarenta a\u00f1os.<\/p>\n<p><em>Tercer d\u00eda de viaje<\/em>: Seguiremos en Cracovia, visitaremos las famosas Minas de Sal en Wielizka y en Oswiecin el campo de concentraci\u00f3n Auschwitz.<\/p>\n<p><em>Cuarto d\u00eda de viaje<\/em>: Saldremos de Cracovia con destino a Wadowice, pueblo donde naci\u00f3 san Juan Pablo II y visitaremos la Casa del Santo Padre y la Iglesia de la Sant\u00edsima Virgen donde fue bautizado. Por la tarde, nos dirigiremos a Czestochowa donde nos alejaremos.<\/p>\n<p><em>Quinto d\u00eda de viaje:<\/em> En Czestochowa visitaremos el complejo mon\u00e1stico de los padres paulinos en el santuario cat\u00f3lico de Jasna Gora considerado el centro de peregrinaci\u00f3n de Polonia. All\u00ed rezaremos ante el Icono de la Virgen Negra o Virgen de Czestochowa. Por la tarde nos dirigiremos a Varsovia donde nos alojaremos.<\/p>\n<p><em>Sexto d\u00eda de viaje<\/em>: Visitaremos la capital del pa\u00eds, Varsovia.<\/p>\n<p><em>S\u00e9ptimo d\u00eda de viaje<\/em>: Traslado al aeropuerto para salir en el vuelo regular con destino a Barcelona. A su llegada se dar\u00e1 por finalizada la peregrinaci\u00f3n.<\/p>\n<p>&nbsp;<\/p>\n<p><strong>PROGRAMA DE LA PEREGRINACI\u00d3N<\/strong><\/p>\n<p>A continuaci\u00f3n, las personas interesadas en esta peregrinaci\u00f3n pod\u00e9is descargaros el programa ampliamente detallado por RT CULTURAL, tanto los lugares que visitaremos, donde se celebrar\u00e1 la eucarist\u00eda, los hoteles, los precios seg\u00fan el n\u00famero de personas que se inscriban y paguen y muchos detalles m\u00e1s.<\/p>\n<p><strong>Para cualquier informaci\u00f3n e inscripciones se han de dirigir a RT CULTURAL, tel\u00e9fono 931226700.<\/strong><\/p>\n<p><a href=\"https:\/\/www.montalegre.org\/wp-content\/uploads\/2025\/05\/RT27-2025-GRUPO-MONTALEGRE-POLONIA-20-26-AGOSTO-7-DIAS-.pdf\">RT27-2025 GRUPO MONTALEGRE POLONIA 20 &#8211; 26 AGOSTO 7 DIAS<\/a><\/p>\n","protected":false},"excerpt":{"rendered":"<p>La Iglesia de Santa Mar\u00eda de Montalegre junto a la agencia de viajes RT CULTURAL organizamos una peregrinaci\u00f3n para el pr\u00f3ximo verano. Se trata del mismo recorrido que planteamos en el verano del a\u00f1o 2020 que por las razones conocidas de la pandemia del covid19 tuvo que suspenderse. As\u00ed que ahora lanzamos de nuevo esta [&hellip;]<\/p>\n","protected":false},"author":4,"featured_media":18775,"comment_status":"open","ping_status":"open","sticky":false,"template":"","format":"standard","meta":{"footnotes":""},"categories":[31],"tags":[],"class_list":["post-18777","post","type-post","status-publish","format-standard","has-post-thumbnail","hentry","category-actualidad"],"yoast_head":"<!-- This site is optimized with the Yoast SEO plugin v27.1.1 - https:\/\/yoast.com\/product\/yoast-seo-wordpress\/ -->\n<title>Nos vamos a Polonia siguiendo los pasos de san Juan Pablo II del 20 al 26 de agosto de 2025 - Montalegre<\/title>\n<meta name=\"robots\" content=\"index, follow, max-snippet:-1, max-image-preview:large, max-video-preview:-1\" \/>\n<link rel=\"canonical\" href=\"https:\/\/www.montalegre.org\/es\/2025\/05\/nos-vamos-a-polonia-siguiendo-los-pasos-de-san-juan-pablo-ii-del-20-al-26-de-agosto-de-2025\/\" \/>\n<meta property=\"og:locale\" content=\"es_ES\" \/>\n<meta property=\"og:type\" content=\"article\" \/>\n<meta property=\"og:title\" content=\"Nos vamos a Polonia siguiendo los pasos de san Juan Pablo II del 20 al 26 de agosto de 2025 - Montalegre\" \/>\n<meta property=\"og:description\" content=\"La Iglesia de Santa Mar\u00eda de Montalegre junto a la agencia de viajes RT CULTURAL organizamos una peregrinaci\u00f3n para el pr\u00f3ximo verano. Se trata del mismo recorrido que planteamos en el verano del a\u00f1o 2020 que por las razones conocidas de la pandemia del covid19 tuvo que suspenderse. As\u00ed que ahora lanzamos de nuevo esta [&hellip;]\" \/>\n<meta property=\"og:url\" content=\"https:\/\/www.montalegre.org\/es\/2025\/05\/nos-vamos-a-polonia-siguiendo-los-pasos-de-san-juan-pablo-ii-del-20-al-26-de-agosto-de-2025\/\" \/>\n<meta property=\"og:site_name\" content=\"Montalegre\" \/>\n<meta property=\"article:published_time\" content=\"2025-05-25T16:49:43+00:00\" \/>\n<meta property=\"og:image\" content=\"https:\/\/www.montalegre.org\/wp-content\/uploads\/2025\/05\/papa-juan-pablo-polonia-comunistas-3-kurE-1248x698@abc.webp\" \/>\n\t<meta property=\"og:image:width\" content=\"1247\" \/>\n\t<meta property=\"og:image:height\" content=\"698\" \/>\n\t<meta property=\"og:image:type\" content=\"image\/webp\" \/>\n<meta name=\"author\" content=\"montalegre\" \/>\n<meta name=\"twitter:card\" content=\"summary_large_image\" \/>\n<meta name=\"twitter:label1\" content=\"Escrito por\" \/>\n\t<meta name=\"twitter:data1\" content=\"montalegre\" \/>\n\t<meta name=\"twitter:label2\" content=\"Tiempo de lectura\" \/>\n\t<meta name=\"twitter:data2\" content=\"3 minutos\" \/>\n<script type=\"application\/ld+json\" class=\"yoast-schema-graph\">{\"@context\":\"https:\/\/schema.org\",\"@graph\":[{\"@type\":\"Article\",\"@id\":\"https:\/\/www.montalegre.org\/es\/2025\/05\/nos-vamos-a-polonia-siguiendo-los-pasos-de-san-juan-pablo-ii-del-20-al-26-de-agosto-de-2025\/#article\",\"isPartOf\":{\"@id\":\"https:\/\/www.montalegre.org\/es\/2025\/05\/nos-vamos-a-polonia-siguiendo-los-pasos-de-san-juan-pablo-ii-del-20-al-26-de-agosto-de-2025\/\"},\"author\":{\"name\":\"montalegre\",\"@id\":\"https:\/\/www.montalegre.org\/es\/#\/schema\/person\/fa12d4cf3a3f1735a9176b4fafd6a633\"},\"headline\":\"Nos vamos a Polonia siguiendo los pasos de san Juan Pablo II del 20 al 26 de agosto de 2025\",\"datePublished\":\"2025-05-25T16:49:43+00:00\",\"mainEntityOfPage\":{\"@id\":\"https:\/\/www.montalegre.org\/es\/2025\/05\/nos-vamos-a-polonia-siguiendo-los-pasos-de-san-juan-pablo-ii-del-20-al-26-de-agosto-de-2025\/\"},\"wordCount\":487,\"commentCount\":0,\"image\":{\"@id\":\"https:\/\/www.montalegre.org\/es\/2025\/05\/nos-vamos-a-polonia-siguiendo-los-pasos-de-san-juan-pablo-ii-del-20-al-26-de-agosto-de-2025\/#primaryimage\"},\"thumbnailUrl\":\"https:\/\/www.montalegre.org\/wp-content\/uploads\/2025\/05\/papa-juan-pablo-polonia-comunistas-3-kurE-1248x698@abc.webp\",\"articleSection\":[\"Actualidad\"],\"inLanguage\":\"es\",\"potentialAction\":[{\"@type\":\"CommentAction\",\"name\":\"Comment\",\"target\":[\"https:\/\/www.montalegre.org\/es\/2025\/05\/nos-vamos-a-polonia-siguiendo-los-pasos-de-san-juan-pablo-ii-del-20-al-26-de-agosto-de-2025\/#respond\"]}]},{\"@type\":\"WebPage\",\"@id\":\"https:\/\/www.montalegre.org\/es\/2025\/05\/nos-vamos-a-polonia-siguiendo-los-pasos-de-san-juan-pablo-ii-del-20-al-26-de-agosto-de-2025\/\",\"url\":\"https:\/\/www.montalegre.org\/es\/2025\/05\/nos-vamos-a-polonia-siguiendo-los-pasos-de-san-juan-pablo-ii-del-20-al-26-de-agosto-de-2025\/\",\"name\":\"Nos vamos a Polonia siguiendo los pasos de san Juan Pablo II del 20 al 26 de agosto de 2025 - Montalegre\",\"isPartOf\":{\"@id\":\"https:\/\/www.montalegre.org\/es\/#website\"},\"primaryImageOfPage\":{\"@id\":\"https:\/\/www.montalegre.org\/es\/2025\/05\/nos-vamos-a-polonia-siguiendo-los-pasos-de-san-juan-pablo-ii-del-20-al-26-de-agosto-de-2025\/#primaryimage\"},\"image\":{\"@id\":\"https:\/\/www.montalegre.org\/es\/2025\/05\/nos-vamos-a-polonia-siguiendo-los-pasos-de-san-juan-pablo-ii-del-20-al-26-de-agosto-de-2025\/#primaryimage\"},\"thumbnailUrl\":\"https:\/\/www.montalegre.org\/wp-content\/uploads\/2025\/05\/papa-juan-pablo-polonia-comunistas-3-kurE-1248x698@abc.webp\",\"datePublished\":\"2025-05-25T16:49:43+00:00\",\"author\":{\"@id\":\"https:\/\/www.montalegre.org\/es\/#\/schema\/person\/fa12d4cf3a3f1735a9176b4fafd6a633\"},\"breadcrumb\":{\"@id\":\"https:\/\/www.montalegre.org\/es\/2025\/05\/nos-vamos-a-polonia-siguiendo-los-pasos-de-san-juan-pablo-ii-del-20-al-26-de-agosto-de-2025\/#breadcrumb\"},\"inLanguage\":\"es\",\"potentialAction\":[{\"@type\":\"ReadAction\",\"target\":[\"https:\/\/www.montalegre.org\/es\/2025\/05\/nos-vamos-a-polonia-siguiendo-los-pasos-de-san-juan-pablo-ii-del-20-al-26-de-agosto-de-2025\/\"]}]},{\"@type\":\"ImageObject\",\"inLanguage\":\"es\",\"@id\":\"https:\/\/www.montalegre.org\/es\/2025\/05\/nos-vamos-a-polonia-siguiendo-los-pasos-de-san-juan-pablo-ii-del-20-al-26-de-agosto-de-2025\/#primaryimage\",\"url\":\"https:\/\/www.montalegre.org\/wp-content\/uploads\/2025\/05\/papa-juan-pablo-polonia-comunistas-3-kurE-1248x698@abc.webp\",\"contentUrl\":\"https:\/\/www.montalegre.org\/wp-content\/uploads\/2025\/05\/papa-juan-pablo-polonia-comunistas-3-kurE-1248x698@abc.webp\",\"width\":1247,\"height\":698},{\"@type\":\"BreadcrumbList\",\"@id\":\"https:\/\/www.montalegre.org\/es\/2025\/05\/nos-vamos-a-polonia-siguiendo-los-pasos-de-san-juan-pablo-ii-del-20-al-26-de-agosto-de-2025\/#breadcrumb\",\"itemListElement\":[{\"@type\":\"ListItem\",\"position\":1,\"name\":\"Portada\",\"item\":\"https:\/\/www.montalegre.org\/es\/\"},{\"@type\":\"ListItem\",\"position\":2,\"name\":\"Nos vamos a Polonia siguiendo los pasos de san Juan Pablo II del 20 al 26 de agosto de 2025\"}]},{\"@type\":\"WebSite\",\"@id\":\"https:\/\/www.montalegre.org\/es\/#website\",\"url\":\"https:\/\/www.montalegre.org\/es\/\",\"name\":\"Montalegre\",\"description\":\"\",\"potentialAction\":[{\"@type\":\"SearchAction\",\"target\":{\"@type\":\"EntryPoint\",\"urlTemplate\":\"https:\/\/www.montalegre.org\/es\/?s={search_term_string}\"},\"query-input\":{\"@type\":\"PropertyValueSpecification\",\"valueRequired\":true,\"valueName\":\"search_term_string\"}}],\"inLanguage\":\"es\"},{\"@type\":\"Person\",\"@id\":\"https:\/\/www.montalegre.org\/es\/#\/schema\/person\/fa12d4cf3a3f1735a9176b4fafd6a633\",\"name\":\"montalegre\",\"image\":{\"@type\":\"ImageObject\",\"inLanguage\":\"es\",\"@id\":\"https:\/\/www.montalegre.org\/es\/#\/schema\/person\/image\/\",\"url\":\"https:\/\/secure.gravatar.com\/avatar\/fe6d886cf5081e723c666dceda1f12d4f39070fa2ed4e79695edc3ca355c9b5a?s=96&d=mm&r=g\",\"contentUrl\":\"https:\/\/secure.gravatar.com\/avatar\/fe6d886cf5081e723c666dceda1f12d4f39070fa2ed4e79695edc3ca355c9b5a?s=96&d=mm&r=g\",\"caption\":\"montalegre\"},\"url\":\"https:\/\/www.montalegre.org\/es\/author\/montalegre\/\"}]}<\/script>\n<!-- \/ Yoast SEO plugin. -->","yoast_head_json":{"title":"Nos vamos a Polonia siguiendo los pasos de san Juan Pablo II del 20 al 26 de agosto de 2025 - Montalegre","robots":{"index":"index","follow":"follow","max-snippet":"max-snippet:-1","max-image-preview":"max-image-preview:large","max-video-preview":"max-video-preview:-1"},"canonical":"https:\/\/www.montalegre.org\/es\/2025\/05\/nos-vamos-a-polonia-siguiendo-los-pasos-de-san-juan-pablo-ii-del-20-al-26-de-agosto-de-2025\/","og_locale":"es_ES","og_type":"article","og_title":"Nos vamos a Polonia siguiendo los pasos de san Juan Pablo II del 20 al 26 de agosto de 2025 - Montalegre","og_description":"La Iglesia de Santa Mar\u00eda de Montalegre junto a la agencia de viajes RT CULTURAL organizamos una peregrinaci\u00f3n para el pr\u00f3ximo verano. Se trata del mismo recorrido que planteamos en el verano del a\u00f1o 2020 que por las razones conocidas de la pandemia del covid19 tuvo que suspenderse. As\u00ed que ahora lanzamos de nuevo esta [&hellip;]","og_url":"https:\/\/www.montalegre.org\/es\/2025\/05\/nos-vamos-a-polonia-siguiendo-los-pasos-de-san-juan-pablo-ii-del-20-al-26-de-agosto-de-2025\/","og_site_name":"Montalegre","article_published_time":"2025-05-25T16:49:43+00:00","og_image":[{"width":1247,"height":698,"url":"https:\/\/www.montalegre.org\/wp-content\/uploads\/2025\/05\/papa-juan-pablo-polonia-comunistas-3-kurE-1248x698@abc.webp","type":"image\/webp"}],"author":"montalegre","twitter_card":"summary_large_image","twitter_misc":{"Escrito por":"montalegre","Tiempo de lectura":"3 minutos"},"schema":{"@context":"https:\/\/schema.org","@graph":[{"@type":"Article","@id":"https:\/\/www.montalegre.org\/es\/2025\/05\/nos-vamos-a-polonia-siguiendo-los-pasos-de-san-juan-pablo-ii-del-20-al-26-de-agosto-de-2025\/#article","isPartOf":{"@id":"https:\/\/www.montalegre.org\/es\/2025\/05\/nos-vamos-a-polonia-siguiendo-los-pasos-de-san-juan-pablo-ii-del-20-al-26-de-agosto-de-2025\/"},"author":{"name":"montalegre","@id":"https:\/\/www.montalegre.org\/es\/#\/schema\/person\/fa12d4cf3a3f1735a9176b4fafd6a633"},"headline":"Nos vamos a Polonia siguiendo los pasos de san Juan Pablo II del 20 al 26 de agosto de 2025","datePublished":"2025-05-25T16:49:43+00:00","mainEntityOfPage":{"@id":"https:\/\/www.montalegre.org\/es\/2025\/05\/nos-vamos-a-polonia-siguiendo-los-pasos-de-san-juan-pablo-ii-del-20-al-26-de-agosto-de-2025\/"},"wordCount":487,"commentCount":0,"image":{"@id":"https:\/\/www.montalegre.org\/es\/2025\/05\/nos-vamos-a-polonia-siguiendo-los-pasos-de-san-juan-pablo-ii-del-20-al-26-de-agosto-de-2025\/#primaryimage"},"thumbnailUrl":"https:\/\/www.montalegre.org\/wp-content\/uploads\/2025\/05\/papa-juan-pablo-polonia-comunistas-3-kurE-1248x698@abc.webp","articleSection":["Actualidad"],"inLanguage":"es","potentialAction":[{"@type":"CommentAction","name":"Comment","target":["https:\/\/www.montalegre.org\/es\/2025\/05\/nos-vamos-a-polonia-siguiendo-los-pasos-de-san-juan-pablo-ii-del-20-al-26-de-agosto-de-2025\/#respond"]}]},{"@type":"WebPage","@id":"https:\/\/www.montalegre.org\/es\/2025\/05\/nos-vamos-a-polonia-siguiendo-los-pasos-de-san-juan-pablo-ii-del-20-al-26-de-agosto-de-2025\/","url":"https:\/\/www.montalegre.org\/es\/2025\/05\/nos-vamos-a-polonia-siguiendo-los-pasos-de-san-juan-pablo-ii-del-20-al-26-de-agosto-de-2025\/","name":"Nos vamos a Polonia siguiendo los pasos de san Juan Pablo II del 20 al 26 de agosto de 2025 - Montalegre","isPartOf":{"@id":"https:\/\/www.montalegre.org\/es\/#website"},"primaryImageOfPage":{"@id":"https:\/\/www.montalegre.org\/es\/2025\/05\/nos-vamos-a-polonia-siguiendo-los-pasos-de-san-juan-pablo-ii-del-20-al-26-de-agosto-de-2025\/#primaryimage"},"image":{"@id":"https:\/\/www.montalegre.org\/es\/2025\/05\/nos-vamos-a-polonia-siguiendo-los-pasos-de-san-juan-pablo-ii-del-20-al-26-de-agosto-de-2025\/#primaryimage"},"thumbnailUrl":"https:\/\/www.montalegre.org\/wp-content\/uploads\/2025\/05\/papa-juan-pablo-polonia-comunistas-3-kurE-1248x698@abc.webp","datePublished":"2025-05-25T16:49:43+00:00","author":{"@id":"https:\/\/www.montalegre.org\/es\/#\/schema\/person\/fa12d4cf3a3f1735a9176b4fafd6a633"},"breadcrumb":{"@id":"https:\/\/www.montalegre.org\/es\/2025\/05\/nos-vamos-a-polonia-siguiendo-los-pasos-de-san-juan-pablo-ii-del-20-al-26-de-agosto-de-2025\/#breadcrumb"},"inLanguage":"es","potentialAction":[{"@type":"ReadAction","target":["https:\/\/www.montalegre.org\/es\/2025\/05\/nos-vamos-a-polonia-siguiendo-los-pasos-de-san-juan-pablo-ii-del-20-al-26-de-agosto-de-2025\/"]}]},{"@type":"ImageObject","inLanguage":"es","@id":"https:\/\/www.montalegre.org\/es\/2025\/05\/nos-vamos-a-polonia-siguiendo-los-pasos-de-san-juan-pablo-ii-del-20-al-26-de-agosto-de-2025\/#primaryimage","url":"https:\/\/www.montalegre.org\/wp-content\/uploads\/2025\/05\/papa-juan-pablo-polonia-comunistas-3-kurE-1248x698@abc.webp","contentUrl":"https:\/\/www.montalegre.org\/wp-content\/uploads\/2025\/05\/papa-juan-pablo-polonia-comunistas-3-kurE-1248x698@abc.webp","width":1247,"height":698},{"@type":"BreadcrumbList","@id":"https:\/\/www.montalegre.org\/es\/2025\/05\/nos-vamos-a-polonia-siguiendo-los-pasos-de-san-juan-pablo-ii-del-20-al-26-de-agosto-de-2025\/#breadcrumb","itemListElement":[{"@type":"ListItem","position":1,"name":"Portada","item":"https:\/\/www.montalegre.org\/es\/"},{"@type":"ListItem","position":2,"name":"Nos vamos a Polonia siguiendo los pasos de san Juan Pablo II del 20 al 26 de agosto de 2025"}]},{"@type":"WebSite","@id":"https:\/\/www.montalegre.org\/es\/#website","url":"https:\/\/www.montalegre.org\/es\/","name":"Montalegre","description":"","potentialAction":[{"@type":"SearchAction","target":{"@type":"EntryPoint","urlTemplate":"https:\/\/www.montalegre.org\/es\/?s={search_term_string}"},"query-input":{"@type":"PropertyValueSpecification","valueRequired":true,"valueName":"search_term_string"}}],"inLanguage":"es"},{"@type":"Person","@id":"https:\/\/www.montalegre.org\/es\/#\/schema\/person\/fa12d4cf3a3f1735a9176b4fafd6a633","name":"montalegre","image":{"@type":"ImageObject","inLanguage":"es","@id":"https:\/\/www.montalegre.org\/es\/#\/schema\/person\/image\/","url":"https:\/\/secure.gravatar.com\/avatar\/fe6d886cf5081e723c666dceda1f12d4f39070fa2ed4e79695edc3ca355c9b5a?s=96&d=mm&r=g","contentUrl":"https:\/\/secure.gravatar.com\/avatar\/fe6d886cf5081e723c666dceda1f12d4f39070fa2ed4e79695edc3ca355c9b5a?s=96&d=mm&r=g","caption":"montalegre"},"url":"https:\/\/www.montalegre.org\/es\/author\/montalegre\/"}]}},"_links":{"self":[{"href":"https:\/\/www.montalegre.org\/es\/wp-json\/wp\/v2\/posts\/18777","targetHints":{"allow":["GET"]}}],"collection":[{"href":"https:\/\/www.montalegre.org\/es\/wp-json\/wp\/v2\/posts"}],"about":[{"href":"https:\/\/www.montalegre.org\/es\/wp-json\/wp\/v2\/types\/post"}],"author":[{"embeddable":true,"href":"https:\/\/www.montalegre.org\/es\/wp-json\/wp\/v2\/users\/4"}],"replies":[{"embeddable":true,"href":"https:\/\/www.montalegre.org\/es\/wp-json\/wp\/v2\/comments?post=18777"}],"version-history":[{"count":1,"href":"https:\/\/www.montalegre.org\/es\/wp-json\/wp\/v2\/posts\/18777\/revisions"}],"predecessor-version":[{"id":18778,"href":"https:\/\/www.montalegre.org\/es\/wp-json\/wp\/v2\/posts\/18777\/revisions\/18778"}],"wp:featuredmedia":[{"embeddable":true,"href":"https:\/\/www.montalegre.org\/es\/wp-json\/wp\/v2\/media\/18775"}],"wp:attachment":[{"href":"https:\/\/www.montalegre.org\/es\/wp-json\/wp\/v2\/media?parent=18777"}],"wp:term":[{"taxonomy":"category","embeddable":true,"href":"https:\/\/www.montalegre.org\/es\/wp-json\/wp\/v2\/categories?post=18777"},{"taxonomy":"post_tag","embeddable":true,"href":"https:\/\/www.montalegre.org\/es\/wp-json\/wp\/v2\/tags?post=18777"}],"curies":[{"name":"wp","href":"https:\/\/api.w.org\/{rel}","templated":true}]}}