{"id":18560,"date":"2025-03-17T18:38:20","date_gmt":"2025-03-17T18:38:20","guid":{"rendered":"https:\/\/www.montalegre.org\/?p=18560"},"modified":"2025-03-17T18:40:08","modified_gmt":"2025-03-17T18:40:08","slug":"el-cami-quaresmal-a-lany-sant","status":"publish","type":"post","link":"https:\/\/www.montalegre.org\/es\/2025\/03\/el-cami-quaresmal-a-lany-sant\/","title":{"rendered":"El camino cuaresmal en el a\u00f1o santo"},"content":{"rendered":"<p>Iniciamos la cuaresma en este a\u00f1o santo y por eso os propongo que os la plante\u00e9is como un camino a recorrer con verdadero esp\u00edritu de conversi\u00f3n y penitencia personal. El camino cuaresmal siempre nos invita a la conversi\u00f3n del mismo modo que lo hace el a\u00f1o jubilar. Tenemos una doble motivaci\u00f3n para que esta cuaresma suponga un aut\u00e9ntico encuentro con el amor misericordioso de Dios.<\/p>\n<p>La Iglesia nos invita siempre en este tiempo a reencontrarnos con Cristo mediante la oraci\u00f3n, el sacrificio y las obras de caridad, que nos facilitan reconocer nuestros pecados y nos llevan al arrepentimiento y la contrici\u00f3n, que culmina en el abrazo paterno y materno de Dios en el fabuloso sacramento del perd\u00f3n. De esta manera, nuestra alma queda limpia y purificada para poder unirse a Cristo en su Pasi\u00f3n y muerte y gozar con \u00c9l en su Resurrecci\u00f3n.<\/p>\n<p>El camino cuaresmal que procuraremos recorrer en este a\u00f1o santo nos conduce a la penitencia que proviene de la palabra griega <em>metanoia<\/em> que en la Biblia significa la conversi\u00f3n (cambio espiritual) del pecador. La penitencia hace referencia a todo un conjunto de actos interiores y exteriores dirigidos a la reparaci\u00f3n del pecado cometido, y el estado de cosas que resulta de ello para el pecador. Supone un cambio de vida, ya que es un acto del pecador por el que vuelve a Dios despu\u00e9s de haber estado alejado de \u00c9l. De ah\u00ed, que este a\u00f1o jubilar sea una gran ocasi\u00f3n para crecer en ese esp\u00edritu de penitencia que tanto nos ayuda a acercarnos m\u00e1s a Dios, a manifestarle nuestro agradecimiento y amor por su entrega total a los hombres.<\/p>\n<p>Tal como nos ense\u00f1a el Catecismo de la Iglesia Cat\u00f3lica: \u201cLa penitencia interior del cristiano puede tener expresiones muy variadas. La Escritura y los Padres insisten sobre todo en tres formas: el ayuno, la oraci\u00f3n, la limosna, que expresan la conversi\u00f3n con relaci\u00f3n a s\u00ed mismo, con relaci\u00f3n a Dios y con relaci\u00f3n a los dem\u00e1s (n. 1434)\u201d. Busquemos, con la ayuda de la Virgen Mar\u00eda y de San Jos\u00e9, la mejor manera de recorrer este camino cuaresmal.<\/p>\n<p>Mn. Xavier Argelich<\/p>\n","protected":false},"excerpt":{"rendered":"<p>Iniciamos la cuaresma en este a\u00f1o santo y por eso os propongo que os la plante\u00e9is como un camino a recorrer con verdadero esp\u00edritu de conversi\u00f3n y penitencia personal. El camino cuaresmal siempre nos invita a la conversi\u00f3n del mismo modo que lo hace el a\u00f1o jubilar. Tenemos una doble motivaci\u00f3n para que esta cuaresma [&hellip;]<\/p>\n","protected":false},"author":4,"featured_media":0,"comment_status":"open","ping_status":"open","sticky":false,"template":"","format":"standard","meta":{"footnotes":""},"categories":[52],"tags":[],"class_list":["post-18560","post","type-post","status-publish","format-standard","hentry","category-editorial"],"yoast_head":"<!-- This site is optimized with the Yoast SEO plugin v27.1.1 - https:\/\/yoast.com\/product\/yoast-seo-wordpress\/ -->\n<title>El camino cuaresmal en el a\u00f1o santo - Montalegre<\/title>\n<meta name=\"robots\" content=\"index, follow, max-snippet:-1, max-image-preview:large, max-video-preview:-1\" \/>\n<link rel=\"canonical\" href=\"https:\/\/www.montalegre.org\/es\/2025\/03\/el-cami-quaresmal-a-lany-sant\/\" \/>\n<meta property=\"og:locale\" content=\"es_ES\" \/>\n<meta property=\"og:type\" content=\"article\" \/>\n<meta property=\"og:title\" content=\"El camino cuaresmal en el a\u00f1o santo - Montalegre\" \/>\n<meta property=\"og:description\" content=\"Iniciamos la cuaresma en este a\u00f1o santo y por eso os propongo que os la plante\u00e9is como un camino a recorrer con verdadero esp\u00edritu de conversi\u00f3n y penitencia personal. El camino cuaresmal siempre nos invita a la conversi\u00f3n del mismo modo que lo hace el a\u00f1o jubilar. Tenemos una doble motivaci\u00f3n para que esta cuaresma [&hellip;]\" \/>\n<meta property=\"og:url\" content=\"https:\/\/www.montalegre.org\/es\/2025\/03\/el-cami-quaresmal-a-lany-sant\/\" \/>\n<meta property=\"og:site_name\" content=\"Montalegre\" \/>\n<meta property=\"article:published_time\" content=\"2025-03-17T18:38:20+00:00\" \/>\n<meta property=\"article:modified_time\" content=\"2025-03-17T18:40:08+00:00\" \/>\n<meta name=\"author\" content=\"montalegre\" \/>\n<meta name=\"twitter:card\" content=\"summary_large_image\" \/>\n<meta name=\"twitter:label1\" content=\"Escrito por\" \/>\n\t<meta name=\"twitter:data1\" content=\"montalegre\" \/>\n\t<meta name=\"twitter:label2\" content=\"Tiempo de lectura\" \/>\n\t<meta name=\"twitter:data2\" content=\"2 minutos\" \/>\n<script type=\"application\/ld+json\" class=\"yoast-schema-graph\">{\"@context\":\"https:\/\/schema.org\",\"@graph\":[{\"@type\":\"Article\",\"@id\":\"https:\/\/www.montalegre.org\/es\/2025\/03\/el-cami-quaresmal-a-lany-sant\/#article\",\"isPartOf\":{\"@id\":\"https:\/\/www.montalegre.org\/es\/2025\/03\/el-cami-quaresmal-a-lany-sant\/\"},\"author\":{\"name\":\"montalegre\",\"@id\":\"https:\/\/www.montalegre.org\/es\/#\/schema\/person\/fa12d4cf3a3f1735a9176b4fafd6a633\"},\"headline\":\"El camino cuaresmal en el a\u00f1o santo\",\"datePublished\":\"2025-03-17T18:38:20+00:00\",\"dateModified\":\"2025-03-17T18:40:08+00:00\",\"mainEntityOfPage\":{\"@id\":\"https:\/\/www.montalegre.org\/es\/2025\/03\/el-cami-quaresmal-a-lany-sant\/\"},\"wordCount\":390,\"commentCount\":0,\"articleSection\":[\"Editorial\"],\"inLanguage\":\"es\",\"potentialAction\":[{\"@type\":\"CommentAction\",\"name\":\"Comment\",\"target\":[\"https:\/\/www.montalegre.org\/es\/2025\/03\/el-cami-quaresmal-a-lany-sant\/#respond\"]}]},{\"@type\":\"WebPage\",\"@id\":\"https:\/\/www.montalegre.org\/es\/2025\/03\/el-cami-quaresmal-a-lany-sant\/\",\"url\":\"https:\/\/www.montalegre.org\/es\/2025\/03\/el-cami-quaresmal-a-lany-sant\/\",\"name\":\"El camino cuaresmal en el a\u00f1o santo - Montalegre\",\"isPartOf\":{\"@id\":\"https:\/\/www.montalegre.org\/es\/#website\"},\"datePublished\":\"2025-03-17T18:38:20+00:00\",\"dateModified\":\"2025-03-17T18:40:08+00:00\",\"author\":{\"@id\":\"https:\/\/www.montalegre.org\/es\/#\/schema\/person\/fa12d4cf3a3f1735a9176b4fafd6a633\"},\"breadcrumb\":{\"@id\":\"https:\/\/www.montalegre.org\/es\/2025\/03\/el-cami-quaresmal-a-lany-sant\/#breadcrumb\"},\"inLanguage\":\"es\",\"potentialAction\":[{\"@type\":\"ReadAction\",\"target\":[\"https:\/\/www.montalegre.org\/es\/2025\/03\/el-cami-quaresmal-a-lany-sant\/\"]}]},{\"@type\":\"BreadcrumbList\",\"@id\":\"https:\/\/www.montalegre.org\/es\/2025\/03\/el-cami-quaresmal-a-lany-sant\/#breadcrumb\",\"itemListElement\":[{\"@type\":\"ListItem\",\"position\":1,\"name\":\"Portada\",\"item\":\"https:\/\/www.montalegre.org\/es\/\"},{\"@type\":\"ListItem\",\"position\":2,\"name\":\"El camino cuaresmal en el a\u00f1o santo\"}]},{\"@type\":\"WebSite\",\"@id\":\"https:\/\/www.montalegre.org\/es\/#website\",\"url\":\"https:\/\/www.montalegre.org\/es\/\",\"name\":\"Montalegre\",\"description\":\"\",\"potentialAction\":[{\"@type\":\"SearchAction\",\"target\":{\"@type\":\"EntryPoint\",\"urlTemplate\":\"https:\/\/www.montalegre.org\/es\/?s={search_term_string}\"},\"query-input\":{\"@type\":\"PropertyValueSpecification\",\"valueRequired\":true,\"valueName\":\"search_term_string\"}}],\"inLanguage\":\"es\"},{\"@type\":\"Person\",\"@id\":\"https:\/\/www.montalegre.org\/es\/#\/schema\/person\/fa12d4cf3a3f1735a9176b4fafd6a633\",\"name\":\"montalegre\",\"image\":{\"@type\":\"ImageObject\",\"inLanguage\":\"es\",\"@id\":\"https:\/\/www.montalegre.org\/es\/#\/schema\/person\/image\/\",\"url\":\"https:\/\/secure.gravatar.com\/avatar\/fe6d886cf5081e723c666dceda1f12d4f39070fa2ed4e79695edc3ca355c9b5a?s=96&d=mm&r=g\",\"contentUrl\":\"https:\/\/secure.gravatar.com\/avatar\/fe6d886cf5081e723c666dceda1f12d4f39070fa2ed4e79695edc3ca355c9b5a?s=96&d=mm&r=g\",\"caption\":\"montalegre\"},\"url\":\"https:\/\/www.montalegre.org\/es\/author\/montalegre\/\"}]}<\/script>\n<!-- \/ Yoast SEO plugin. -->","yoast_head_json":{"title":"El camino cuaresmal en el a\u00f1o santo - Montalegre","robots":{"index":"index","follow":"follow","max-snippet":"max-snippet:-1","max-image-preview":"max-image-preview:large","max-video-preview":"max-video-preview:-1"},"canonical":"https:\/\/www.montalegre.org\/es\/2025\/03\/el-cami-quaresmal-a-lany-sant\/","og_locale":"es_ES","og_type":"article","og_title":"El camino cuaresmal en el a\u00f1o santo - Montalegre","og_description":"Iniciamos la cuaresma en este a\u00f1o santo y por eso os propongo que os la plante\u00e9is como un camino a recorrer con verdadero esp\u00edritu de conversi\u00f3n y penitencia personal. El camino cuaresmal siempre nos invita a la conversi\u00f3n del mismo modo que lo hace el a\u00f1o jubilar. Tenemos una doble motivaci\u00f3n para que esta cuaresma [&hellip;]","og_url":"https:\/\/www.montalegre.org\/es\/2025\/03\/el-cami-quaresmal-a-lany-sant\/","og_site_name":"Montalegre","article_published_time":"2025-03-17T18:38:20+00:00","article_modified_time":"2025-03-17T18:40:08+00:00","author":"montalegre","twitter_card":"summary_large_image","twitter_misc":{"Escrito por":"montalegre","Tiempo de lectura":"2 minutos"},"schema":{"@context":"https:\/\/schema.org","@graph":[{"@type":"Article","@id":"https:\/\/www.montalegre.org\/es\/2025\/03\/el-cami-quaresmal-a-lany-sant\/#article","isPartOf":{"@id":"https:\/\/www.montalegre.org\/es\/2025\/03\/el-cami-quaresmal-a-lany-sant\/"},"author":{"name":"montalegre","@id":"https:\/\/www.montalegre.org\/es\/#\/schema\/person\/fa12d4cf3a3f1735a9176b4fafd6a633"},"headline":"El camino cuaresmal en el a\u00f1o santo","datePublished":"2025-03-17T18:38:20+00:00","dateModified":"2025-03-17T18:40:08+00:00","mainEntityOfPage":{"@id":"https:\/\/www.montalegre.org\/es\/2025\/03\/el-cami-quaresmal-a-lany-sant\/"},"wordCount":390,"commentCount":0,"articleSection":["Editorial"],"inLanguage":"es","potentialAction":[{"@type":"CommentAction","name":"Comment","target":["https:\/\/www.montalegre.org\/es\/2025\/03\/el-cami-quaresmal-a-lany-sant\/#respond"]}]},{"@type":"WebPage","@id":"https:\/\/www.montalegre.org\/es\/2025\/03\/el-cami-quaresmal-a-lany-sant\/","url":"https:\/\/www.montalegre.org\/es\/2025\/03\/el-cami-quaresmal-a-lany-sant\/","name":"El camino cuaresmal en el a\u00f1o santo - Montalegre","isPartOf":{"@id":"https:\/\/www.montalegre.org\/es\/#website"},"datePublished":"2025-03-17T18:38:20+00:00","dateModified":"2025-03-17T18:40:08+00:00","author":{"@id":"https:\/\/www.montalegre.org\/es\/#\/schema\/person\/fa12d4cf3a3f1735a9176b4fafd6a633"},"breadcrumb":{"@id":"https:\/\/www.montalegre.org\/es\/2025\/03\/el-cami-quaresmal-a-lany-sant\/#breadcrumb"},"inLanguage":"es","potentialAction":[{"@type":"ReadAction","target":["https:\/\/www.montalegre.org\/es\/2025\/03\/el-cami-quaresmal-a-lany-sant\/"]}]},{"@type":"BreadcrumbList","@id":"https:\/\/www.montalegre.org\/es\/2025\/03\/el-cami-quaresmal-a-lany-sant\/#breadcrumb","itemListElement":[{"@type":"ListItem","position":1,"name":"Portada","item":"https:\/\/www.montalegre.org\/es\/"},{"@type":"ListItem","position":2,"name":"El camino cuaresmal en el a\u00f1o santo"}]},{"@type":"WebSite","@id":"https:\/\/www.montalegre.org\/es\/#website","url":"https:\/\/www.montalegre.org\/es\/","name":"Montalegre","description":"","potentialAction":[{"@type":"SearchAction","target":{"@type":"EntryPoint","urlTemplate":"https:\/\/www.montalegre.org\/es\/?s={search_term_string}"},"query-input":{"@type":"PropertyValueSpecification","valueRequired":true,"valueName":"search_term_string"}}],"inLanguage":"es"},{"@type":"Person","@id":"https:\/\/www.montalegre.org\/es\/#\/schema\/person\/fa12d4cf3a3f1735a9176b4fafd6a633","name":"montalegre","image":{"@type":"ImageObject","inLanguage":"es","@id":"https:\/\/www.montalegre.org\/es\/#\/schema\/person\/image\/","url":"https:\/\/secure.gravatar.com\/avatar\/fe6d886cf5081e723c666dceda1f12d4f39070fa2ed4e79695edc3ca355c9b5a?s=96&d=mm&r=g","contentUrl":"https:\/\/secure.gravatar.com\/avatar\/fe6d886cf5081e723c666dceda1f12d4f39070fa2ed4e79695edc3ca355c9b5a?s=96&d=mm&r=g","caption":"montalegre"},"url":"https:\/\/www.montalegre.org\/es\/author\/montalegre\/"}]}},"_links":{"self":[{"href":"https:\/\/www.montalegre.org\/es\/wp-json\/wp\/v2\/posts\/18560","targetHints":{"allow":["GET"]}}],"collection":[{"href":"https:\/\/www.montalegre.org\/es\/wp-json\/wp\/v2\/posts"}],"about":[{"href":"https:\/\/www.montalegre.org\/es\/wp-json\/wp\/v2\/types\/post"}],"author":[{"embeddable":true,"href":"https:\/\/www.montalegre.org\/es\/wp-json\/wp\/v2\/users\/4"}],"replies":[{"embeddable":true,"href":"https:\/\/www.montalegre.org\/es\/wp-json\/wp\/v2\/comments?post=18560"}],"version-history":[{"count":3,"href":"https:\/\/www.montalegre.org\/es\/wp-json\/wp\/v2\/posts\/18560\/revisions"}],"predecessor-version":[{"id":18563,"href":"https:\/\/www.montalegre.org\/es\/wp-json\/wp\/v2\/posts\/18560\/revisions\/18563"}],"wp:attachment":[{"href":"https:\/\/www.montalegre.org\/es\/wp-json\/wp\/v2\/media?parent=18560"}],"wp:term":[{"taxonomy":"category","embeddable":true,"href":"https:\/\/www.montalegre.org\/es\/wp-json\/wp\/v2\/categories?post=18560"},{"taxonomy":"post_tag","embeddable":true,"href":"https:\/\/www.montalegre.org\/es\/wp-json\/wp\/v2\/tags?post=18560"}],"curies":[{"name":"wp","href":"https:\/\/api.w.org\/{rel}","templated":true}]}}