{"id":18533,"date":"2025-02-07T18:10:57","date_gmt":"2025-02-07T18:10:57","guid":{"rendered":"https:\/\/www.montalegre.org\/?p=18533"},"modified":"2025-02-07T18:10:57","modified_gmt":"2025-02-07T18:10:57","slug":"un-camino-de-esperanza","status":"publish","type":"post","link":"https:\/\/www.montalegre.org\/es\/2025\/02\/un-camino-de-esperanza\/","title":{"rendered":"Un camino de esperanza"},"content":{"rendered":"<p>El jubileo que estamos viviendo este a\u00f1o, como todo jubileo, tiene un elemento fundamental: la peregrinaci\u00f3n. Peregrinar es ponerse en camino, emprender un recorrido hasta llegar a un lugar concreto, al que se quiere ir por alg\u00fan motivo principalmente espiritual. Nos ponemos en camino para conseguir aquello que deseamos. Es un gesto t\u00edpico de quienes buscan el sentido de la vida. El a\u00f1o santo nos invita a caminar hacia la gracia del perd\u00f3n de nuestros pecados y de la purificaci\u00f3n del alma. Por eso es un camino de esperanza, porque confiamos plenamente en obtener esa gracia que nos conduce al Amor de Dios, al cielo.<\/p>\n<p>Como nos dice el Papa Francisco, \u201cla peregrinaci\u00f3n a pie favorece mucho el redescubrimiento del valor del silencio, del esfuerzo, de lo esencial.\u201d Cuando peregrinemos a una iglesia jubilar busquemos revitalizar nuestro camino de fe y bebamos de los manantiales de la esperanza, sobre todo acerc\u00e1ndose al sacramento de la Reconciliaci\u00f3n, punto de partida insustituible para un verdadero camino de conversi\u00f3n.<\/p>\n<p>La vida cristiana es un camino que necesita momentos fuertes para alimentar y robustecer la esperanza, la cual nos permite vislumbrar la meta: el encuentro con el Se\u00f1or Jes\u00fas. El a\u00f1o jubilar es uno de estos momentos. Aprovechemos este momento para introducirnos con mayor confianza al amor misericordioso de nuestro Padre Dios. Si sabemos acudir al sacramento de la reconciliaci\u00f3n con verdadero arrepentimiento de nuestros pecados, con la disposici\u00f3n interior de abrir totalmente nuestra alma para que el sacerdote, ministro de Dios, pueda purificarla bien y nos ayude a formular un aut\u00e9ntico prop\u00f3sito de enmienda, obtendremos una paz inmensa y nuestra alegr\u00eda ser\u00e1 indescriptible. Si lo hacemos, habremos aprovechado el tiempo fuerte de espiritualidad que la Iglesia nos ofrece. No hay nada mejor que dejar que Dios nos cure y nos salve con su perd\u00f3n y gracia abundante.<\/p>\n<p>Acudamos frecuentemente al trono de la gracia, a Mar\u00eda, refugio de los pecadores, consoladora de los afligidos y nos ser\u00e1 m\u00e1s f\u00e1cil recorrer este camino de esperanza.<\/p>\n<p>Mn. Xavier Argelich<\/p>\n","protected":false},"excerpt":{"rendered":"<p>El jubileo que estamos viviendo este a\u00f1o, como todo jubileo, tiene un elemento fundamental: la peregrinaci\u00f3n. Peregrinar es ponerse en camino, emprender un recorrido hasta llegar a un lugar concreto, al que se quiere ir por alg\u00fan motivo principalmente espiritual. Nos ponemos en camino para conseguir aquello que deseamos. Es un gesto t\u00edpico de quienes [&hellip;]<\/p>\n","protected":false},"author":4,"featured_media":0,"comment_status":"open","ping_status":"open","sticky":false,"template":"","format":"standard","meta":{"footnotes":""},"categories":[52],"tags":[],"class_list":["post-18533","post","type-post","status-publish","format-standard","hentry","category-editorial"],"yoast_head":"<!-- This site is optimized with the Yoast SEO plugin v27.1.1 - https:\/\/yoast.com\/product\/yoast-seo-wordpress\/ -->\n<title>Un camino de esperanza - Montalegre<\/title>\n<meta name=\"robots\" content=\"index, follow, max-snippet:-1, max-image-preview:large, max-video-preview:-1\" \/>\n<link rel=\"canonical\" href=\"https:\/\/www.montalegre.org\/es\/2025\/02\/un-camino-de-esperanza\/\" \/>\n<meta property=\"og:locale\" content=\"es_ES\" \/>\n<meta property=\"og:type\" content=\"article\" \/>\n<meta property=\"og:title\" content=\"Un camino de esperanza - Montalegre\" \/>\n<meta property=\"og:description\" content=\"El jubileo que estamos viviendo este a\u00f1o, como todo jubileo, tiene un elemento fundamental: la peregrinaci\u00f3n. Peregrinar es ponerse en camino, emprender un recorrido hasta llegar a un lugar concreto, al que se quiere ir por alg\u00fan motivo principalmente espiritual. Nos ponemos en camino para conseguir aquello que deseamos. Es un gesto t\u00edpico de quienes [&hellip;]\" \/>\n<meta property=\"og:url\" content=\"https:\/\/www.montalegre.org\/es\/2025\/02\/un-camino-de-esperanza\/\" \/>\n<meta property=\"og:site_name\" content=\"Montalegre\" \/>\n<meta property=\"article:published_time\" content=\"2025-02-07T18:10:57+00:00\" \/>\n<meta name=\"author\" content=\"montalegre\" \/>\n<meta name=\"twitter:card\" content=\"summary_large_image\" \/>\n<meta name=\"twitter:label1\" content=\"Escrito por\" \/>\n\t<meta name=\"twitter:data1\" content=\"montalegre\" \/>\n\t<meta name=\"twitter:label2\" content=\"Tiempo de lectura\" \/>\n\t<meta name=\"twitter:data2\" content=\"2 minutos\" \/>\n<script type=\"application\/ld+json\" class=\"yoast-schema-graph\">{\"@context\":\"https:\/\/schema.org\",\"@graph\":[{\"@type\":\"Article\",\"@id\":\"https:\/\/www.montalegre.org\/es\/2025\/02\/un-camino-de-esperanza\/#article\",\"isPartOf\":{\"@id\":\"https:\/\/www.montalegre.org\/es\/2025\/02\/un-camino-de-esperanza\/\"},\"author\":{\"name\":\"montalegre\",\"@id\":\"https:\/\/www.montalegre.org\/es\/#\/schema\/person\/fa12d4cf3a3f1735a9176b4fafd6a633\"},\"headline\":\"Un camino de esperanza\",\"datePublished\":\"2025-02-07T18:10:57+00:00\",\"mainEntityOfPage\":{\"@id\":\"https:\/\/www.montalegre.org\/es\/2025\/02\/un-camino-de-esperanza\/\"},\"wordCount\":361,\"commentCount\":0,\"articleSection\":[\"Editorial\"],\"inLanguage\":\"es\",\"potentialAction\":[{\"@type\":\"CommentAction\",\"name\":\"Comment\",\"target\":[\"https:\/\/www.montalegre.org\/es\/2025\/02\/un-camino-de-esperanza\/#respond\"]}]},{\"@type\":\"WebPage\",\"@id\":\"https:\/\/www.montalegre.org\/es\/2025\/02\/un-camino-de-esperanza\/\",\"url\":\"https:\/\/www.montalegre.org\/es\/2025\/02\/un-camino-de-esperanza\/\",\"name\":\"Un camino de esperanza - Montalegre\",\"isPartOf\":{\"@id\":\"https:\/\/www.montalegre.org\/es\/#website\"},\"datePublished\":\"2025-02-07T18:10:57+00:00\",\"author\":{\"@id\":\"https:\/\/www.montalegre.org\/es\/#\/schema\/person\/fa12d4cf3a3f1735a9176b4fafd6a633\"},\"breadcrumb\":{\"@id\":\"https:\/\/www.montalegre.org\/es\/2025\/02\/un-camino-de-esperanza\/#breadcrumb\"},\"inLanguage\":\"es\",\"potentialAction\":[{\"@type\":\"ReadAction\",\"target\":[\"https:\/\/www.montalegre.org\/es\/2025\/02\/un-camino-de-esperanza\/\"]}]},{\"@type\":\"BreadcrumbList\",\"@id\":\"https:\/\/www.montalegre.org\/es\/2025\/02\/un-camino-de-esperanza\/#breadcrumb\",\"itemListElement\":[{\"@type\":\"ListItem\",\"position\":1,\"name\":\"Portada\",\"item\":\"https:\/\/www.montalegre.org\/es\/\"},{\"@type\":\"ListItem\",\"position\":2,\"name\":\"Un camino de esperanza\"}]},{\"@type\":\"WebSite\",\"@id\":\"https:\/\/www.montalegre.org\/es\/#website\",\"url\":\"https:\/\/www.montalegre.org\/es\/\",\"name\":\"Montalegre\",\"description\":\"\",\"potentialAction\":[{\"@type\":\"SearchAction\",\"target\":{\"@type\":\"EntryPoint\",\"urlTemplate\":\"https:\/\/www.montalegre.org\/es\/?s={search_term_string}\"},\"query-input\":{\"@type\":\"PropertyValueSpecification\",\"valueRequired\":true,\"valueName\":\"search_term_string\"}}],\"inLanguage\":\"es\"},{\"@type\":\"Person\",\"@id\":\"https:\/\/www.montalegre.org\/es\/#\/schema\/person\/fa12d4cf3a3f1735a9176b4fafd6a633\",\"name\":\"montalegre\",\"image\":{\"@type\":\"ImageObject\",\"inLanguage\":\"es\",\"@id\":\"https:\/\/www.montalegre.org\/es\/#\/schema\/person\/image\/\",\"url\":\"https:\/\/secure.gravatar.com\/avatar\/fe6d886cf5081e723c666dceda1f12d4f39070fa2ed4e79695edc3ca355c9b5a?s=96&d=mm&r=g\",\"contentUrl\":\"https:\/\/secure.gravatar.com\/avatar\/fe6d886cf5081e723c666dceda1f12d4f39070fa2ed4e79695edc3ca355c9b5a?s=96&d=mm&r=g\",\"caption\":\"montalegre\"},\"url\":\"https:\/\/www.montalegre.org\/es\/author\/montalegre\/\"}]}<\/script>\n<!-- \/ Yoast SEO plugin. -->","yoast_head_json":{"title":"Un camino de esperanza - Montalegre","robots":{"index":"index","follow":"follow","max-snippet":"max-snippet:-1","max-image-preview":"max-image-preview:large","max-video-preview":"max-video-preview:-1"},"canonical":"https:\/\/www.montalegre.org\/es\/2025\/02\/un-camino-de-esperanza\/","og_locale":"es_ES","og_type":"article","og_title":"Un camino de esperanza - Montalegre","og_description":"El jubileo que estamos viviendo este a\u00f1o, como todo jubileo, tiene un elemento fundamental: la peregrinaci\u00f3n. Peregrinar es ponerse en camino, emprender un recorrido hasta llegar a un lugar concreto, al que se quiere ir por alg\u00fan motivo principalmente espiritual. Nos ponemos en camino para conseguir aquello que deseamos. Es un gesto t\u00edpico de quienes [&hellip;]","og_url":"https:\/\/www.montalegre.org\/es\/2025\/02\/un-camino-de-esperanza\/","og_site_name":"Montalegre","article_published_time":"2025-02-07T18:10:57+00:00","author":"montalegre","twitter_card":"summary_large_image","twitter_misc":{"Escrito por":"montalegre","Tiempo de lectura":"2 minutos"},"schema":{"@context":"https:\/\/schema.org","@graph":[{"@type":"Article","@id":"https:\/\/www.montalegre.org\/es\/2025\/02\/un-camino-de-esperanza\/#article","isPartOf":{"@id":"https:\/\/www.montalegre.org\/es\/2025\/02\/un-camino-de-esperanza\/"},"author":{"name":"montalegre","@id":"https:\/\/www.montalegre.org\/es\/#\/schema\/person\/fa12d4cf3a3f1735a9176b4fafd6a633"},"headline":"Un camino de esperanza","datePublished":"2025-02-07T18:10:57+00:00","mainEntityOfPage":{"@id":"https:\/\/www.montalegre.org\/es\/2025\/02\/un-camino-de-esperanza\/"},"wordCount":361,"commentCount":0,"articleSection":["Editorial"],"inLanguage":"es","potentialAction":[{"@type":"CommentAction","name":"Comment","target":["https:\/\/www.montalegre.org\/es\/2025\/02\/un-camino-de-esperanza\/#respond"]}]},{"@type":"WebPage","@id":"https:\/\/www.montalegre.org\/es\/2025\/02\/un-camino-de-esperanza\/","url":"https:\/\/www.montalegre.org\/es\/2025\/02\/un-camino-de-esperanza\/","name":"Un camino de esperanza - Montalegre","isPartOf":{"@id":"https:\/\/www.montalegre.org\/es\/#website"},"datePublished":"2025-02-07T18:10:57+00:00","author":{"@id":"https:\/\/www.montalegre.org\/es\/#\/schema\/person\/fa12d4cf3a3f1735a9176b4fafd6a633"},"breadcrumb":{"@id":"https:\/\/www.montalegre.org\/es\/2025\/02\/un-camino-de-esperanza\/#breadcrumb"},"inLanguage":"es","potentialAction":[{"@type":"ReadAction","target":["https:\/\/www.montalegre.org\/es\/2025\/02\/un-camino-de-esperanza\/"]}]},{"@type":"BreadcrumbList","@id":"https:\/\/www.montalegre.org\/es\/2025\/02\/un-camino-de-esperanza\/#breadcrumb","itemListElement":[{"@type":"ListItem","position":1,"name":"Portada","item":"https:\/\/www.montalegre.org\/es\/"},{"@type":"ListItem","position":2,"name":"Un camino de esperanza"}]},{"@type":"WebSite","@id":"https:\/\/www.montalegre.org\/es\/#website","url":"https:\/\/www.montalegre.org\/es\/","name":"Montalegre","description":"","potentialAction":[{"@type":"SearchAction","target":{"@type":"EntryPoint","urlTemplate":"https:\/\/www.montalegre.org\/es\/?s={search_term_string}"},"query-input":{"@type":"PropertyValueSpecification","valueRequired":true,"valueName":"search_term_string"}}],"inLanguage":"es"},{"@type":"Person","@id":"https:\/\/www.montalegre.org\/es\/#\/schema\/person\/fa12d4cf3a3f1735a9176b4fafd6a633","name":"montalegre","image":{"@type":"ImageObject","inLanguage":"es","@id":"https:\/\/www.montalegre.org\/es\/#\/schema\/person\/image\/","url":"https:\/\/secure.gravatar.com\/avatar\/fe6d886cf5081e723c666dceda1f12d4f39070fa2ed4e79695edc3ca355c9b5a?s=96&d=mm&r=g","contentUrl":"https:\/\/secure.gravatar.com\/avatar\/fe6d886cf5081e723c666dceda1f12d4f39070fa2ed4e79695edc3ca355c9b5a?s=96&d=mm&r=g","caption":"montalegre"},"url":"https:\/\/www.montalegre.org\/es\/author\/montalegre\/"}]}},"_links":{"self":[{"href":"https:\/\/www.montalegre.org\/es\/wp-json\/wp\/v2\/posts\/18533","targetHints":{"allow":["GET"]}}],"collection":[{"href":"https:\/\/www.montalegre.org\/es\/wp-json\/wp\/v2\/posts"}],"about":[{"href":"https:\/\/www.montalegre.org\/es\/wp-json\/wp\/v2\/types\/post"}],"author":[{"embeddable":true,"href":"https:\/\/www.montalegre.org\/es\/wp-json\/wp\/v2\/users\/4"}],"replies":[{"embeddable":true,"href":"https:\/\/www.montalegre.org\/es\/wp-json\/wp\/v2\/comments?post=18533"}],"version-history":[{"count":1,"href":"https:\/\/www.montalegre.org\/es\/wp-json\/wp\/v2\/posts\/18533\/revisions"}],"predecessor-version":[{"id":18534,"href":"https:\/\/www.montalegre.org\/es\/wp-json\/wp\/v2\/posts\/18533\/revisions\/18534"}],"wp:attachment":[{"href":"https:\/\/www.montalegre.org\/es\/wp-json\/wp\/v2\/media?parent=18533"}],"wp:term":[{"taxonomy":"category","embeddable":true,"href":"https:\/\/www.montalegre.org\/es\/wp-json\/wp\/v2\/categories?post=18533"},{"taxonomy":"post_tag","embeddable":true,"href":"https:\/\/www.montalegre.org\/es\/wp-json\/wp\/v2\/tags?post=18533"}],"curies":[{"name":"wp","href":"https:\/\/api.w.org\/{rel}","templated":true}]}}